{"id":60645,"date":"2019-10-15T11:38:43","date_gmt":"2019-10-15T11:38:43","guid":{"rendered":"http:\/\/www.intoscana.it\/nasce-a-firenze-people-records-una-collana-di-libri-sulla-musica\/"},"modified":"2020-05-19T15:48:40","modified_gmt":"2020-05-19T13:48:40","slug":"people-records-black-candy","status":"publish","type":"post","link":"https:\/\/www.intoscana.it\/it\/people-records-black-candy\/","title":{"rendered":"Nasce a Firenze \u2018People Records\u2019: una collana di libri sulla musica"},"content":{"rendered":"<p><strong>La casa editrice People,<\/strong> nata da un&#8217;idea di <strong>Giuseppe Civati, Stefano Catone e Francesco Foti,<\/strong> ha annunciato la nascita della collana editoriale<strong> People Records,<\/strong> frutto della collaborazione con <strong>l\u2019etichetta discografica fiorentina Black Candy.<\/strong> A dirigere <strong>People Records<\/strong> sar\u00e0 <strong>il musicista Paolo Benvegn\u00f9<\/strong>. La nuova collana sar\u00e0 appunto dedicata alla musica e partir\u00e0 con la ristampa del libro+cd <em><strong>\u201cI racconti delle nebbie\u201d<\/strong><\/em>, progetto di <strong>Benvegn\u00f9 e Nicholas Ciuferri.<\/strong><br \/><strong>Hanno scritto in una nota i fondatori:<\/strong> \u201cLa musica \u00e8 una forma d\u2019arte tra le pi\u00f9 adatte a riflettere e raccontare le trasformazioni in corso nella societ\u00e0 ed \u00e8 una passione che noi tutti condividiamo. Il punto di vista, le idee, le storie che porteranno gli artisti con cui intendiamo lavorare, a partire dal direttore della collana Paolo Benvegn\u00f9, ci permetter\u00e0 di allargare gli orizzonti del nostro sguardo sull\u2019attualit\u00e0 e sul futuro. Le persone cambiano il mondo. I libri e la musica cambiano le persone\u201d. Noi siamo andati a indagare, ecco la nostra intervista all&#8217; <strong>&#8220;operaio della musica&#8221; Leonardo Giacomelli <\/strong>mente e fondatore dell&#8217;etichetta fiorentina.<\/p>\n<p><strong>Ciao Leonardo dalla casa editrice &#8216;People&#8217; nasce la collana &#8216;People Records&#8217;, in che modo \u00e8 coinvolta la Black Candy Records? Da chi \u00e8 nata l\u2019idea?<\/strong><br \/>Era un idea che mi ronzava in mente da tanto, una collana casa editrice che parlasse della musica e della cultura dall\u2019interno, dal punto di vista di chi guida i percorsi e di chi tramanda. Appena nata People (fondata da Pippo Civati, Franz Foti e Stefano Catone) mi sono innamorato del progetto editoriale, della linea che si sposava alla perfezione con la mia idea, il tutto \u00e8 nato dopo aver parlato 11 secondi.<\/p>\n<p><strong>Il musicista Paolo Benvegn\u00f9 sar\u00e0 il direttore della collana, che tipo di libri saranno pubblicati? Gli autori saranno musicisti?<\/strong><br \/>Non solo musicisti, ma persone che hanno creato percorsi e che la storia l\u2019hanno fatta e non subita.<\/p>\n<a class=\"fotogallery\" href=\"#modalgallery\" rel=\"modal:open\">sfoglia la gallery <i class=\"fas fa-chevron-right\"><\/i><\/a>\n    <div class=\"modal\" id=\"modalgallery\">\n        <div class=\"gallery\">\n          <div class=\"galleryimg\">\n            <div class=\"slidegallerybig\"> <div class=\"itemimg\">\n            <div class=\"wrapimg\">\n            <img decoding=\"async\" src=\"https:\/\/www.intoscana.it\/wp-content\/uploads\/72648161_10155728994694159_4196200679032750080_n.jpg\">\n            <\/div>\n            <\/div> <div class=\"itemimg\">\n            <div class=\"wrapimg\">\n            <img decoding=\"async\" src=\"https:\/\/www.intoscana.it\/wp-content\/uploads\/72119991_1653964078072495_2641415740422356992_n.jpg\">\n            <\/div>\n            <\/div> <div class=\"itemimg\">\n            <div class=\"wrapimg\">\n            <img decoding=\"async\" src=\"https:\/\/www.intoscana.it\/wp-content\/uploads\/72171593_10155728994759159_1961774682369687552_n.jpg\">\n            <\/div>\n            <\/div>\n            <\/div>\n          <\/div>\n          <div class=\"asidemenu\">\n            <div class=\"action\">\n              <div class=\"countlidegallery\"><\/div>\n              <div class=\"closegallery\" href=\"#modalgallery\" rel=\"modal:close\"><i class=\"far fa-times\"><\/i><\/div>\n            <\/div>\n            <div class=\"title\">\n              <h2>Nasce a Firenze \u2018People Records\u2019: una collana di libri sulla musica<\/h2>\n              <div class=\"socialarticolo\"> \n            <div class=\"contsocialico\">\n              <ul>\n                <li><a target=\"_blank\" href=\"https:\/\/www.facebook.com\/sharer\/sharer.php?u=https:\/\/www.intoscana.it\/it\/people-records-black-candy\/\"> <i class=\"fab fa-facebook-f\"><\/i><\/a><\/li>\n                <li><a target=\"_blank\" href=\"https:\/\/twitter.com\/home?status=https:\/\/www.intoscana.it\/it\/people-records-black-candy\/\"> <i class=\"fab fa-twitter\"><\/i><\/a><\/li>\n                <li>\n                  <div class=\"shareall\" target=\"_blank\" href=\"\"> <i class=\"fas fa-share-alt\"><\/i><\/div>\n                  <div class=\"sharemore\">\n                    <ul>\n                      <li><a target=\"_blank\" href=\"https:\/\/www.linkedin.com\/shareArticle?url=https:\/\/www.intoscana.it\/it\/people-records-black-candy\/\"> <i class=\"fab fa-linkedin\"><\/i><\/a><\/li>\n                      <li><a target=\"_blank\" href=\"http:\/\/www.pinterest.com\/pin\/create\/bookmarklet\/?url=https:\/\/www.intoscana.it\/it\/people-records-black-candy\/\"> <i class=\"fab fa-pinterest\"><\/i><\/a><\/li>\n                      <li><a target=\"_blank\" href=\"mailto?subject=Nasce a Firenze \u2018People Records\u2019: una collana di libri sulla musica&body=https:\/\/www.intoscana.it\/it\/people-records-black-candy\/\"> <i class=\"fas fa-envelope\"><\/i><\/a><\/li>\n                    <\/ul>\n                    <div class=\"closesharemore\">\n                    <i class=\"fas fa-times\"><\/i>\n                    <\/div>\n                  <\/div>\n                <\/li>\n              <\/ul>\n            <\/div>\n          <\/div>\n        <\/div>\n          <\/div>\n        <\/div>\n      <\/div>\n<p><strong>I nuovi autori sono alla costante ricerca di una casa editrice che pubblichi i loro lavori, come possono proporsi a People Records?<\/strong><br \/>Sposata l\u2019idea, possono mandare i lavori a Blackcandy e a People.<\/p>\n<p><strong>Il primo libro pubblicato \u00e8 \u201cI racconti delle nebbie\u201d, di Benvegn\u00f9 e Nicholas Ciuferri. Di cosa si tratta?<\/strong><br \/>\u00c8&nbsp;un libro con cd, con dentro una selezione di racconti, ma \u00e8 anche un concerto, uno spettacolo e&#8230;questo \u00e8 una sorpresa&#8230;<\/p>\n<p><strong>La frase di lancio del progetto \u00e8: &#8220;Le persone cambiano il mondo. I libri e la musica cambiano le persone&#8221;, mi ha fatto tornare in mente la frase che Woody Guthrie aveva scritto sulla chitarra (poi ripresa anche da Bob Dylan) &#8216;This machine kill facist&#8217;<\/strong><br \/>Diciamo che Woody &amp; Nick Hornby potrebbero essere gli spiriti guida.<\/p>\n","protected":false},"excerpt":{"rendered":"<p>A cura dell&#8217;etichetta fiorentina Black Candy, a dirigerla sar\u00e0 il musicista Paolo Benvegn\u00f9<\/p>\n","protected":false},"author":518,"featured_media":98000,"comment_status":"open","ping_status":"open","sticky":false,"template":"","format":"standard","meta":{"_acf_changed":false,"footnotes":""},"categories":[14],"tags":[],"class_list":["post-60645","post","type-post","status-publish","format-standard","has-post-thumbnail","hentry","category-musica"],"acf":[],"yoast_head":"<!-- This site is optimized with the Yoast SEO Premium plugin v24.2 (Yoast SEO v25.6) - https:\/\/yoast.com\/wordpress\/plugins\/seo\/ -->\n<title>Nasce a Firenze \u2018People Records\u2019: una collana di libri sulla musica - intoscana<\/title>\n<meta name=\"robots\" content=\"index, follow, max-snippet:-1, max-image-preview:large, max-video-preview:-1\" \/>\n<link rel=\"canonical\" href=\"https:\/\/www.intoscana.it\/it\/people-records-black-candy\/\" \/>\n<meta property=\"og:locale\" content=\"it_IT\" \/>\n<meta property=\"og:type\" content=\"article\" \/>\n<meta property=\"og:title\" content=\"Nasce a Firenze \u2018People Records\u2019: una collana di libri sulla musica\" \/>\n<meta property=\"og:description\" content=\"A cura dell&#039;etichetta fiorentina Black Candy, a dirigerla sar\u00e0 il musicista Paolo Benvegn\u00f9\" \/>\n<meta property=\"og:url\" content=\"https:\/\/www.intoscana.it\/it\/people-records-black-candy\/\" \/>\n<meta property=\"og:site_name\" content=\"intoscana\" \/>\n<meta property=\"article:publisher\" content=\"https:\/\/www.facebook.com\/intoscana.it\" \/>\n<meta property=\"article:published_time\" content=\"2019-10-15T11:38:43+00:00\" \/>\n<meta property=\"article:modified_time\" content=\"2020-05-19T13:48:40+00:00\" \/>\n<meta property=\"og:image\" content=\"https:\/\/www.intoscana.it\/wp-content\/uploads\/72390681_10155728994664159_6437660440557256704_n.jpg\" \/>\n\t<meta property=\"og:image:width\" content=\"960\" \/>\n\t<meta property=\"og:image:height\" content=\"932\" \/>\n\t<meta property=\"og:image:type\" content=\"image\/jpeg\" \/>\n<meta name=\"author\" content=\"Costanza Baldini\" \/>\n<meta name=\"twitter:card\" content=\"summary_large_image\" \/>\n<meta name=\"twitter:creator\" content=\"@intoscana\" \/>\n<meta name=\"twitter:site\" content=\"@intoscana\" \/>\n<meta name=\"twitter:label1\" content=\"Written by\" \/>\n\t<meta name=\"twitter:data1\" content=\"Costanza Baldini\" \/>\n\t<meta name=\"twitter:label2\" content=\"Est. reading time\" \/>\n\t<meta name=\"twitter:data2\" content=\"2 minuti\" \/>\n<script type=\"application\/ld+json\" class=\"yoast-schema-graph\">{\"@context\":\"https:\/\/schema.org\",\"@graph\":[{\"@type\":\"WebPage\",\"@id\":\"https:\/\/www.intoscana.it\/it\/people-records-black-candy\/\",\"url\":\"https:\/\/www.intoscana.it\/it\/people-records-black-candy\/\",\"name\":\"Nasce a Firenze \u2018People Records\u2019: una collana di libri sulla musica - intoscana\",\"isPartOf\":{\"@id\":\"https:\/\/www.intoscana.it\/it\/#website\"},\"primaryImageOfPage\":{\"@id\":\"https:\/\/www.intoscana.it\/it\/people-records-black-candy\/#primaryimage\"},\"image\":{\"@id\":\"https:\/\/www.intoscana.it\/it\/people-records-black-candy\/#primaryimage\"},\"thumbnailUrl\":\"https:\/\/www.intoscana.it\/wp-content\/uploads\/72390681_10155728994664159_6437660440557256704_n.jpg\",\"datePublished\":\"2019-10-15T11:38:43+00:00\",\"dateModified\":\"2020-05-19T13:48:40+00:00\",\"author\":{\"@id\":\"https:\/\/www.intoscana.it\/it\/#\/schema\/person\/d469f35f09739bdf00bf5dd3f0647a82\"},\"breadcrumb\":{\"@id\":\"https:\/\/www.intoscana.it\/it\/people-records-black-candy\/#breadcrumb\"},\"inLanguage\":\"it-IT\",\"potentialAction\":[{\"@type\":\"ReadAction\",\"target\":[\"https:\/\/www.intoscana.it\/it\/people-records-black-candy\/\"]}]},{\"@type\":\"ImageObject\",\"inLanguage\":\"it-IT\",\"@id\":\"https:\/\/www.intoscana.it\/it\/people-records-black-candy\/#primaryimage\",\"url\":\"https:\/\/www.intoscana.it\/wp-content\/uploads\/72390681_10155728994664159_6437660440557256704_n.jpg\",\"contentUrl\":\"https:\/\/www.intoscana.it\/wp-content\/uploads\/72390681_10155728994664159_6437660440557256704_n.jpg\",\"width\":960,\"height\":932,\"caption\":\"People Records\"},{\"@type\":\"BreadcrumbList\",\"@id\":\"https:\/\/www.intoscana.it\/it\/people-records-black-candy\/#breadcrumb\",\"itemListElement\":[{\"@type\":\"ListItem\",\"position\":1,\"name\":\"Home\",\"item\":\"https:\/\/www.intoscana.it\/it\/\"},{\"@type\":\"ListItem\",\"position\":2,\"name\":\"Nasce a Firenze \u2018People Records\u2019: una collana di libri sulla musica\"}]},{\"@type\":\"WebSite\",\"@id\":\"https:\/\/www.intoscana.it\/it\/#website\",\"url\":\"https:\/\/www.intoscana.it\/it\/\",\"name\":\"intoscana\",\"description\":\"\",\"potentialAction\":[{\"@type\":\"SearchAction\",\"target\":{\"@type\":\"EntryPoint\",\"urlTemplate\":\"https:\/\/www.intoscana.it\/it\/?s={search_term_string}\"},\"query-input\":{\"@type\":\"PropertyValueSpecification\",\"valueRequired\":true,\"valueName\":\"search_term_string\"}}],\"inLanguage\":\"it-IT\"},{\"@type\":\"Person\",\"@id\":\"https:\/\/www.intoscana.it\/it\/#\/schema\/person\/d469f35f09739bdf00bf5dd3f0647a82\",\"name\":\"Costanza Baldini\",\"url\":\"https:\/\/www.intoscana.it\/it\/author\/costanza-baldini\/\"}]}<\/script>\n<!-- \/ Yoast SEO Premium plugin. -->","yoast_head_json":{"title":"Nasce a Firenze \u2018People Records\u2019: una collana di libri sulla musica - intoscana","robots":{"index":"index","follow":"follow","max-snippet":"max-snippet:-1","max-image-preview":"max-image-preview:large","max-video-preview":"max-video-preview:-1"},"canonical":"https:\/\/www.intoscana.it\/it\/people-records-black-candy\/","og_locale":"it_IT","og_type":"article","og_title":"Nasce a Firenze \u2018People Records\u2019: una collana di libri sulla musica","og_description":"A cura dell'etichetta fiorentina Black Candy, a dirigerla sar\u00e0 il musicista Paolo Benvegn\u00f9","og_url":"https:\/\/www.intoscana.it\/it\/people-records-black-candy\/","og_site_name":"intoscana","article_publisher":"https:\/\/www.facebook.com\/intoscana.it","article_published_time":"2019-10-15T11:38:43+00:00","article_modified_time":"2020-05-19T13:48:40+00:00","og_image":[{"width":960,"height":932,"url":"https:\/\/www.intoscana.it\/wp-content\/uploads\/72390681_10155728994664159_6437660440557256704_n.jpg","type":"image\/jpeg"}],"author":"Costanza Baldini","twitter_card":"summary_large_image","twitter_creator":"@intoscana","twitter_site":"@intoscana","twitter_misc":{"Written by":"Costanza Baldini","Est. reading time":"2 minuti"},"schema":{"@context":"https:\/\/schema.org","@graph":[{"@type":"WebPage","@id":"https:\/\/www.intoscana.it\/it\/people-records-black-candy\/","url":"https:\/\/www.intoscana.it\/it\/people-records-black-candy\/","name":"Nasce a Firenze \u2018People Records\u2019: una collana di libri sulla musica - intoscana","isPartOf":{"@id":"https:\/\/www.intoscana.it\/it\/#website"},"primaryImageOfPage":{"@id":"https:\/\/www.intoscana.it\/it\/people-records-black-candy\/#primaryimage"},"image":{"@id":"https:\/\/www.intoscana.it\/it\/people-records-black-candy\/#primaryimage"},"thumbnailUrl":"https:\/\/www.intoscana.it\/wp-content\/uploads\/72390681_10155728994664159_6437660440557256704_n.jpg","datePublished":"2019-10-15T11:38:43+00:00","dateModified":"2020-05-19T13:48:40+00:00","author":{"@id":"https:\/\/www.intoscana.it\/it\/#\/schema\/person\/d469f35f09739bdf00bf5dd3f0647a82"},"breadcrumb":{"@id":"https:\/\/www.intoscana.it\/it\/people-records-black-candy\/#breadcrumb"},"inLanguage":"it-IT","potentialAction":[{"@type":"ReadAction","target":["https:\/\/www.intoscana.it\/it\/people-records-black-candy\/"]}]},{"@type":"ImageObject","inLanguage":"it-IT","@id":"https:\/\/www.intoscana.it\/it\/people-records-black-candy\/#primaryimage","url":"https:\/\/www.intoscana.it\/wp-content\/uploads\/72390681_10155728994664159_6437660440557256704_n.jpg","contentUrl":"https:\/\/www.intoscana.it\/wp-content\/uploads\/72390681_10155728994664159_6437660440557256704_n.jpg","width":960,"height":932,"caption":"People Records"},{"@type":"BreadcrumbList","@id":"https:\/\/www.intoscana.it\/it\/people-records-black-candy\/#breadcrumb","itemListElement":[{"@type":"ListItem","position":1,"name":"Home","item":"https:\/\/www.intoscana.it\/it\/"},{"@type":"ListItem","position":2,"name":"Nasce a Firenze \u2018People Records\u2019: una collana di libri sulla musica"}]},{"@type":"WebSite","@id":"https:\/\/www.intoscana.it\/it\/#website","url":"https:\/\/www.intoscana.it\/it\/","name":"intoscana","description":"","potentialAction":[{"@type":"SearchAction","target":{"@type":"EntryPoint","urlTemplate":"https:\/\/www.intoscana.it\/it\/?s={search_term_string}"},"query-input":{"@type":"PropertyValueSpecification","valueRequired":true,"valueName":"search_term_string"}}],"inLanguage":"it-IT"},{"@type":"Person","@id":"https:\/\/www.intoscana.it\/it\/#\/schema\/person\/d469f35f09739bdf00bf5dd3f0647a82","name":"Costanza Baldini","url":"https:\/\/www.intoscana.it\/it\/author\/costanza-baldini\/"}]}},"_links":{"self":[{"href":"https:\/\/www.intoscana.it\/it\/wp-json\/wp\/v2\/posts\/60645","targetHints":{"allow":["GET"]}}],"collection":[{"href":"https:\/\/www.intoscana.it\/it\/wp-json\/wp\/v2\/posts"}],"about":[{"href":"https:\/\/www.intoscana.it\/it\/wp-json\/wp\/v2\/types\/post"}],"author":[{"embeddable":true,"href":"https:\/\/www.intoscana.it\/it\/wp-json\/wp\/v2\/users\/518"}],"replies":[{"embeddable":true,"href":"https:\/\/www.intoscana.it\/it\/wp-json\/wp\/v2\/comments?post=60645"}],"version-history":[{"count":0,"href":"https:\/\/www.intoscana.it\/it\/wp-json\/wp\/v2\/posts\/60645\/revisions"}],"wp:featuredmedia":[{"embeddable":true,"href":"https:\/\/www.intoscana.it\/it\/wp-json\/wp\/v2\/media\/98000"}],"wp:attachment":[{"href":"https:\/\/www.intoscana.it\/it\/wp-json\/wp\/v2\/media?parent=60645"}],"wp:term":[{"taxonomy":"category","embeddable":true,"href":"https:\/\/www.intoscana.it\/it\/wp-json\/wp\/v2\/categories?post=60645"},{"taxonomy":"post_tag","embeddable":true,"href":"https:\/\/www.intoscana.it\/it\/wp-json\/wp\/v2\/tags?post=60645"}],"curies":[{"name":"wp","href":"https:\/\/api.w.org\/{rel}","templated":true}]}}