{"id":60654,"date":"2020-01-10T11:51:50","date_gmt":"2020-01-10T11:51:50","guid":{"rendered":"http:\/\/www.intoscana.it\/al-maggio-debutta-resurrezione-opera-dimenticata-di-franco-alfano\/"},"modified":"2020-05-19T15:48:42","modified_gmt":"2020-05-19T13:48:42","slug":"resurrezione-maggio","status":"publish","type":"post","link":"https:\/\/www.intoscana.it\/it\/resurrezione-maggio\/","title":{"rendered":"Al Maggio debutta Resurrezione, opera dimenticata di Franco Alfano"},"content":{"rendered":"<p><strong>Debutter\u00e0 al Maggio Musicale Fiorentino il 17 gennaio, come primo titolo lirico non di repertorio del teatro nel 2020, &#8216;Risurrezione&#8217;<\/strong> su libretto di Cesare Hanau, <strong>tratto dal romanzo omonimo di Lev Tolst\u00f2j. L&#8217;opera, che consacr\u00e0 il talento del compisitore Franco Alfano e oggi \u00e8 quasi dimenticata<\/strong>, vedr\u00e0 la regia di Rosetta Cucchi e la direzione d&#8217;orchestra del maestro Francesco Lanzillotta. Repliche in programma il 19, il 21 e il 23 gennaio.<\/p>\n<p>La messa in scena al Maggio Musicale fiorentino sar\u00e0 inoltre il debutto italiano della produzione realizzata nel 2017 per il Wexford Festival Opera. <strong>I quattro atti dell&#8217;opera fotografano le sfortunate vicende della protagonista e del suo amore infelice per il principe Dimitri, uomo che la seduce e l&#8217;abbandona condannandola a una vita di sacrifici e scelte drammatiche.<\/strong><\/p>\n<p>Il sovrintendente Alexander Pereira, arrivato al teatro fiorentino il 16 dicembre scorso, si \u00e8 detto &#8220;molto contento che il Maggio Musicale possa presentare un&#8217;opera cos\u00ec rara perch\u00e9 questo fa parte dell&#8217;attivit\u00e0 di un teatro come questo. <strong>E mi fa molto piacere che sia firmata da Franco Alfano perch\u00e9 \u00e8 l&#8217;occasione per far conoscere un autore noto soprattutto, o forse quasi esclusivamente, per aver firmato il finale della Turandot&#8221;.<\/strong><\/p>\n<p>Per la regista Rosetta Cucchi, &#8220;un binario interminabile attraversa l&#8217;intera esistenza di Dimitri e Katjush<strong>a, i due protagonisti dell&#8217;ultimo e forse pi\u00f9 grande romanzo di Lev Tolst\u00f2j, reinterpretato magistralmente nell&#8217;opera da Franco Alfano e Cesare Hanau&#8221;.<\/strong> &#8220;L&#8217;importanza di una partitura come Risurrezione &#8211; ha aggiunto Lanzillotta &#8211; risiede nella ostinata e consapevole ricerca di un linguaggio che, pur affondando le proprie radici nel passato, si sviluppa attraverso nuovi percorsi, nei quali orchestrazione, armonia e rapporto testo-linea vocale schiudono le porte di un secolo colmo di inedite e differenti estetiche: il Novecento&#8221;.<\/p>\n","protected":false},"excerpt":{"rendered":"<p>Tratta dal romanzo di Tolstoj, l&#8217;opera \u00e8 il primo titolo lirico non di repertorio del 2020: la prima data si terr\u00e0 il 17 gennaio<\/p>\n","protected":false},"author":525,"featured_media":98009,"comment_status":"open","ping_status":"open","sticky":false,"template":"","format":"standard","meta":{"_acf_changed":false,"footnotes":""},"categories":[14],"tags":[369],"class_list":["post-60654","post","type-post","status-publish","format-standard","has-post-thumbnail","hentry","category-musica","tag-maggio-musicale-fiorentino"],"acf":[],"yoast_head":"<!-- This site is optimized with the Yoast SEO Premium plugin v24.2 (Yoast SEO v25.6) - https:\/\/yoast.com\/wordpress\/plugins\/seo\/ -->\n<title>Al Maggio debutta Resurrezione, opera dimenticata di Franco Alfano - intoscana<\/title>\n<meta name=\"robots\" content=\"index, follow, max-snippet:-1, max-image-preview:large, max-video-preview:-1\" \/>\n<link rel=\"canonical\" href=\"https:\/\/www.intoscana.it\/it\/resurrezione-maggio\/\" \/>\n<meta property=\"og:locale\" content=\"it_IT\" \/>\n<meta property=\"og:type\" content=\"article\" \/>\n<meta property=\"og:title\" content=\"Al Maggio debutta Resurrezione, opera dimenticata di Franco Alfano\" \/>\n<meta property=\"og:description\" content=\"Tratta dal romanzo di Tolstoj, l&#039;opera \u00e8 il primo titolo lirico non di repertorio del 2020: la prima data si terr\u00e0 il 17 gennaio\" \/>\n<meta property=\"og:url\" content=\"https:\/\/www.intoscana.it\/it\/resurrezione-maggio\/\" \/>\n<meta property=\"og:site_name\" content=\"intoscana\" \/>\n<meta property=\"article:publisher\" content=\"https:\/\/www.facebook.com\/intoscana.it\" \/>\n<meta property=\"article:published_time\" content=\"2020-01-10T11:51:50+00:00\" \/>\n<meta property=\"article:modified_time\" content=\"2020-05-19T13:48:42+00:00\" \/>\n<meta property=\"og:image\" content=\"https:\/\/www.intoscana.it\/wp-content\/uploads\/maggio-musicale-fiorentino-1.jpg\" \/>\n\t<meta property=\"og:image:width\" content=\"1024\" \/>\n\t<meta property=\"og:image:height\" content=\"682\" \/>\n\t<meta property=\"og:image:type\" content=\"image\/jpeg\" \/>\n<meta name=\"author\" content=\"Redazione\" \/>\n<meta name=\"twitter:card\" content=\"summary_large_image\" \/>\n<meta name=\"twitter:creator\" content=\"@intoscana\" \/>\n<meta name=\"twitter:site\" content=\"@intoscana\" \/>\n<meta name=\"twitter:label1\" content=\"Written by\" \/>\n\t<meta name=\"twitter:data1\" content=\"Redazione\" \/>\n\t<meta name=\"twitter:label2\" content=\"Est. reading time\" \/>\n\t<meta name=\"twitter:data2\" content=\"1 minuto\" \/>\n<script type=\"application\/ld+json\" class=\"yoast-schema-graph\">{\"@context\":\"https:\/\/schema.org\",\"@graph\":[{\"@type\":\"WebPage\",\"@id\":\"https:\/\/www.intoscana.it\/it\/resurrezione-maggio\/\",\"url\":\"https:\/\/www.intoscana.it\/it\/resurrezione-maggio\/\",\"name\":\"Al Maggio debutta Resurrezione, opera dimenticata di Franco Alfano - intoscana\",\"isPartOf\":{\"@id\":\"https:\/\/www.intoscana.it\/it\/#website\"},\"primaryImageOfPage\":{\"@id\":\"https:\/\/www.intoscana.it\/it\/resurrezione-maggio\/#primaryimage\"},\"image\":{\"@id\":\"https:\/\/www.intoscana.it\/it\/resurrezione-maggio\/#primaryimage\"},\"thumbnailUrl\":\"https:\/\/www.intoscana.it\/wp-content\/uploads\/maggio-musicale-fiorentino-1.jpg\",\"datePublished\":\"2020-01-10T11:51:50+00:00\",\"dateModified\":\"2020-05-19T13:48:42+00:00\",\"author\":{\"@id\":\"https:\/\/www.intoscana.it\/it\/#\/schema\/person\/9223810753230f20bd670fdd322661f8\"},\"breadcrumb\":{\"@id\":\"https:\/\/www.intoscana.it\/it\/resurrezione-maggio\/#breadcrumb\"},\"inLanguage\":\"it-IT\",\"potentialAction\":[{\"@type\":\"ReadAction\",\"target\":[\"https:\/\/www.intoscana.it\/it\/resurrezione-maggio\/\"]}]},{\"@type\":\"ImageObject\",\"inLanguage\":\"it-IT\",\"@id\":\"https:\/\/www.intoscana.it\/it\/resurrezione-maggio\/#primaryimage\",\"url\":\"https:\/\/www.intoscana.it\/wp-content\/uploads\/maggio-musicale-fiorentino-1.jpg\",\"contentUrl\":\"https:\/\/www.intoscana.it\/wp-content\/uploads\/maggio-musicale-fiorentino-1.jpg\",\"width\":1024,\"height\":682},{\"@type\":\"BreadcrumbList\",\"@id\":\"https:\/\/www.intoscana.it\/it\/resurrezione-maggio\/#breadcrumb\",\"itemListElement\":[{\"@type\":\"ListItem\",\"position\":1,\"name\":\"Home\",\"item\":\"https:\/\/www.intoscana.it\/it\/\"},{\"@type\":\"ListItem\",\"position\":2,\"name\":\"Al Maggio debutta Resurrezione, opera dimenticata di Franco Alfano\"}]},{\"@type\":\"WebSite\",\"@id\":\"https:\/\/www.intoscana.it\/it\/#website\",\"url\":\"https:\/\/www.intoscana.it\/it\/\",\"name\":\"intoscana\",\"description\":\"\",\"potentialAction\":[{\"@type\":\"SearchAction\",\"target\":{\"@type\":\"EntryPoint\",\"urlTemplate\":\"https:\/\/www.intoscana.it\/it\/?s={search_term_string}\"},\"query-input\":{\"@type\":\"PropertyValueSpecification\",\"valueRequired\":true,\"valueName\":\"search_term_string\"}}],\"inLanguage\":\"it-IT\"},{\"@type\":\"Person\",\"@id\":\"https:\/\/www.intoscana.it\/it\/#\/schema\/person\/9223810753230f20bd670fdd322661f8\",\"name\":\"Redazione\",\"url\":\"https:\/\/www.intoscana.it\/it\/author\/redazione\/\"}]}<\/script>\n<!-- \/ Yoast SEO Premium plugin. -->","yoast_head_json":{"title":"Al Maggio debutta Resurrezione, opera dimenticata di Franco Alfano - intoscana","robots":{"index":"index","follow":"follow","max-snippet":"max-snippet:-1","max-image-preview":"max-image-preview:large","max-video-preview":"max-video-preview:-1"},"canonical":"https:\/\/www.intoscana.it\/it\/resurrezione-maggio\/","og_locale":"it_IT","og_type":"article","og_title":"Al Maggio debutta Resurrezione, opera dimenticata di Franco Alfano","og_description":"Tratta dal romanzo di Tolstoj, l'opera \u00e8 il primo titolo lirico non di repertorio del 2020: la prima data si terr\u00e0 il 17 gennaio","og_url":"https:\/\/www.intoscana.it\/it\/resurrezione-maggio\/","og_site_name":"intoscana","article_publisher":"https:\/\/www.facebook.com\/intoscana.it","article_published_time":"2020-01-10T11:51:50+00:00","article_modified_time":"2020-05-19T13:48:42+00:00","og_image":[{"width":1024,"height":682,"url":"https:\/\/www.intoscana.it\/wp-content\/uploads\/maggio-musicale-fiorentino-1.jpg","type":"image\/jpeg"}],"author":"Redazione","twitter_card":"summary_large_image","twitter_creator":"@intoscana","twitter_site":"@intoscana","twitter_misc":{"Written by":"Redazione","Est. reading time":"1 minuto"},"schema":{"@context":"https:\/\/schema.org","@graph":[{"@type":"WebPage","@id":"https:\/\/www.intoscana.it\/it\/resurrezione-maggio\/","url":"https:\/\/www.intoscana.it\/it\/resurrezione-maggio\/","name":"Al Maggio debutta Resurrezione, opera dimenticata di Franco Alfano - intoscana","isPartOf":{"@id":"https:\/\/www.intoscana.it\/it\/#website"},"primaryImageOfPage":{"@id":"https:\/\/www.intoscana.it\/it\/resurrezione-maggio\/#primaryimage"},"image":{"@id":"https:\/\/www.intoscana.it\/it\/resurrezione-maggio\/#primaryimage"},"thumbnailUrl":"https:\/\/www.intoscana.it\/wp-content\/uploads\/maggio-musicale-fiorentino-1.jpg","datePublished":"2020-01-10T11:51:50+00:00","dateModified":"2020-05-19T13:48:42+00:00","author":{"@id":"https:\/\/www.intoscana.it\/it\/#\/schema\/person\/9223810753230f20bd670fdd322661f8"},"breadcrumb":{"@id":"https:\/\/www.intoscana.it\/it\/resurrezione-maggio\/#breadcrumb"},"inLanguage":"it-IT","potentialAction":[{"@type":"ReadAction","target":["https:\/\/www.intoscana.it\/it\/resurrezione-maggio\/"]}]},{"@type":"ImageObject","inLanguage":"it-IT","@id":"https:\/\/www.intoscana.it\/it\/resurrezione-maggio\/#primaryimage","url":"https:\/\/www.intoscana.it\/wp-content\/uploads\/maggio-musicale-fiorentino-1.jpg","contentUrl":"https:\/\/www.intoscana.it\/wp-content\/uploads\/maggio-musicale-fiorentino-1.jpg","width":1024,"height":682},{"@type":"BreadcrumbList","@id":"https:\/\/www.intoscana.it\/it\/resurrezione-maggio\/#breadcrumb","itemListElement":[{"@type":"ListItem","position":1,"name":"Home","item":"https:\/\/www.intoscana.it\/it\/"},{"@type":"ListItem","position":2,"name":"Al Maggio debutta Resurrezione, opera dimenticata di Franco Alfano"}]},{"@type":"WebSite","@id":"https:\/\/www.intoscana.it\/it\/#website","url":"https:\/\/www.intoscana.it\/it\/","name":"intoscana","description":"","potentialAction":[{"@type":"SearchAction","target":{"@type":"EntryPoint","urlTemplate":"https:\/\/www.intoscana.it\/it\/?s={search_term_string}"},"query-input":{"@type":"PropertyValueSpecification","valueRequired":true,"valueName":"search_term_string"}}],"inLanguage":"it-IT"},{"@type":"Person","@id":"https:\/\/www.intoscana.it\/it\/#\/schema\/person\/9223810753230f20bd670fdd322661f8","name":"Redazione","url":"https:\/\/www.intoscana.it\/it\/author\/redazione\/"}]}},"_links":{"self":[{"href":"https:\/\/www.intoscana.it\/it\/wp-json\/wp\/v2\/posts\/60654","targetHints":{"allow":["GET"]}}],"collection":[{"href":"https:\/\/www.intoscana.it\/it\/wp-json\/wp\/v2\/posts"}],"about":[{"href":"https:\/\/www.intoscana.it\/it\/wp-json\/wp\/v2\/types\/post"}],"author":[{"embeddable":true,"href":"https:\/\/www.intoscana.it\/it\/wp-json\/wp\/v2\/users\/525"}],"replies":[{"embeddable":true,"href":"https:\/\/www.intoscana.it\/it\/wp-json\/wp\/v2\/comments?post=60654"}],"version-history":[{"count":0,"href":"https:\/\/www.intoscana.it\/it\/wp-json\/wp\/v2\/posts\/60654\/revisions"}],"wp:featuredmedia":[{"embeddable":true,"href":"https:\/\/www.intoscana.it\/it\/wp-json\/wp\/v2\/media\/98009"}],"wp:attachment":[{"href":"https:\/\/www.intoscana.it\/it\/wp-json\/wp\/v2\/media?parent=60654"}],"wp:term":[{"taxonomy":"category","embeddable":true,"href":"https:\/\/www.intoscana.it\/it\/wp-json\/wp\/v2\/categories?post=60654"},{"taxonomy":"post_tag","embeddable":true,"href":"https:\/\/www.intoscana.it\/it\/wp-json\/wp\/v2\/tags?post=60654"}],"curies":[{"name":"wp","href":"https:\/\/api.w.org\/{rel}","templated":true}]}}