{"id":60667,"date":"2020-01-28T11:52:19","date_gmt":"2020-01-28T10:52:19","guid":{"rendered":"http:\/\/www.intoscana.it\/lultima-testimonianza-di-liliana-segre-sara-alla-cittadella-della-pace\/"},"modified":"2020-10-06T15:38:21","modified_gmt":"2020-10-06T13:38:21","slug":"liliana-segre-rondine","status":"publish","type":"post","link":"https:\/\/www.intoscana.it\/it\/liliana-segre-rondine\/","title":{"rendered":"L&#8217;ultima testimonianza di Liliana Segre sar\u00e0 alla Cittadella della Pace"},"content":{"rendered":"<p><strong>Non poteva essere che un luogo molto speciale quello scelto da Liliana Segre per la sua ultima testimonianza ai giovani. Sar\u00e0 Rondine Cittadella della Pace, l&#8217;organizzazione internazionale con sede in provincia di Arezzo<\/strong> impegnata da oltre vent&#8217;anni nella riduzione dei conflitti armati nel mondo attraverso la formazione di giovani che provengono dai luoghi di guerra per diventare leader globali di pace, l&#8217;erede privilegiato del patrimonio morale, del messaggio di pace e speranza di Liliana Segre.<\/p>\n<p><strong>La senatrice a vita, dopo oltre 30 anni di ininterrotta testimonianza<\/strong>, soprattutto ai giovani italiani, degli orrori vissuti nel campo di sterminio di Auschwitz, <strong>consegner\u00e0 per l&#8217;ultima volta agli studenti della Cittadella della Pace il suo testimone, durante un evento che raccoglier\u00e0 giovani dall&#8217;Italia e dal mondo.<\/strong> Proprio sul valore della relazione e dell&#8217;amicizia che Liliana Segre ha deciso di voler affidare la propria memoria a Rondine.<\/p>\n<p>La senatrice, a Che tempo che fa su Rai 2, ha mostrato il suo pubblico sostegno e riconoscimento per il lavoro dell&#8217;organizzazione, annunciando di voler concludere la sua esperienza di testimonianza alle scuole proprio &#8220;in questo luogo meraviglioso in cui si parla di pace, espressione di quello che spero nella mia vita di poter vedere&#8221;. <strong>Il passaggio del testimone avverr\u00e0 durante un evento cui parteciperanno giovani dall&#8217;Italia e da molte parti del mondo,<\/strong> istituzioni e personalit\u00e0 della massima autorevolezza e, per la forza culturale che possiede, avr\u00e0 una portata storica.<\/p>\n<p><strong>&#8220;Liliana \u00e8 un &#8216;bene comune&#8217; troppo grande per essere accolto unicamente da Rondine.<\/strong> Come i beni comuni pi\u00f9 preziosi, questa eredit\u00e0 la accoglieremo insieme ad altri &#8211; afferma Franco Vaccari, di Rondine &#8211; formeremo un comitato a livello nazionale dove soggetti pubblici e privati concorreranno al successo dell&#8217;operazione. Abbiamo gi\u00e0 le prime entusiastiche disponibilit\u00e0&#8221;.<\/p>\n<p>In occasione della visita di Liliana Segre alla Cittadella della pace le verr\u00e0 consegnata<strong> la medaglia del Pegaso &#8220;perch\u00e9 il Pegaso che \u00e8 sul nostro Gonfalone \u00e8 l&#8217;espressione di libert\u00e0 e democrazia che nasce proprio da quel periodo&#8221;. Lo ha annunciato il presidente del Consiglio regionale della Toscana<\/strong>, Eugenio Giani<strong>,<\/strong> prima della seduta solenne che l&#8217;aula dedica alla Giornata della Memoria.<\/p>\n","protected":false},"excerpt":{"rendered":"<p>La senatrice a vita, che da 30 anni gira le scuole italiane per raccontare ai giovani la sua storia di deportata ad Auschwitz, terr\u00e0 la sua ultima conferenza a Rondine, in provincia di Arezzo, e nell&#8217;occasione ricever\u00e0 il Pegaso della Regione Toscana<\/p>\n","protected":false},"author":525,"featured_media":98021,"comment_status":"open","ping_status":"open","sticky":false,"template":"","format":"standard","meta":{"_acf_changed":false,"footnotes":""},"categories":[4],"tags":[4662],"class_list":["post-60667","post","type-post","status-publish","format-standard","has-post-thumbnail","hentry","category-storie","tag-cittadella-della-pace"],"acf":[],"yoast_head":"<!-- This site is optimized with the Yoast SEO Premium plugin v24.2 (Yoast SEO v25.6) - https:\/\/yoast.com\/wordpress\/plugins\/seo\/ -->\n<title>L&#039;ultima testimonianza di Liliana Segre sar\u00e0 alla Cittadella della Pace - intoscana<\/title>\n<meta name=\"robots\" content=\"index, follow, max-snippet:-1, max-image-preview:large, max-video-preview:-1\" \/>\n<link rel=\"canonical\" href=\"https:\/\/www.intoscana.it\/it\/liliana-segre-rondine\/\" \/>\n<meta property=\"og:locale\" content=\"it_IT\" \/>\n<meta property=\"og:type\" content=\"article\" \/>\n<meta property=\"og:title\" content=\"L&#039;ultima testimonianza di Liliana Segre sar\u00e0 alla Cittadella della Pace\" \/>\n<meta property=\"og:description\" content=\"La senatrice a vita, che da 30 anni gira le scuole italiane per raccontare ai giovani la sua storia di deportata ad Auschwitz, terr\u00e0 la sua ultima conferenza a Rondine, in provincia di Arezzo, e nell&#039;occasione ricever\u00e0 il Pegaso della Regione Toscana\" \/>\n<meta property=\"og:url\" content=\"https:\/\/www.intoscana.it\/it\/liliana-segre-rondine\/\" \/>\n<meta property=\"og:site_name\" content=\"intoscana\" \/>\n<meta property=\"article:publisher\" content=\"https:\/\/www.facebook.com\/intoscana.it\" \/>\n<meta property=\"article:published_time\" content=\"2020-01-28T10:52:19+00:00\" \/>\n<meta property=\"article:modified_time\" content=\"2020-10-06T13:38:21+00:00\" \/>\n<meta property=\"og:image\" content=\"https:\/\/www.intoscana.it\/wp-content\/uploads\/liliana-segre.jpg\" \/>\n\t<meta property=\"og:image:width\" content=\"1100\" \/>\n\t<meta property=\"og:image:height\" content=\"600\" \/>\n\t<meta property=\"og:image:type\" content=\"image\/jpeg\" \/>\n<meta name=\"author\" content=\"Redazione\" \/>\n<meta name=\"twitter:card\" content=\"summary_large_image\" \/>\n<meta name=\"twitter:creator\" content=\"@intoscana\" \/>\n<meta name=\"twitter:site\" content=\"@intoscana\" \/>\n<meta name=\"twitter:label1\" content=\"Written by\" \/>\n\t<meta name=\"twitter:data1\" content=\"Redazione\" \/>\n\t<meta name=\"twitter:label2\" content=\"Est. reading time\" \/>\n\t<meta name=\"twitter:data2\" content=\"2 minuti\" \/>\n<script type=\"application\/ld+json\" class=\"yoast-schema-graph\">{\"@context\":\"https:\/\/schema.org\",\"@graph\":[{\"@type\":\"WebPage\",\"@id\":\"https:\/\/www.intoscana.it\/it\/liliana-segre-rondine\/\",\"url\":\"https:\/\/www.intoscana.it\/it\/liliana-segre-rondine\/\",\"name\":\"L'ultima testimonianza di Liliana Segre sar\u00e0 alla Cittadella della Pace - intoscana\",\"isPartOf\":{\"@id\":\"https:\/\/www.intoscana.it\/it\/#website\"},\"primaryImageOfPage\":{\"@id\":\"https:\/\/www.intoscana.it\/it\/liliana-segre-rondine\/#primaryimage\"},\"image\":{\"@id\":\"https:\/\/www.intoscana.it\/it\/liliana-segre-rondine\/#primaryimage\"},\"thumbnailUrl\":\"https:\/\/www.intoscana.it\/wp-content\/uploads\/liliana-segre.jpg\",\"datePublished\":\"2020-01-28T10:52:19+00:00\",\"dateModified\":\"2020-10-06T13:38:21+00:00\",\"author\":{\"@id\":\"https:\/\/www.intoscana.it\/it\/#\/schema\/person\/9223810753230f20bd670fdd322661f8\"},\"breadcrumb\":{\"@id\":\"https:\/\/www.intoscana.it\/it\/liliana-segre-rondine\/#breadcrumb\"},\"inLanguage\":\"it-IT\",\"potentialAction\":[{\"@type\":\"ReadAction\",\"target\":[\"https:\/\/www.intoscana.it\/it\/liliana-segre-rondine\/\"]}]},{\"@type\":\"ImageObject\",\"inLanguage\":\"it-IT\",\"@id\":\"https:\/\/www.intoscana.it\/it\/liliana-segre-rondine\/#primaryimage\",\"url\":\"https:\/\/www.intoscana.it\/wp-content\/uploads\/liliana-segre.jpg\",\"contentUrl\":\"https:\/\/www.intoscana.it\/wp-content\/uploads\/liliana-segre.jpg\",\"width\":1100,\"height\":600,\"caption\":\"Liliana Segre\"},{\"@type\":\"BreadcrumbList\",\"@id\":\"https:\/\/www.intoscana.it\/it\/liliana-segre-rondine\/#breadcrumb\",\"itemListElement\":[{\"@type\":\"ListItem\",\"position\":1,\"name\":\"Home\",\"item\":\"https:\/\/www.intoscana.it\/it\/\"},{\"@type\":\"ListItem\",\"position\":2,\"name\":\"L&#8217;ultima testimonianza di Liliana Segre sar\u00e0 alla Cittadella della Pace\"}]},{\"@type\":\"WebSite\",\"@id\":\"https:\/\/www.intoscana.it\/it\/#website\",\"url\":\"https:\/\/www.intoscana.it\/it\/\",\"name\":\"intoscana\",\"description\":\"\",\"potentialAction\":[{\"@type\":\"SearchAction\",\"target\":{\"@type\":\"EntryPoint\",\"urlTemplate\":\"https:\/\/www.intoscana.it\/it\/?s={search_term_string}\"},\"query-input\":{\"@type\":\"PropertyValueSpecification\",\"valueRequired\":true,\"valueName\":\"search_term_string\"}}],\"inLanguage\":\"it-IT\"},{\"@type\":\"Person\",\"@id\":\"https:\/\/www.intoscana.it\/it\/#\/schema\/person\/9223810753230f20bd670fdd322661f8\",\"name\":\"Redazione\",\"url\":\"https:\/\/www.intoscana.it\/it\/author\/redazione\/\"}]}<\/script>\n<!-- \/ Yoast SEO Premium plugin. -->","yoast_head_json":{"title":"L'ultima testimonianza di Liliana Segre sar\u00e0 alla Cittadella della Pace - intoscana","robots":{"index":"index","follow":"follow","max-snippet":"max-snippet:-1","max-image-preview":"max-image-preview:large","max-video-preview":"max-video-preview:-1"},"canonical":"https:\/\/www.intoscana.it\/it\/liliana-segre-rondine\/","og_locale":"it_IT","og_type":"article","og_title":"L'ultima testimonianza di Liliana Segre sar\u00e0 alla Cittadella della Pace","og_description":"La senatrice a vita, che da 30 anni gira le scuole italiane per raccontare ai giovani la sua storia di deportata ad Auschwitz, terr\u00e0 la sua ultima conferenza a Rondine, in provincia di Arezzo, e nell'occasione ricever\u00e0 il Pegaso della Regione Toscana","og_url":"https:\/\/www.intoscana.it\/it\/liliana-segre-rondine\/","og_site_name":"intoscana","article_publisher":"https:\/\/www.facebook.com\/intoscana.it","article_published_time":"2020-01-28T10:52:19+00:00","article_modified_time":"2020-10-06T13:38:21+00:00","og_image":[{"width":1100,"height":600,"url":"https:\/\/www.intoscana.it\/wp-content\/uploads\/liliana-segre.jpg","type":"image\/jpeg"}],"author":"Redazione","twitter_card":"summary_large_image","twitter_creator":"@intoscana","twitter_site":"@intoscana","twitter_misc":{"Written by":"Redazione","Est. reading time":"2 minuti"},"schema":{"@context":"https:\/\/schema.org","@graph":[{"@type":"WebPage","@id":"https:\/\/www.intoscana.it\/it\/liliana-segre-rondine\/","url":"https:\/\/www.intoscana.it\/it\/liliana-segre-rondine\/","name":"L'ultima testimonianza di Liliana Segre sar\u00e0 alla Cittadella della Pace - intoscana","isPartOf":{"@id":"https:\/\/www.intoscana.it\/it\/#website"},"primaryImageOfPage":{"@id":"https:\/\/www.intoscana.it\/it\/liliana-segre-rondine\/#primaryimage"},"image":{"@id":"https:\/\/www.intoscana.it\/it\/liliana-segre-rondine\/#primaryimage"},"thumbnailUrl":"https:\/\/www.intoscana.it\/wp-content\/uploads\/liliana-segre.jpg","datePublished":"2020-01-28T10:52:19+00:00","dateModified":"2020-10-06T13:38:21+00:00","author":{"@id":"https:\/\/www.intoscana.it\/it\/#\/schema\/person\/9223810753230f20bd670fdd322661f8"},"breadcrumb":{"@id":"https:\/\/www.intoscana.it\/it\/liliana-segre-rondine\/#breadcrumb"},"inLanguage":"it-IT","potentialAction":[{"@type":"ReadAction","target":["https:\/\/www.intoscana.it\/it\/liliana-segre-rondine\/"]}]},{"@type":"ImageObject","inLanguage":"it-IT","@id":"https:\/\/www.intoscana.it\/it\/liliana-segre-rondine\/#primaryimage","url":"https:\/\/www.intoscana.it\/wp-content\/uploads\/liliana-segre.jpg","contentUrl":"https:\/\/www.intoscana.it\/wp-content\/uploads\/liliana-segre.jpg","width":1100,"height":600,"caption":"Liliana Segre"},{"@type":"BreadcrumbList","@id":"https:\/\/www.intoscana.it\/it\/liliana-segre-rondine\/#breadcrumb","itemListElement":[{"@type":"ListItem","position":1,"name":"Home","item":"https:\/\/www.intoscana.it\/it\/"},{"@type":"ListItem","position":2,"name":"L&#8217;ultima testimonianza di Liliana Segre sar\u00e0 alla Cittadella della Pace"}]},{"@type":"WebSite","@id":"https:\/\/www.intoscana.it\/it\/#website","url":"https:\/\/www.intoscana.it\/it\/","name":"intoscana","description":"","potentialAction":[{"@type":"SearchAction","target":{"@type":"EntryPoint","urlTemplate":"https:\/\/www.intoscana.it\/it\/?s={search_term_string}"},"query-input":{"@type":"PropertyValueSpecification","valueRequired":true,"valueName":"search_term_string"}}],"inLanguage":"it-IT"},{"@type":"Person","@id":"https:\/\/www.intoscana.it\/it\/#\/schema\/person\/9223810753230f20bd670fdd322661f8","name":"Redazione","url":"https:\/\/www.intoscana.it\/it\/author\/redazione\/"}]}},"_links":{"self":[{"href":"https:\/\/www.intoscana.it\/it\/wp-json\/wp\/v2\/posts\/60667","targetHints":{"allow":["GET"]}}],"collection":[{"href":"https:\/\/www.intoscana.it\/it\/wp-json\/wp\/v2\/posts"}],"about":[{"href":"https:\/\/www.intoscana.it\/it\/wp-json\/wp\/v2\/types\/post"}],"author":[{"embeddable":true,"href":"https:\/\/www.intoscana.it\/it\/wp-json\/wp\/v2\/users\/525"}],"replies":[{"embeddable":true,"href":"https:\/\/www.intoscana.it\/it\/wp-json\/wp\/v2\/comments?post=60667"}],"version-history":[{"count":0,"href":"https:\/\/www.intoscana.it\/it\/wp-json\/wp\/v2\/posts\/60667\/revisions"}],"wp:featuredmedia":[{"embeddable":true,"href":"https:\/\/www.intoscana.it\/it\/wp-json\/wp\/v2\/media\/98021"}],"wp:attachment":[{"href":"https:\/\/www.intoscana.it\/it\/wp-json\/wp\/v2\/media?parent=60667"}],"wp:term":[{"taxonomy":"category","embeddable":true,"href":"https:\/\/www.intoscana.it\/it\/wp-json\/wp\/v2\/categories?post=60667"},{"taxonomy":"post_tag","embeddable":true,"href":"https:\/\/www.intoscana.it\/it\/wp-json\/wp\/v2\/tags?post=60667"}],"curies":[{"name":"wp","href":"https:\/\/api.w.org\/{rel}","templated":true}]}}