{"id":60726,"date":"2019-05-16T14:28:41","date_gmt":"2019-05-16T14:28:41","guid":{"rendered":"http:\/\/www.intoscana.it\/lorchestra-della-toscana-chiude-con-70mila-spettatori-e-presenta-la-nuova-stagione\/"},"modified":"2020-05-18T10:07:56","modified_gmt":"2020-05-18T08:07:56","slug":"lorchestra-della-toscana-chiude-con-70mila-spettatori-e-presenta-la-nuova-stagione","status":"publish","type":"post","link":"https:\/\/www.intoscana.it\/it\/lorchestra-della-toscana-chiude-con-70mila-spettatori-e-presenta-la-nuova-stagione\/","title":{"rendered":"L&#8217;Orchestra della Toscana chiude con 70mila spettatori e presenta la nuova stagione"},"content":{"rendered":"<p><strong>L&#8217;Orchestra della Toscana<\/strong> chiude la stagione guardando gi\u00e0 al futuro con la presentazione di quella nuova che <strong>partir\u00e0 ad ottobre e sar\u00e0 la numero 39<\/strong>. Negli ultimi anni i concerti totali sono passati <strong>da 137 a 167 a stagione,<\/strong> in aumento anche <strong>gli spettatori che passano da 56.326 a 68.318 a stagione.<\/strong> <\/p>\n<p>Nella nuova stagione spazio alla <strong>musica contemporanea e al tardo Ottocento<\/strong>.<strong> Sedici concerti, pi\u00f9 uno speciale a Capodanno,<\/strong> costituiscono il programma annuale ideato dal <strong>direttore artistico Giorgio Battistelli,<\/strong>&nbsp;da poco insignito del <em><strong>Premio Abbiati della critica musicale italiana<\/strong><\/em> per l&#8217;opera Riccardo III proposta alla Fenice, il quale pone <strong>molta attenzione sui compositori delle generazioni pi\u00f9 giovani.<\/strong> A quattro di loro, grazie a <strong>un progetto finanziato dalla SIAE,<\/strong> \u00e8 stato commissionato un pezzo. <em><strong>\u201cClassici di oggi<\/strong><\/em>\u201d sono i compositori <strong>Carlo Boccadoro, Caterina Di Cecca, Marco Lena, Daniela Terranova.<br \/><\/strong><br \/>Riguardo agli interpreti, si segnala il ritorno di parecchi amici come<strong> Sitkovetsky, Sollima, Borrani, Galliano, Lonquich<\/strong>, e il debutto di<strong> nomi emergenti sulla scena internazionale.&nbsp;<\/strong>Suoneranno per la<strong> prima volta con l&#8217;Orchestra della Toscana,<\/strong> sul podio <strong>Evgeny Bushkov, Paolo Bortolameolli, Dalia Stasevska, Alexander Mayer; <\/strong>tra i solisti al violino <strong>Ilya Gringolts<\/strong>; al violoncello<strong> Julian Steckel<\/strong>; al pianoforte <strong>Dmitry Masleev <\/strong>e <strong>Francesco piemontesi<\/strong>; alle percussioni <strong>Simone Rubino<\/strong>.<\/p>\n<p>Il primo appuntamento della nuova stagione \u00e8 previsto per il <strong>25 ottobre<\/strong> quando l&#8217;<strong>ORT<\/strong> toccher\u00e0 pagine da orchestra sinfonica, accompagnata dai ragazzi dell&#8217;<strong>Orchestra Giovanile Italiana,<\/strong> con cui ritorner\u00e0 a collaborare dopo diverso tempo. Per l&#8217;OGI, che ha base alla Scuola di Musica di Fiesole ed \u00e8 formata da studenti dei corsi avanzati o neolaureati di Conservatorio,<strong> il concerto \u00e8 un&#8217;occasione unica per lavorare fianco a fianco con i professori dell&#8217;ORT<\/strong> e rubarne i segreti del mestiere. Daniele Rustioni, sul podio, diriger\u00e0<strong> P\u00e9trouchka di Stravinskij,<\/strong> partitura nata come musica coreografica per i <strong>Balletti Russi di Sergej Djaghilev, La Valse di Ravel,<\/strong> danza sull\u2019orlo dell\u2019abisso della storia, concepita all\u2019indomani della Grande Guerra, e il poema sinfonico <strong>Cos\u00ec parl\u00f2 Zarathustra di Richard Strauss,<\/strong> ispirato a Nietzsche e reso popolarissimo da Stanley Kubrick che ne inser\u00ec l&#8217;incipit nella <strong>colonna sonora di 2001: Odissea nello spazio.<\/strong> In prima assoluta, poi, il <strong>Concerto per tromba di Caterina Di Cecca,<\/strong> fresco d\u2019inchiostro: solista Donato De Sena, prima parte dell\u2019ORT dal 1991.<\/p>\n<p>I concerti successivi vedono il direttore russo <strong>Evgeny Bushkov,<\/strong> sul podio per il concerto del <strong>12 novembre<\/strong>, il <strong>30 novembre,<\/strong> giorno della <strong>Festa della Toscana,<\/strong> all\u2019ORT si riascolta <strong>Anna Fusek, polistrumentista tedesca<\/strong>&nbsp;in grado di superare ogni confine musicale.&nbsp;<strong>Per Natale il 24 dicembre,<\/strong> spicca lo spettacolare <strong>Concerto per pianoforte n.1 di \u010cajkovskij.<\/strong>&nbsp;Con l\u2019anno nuovo, il <strong>10 gennaio,<\/strong> portando Brahms, \u010cajkovskij e Prokof\u2019ev torna a trovare l\u2019ORT<strong> il violinista-direttore russo Dmitry Sitkovetsky,<\/strong> sulla cresta dell\u2019onda da quattro decenni, cio\u00e8 da quando nel 1977, ventitreenne, fugg\u00ec dall\u2019Unione Sovietica per poter studiare a New York.&nbsp; Il <strong>22 gennaio<\/strong> spazio a uno specialista della musica del Novecento e del Duemila, il direttore <strong>Tito Ceccherini<\/strong>.<\/p>\n<p>Tripudio di musica<strong> a febbraio, il 12<\/strong>, con il ritorno di <strong>Giovanni Sollima<\/strong> e del suo prodigioso violoncello. Il <strong>20 febbraio<\/strong> lo strumentista Simone Rubino presenter\u00e0 in prima assoluta il concerto <em><strong>L\u2019elettricit\u00e0 dei sogni<\/strong> <\/em>che gli ha scritto <strong>Carlo Boccadoro<\/strong>. Il <strong>27 febbraio<\/strong> sar\u00e0 il turno della <strong>violinista Lorenza Borrani<\/strong> voluta da&nbsp;Claudio Abbado per la sua Orchestra Mozart.<\/p>\n<p>Amico fin dalla prima ora dell\u2019ORT, <strong>Richard Galliano<\/strong> torna nel cartellone dell\u2019orchestra per tracciare, il <strong>18 marzo<\/strong>, un autoritratto musicale su pagine proprie e di Astor Piazzolla. La violinista ucraino-finlandese&nbsp;<strong>Dalia Stasevska<\/strong> si presenta per la prima volta a Firenze, il <strong>26 marzo<\/strong>, con un monumento della storia della musica, la Quinta sinfonia di Beethoven. Ancora una giovane donna sul podio dell\u2019ORT, <strong>il 1\u00b0 aprile, <\/strong>\u00e8 la fiorentina&nbsp;<strong>Valentina Peleggi<\/strong>, prima italiana a entrare nel programma internazionale di direzione d\u2019orchestra della Royal Academy of Music di Londra.<\/p>\n<p>Il pianista <strong>Alexander Lonquich il 10 aprile<\/strong> presenter\u00e0 un programma deddicato tutto a Beethoven. Il <strong>21 aprile<\/strong> arriva&nbsp;<strong>Alexander Mayer<\/strong>, definito un \u201cdirettore moderno\u201d per il lavoro portato avanti dapprima con la Sinfonietta de Lausanne, adesso con l\u2019Ensemble Symphonique Neuch\u00e2tel.&nbsp;Solista e direttore del concerto del <strong>14 maggio<\/strong> \u00e8 <strong>Enrico Bronzi,<\/strong>&nbsp;componente del Trio di Parma, insegnante al Mozarteum di Salisburgo, direttore artistico di festival e stagioni concertistiche.&nbsp;<\/p>\n<p>Due partiture monumentale nell\u2019ultimo programma di stagione. Il <strong>21 maggio<\/strong>&nbsp;<strong>Daniele Rustioni <\/strong>diriger\u00e0&nbsp;<strong>Sinfonia Grande che Franz Schubert<\/strong> e il <strong>Concerto per pianoforte op.83<\/strong>&nbsp;del 1881, una delle opere pi\u00f9 ampie e imponenti concepite da<strong> Brahms<\/strong>.<\/p>\n<p><strong>\u00c8 gi\u00e0 possibile acquistare biglietti e abbonamenti della nuova Stagione<\/strong>, al momento solo ed esclusivamente presso la Biglietteria del Teatro Verdi.<\/p>\n<p><strong>Per informazioni:<\/strong><br \/><strong><a href=\"https:\/\/www.orchestradellatoscana.it\/\">https:\/\/www.orchestradellatoscana.it\/<\/a><\/strong><\/p>\n<p>&nbsp;<\/p>\n","protected":false},"excerpt":{"rendered":"<p>Si riparte il 25 ottobre, suoneranno per la prima volta con l&#8217;ORT Evgeny Bushkov, Paolo Bortolameolli, Dalia Stasevska, Alexander Mayer, Ilya Gringolts, Julian Steckel, Dmitry Masleev, Francesco Piemontesi e Simone Rubino<\/p>\n","protected":false},"author":525,"featured_media":98040,"comment_status":"open","ping_status":"open","sticky":false,"template":"","format":"standard","meta":{"_acf_changed":false,"footnotes":""},"categories":[14],"tags":[232],"class_list":["post-60726","post","type-post","status-publish","format-standard","has-post-thumbnail","hentry","category-musica","tag-orchestra-della-toscana"],"acf":[],"yoast_head":"<!-- This site is optimized with the Yoast SEO Premium plugin v24.2 (Yoast SEO v25.6) - https:\/\/yoast.com\/wordpress\/plugins\/seo\/ -->\n<title>L&#039;Orchestra della Toscana chiude con 70mila spettatori e presenta la nuova stagione - intoscana<\/title>\n<meta name=\"description\" content=\"L&#039;Orchestra della Toscana chiude con 70mila spettatori e presenta la nuova stagione\" \/>\n<meta name=\"robots\" content=\"index, follow, max-snippet:-1, max-image-preview:large, max-video-preview:-1\" \/>\n<link rel=\"canonical\" href=\"https:\/\/www.intoscana.it\/it\/lorchestra-della-toscana-chiude-con-70mila-spettatori-e-presenta-la-nuova-stagione\/\" \/>\n<meta property=\"og:locale\" content=\"it_IT\" \/>\n<meta property=\"og:type\" content=\"article\" \/>\n<meta property=\"og:title\" content=\"L&#039;Orchestra della Toscana chiude con 70mila spettatori e presenta la nuova stagione\" \/>\n<meta property=\"og:description\" content=\"L&#039;Orchestra della Toscana chiude con 70mila spettatori e presenta la nuova stagione\" \/>\n<meta property=\"og:url\" content=\"https:\/\/www.intoscana.it\/it\/lorchestra-della-toscana-chiude-con-70mila-spettatori-e-presenta-la-nuova-stagione\/\" \/>\n<meta property=\"og:site_name\" content=\"intoscana\" \/>\n<meta property=\"article:publisher\" content=\"https:\/\/www.facebook.com\/intoscana.it\" \/>\n<meta property=\"article:published_time\" content=\"2019-05-16T14:28:41+00:00\" \/>\n<meta property=\"article:modified_time\" content=\"2020-05-18T08:07:56+00:00\" \/>\n<meta property=\"og:image\" content=\"https:\/\/www.intoscana.it\/wp-content\/uploads\/l7ss1xcw.jpg\" \/>\n\t<meta property=\"og:image:width\" content=\"1000\" \/>\n\t<meta property=\"og:image:height\" content=\"750\" \/>\n\t<meta property=\"og:image:type\" content=\"image\/jpeg\" \/>\n<meta name=\"author\" content=\"Redazione\" \/>\n<meta name=\"twitter:card\" content=\"summary_large_image\" \/>\n<meta name=\"twitter:creator\" content=\"@intoscana\" \/>\n<meta name=\"twitter:site\" content=\"@intoscana\" \/>\n<meta name=\"twitter:label1\" content=\"Written by\" \/>\n\t<meta name=\"twitter:data1\" content=\"Redazione\" \/>\n\t<meta name=\"twitter:label2\" content=\"Est. reading time\" \/>\n\t<meta name=\"twitter:data2\" content=\"4 minuti\" \/>\n<script type=\"application\/ld+json\" class=\"yoast-schema-graph\">{\"@context\":\"https:\/\/schema.org\",\"@graph\":[{\"@type\":\"WebPage\",\"@id\":\"https:\/\/www.intoscana.it\/it\/lorchestra-della-toscana-chiude-con-70mila-spettatori-e-presenta-la-nuova-stagione\/\",\"url\":\"https:\/\/www.intoscana.it\/it\/lorchestra-della-toscana-chiude-con-70mila-spettatori-e-presenta-la-nuova-stagione\/\",\"name\":\"L'Orchestra della Toscana chiude con 70mila spettatori e presenta la nuova stagione - intoscana\",\"isPartOf\":{\"@id\":\"https:\/\/www.intoscana.it\/it\/#website\"},\"primaryImageOfPage\":{\"@id\":\"https:\/\/www.intoscana.it\/it\/lorchestra-della-toscana-chiude-con-70mila-spettatori-e-presenta-la-nuova-stagione\/#primaryimage\"},\"image\":{\"@id\":\"https:\/\/www.intoscana.it\/it\/lorchestra-della-toscana-chiude-con-70mila-spettatori-e-presenta-la-nuova-stagione\/#primaryimage\"},\"thumbnailUrl\":\"https:\/\/www.intoscana.it\/wp-content\/uploads\/l7ss1xcw.jpg\",\"datePublished\":\"2019-05-16T14:28:41+00:00\",\"dateModified\":\"2020-05-18T08:07:56+00:00\",\"author\":{\"@id\":\"https:\/\/www.intoscana.it\/it\/#\/schema\/person\/9223810753230f20bd670fdd322661f8\"},\"description\":\"L'Orchestra della Toscana chiude con 70mila spettatori e presenta la nuova stagione\",\"breadcrumb\":{\"@id\":\"https:\/\/www.intoscana.it\/it\/lorchestra-della-toscana-chiude-con-70mila-spettatori-e-presenta-la-nuova-stagione\/#breadcrumb\"},\"inLanguage\":\"it-IT\",\"potentialAction\":[{\"@type\":\"ReadAction\",\"target\":[\"https:\/\/www.intoscana.it\/it\/lorchestra-della-toscana-chiude-con-70mila-spettatori-e-presenta-la-nuova-stagione\/\"]}]},{\"@type\":\"ImageObject\",\"inLanguage\":\"it-IT\",\"@id\":\"https:\/\/www.intoscana.it\/it\/lorchestra-della-toscana-chiude-con-70mila-spettatori-e-presenta-la-nuova-stagione\/#primaryimage\",\"url\":\"https:\/\/www.intoscana.it\/wp-content\/uploads\/l7ss1xcw.jpg\",\"contentUrl\":\"https:\/\/www.intoscana.it\/wp-content\/uploads\/l7ss1xcw.jpg\",\"width\":1000,\"height\":750},{\"@type\":\"BreadcrumbList\",\"@id\":\"https:\/\/www.intoscana.it\/it\/lorchestra-della-toscana-chiude-con-70mila-spettatori-e-presenta-la-nuova-stagione\/#breadcrumb\",\"itemListElement\":[{\"@type\":\"ListItem\",\"position\":1,\"name\":\"Home\",\"item\":\"https:\/\/www.intoscana.it\/it\/\"},{\"@type\":\"ListItem\",\"position\":2,\"name\":\"L&#8217;Orchestra della Toscana chiude con 70mila spettatori e presenta la nuova stagione\"}]},{\"@type\":\"WebSite\",\"@id\":\"https:\/\/www.intoscana.it\/it\/#website\",\"url\":\"https:\/\/www.intoscana.it\/it\/\",\"name\":\"intoscana\",\"description\":\"\",\"potentialAction\":[{\"@type\":\"SearchAction\",\"target\":{\"@type\":\"EntryPoint\",\"urlTemplate\":\"https:\/\/www.intoscana.it\/it\/?s={search_term_string}\"},\"query-input\":{\"@type\":\"PropertyValueSpecification\",\"valueRequired\":true,\"valueName\":\"search_term_string\"}}],\"inLanguage\":\"it-IT\"},{\"@type\":\"Person\",\"@id\":\"https:\/\/www.intoscana.it\/it\/#\/schema\/person\/9223810753230f20bd670fdd322661f8\",\"name\":\"Redazione\",\"url\":\"https:\/\/www.intoscana.it\/it\/author\/redazione\/\"}]}<\/script>\n<!-- \/ Yoast SEO Premium plugin. -->","yoast_head_json":{"title":"L'Orchestra della Toscana chiude con 70mila spettatori e presenta la nuova stagione - intoscana","description":"L'Orchestra della Toscana chiude con 70mila spettatori e presenta la nuova stagione","robots":{"index":"index","follow":"follow","max-snippet":"max-snippet:-1","max-image-preview":"max-image-preview:large","max-video-preview":"max-video-preview:-1"},"canonical":"https:\/\/www.intoscana.it\/it\/lorchestra-della-toscana-chiude-con-70mila-spettatori-e-presenta-la-nuova-stagione\/","og_locale":"it_IT","og_type":"article","og_title":"L'Orchestra della Toscana chiude con 70mila spettatori e presenta la nuova stagione","og_description":"L'Orchestra della Toscana chiude con 70mila spettatori e presenta la nuova stagione","og_url":"https:\/\/www.intoscana.it\/it\/lorchestra-della-toscana-chiude-con-70mila-spettatori-e-presenta-la-nuova-stagione\/","og_site_name":"intoscana","article_publisher":"https:\/\/www.facebook.com\/intoscana.it","article_published_time":"2019-05-16T14:28:41+00:00","article_modified_time":"2020-05-18T08:07:56+00:00","og_image":[{"width":1000,"height":750,"url":"https:\/\/www.intoscana.it\/wp-content\/uploads\/l7ss1xcw.jpg","type":"image\/jpeg"}],"author":"Redazione","twitter_card":"summary_large_image","twitter_creator":"@intoscana","twitter_site":"@intoscana","twitter_misc":{"Written by":"Redazione","Est. reading time":"4 minuti"},"schema":{"@context":"https:\/\/schema.org","@graph":[{"@type":"WebPage","@id":"https:\/\/www.intoscana.it\/it\/lorchestra-della-toscana-chiude-con-70mila-spettatori-e-presenta-la-nuova-stagione\/","url":"https:\/\/www.intoscana.it\/it\/lorchestra-della-toscana-chiude-con-70mila-spettatori-e-presenta-la-nuova-stagione\/","name":"L'Orchestra della Toscana chiude con 70mila spettatori e presenta la nuova stagione - intoscana","isPartOf":{"@id":"https:\/\/www.intoscana.it\/it\/#website"},"primaryImageOfPage":{"@id":"https:\/\/www.intoscana.it\/it\/lorchestra-della-toscana-chiude-con-70mila-spettatori-e-presenta-la-nuova-stagione\/#primaryimage"},"image":{"@id":"https:\/\/www.intoscana.it\/it\/lorchestra-della-toscana-chiude-con-70mila-spettatori-e-presenta-la-nuova-stagione\/#primaryimage"},"thumbnailUrl":"https:\/\/www.intoscana.it\/wp-content\/uploads\/l7ss1xcw.jpg","datePublished":"2019-05-16T14:28:41+00:00","dateModified":"2020-05-18T08:07:56+00:00","author":{"@id":"https:\/\/www.intoscana.it\/it\/#\/schema\/person\/9223810753230f20bd670fdd322661f8"},"description":"L'Orchestra della Toscana chiude con 70mila spettatori e presenta la nuova stagione","breadcrumb":{"@id":"https:\/\/www.intoscana.it\/it\/lorchestra-della-toscana-chiude-con-70mila-spettatori-e-presenta-la-nuova-stagione\/#breadcrumb"},"inLanguage":"it-IT","potentialAction":[{"@type":"ReadAction","target":["https:\/\/www.intoscana.it\/it\/lorchestra-della-toscana-chiude-con-70mila-spettatori-e-presenta-la-nuova-stagione\/"]}]},{"@type":"ImageObject","inLanguage":"it-IT","@id":"https:\/\/www.intoscana.it\/it\/lorchestra-della-toscana-chiude-con-70mila-spettatori-e-presenta-la-nuova-stagione\/#primaryimage","url":"https:\/\/www.intoscana.it\/wp-content\/uploads\/l7ss1xcw.jpg","contentUrl":"https:\/\/www.intoscana.it\/wp-content\/uploads\/l7ss1xcw.jpg","width":1000,"height":750},{"@type":"BreadcrumbList","@id":"https:\/\/www.intoscana.it\/it\/lorchestra-della-toscana-chiude-con-70mila-spettatori-e-presenta-la-nuova-stagione\/#breadcrumb","itemListElement":[{"@type":"ListItem","position":1,"name":"Home","item":"https:\/\/www.intoscana.it\/it\/"},{"@type":"ListItem","position":2,"name":"L&#8217;Orchestra della Toscana chiude con 70mila spettatori e presenta la nuova stagione"}]},{"@type":"WebSite","@id":"https:\/\/www.intoscana.it\/it\/#website","url":"https:\/\/www.intoscana.it\/it\/","name":"intoscana","description":"","potentialAction":[{"@type":"SearchAction","target":{"@type":"EntryPoint","urlTemplate":"https:\/\/www.intoscana.it\/it\/?s={search_term_string}"},"query-input":{"@type":"PropertyValueSpecification","valueRequired":true,"valueName":"search_term_string"}}],"inLanguage":"it-IT"},{"@type":"Person","@id":"https:\/\/www.intoscana.it\/it\/#\/schema\/person\/9223810753230f20bd670fdd322661f8","name":"Redazione","url":"https:\/\/www.intoscana.it\/it\/author\/redazione\/"}]}},"_links":{"self":[{"href":"https:\/\/www.intoscana.it\/it\/wp-json\/wp\/v2\/posts\/60726","targetHints":{"allow":["GET"]}}],"collection":[{"href":"https:\/\/www.intoscana.it\/it\/wp-json\/wp\/v2\/posts"}],"about":[{"href":"https:\/\/www.intoscana.it\/it\/wp-json\/wp\/v2\/types\/post"}],"author":[{"embeddable":true,"href":"https:\/\/www.intoscana.it\/it\/wp-json\/wp\/v2\/users\/525"}],"replies":[{"embeddable":true,"href":"https:\/\/www.intoscana.it\/it\/wp-json\/wp\/v2\/comments?post=60726"}],"version-history":[{"count":0,"href":"https:\/\/www.intoscana.it\/it\/wp-json\/wp\/v2\/posts\/60726\/revisions"}],"wp:featuredmedia":[{"embeddable":true,"href":"https:\/\/www.intoscana.it\/it\/wp-json\/wp\/v2\/media\/98040"}],"wp:attachment":[{"href":"https:\/\/www.intoscana.it\/it\/wp-json\/wp\/v2\/media?parent=60726"}],"wp:term":[{"taxonomy":"category","embeddable":true,"href":"https:\/\/www.intoscana.it\/it\/wp-json\/wp\/v2\/categories?post=60726"},{"taxonomy":"post_tag","embeddable":true,"href":"https:\/\/www.intoscana.it\/it\/wp-json\/wp\/v2\/tags?post=60726"}],"curies":[{"name":"wp","href":"https:\/\/api.w.org\/{rel}","templated":true}]}}