{"id":60735,"date":"2019-05-21T11:20:03","date_gmt":"2019-05-21T11:20:03","guid":{"rendered":"http:\/\/www.intoscana.it\/monsummano-terme-intitola-il-primo-parco-ditalia-a-david-bowie\/"},"modified":"2020-05-18T10:07:58","modified_gmt":"2020-05-18T08:07:58","slug":"monsummano-terme-intitola-il-primo-parco-ditalia-a-david-bowie","status":"publish","type":"post","link":"https:\/\/www.intoscana.it\/it\/monsummano-terme-intitola-il-primo-parco-ditalia-a-david-bowie\/","title":{"rendered":"Monsummano Terme intitola il primo parco d&#8217;Italia a David Bowie"},"content":{"rendered":"<p><strong>Era l&#8217;estate del 1969 quando David Bowie, appena ventiduenne, arriv\u00f2 a Monsummano Terme<\/strong> per partecipare con la sua &#8216;When I live my dream&#8217; a un festival canoro, nel quale arriv\u00f2 secondo dopo una cantante spagnola.<\/p>\n<p><strong>Ieri, a cinquant&#8217;anni di distanza, l&#8217;amministrazione comunale ha intitolato al Duca bianco il parco di Villa Renatico Martini,<\/strong> sede del Museo d&#8217;arte contemporanea e del Novecento. Monsummano \u00e8 la prima citt\u00e0 in Italia a intitolare un luogo pubblico al cantante di Brixton, scomparso poco pi\u00f9 di tre anni fa.<\/p>\n<p>Questa sera sempre nell&#8217;ottica di celebrare Bowie, \u00e8 in programma un concerto nella piazza centrale della citt\u00e0 termale. <strong>Sul palco il jazzista Paolo Fresu, con Gianluca Petrella a trombone ed elettronica, la voce di Petra Magoni,<\/strong> Francesco Diodati alla chitarra, Francesco Ponticelli al basso elettrico e Christian Meyer alla batteria.<\/p>\n","protected":false},"excerpt":{"rendered":"<p>\u00c8 la prima citt\u00e0 italiana a dedicare un luogo pubblico al cantante scomparso tre anni fa, che si esib\u00ec proprio qui nel 1969<\/p>\n","protected":false},"author":525,"featured_media":98048,"comment_status":"open","ping_status":"open","sticky":false,"template":"","format":"standard","meta":{"_acf_changed":false,"footnotes":""},"categories":[14],"tags":[],"class_list":["post-60735","post","type-post","status-publish","format-standard","has-post-thumbnail","hentry","category-musica"],"acf":[],"yoast_head":"<!-- This site is optimized with the Yoast SEO Premium plugin v24.2 (Yoast SEO v25.6) - https:\/\/yoast.com\/wordpress\/plugins\/seo\/ -->\n<title>Monsummano Terme intitola il primo parco d&#039;Italia a David Bowie - intoscana<\/title>\n<meta name=\"description\" content=\"Monsummano Terme intitola un parco a David Bowie: \u00e8 la prima citt\u00e0 in Italia a dedicare un luogo pubblico al cantante scomparso tre anni fa, che si esib\u00ec qui.\" \/>\n<meta name=\"robots\" content=\"index, follow, max-snippet:-1, max-image-preview:large, max-video-preview:-1\" \/>\n<link rel=\"canonical\" href=\"https:\/\/www.intoscana.it\/it\/monsummano-terme-intitola-il-primo-parco-ditalia-a-david-bowie\/\" \/>\n<meta property=\"og:locale\" content=\"it_IT\" \/>\n<meta property=\"og:type\" content=\"article\" \/>\n<meta property=\"og:title\" content=\"Monsummano Terme intitola il primo parco d&#039;Italia a David Bowie\" \/>\n<meta property=\"og:description\" content=\"Monsummano Terme intitola un parco a David Bowie: \u00e8 la prima citt\u00e0 in Italia a dedicare un luogo pubblico al cantante scomparso tre anni fa, che si esib\u00ec qui.\" \/>\n<meta property=\"og:url\" content=\"https:\/\/www.intoscana.it\/it\/monsummano-terme-intitola-il-primo-parco-ditalia-a-david-bowie\/\" \/>\n<meta property=\"og:site_name\" content=\"intoscana\" \/>\n<meta property=\"article:publisher\" content=\"https:\/\/www.facebook.com\/intoscana.it\" \/>\n<meta property=\"article:published_time\" content=\"2019-05-21T11:20:03+00:00\" \/>\n<meta property=\"article:modified_time\" content=\"2020-05-18T08:07:58+00:00\" \/>\n<meta property=\"og:image\" content=\"https:\/\/www.intoscana.it\/wp-content\/uploads\/bowie-sito-1.jpg\" \/>\n\t<meta property=\"og:image:width\" content=\"879\" \/>\n\t<meta property=\"og:image:height\" content=\"905\" \/>\n\t<meta property=\"og:image:type\" content=\"image\/jpeg\" \/>\n<meta name=\"author\" content=\"Redazione\" \/>\n<meta name=\"twitter:card\" content=\"summary_large_image\" \/>\n<meta name=\"twitter:creator\" content=\"@intoscana\" \/>\n<meta name=\"twitter:site\" content=\"@intoscana\" \/>\n<meta name=\"twitter:label1\" content=\"Written by\" \/>\n\t<meta name=\"twitter:data1\" content=\"Redazione\" \/>\n\t<meta name=\"twitter:label2\" content=\"Est. reading time\" \/>\n\t<meta name=\"twitter:data2\" content=\"1 minuto\" \/>\n<script type=\"application\/ld+json\" class=\"yoast-schema-graph\">{\"@context\":\"https:\/\/schema.org\",\"@graph\":[{\"@type\":\"WebPage\",\"@id\":\"https:\/\/www.intoscana.it\/it\/monsummano-terme-intitola-il-primo-parco-ditalia-a-david-bowie\/\",\"url\":\"https:\/\/www.intoscana.it\/it\/monsummano-terme-intitola-il-primo-parco-ditalia-a-david-bowie\/\",\"name\":\"Monsummano Terme intitola il primo parco d'Italia a David Bowie - intoscana\",\"isPartOf\":{\"@id\":\"https:\/\/www.intoscana.it\/it\/#website\"},\"primaryImageOfPage\":{\"@id\":\"https:\/\/www.intoscana.it\/it\/monsummano-terme-intitola-il-primo-parco-ditalia-a-david-bowie\/#primaryimage\"},\"image\":{\"@id\":\"https:\/\/www.intoscana.it\/it\/monsummano-terme-intitola-il-primo-parco-ditalia-a-david-bowie\/#primaryimage\"},\"thumbnailUrl\":\"https:\/\/www.intoscana.it\/wp-content\/uploads\/bowie-sito-1.jpg\",\"datePublished\":\"2019-05-21T11:20:03+00:00\",\"dateModified\":\"2020-05-18T08:07:58+00:00\",\"author\":{\"@id\":\"https:\/\/www.intoscana.it\/it\/#\/schema\/person\/9223810753230f20bd670fdd322661f8\"},\"description\":\"Monsummano Terme intitola un parco a David Bowie: \u00e8 la prima citt\u00e0 in Italia a dedicare un luogo pubblico al cantante scomparso tre anni fa, che si esib\u00ec qui.\",\"breadcrumb\":{\"@id\":\"https:\/\/www.intoscana.it\/it\/monsummano-terme-intitola-il-primo-parco-ditalia-a-david-bowie\/#breadcrumb\"},\"inLanguage\":\"it-IT\",\"potentialAction\":[{\"@type\":\"ReadAction\",\"target\":[\"https:\/\/www.intoscana.it\/it\/monsummano-terme-intitola-il-primo-parco-ditalia-a-david-bowie\/\"]}]},{\"@type\":\"ImageObject\",\"inLanguage\":\"it-IT\",\"@id\":\"https:\/\/www.intoscana.it\/it\/monsummano-terme-intitola-il-primo-parco-ditalia-a-david-bowie\/#primaryimage\",\"url\":\"https:\/\/www.intoscana.it\/wp-content\/uploads\/bowie-sito-1.jpg\",\"contentUrl\":\"https:\/\/www.intoscana.it\/wp-content\/uploads\/bowie-sito-1.jpg\",\"width\":879,\"height\":905},{\"@type\":\"BreadcrumbList\",\"@id\":\"https:\/\/www.intoscana.it\/it\/monsummano-terme-intitola-il-primo-parco-ditalia-a-david-bowie\/#breadcrumb\",\"itemListElement\":[{\"@type\":\"ListItem\",\"position\":1,\"name\":\"Home\",\"item\":\"https:\/\/www.intoscana.it\/it\/\"},{\"@type\":\"ListItem\",\"position\":2,\"name\":\"Monsummano Terme intitola il primo parco d&#8217;Italia a David Bowie\"}]},{\"@type\":\"WebSite\",\"@id\":\"https:\/\/www.intoscana.it\/it\/#website\",\"url\":\"https:\/\/www.intoscana.it\/it\/\",\"name\":\"intoscana\",\"description\":\"\",\"potentialAction\":[{\"@type\":\"SearchAction\",\"target\":{\"@type\":\"EntryPoint\",\"urlTemplate\":\"https:\/\/www.intoscana.it\/it\/?s={search_term_string}\"},\"query-input\":{\"@type\":\"PropertyValueSpecification\",\"valueRequired\":true,\"valueName\":\"search_term_string\"}}],\"inLanguage\":\"it-IT\"},{\"@type\":\"Person\",\"@id\":\"https:\/\/www.intoscana.it\/it\/#\/schema\/person\/9223810753230f20bd670fdd322661f8\",\"name\":\"Redazione\",\"url\":\"https:\/\/www.intoscana.it\/it\/author\/redazione\/\"}]}<\/script>\n<!-- \/ Yoast SEO Premium plugin. -->","yoast_head_json":{"title":"Monsummano Terme intitola il primo parco d'Italia a David Bowie - intoscana","description":"Monsummano Terme intitola un parco a David Bowie: \u00e8 la prima citt\u00e0 in Italia a dedicare un luogo pubblico al cantante scomparso tre anni fa, che si esib\u00ec qui.","robots":{"index":"index","follow":"follow","max-snippet":"max-snippet:-1","max-image-preview":"max-image-preview:large","max-video-preview":"max-video-preview:-1"},"canonical":"https:\/\/www.intoscana.it\/it\/monsummano-terme-intitola-il-primo-parco-ditalia-a-david-bowie\/","og_locale":"it_IT","og_type":"article","og_title":"Monsummano Terme intitola il primo parco d'Italia a David Bowie","og_description":"Monsummano Terme intitola un parco a David Bowie: \u00e8 la prima citt\u00e0 in Italia a dedicare un luogo pubblico al cantante scomparso tre anni fa, che si esib\u00ec qui.","og_url":"https:\/\/www.intoscana.it\/it\/monsummano-terme-intitola-il-primo-parco-ditalia-a-david-bowie\/","og_site_name":"intoscana","article_publisher":"https:\/\/www.facebook.com\/intoscana.it","article_published_time":"2019-05-21T11:20:03+00:00","article_modified_time":"2020-05-18T08:07:58+00:00","og_image":[{"width":879,"height":905,"url":"https:\/\/www.intoscana.it\/wp-content\/uploads\/bowie-sito-1.jpg","type":"image\/jpeg"}],"author":"Redazione","twitter_card":"summary_large_image","twitter_creator":"@intoscana","twitter_site":"@intoscana","twitter_misc":{"Written by":"Redazione","Est. reading time":"1 minuto"},"schema":{"@context":"https:\/\/schema.org","@graph":[{"@type":"WebPage","@id":"https:\/\/www.intoscana.it\/it\/monsummano-terme-intitola-il-primo-parco-ditalia-a-david-bowie\/","url":"https:\/\/www.intoscana.it\/it\/monsummano-terme-intitola-il-primo-parco-ditalia-a-david-bowie\/","name":"Monsummano Terme intitola il primo parco d'Italia a David Bowie - intoscana","isPartOf":{"@id":"https:\/\/www.intoscana.it\/it\/#website"},"primaryImageOfPage":{"@id":"https:\/\/www.intoscana.it\/it\/monsummano-terme-intitola-il-primo-parco-ditalia-a-david-bowie\/#primaryimage"},"image":{"@id":"https:\/\/www.intoscana.it\/it\/monsummano-terme-intitola-il-primo-parco-ditalia-a-david-bowie\/#primaryimage"},"thumbnailUrl":"https:\/\/www.intoscana.it\/wp-content\/uploads\/bowie-sito-1.jpg","datePublished":"2019-05-21T11:20:03+00:00","dateModified":"2020-05-18T08:07:58+00:00","author":{"@id":"https:\/\/www.intoscana.it\/it\/#\/schema\/person\/9223810753230f20bd670fdd322661f8"},"description":"Monsummano Terme intitola un parco a David Bowie: \u00e8 la prima citt\u00e0 in Italia a dedicare un luogo pubblico al cantante scomparso tre anni fa, che si esib\u00ec qui.","breadcrumb":{"@id":"https:\/\/www.intoscana.it\/it\/monsummano-terme-intitola-il-primo-parco-ditalia-a-david-bowie\/#breadcrumb"},"inLanguage":"it-IT","potentialAction":[{"@type":"ReadAction","target":["https:\/\/www.intoscana.it\/it\/monsummano-terme-intitola-il-primo-parco-ditalia-a-david-bowie\/"]}]},{"@type":"ImageObject","inLanguage":"it-IT","@id":"https:\/\/www.intoscana.it\/it\/monsummano-terme-intitola-il-primo-parco-ditalia-a-david-bowie\/#primaryimage","url":"https:\/\/www.intoscana.it\/wp-content\/uploads\/bowie-sito-1.jpg","contentUrl":"https:\/\/www.intoscana.it\/wp-content\/uploads\/bowie-sito-1.jpg","width":879,"height":905},{"@type":"BreadcrumbList","@id":"https:\/\/www.intoscana.it\/it\/monsummano-terme-intitola-il-primo-parco-ditalia-a-david-bowie\/#breadcrumb","itemListElement":[{"@type":"ListItem","position":1,"name":"Home","item":"https:\/\/www.intoscana.it\/it\/"},{"@type":"ListItem","position":2,"name":"Monsummano Terme intitola il primo parco d&#8217;Italia a David Bowie"}]},{"@type":"WebSite","@id":"https:\/\/www.intoscana.it\/it\/#website","url":"https:\/\/www.intoscana.it\/it\/","name":"intoscana","description":"","potentialAction":[{"@type":"SearchAction","target":{"@type":"EntryPoint","urlTemplate":"https:\/\/www.intoscana.it\/it\/?s={search_term_string}"},"query-input":{"@type":"PropertyValueSpecification","valueRequired":true,"valueName":"search_term_string"}}],"inLanguage":"it-IT"},{"@type":"Person","@id":"https:\/\/www.intoscana.it\/it\/#\/schema\/person\/9223810753230f20bd670fdd322661f8","name":"Redazione","url":"https:\/\/www.intoscana.it\/it\/author\/redazione\/"}]}},"_links":{"self":[{"href":"https:\/\/www.intoscana.it\/it\/wp-json\/wp\/v2\/posts\/60735","targetHints":{"allow":["GET"]}}],"collection":[{"href":"https:\/\/www.intoscana.it\/it\/wp-json\/wp\/v2\/posts"}],"about":[{"href":"https:\/\/www.intoscana.it\/it\/wp-json\/wp\/v2\/types\/post"}],"author":[{"embeddable":true,"href":"https:\/\/www.intoscana.it\/it\/wp-json\/wp\/v2\/users\/525"}],"replies":[{"embeddable":true,"href":"https:\/\/www.intoscana.it\/it\/wp-json\/wp\/v2\/comments?post=60735"}],"version-history":[{"count":0,"href":"https:\/\/www.intoscana.it\/it\/wp-json\/wp\/v2\/posts\/60735\/revisions"}],"wp:featuredmedia":[{"embeddable":true,"href":"https:\/\/www.intoscana.it\/it\/wp-json\/wp\/v2\/media\/98048"}],"wp:attachment":[{"href":"https:\/\/www.intoscana.it\/it\/wp-json\/wp\/v2\/media?parent=60735"}],"wp:term":[{"taxonomy":"category","embeddable":true,"href":"https:\/\/www.intoscana.it\/it\/wp-json\/wp\/v2\/categories?post=60735"},{"taxonomy":"post_tag","embeddable":true,"href":"https:\/\/www.intoscana.it\/it\/wp-json\/wp\/v2\/tags?post=60735"}],"curies":[{"name":"wp","href":"https:\/\/api.w.org\/{rel}","templated":true}]}}