{"id":60739,"date":"2019-08-07T11:34:28","date_gmt":"2019-08-07T11:34:28","guid":{"rendered":"http:\/\/www.intoscana.it\/rock-contest-al-via-le-iscrizioni-ce-tempo-fino-al-4-ottobre\/"},"modified":"2020-05-19T15:48:49","modified_gmt":"2020-05-19T13:48:49","slug":"rock-contest-2019-iscrizioni","status":"publish","type":"post","link":"https:\/\/www.intoscana.it\/it\/rock-contest-2019-iscrizioni\/","title":{"rendered":"Rock Contest: al via le iscrizioni, c\u2019\u00e8 tempo fino al 4 ottobre"},"content":{"rendered":"<p><strong>Partono le iscrizioni al Rock Contest<\/strong>, il concorso nazionale per gruppi musicali emergenti che con la scorsa edizione ha superato il giro di boa dei 30 anni. <strong>La manifestazione \u00e8 rivolta ai giovani musicisti under 35, ed \u00e8 organizzata da Controradio e Controradio Club<\/strong> in collaborazione con <strong>Comune di Firenze e SIAE \u2013 Societ\u00e0 Italiana degli Autori ed Editori<\/strong>.&nbsp;<\/p>\n<p>Anche quest\u2019anno il&nbsp;<strong>Rock Contest<\/strong>, concorso che ha visto gli esordi di <strong>Offlaga Disco Pax, Manitoba, King Of The Opera, Ros, The Steet Clerks, Lo Straniero<\/strong> e moltissimi altri, <strong>dar\u00e0 ai giovani artisti e gruppi musicali, assieme ai corposi premi, le migliori condizioni di visibilit\u00e0 e di relazione con la stampa specializzata e le realt\u00e0 discografiche italiane,<\/strong> al fine di facilitare lo sviluppo di un percorso artistico e professionale. I migliori gruppi realizzeranno poi progetti musicali, partecipando a importanti festival nazionali o internazionali e faranno tourn\u00e9e, grazie alle collaborazioni con promoter, direttori artistici e manager di locali di tutta Italia. Anche quest\u2019anno <strong>SIAE conferma il supporto come sponsor del Rock Contest,<\/strong> un riconoscimento al concorso che da sempre si batte per la crescita e la tutela di gruppi e singoli artisti che suonano musica originale.<strong> Si conferma anche la collaborazione con Audioglobe<\/strong>, una delle pi\u00f9 consolidate realt\u00e0 produttive e distributive in Italia..<\/p>\n<p><strong>Per partecipare al concorso,<\/strong> ed essere uno dei 30 artisti selezionati a esibirsi di fronte a una platea di esperti del settore e musicisti, questo il premio \u201csussidiario\u201d quasi pi\u00f9 importante dei premi in denaro, <strong>occorre avere meno di 35 anni (per le band la cifra di 35 \u00e8 da intendersi come l\u2019et\u00e0 media massima)<\/strong>.&nbsp;<strong>Il concorso \u00e8 aperto a tutti i generi musicali<\/strong> (rock, indie, elettronica, folk, dream pop, R\u2019n\u2019B, trap, psichedelia, soul, nuovo cantautorato, etc) <strong>e si rivolge ad artisti liberi da contratti discografici e\/o editoriali.<\/strong> Non sono previste limitazioni per quanto riguarda la lingua usata nel testo. Gli artisti o le formazioni che abbiano gi\u00e0 fatto parte dei selezionati nelle precedenti edizioni possono iscriversi solo se non giunti alla serata finale.<\/p>\n<p><strong>Fino al 4 ottobre, sar\u00e0 possibile iscriversi sulla pagina apposita<\/strong> compilando il modulo di preselezione, caricando 3 brani originali (sono escluse le cover version), una o pi\u00f9 foto della band o dell\u2019artista, una scheda biografica e uno stage plan (scheda tecnica del live). <strong>Per gli artisti provenienti da fuori Toscana \u00e8 previsto un rimborso spese di trasferta relative alle serate della loro esibizione<\/strong> (sono previste agevolazioni per gli eventuali pernottamenti).<\/p>\n<p><strong>Premi:<\/strong><br \/><strong>Il vincitore delle fasi live del Rock Contest<\/strong> ricever\u00e0 un voucher di <strong>2000 euro da investire in un proprio progetto artistico<\/strong> (ad esempio la produzione di un cd, la registrazione di un videoclip, l\u2019organizzazione di una tourn\u00e9e o la promozione con un ufficio stampa).<strong> Il secondo classificato avr\u00e0 a disposizione 5 giornate in un prestigioso studio di registrazione (Sam Recording Studio).<\/strong> Alla miglior composizione musicale presentata dagli artisti iscritti SIAE tra i 30 selezionati per il concorso la Societ\u00e0 Italiana Autori ed Editori <strong>SIAE finanzier\u00e0 con lo speciale Premio SIAE un progetto artistico relativo alla propria attivit\u00e0 musicale per un ammontare di 2000 euro<\/strong>. Alla migliore canzone in italiano verr\u00e0 infine assegnato lo speciale <strong>Premio Ernesto de Pascale,<\/strong> dedicato alla memoria del conduttore radiofonico (RAI Stereonotte), giornalista, musicista e storico presidente di giuria del Rock Contest, prematuramente scomparso. Tutti i sei gruppi selezionati per la finale parteciperanno inoltre con due brani musicali alla<strong> compilation sul CD \u201cRock Contest 2019\u201d.<\/strong> I restanti sei gruppi selezionati per le semifinali parteciperanno con un brano al suddetto cd. <strong>Tutti i gruppi partecipanti avranno diritto ad un set di foto professionali e all\u2019accesso alla rassegna stampa.<\/strong>&nbsp;<\/p>\n<p><strong>Tutte le informazioni, il regolamento completo e le schede di iscrizione online sono sul sito oppure telefonando allo 055.73.999.46 (dal lunedi al venerdi ore 11.00-13.00 e 14.00-16.00); contest@controradio.it.&nbsp;<\/strong><\/p>\n","protected":false},"excerpt":{"rendered":"<p>La manifestazione \u00e8 rivolta ai giovani musicisti under 35 di ogni genere musicale ed \u00e8 organizzata da Controradio e Controradio Club in collaborazione con il Comune di Firenze, SIAE e Audioglobe<\/p>\n","protected":false},"author":525,"featured_media":98052,"comment_status":"open","ping_status":"open","sticky":false,"template":"","format":"standard","meta":{"_acf_changed":false,"footnotes":""},"categories":[14],"tags":[],"class_list":["post-60739","post","type-post","status-publish","format-standard","has-post-thumbnail","hentry","category-musica"],"acf":[],"yoast_head":"<!-- This site is optimized with the Yoast SEO Premium plugin v24.2 (Yoast SEO v25.6) - https:\/\/yoast.com\/wordpress\/plugins\/seo\/ -->\n<title>Rock Contest: al via le iscrizioni, c\u2019\u00e8 tempo fino al 4 ottobre - intoscana<\/title>\n<meta name=\"robots\" content=\"index, follow, max-snippet:-1, max-image-preview:large, max-video-preview:-1\" \/>\n<link rel=\"canonical\" href=\"https:\/\/www.intoscana.it\/it\/rock-contest-2019-iscrizioni\/\" \/>\n<meta property=\"og:locale\" content=\"it_IT\" \/>\n<meta property=\"og:type\" content=\"article\" \/>\n<meta property=\"og:title\" content=\"Rock Contest: al via le iscrizioni, c\u2019\u00e8 tempo fino al 4 ottobre\" \/>\n<meta property=\"og:description\" content=\"La manifestazione \u00e8 rivolta ai giovani musicisti under 35 di ogni genere musicale ed \u00e8 organizzata da Controradio e Controradio Club in collaborazione con il Comune di Firenze, SIAE e Audioglobe\" \/>\n<meta property=\"og:url\" content=\"https:\/\/www.intoscana.it\/it\/rock-contest-2019-iscrizioni\/\" \/>\n<meta property=\"og:site_name\" content=\"intoscana\" \/>\n<meta property=\"article:publisher\" content=\"https:\/\/www.facebook.com\/intoscana.it\" \/>\n<meta property=\"article:published_time\" content=\"2019-08-07T11:34:28+00:00\" \/>\n<meta property=\"article:modified_time\" content=\"2020-05-19T13:48:49+00:00\" \/>\n<meta property=\"og:image\" content=\"https:\/\/www.intoscana.it\/wp-content\/uploads\/rockcontest_finale_2018_pubblico-1024x683-1.jpg\" \/>\n\t<meta property=\"og:image:width\" content=\"1024\" \/>\n\t<meta property=\"og:image:height\" content=\"683\" \/>\n\t<meta property=\"og:image:type\" content=\"image\/jpeg\" \/>\n<meta name=\"author\" content=\"Redazione\" \/>\n<meta name=\"twitter:card\" content=\"summary_large_image\" \/>\n<meta name=\"twitter:creator\" content=\"@intoscana\" \/>\n<meta name=\"twitter:site\" content=\"@intoscana\" \/>\n<meta name=\"twitter:label1\" content=\"Written by\" \/>\n\t<meta name=\"twitter:data1\" content=\"Redazione\" \/>\n\t<meta name=\"twitter:label2\" content=\"Est. reading time\" \/>\n\t<meta name=\"twitter:data2\" content=\"3 minuti\" \/>\n<script type=\"application\/ld+json\" class=\"yoast-schema-graph\">{\"@context\":\"https:\/\/schema.org\",\"@graph\":[{\"@type\":\"WebPage\",\"@id\":\"https:\/\/www.intoscana.it\/it\/rock-contest-2019-iscrizioni\/\",\"url\":\"https:\/\/www.intoscana.it\/it\/rock-contest-2019-iscrizioni\/\",\"name\":\"Rock Contest: al via le iscrizioni, c\u2019\u00e8 tempo fino al 4 ottobre - intoscana\",\"isPartOf\":{\"@id\":\"https:\/\/www.intoscana.it\/it\/#website\"},\"primaryImageOfPage\":{\"@id\":\"https:\/\/www.intoscana.it\/it\/rock-contest-2019-iscrizioni\/#primaryimage\"},\"image\":{\"@id\":\"https:\/\/www.intoscana.it\/it\/rock-contest-2019-iscrizioni\/#primaryimage\"},\"thumbnailUrl\":\"https:\/\/www.intoscana.it\/wp-content\/uploads\/rockcontest_finale_2018_pubblico-1024x683-1.jpg\",\"datePublished\":\"2019-08-07T11:34:28+00:00\",\"dateModified\":\"2020-05-19T13:48:49+00:00\",\"author\":{\"@id\":\"https:\/\/www.intoscana.it\/it\/#\/schema\/person\/9223810753230f20bd670fdd322661f8\"},\"breadcrumb\":{\"@id\":\"https:\/\/www.intoscana.it\/it\/rock-contest-2019-iscrizioni\/#breadcrumb\"},\"inLanguage\":\"it-IT\",\"potentialAction\":[{\"@type\":\"ReadAction\",\"target\":[\"https:\/\/www.intoscana.it\/it\/rock-contest-2019-iscrizioni\/\"]}]},{\"@type\":\"ImageObject\",\"inLanguage\":\"it-IT\",\"@id\":\"https:\/\/www.intoscana.it\/it\/rock-contest-2019-iscrizioni\/#primaryimage\",\"url\":\"https:\/\/www.intoscana.it\/wp-content\/uploads\/rockcontest_finale_2018_pubblico-1024x683-1.jpg\",\"contentUrl\":\"https:\/\/www.intoscana.it\/wp-content\/uploads\/rockcontest_finale_2018_pubblico-1024x683-1.jpg\",\"width\":1024,\"height\":683},{\"@type\":\"BreadcrumbList\",\"@id\":\"https:\/\/www.intoscana.it\/it\/rock-contest-2019-iscrizioni\/#breadcrumb\",\"itemListElement\":[{\"@type\":\"ListItem\",\"position\":1,\"name\":\"Home\",\"item\":\"https:\/\/www.intoscana.it\/it\/\"},{\"@type\":\"ListItem\",\"position\":2,\"name\":\"Rock Contest: al via le iscrizioni, c\u2019\u00e8 tempo fino al 4 ottobre\"}]},{\"@type\":\"WebSite\",\"@id\":\"https:\/\/www.intoscana.it\/it\/#website\",\"url\":\"https:\/\/www.intoscana.it\/it\/\",\"name\":\"intoscana\",\"description\":\"\",\"potentialAction\":[{\"@type\":\"SearchAction\",\"target\":{\"@type\":\"EntryPoint\",\"urlTemplate\":\"https:\/\/www.intoscana.it\/it\/?s={search_term_string}\"},\"query-input\":{\"@type\":\"PropertyValueSpecification\",\"valueRequired\":true,\"valueName\":\"search_term_string\"}}],\"inLanguage\":\"it-IT\"},{\"@type\":\"Person\",\"@id\":\"https:\/\/www.intoscana.it\/it\/#\/schema\/person\/9223810753230f20bd670fdd322661f8\",\"name\":\"Redazione\",\"url\":\"https:\/\/www.intoscana.it\/it\/author\/redazione\/\"}]}<\/script>\n<!-- \/ Yoast SEO Premium plugin. -->","yoast_head_json":{"title":"Rock Contest: al via le iscrizioni, c\u2019\u00e8 tempo fino al 4 ottobre - intoscana","robots":{"index":"index","follow":"follow","max-snippet":"max-snippet:-1","max-image-preview":"max-image-preview:large","max-video-preview":"max-video-preview:-1"},"canonical":"https:\/\/www.intoscana.it\/it\/rock-contest-2019-iscrizioni\/","og_locale":"it_IT","og_type":"article","og_title":"Rock Contest: al via le iscrizioni, c\u2019\u00e8 tempo fino al 4 ottobre","og_description":"La manifestazione \u00e8 rivolta ai giovani musicisti under 35 di ogni genere musicale ed \u00e8 organizzata da Controradio e Controradio Club in collaborazione con il Comune di Firenze, SIAE e Audioglobe","og_url":"https:\/\/www.intoscana.it\/it\/rock-contest-2019-iscrizioni\/","og_site_name":"intoscana","article_publisher":"https:\/\/www.facebook.com\/intoscana.it","article_published_time":"2019-08-07T11:34:28+00:00","article_modified_time":"2020-05-19T13:48:49+00:00","og_image":[{"width":1024,"height":683,"url":"https:\/\/www.intoscana.it\/wp-content\/uploads\/rockcontest_finale_2018_pubblico-1024x683-1.jpg","type":"image\/jpeg"}],"author":"Redazione","twitter_card":"summary_large_image","twitter_creator":"@intoscana","twitter_site":"@intoscana","twitter_misc":{"Written by":"Redazione","Est. reading time":"3 minuti"},"schema":{"@context":"https:\/\/schema.org","@graph":[{"@type":"WebPage","@id":"https:\/\/www.intoscana.it\/it\/rock-contest-2019-iscrizioni\/","url":"https:\/\/www.intoscana.it\/it\/rock-contest-2019-iscrizioni\/","name":"Rock Contest: al via le iscrizioni, c\u2019\u00e8 tempo fino al 4 ottobre - intoscana","isPartOf":{"@id":"https:\/\/www.intoscana.it\/it\/#website"},"primaryImageOfPage":{"@id":"https:\/\/www.intoscana.it\/it\/rock-contest-2019-iscrizioni\/#primaryimage"},"image":{"@id":"https:\/\/www.intoscana.it\/it\/rock-contest-2019-iscrizioni\/#primaryimage"},"thumbnailUrl":"https:\/\/www.intoscana.it\/wp-content\/uploads\/rockcontest_finale_2018_pubblico-1024x683-1.jpg","datePublished":"2019-08-07T11:34:28+00:00","dateModified":"2020-05-19T13:48:49+00:00","author":{"@id":"https:\/\/www.intoscana.it\/it\/#\/schema\/person\/9223810753230f20bd670fdd322661f8"},"breadcrumb":{"@id":"https:\/\/www.intoscana.it\/it\/rock-contest-2019-iscrizioni\/#breadcrumb"},"inLanguage":"it-IT","potentialAction":[{"@type":"ReadAction","target":["https:\/\/www.intoscana.it\/it\/rock-contest-2019-iscrizioni\/"]}]},{"@type":"ImageObject","inLanguage":"it-IT","@id":"https:\/\/www.intoscana.it\/it\/rock-contest-2019-iscrizioni\/#primaryimage","url":"https:\/\/www.intoscana.it\/wp-content\/uploads\/rockcontest_finale_2018_pubblico-1024x683-1.jpg","contentUrl":"https:\/\/www.intoscana.it\/wp-content\/uploads\/rockcontest_finale_2018_pubblico-1024x683-1.jpg","width":1024,"height":683},{"@type":"BreadcrumbList","@id":"https:\/\/www.intoscana.it\/it\/rock-contest-2019-iscrizioni\/#breadcrumb","itemListElement":[{"@type":"ListItem","position":1,"name":"Home","item":"https:\/\/www.intoscana.it\/it\/"},{"@type":"ListItem","position":2,"name":"Rock Contest: al via le iscrizioni, c\u2019\u00e8 tempo fino al 4 ottobre"}]},{"@type":"WebSite","@id":"https:\/\/www.intoscana.it\/it\/#website","url":"https:\/\/www.intoscana.it\/it\/","name":"intoscana","description":"","potentialAction":[{"@type":"SearchAction","target":{"@type":"EntryPoint","urlTemplate":"https:\/\/www.intoscana.it\/it\/?s={search_term_string}"},"query-input":{"@type":"PropertyValueSpecification","valueRequired":true,"valueName":"search_term_string"}}],"inLanguage":"it-IT"},{"@type":"Person","@id":"https:\/\/www.intoscana.it\/it\/#\/schema\/person\/9223810753230f20bd670fdd322661f8","name":"Redazione","url":"https:\/\/www.intoscana.it\/it\/author\/redazione\/"}]}},"_links":{"self":[{"href":"https:\/\/www.intoscana.it\/it\/wp-json\/wp\/v2\/posts\/60739","targetHints":{"allow":["GET"]}}],"collection":[{"href":"https:\/\/www.intoscana.it\/it\/wp-json\/wp\/v2\/posts"}],"about":[{"href":"https:\/\/www.intoscana.it\/it\/wp-json\/wp\/v2\/types\/post"}],"author":[{"embeddable":true,"href":"https:\/\/www.intoscana.it\/it\/wp-json\/wp\/v2\/users\/525"}],"replies":[{"embeddable":true,"href":"https:\/\/www.intoscana.it\/it\/wp-json\/wp\/v2\/comments?post=60739"}],"version-history":[{"count":0,"href":"https:\/\/www.intoscana.it\/it\/wp-json\/wp\/v2\/posts\/60739\/revisions"}],"wp:featuredmedia":[{"embeddable":true,"href":"https:\/\/www.intoscana.it\/it\/wp-json\/wp\/v2\/media\/98052"}],"wp:attachment":[{"href":"https:\/\/www.intoscana.it\/it\/wp-json\/wp\/v2\/media?parent=60739"}],"wp:term":[{"taxonomy":"category","embeddable":true,"href":"https:\/\/www.intoscana.it\/it\/wp-json\/wp\/v2\/categories?post=60739"},{"taxonomy":"post_tag","embeddable":true,"href":"https:\/\/www.intoscana.it\/it\/wp-json\/wp\/v2\/tags?post=60739"}],"curies":[{"name":"wp","href":"https:\/\/api.w.org\/{rel}","templated":true}]}}