{"id":60742,"date":"2019-08-12T10:04:09","date_gmt":"2019-08-12T10:04:09","guid":{"rendered":"http:\/\/www.intoscana.it\/la-musica-polifonica-internazionale-si-incontra-e-si-sfida-ad-arezzo\/"},"modified":"2020-05-19T15:48:49","modified_gmt":"2020-05-19T13:48:49","slug":"musica-polifonica-arezzo","status":"publish","type":"post","link":"https:\/\/www.intoscana.it\/it\/musica-polifonica-arezzo\/","title":{"rendered":"La musica polifonica internazionale si incontra e si sfida ad Arezzo"},"content":{"rendered":"<p>La musica polifonica internazionale si incontra ad Arezzo: <strong>dal 17 al 24 agosto <\/strong>si&nbsp;rinnova l\u2019appuntamento con il<strong> Concorso Polifonico Internazionale \u201cGuido d\u2019Arezzo\u201d<\/strong> che, giunto alla <strong>67ma edizione,<\/strong> porta nella citt\u00e0 toscana formazioni corali da tutto il mondo. Arrivano da <strong>Bulgaria, Estonia, Indonesia, Italia, Norvegia, Polonia, Russia, Ucraina e Ungheria<\/strong> i 17 cori che ad si sfideranno fino all\u2019ultima nota per conquistarsi il premio Citt\u00e0 d\u2019Arezzo.<\/p>\n<p><strong>Le competizioni, vere e proprie \u201cOlimpiadi\u201d per coristi amatoriali<\/strong>, si svolgeranno nelle giornate <strong>del 22, 23 e 24 agosto in luoghi di straordinario fascino<\/strong> quali la Basilica di San Francesco, la chiesa di Santa Maria della Pieve e il Teatro Petrarca, si arricchiranno in questa edizione di un evento del tutto eccezionale, che si ripete ad Arezzo solo ogni cinque anni.<\/p>\n<p><strong>Il 24 agosto infatti, la citt\u00e0 accoglie la finale del Gran premio europeo di canto corale<\/strong> (European Grand Prix for Choral Singing \u2013 EGP) nel corso della quale si sfideranno i cori che nel corso del 2018 hanno conquistato i pi\u00f9 prestigiosi concorsi europei e cio\u00e8, oltre a quello di Arezzo, quelli di Varna (Bulgaria), di Debrecen (Ungheria), di Maribor (Slovenia), di Tours (Francia) e di Tolosa (Spagna).<\/p>\n<p><strong>L&#8217;Europen Grand Prix for Choral Singing<\/strong> \u00e8 uno dei pi\u00f9 ambiti traguardi per il mondo della coralit\u00e0 amatoriale di tutti i continenti:<strong> ideato proprio ad Arezzo negli anni &#8217;80<\/strong> e realizzato grazie alla immediata adesione e collaborazione da parte degli organizzatori del concorso francese di Tours negli anni si \u00e8 arricchito ed \u00e8 cresciuto.<\/p>\n<p>I campioni che si misureranno nella<strong> finale 2019 in programma ad Arezzo il 24 agosto, sotto le volte di Santa Maria della Pieve sono:<\/strong> Imusicapella chamber Choir, proveniente dalle Filippine, vincitore del concorso di Varna, l\u2019University of the Philippines singing Ambassadors, anch\u2019esso filippino, vincitore del concorso di Arezzo, il Somnium Ensemble, finlandese, vincitore del concorso di Tours, il He University of Huston Concert Chorale, proveniente dal Texas, vincitore del concorso di Debrecen e il Youth Choir Kam\u0113r, proveniente dalla Lettonia, vincitore del concorso di Tolosa. E con il concorso torna il Guidoneum Festival.<\/p>\n<p><strong>Tutte le sere, da sabato 17 a sabato 24,<\/strong> concerti, seminari, incontri caratterizzeranno un calendario che dal canto gregoriano all\u2019opera, dal madrigale alla popular music, permetter\u00e0 agli spettatori <strong>un vero viaggio nell\u2019universo delle 7 note.<\/strong><\/p>\n<p><strong>Tutti gli appuntamenti sono aperti al pubblico e ad ingresso libero.<\/strong><\/p>\n<p><strong>Per informazioni:<\/strong><br \/><strong><a href=\"http:\/\/www.polifonico.org\" target=\"_blank\" rel=\"noopener noreferrer\">www.polifonico.org<\/a><\/strong><\/p>\n<p>&nbsp;<\/p>\n","protected":false},"excerpt":{"rendered":"<p>Dal 17 al 24 agosto si rinnova l\u2019appuntamento con il 67mo Concorso Polifonico Internazionale che porta nella citt\u00e0 toscana formazioni corali da tutto il mondo<\/p>\n","protected":false},"author":525,"featured_media":98055,"comment_status":"open","ping_status":"open","sticky":false,"template":"","format":"standard","meta":{"_acf_changed":false,"footnotes":""},"categories":[14],"tags":[196,216,167,277],"class_list":["post-60742","post","type-post","status-publish","format-standard","has-post-thumbnail","hentry","category-musica","tag-arezzo","tag-concerti","tag-musica","tag-musica-classica"],"acf":[],"yoast_head":"<!-- This site is optimized with the Yoast SEO Premium plugin v24.2 (Yoast SEO v25.6) - https:\/\/yoast.com\/wordpress\/plugins\/seo\/ -->\n<title>La musica polifonica internazionale si incontra e si sfida ad Arezzo - intoscana<\/title>\n<meta name=\"robots\" content=\"index, follow, max-snippet:-1, max-image-preview:large, max-video-preview:-1\" \/>\n<link rel=\"canonical\" href=\"https:\/\/www.intoscana.it\/it\/musica-polifonica-arezzo\/\" \/>\n<meta property=\"og:locale\" content=\"it_IT\" \/>\n<meta property=\"og:type\" content=\"article\" \/>\n<meta property=\"og:title\" content=\"La musica polifonica internazionale si incontra e si sfida ad Arezzo\" \/>\n<meta property=\"og:description\" content=\"Dal 17 al 24 agosto si rinnova l\u2019appuntamento con il 67mo Concorso Polifonico Internazionale che porta nella citt\u00e0 toscana formazioni corali da tutto il mondo\" \/>\n<meta property=\"og:url\" content=\"https:\/\/www.intoscana.it\/it\/musica-polifonica-arezzo\/\" \/>\n<meta property=\"og:site_name\" content=\"intoscana\" \/>\n<meta property=\"article:publisher\" content=\"https:\/\/www.facebook.com\/intoscana.it\" \/>\n<meta property=\"article:published_time\" content=\"2019-08-12T10:04:09+00:00\" \/>\n<meta property=\"article:modified_time\" content=\"2020-05-19T13:48:49+00:00\" \/>\n<meta property=\"og:image\" content=\"https:\/\/www.intoscana.it\/wp-content\/uploads\/dsc_8516.jpg\" \/>\n\t<meta property=\"og:image:width\" content=\"1620\" \/>\n\t<meta property=\"og:image:height\" content=\"1080\" \/>\n\t<meta property=\"og:image:type\" content=\"image\/jpeg\" \/>\n<meta name=\"author\" content=\"Redazione\" \/>\n<meta name=\"twitter:card\" content=\"summary_large_image\" \/>\n<meta name=\"twitter:creator\" content=\"@intoscana\" \/>\n<meta name=\"twitter:site\" content=\"@intoscana\" \/>\n<meta name=\"twitter:label1\" content=\"Written by\" \/>\n\t<meta name=\"twitter:data1\" content=\"Redazione\" \/>\n\t<meta name=\"twitter:label2\" content=\"Est. reading time\" \/>\n\t<meta name=\"twitter:data2\" content=\"2 minuti\" \/>\n<script type=\"application\/ld+json\" class=\"yoast-schema-graph\">{\"@context\":\"https:\/\/schema.org\",\"@graph\":[{\"@type\":\"WebPage\",\"@id\":\"https:\/\/www.intoscana.it\/it\/musica-polifonica-arezzo\/\",\"url\":\"https:\/\/www.intoscana.it\/it\/musica-polifonica-arezzo\/\",\"name\":\"La musica polifonica internazionale si incontra e si sfida ad Arezzo - intoscana\",\"isPartOf\":{\"@id\":\"https:\/\/www.intoscana.it\/it\/#website\"},\"primaryImageOfPage\":{\"@id\":\"https:\/\/www.intoscana.it\/it\/musica-polifonica-arezzo\/#primaryimage\"},\"image\":{\"@id\":\"https:\/\/www.intoscana.it\/it\/musica-polifonica-arezzo\/#primaryimage\"},\"thumbnailUrl\":\"https:\/\/www.intoscana.it\/wp-content\/uploads\/dsc_8516.jpg\",\"datePublished\":\"2019-08-12T10:04:09+00:00\",\"dateModified\":\"2020-05-19T13:48:49+00:00\",\"author\":{\"@id\":\"https:\/\/www.intoscana.it\/it\/#\/schema\/person\/9223810753230f20bd670fdd322661f8\"},\"breadcrumb\":{\"@id\":\"https:\/\/www.intoscana.it\/it\/musica-polifonica-arezzo\/#breadcrumb\"},\"inLanguage\":\"it-IT\",\"potentialAction\":[{\"@type\":\"ReadAction\",\"target\":[\"https:\/\/www.intoscana.it\/it\/musica-polifonica-arezzo\/\"]}]},{\"@type\":\"ImageObject\",\"inLanguage\":\"it-IT\",\"@id\":\"https:\/\/www.intoscana.it\/it\/musica-polifonica-arezzo\/#primaryimage\",\"url\":\"https:\/\/www.intoscana.it\/wp-content\/uploads\/dsc_8516.jpg\",\"contentUrl\":\"https:\/\/www.intoscana.it\/wp-content\/uploads\/dsc_8516.jpg\",\"width\":1620,\"height\":1080,\"caption\":\"La musica polifonica internazionale si incontra ad Arezzo\"},{\"@type\":\"BreadcrumbList\",\"@id\":\"https:\/\/www.intoscana.it\/it\/musica-polifonica-arezzo\/#breadcrumb\",\"itemListElement\":[{\"@type\":\"ListItem\",\"position\":1,\"name\":\"Home\",\"item\":\"https:\/\/www.intoscana.it\/it\/\"},{\"@type\":\"ListItem\",\"position\":2,\"name\":\"La musica polifonica internazionale si incontra e si sfida ad Arezzo\"}]},{\"@type\":\"WebSite\",\"@id\":\"https:\/\/www.intoscana.it\/it\/#website\",\"url\":\"https:\/\/www.intoscana.it\/it\/\",\"name\":\"intoscana\",\"description\":\"\",\"potentialAction\":[{\"@type\":\"SearchAction\",\"target\":{\"@type\":\"EntryPoint\",\"urlTemplate\":\"https:\/\/www.intoscana.it\/it\/?s={search_term_string}\"},\"query-input\":{\"@type\":\"PropertyValueSpecification\",\"valueRequired\":true,\"valueName\":\"search_term_string\"}}],\"inLanguage\":\"it-IT\"},{\"@type\":\"Person\",\"@id\":\"https:\/\/www.intoscana.it\/it\/#\/schema\/person\/9223810753230f20bd670fdd322661f8\",\"name\":\"Redazione\",\"url\":\"https:\/\/www.intoscana.it\/it\/author\/redazione\/\"}]}<\/script>\n<!-- \/ Yoast SEO Premium plugin. -->","yoast_head_json":{"title":"La musica polifonica internazionale si incontra e si sfida ad Arezzo - intoscana","robots":{"index":"index","follow":"follow","max-snippet":"max-snippet:-1","max-image-preview":"max-image-preview:large","max-video-preview":"max-video-preview:-1"},"canonical":"https:\/\/www.intoscana.it\/it\/musica-polifonica-arezzo\/","og_locale":"it_IT","og_type":"article","og_title":"La musica polifonica internazionale si incontra e si sfida ad Arezzo","og_description":"Dal 17 al 24 agosto si rinnova l\u2019appuntamento con il 67mo Concorso Polifonico Internazionale che porta nella citt\u00e0 toscana formazioni corali da tutto il mondo","og_url":"https:\/\/www.intoscana.it\/it\/musica-polifonica-arezzo\/","og_site_name":"intoscana","article_publisher":"https:\/\/www.facebook.com\/intoscana.it","article_published_time":"2019-08-12T10:04:09+00:00","article_modified_time":"2020-05-19T13:48:49+00:00","og_image":[{"width":1620,"height":1080,"url":"https:\/\/www.intoscana.it\/wp-content\/uploads\/dsc_8516.jpg","type":"image\/jpeg"}],"author":"Redazione","twitter_card":"summary_large_image","twitter_creator":"@intoscana","twitter_site":"@intoscana","twitter_misc":{"Written by":"Redazione","Est. reading time":"2 minuti"},"schema":{"@context":"https:\/\/schema.org","@graph":[{"@type":"WebPage","@id":"https:\/\/www.intoscana.it\/it\/musica-polifonica-arezzo\/","url":"https:\/\/www.intoscana.it\/it\/musica-polifonica-arezzo\/","name":"La musica polifonica internazionale si incontra e si sfida ad Arezzo - intoscana","isPartOf":{"@id":"https:\/\/www.intoscana.it\/it\/#website"},"primaryImageOfPage":{"@id":"https:\/\/www.intoscana.it\/it\/musica-polifonica-arezzo\/#primaryimage"},"image":{"@id":"https:\/\/www.intoscana.it\/it\/musica-polifonica-arezzo\/#primaryimage"},"thumbnailUrl":"https:\/\/www.intoscana.it\/wp-content\/uploads\/dsc_8516.jpg","datePublished":"2019-08-12T10:04:09+00:00","dateModified":"2020-05-19T13:48:49+00:00","author":{"@id":"https:\/\/www.intoscana.it\/it\/#\/schema\/person\/9223810753230f20bd670fdd322661f8"},"breadcrumb":{"@id":"https:\/\/www.intoscana.it\/it\/musica-polifonica-arezzo\/#breadcrumb"},"inLanguage":"it-IT","potentialAction":[{"@type":"ReadAction","target":["https:\/\/www.intoscana.it\/it\/musica-polifonica-arezzo\/"]}]},{"@type":"ImageObject","inLanguage":"it-IT","@id":"https:\/\/www.intoscana.it\/it\/musica-polifonica-arezzo\/#primaryimage","url":"https:\/\/www.intoscana.it\/wp-content\/uploads\/dsc_8516.jpg","contentUrl":"https:\/\/www.intoscana.it\/wp-content\/uploads\/dsc_8516.jpg","width":1620,"height":1080,"caption":"La musica polifonica internazionale si incontra ad Arezzo"},{"@type":"BreadcrumbList","@id":"https:\/\/www.intoscana.it\/it\/musica-polifonica-arezzo\/#breadcrumb","itemListElement":[{"@type":"ListItem","position":1,"name":"Home","item":"https:\/\/www.intoscana.it\/it\/"},{"@type":"ListItem","position":2,"name":"La musica polifonica internazionale si incontra e si sfida ad Arezzo"}]},{"@type":"WebSite","@id":"https:\/\/www.intoscana.it\/it\/#website","url":"https:\/\/www.intoscana.it\/it\/","name":"intoscana","description":"","potentialAction":[{"@type":"SearchAction","target":{"@type":"EntryPoint","urlTemplate":"https:\/\/www.intoscana.it\/it\/?s={search_term_string}"},"query-input":{"@type":"PropertyValueSpecification","valueRequired":true,"valueName":"search_term_string"}}],"inLanguage":"it-IT"},{"@type":"Person","@id":"https:\/\/www.intoscana.it\/it\/#\/schema\/person\/9223810753230f20bd670fdd322661f8","name":"Redazione","url":"https:\/\/www.intoscana.it\/it\/author\/redazione\/"}]}},"_links":{"self":[{"href":"https:\/\/www.intoscana.it\/it\/wp-json\/wp\/v2\/posts\/60742","targetHints":{"allow":["GET"]}}],"collection":[{"href":"https:\/\/www.intoscana.it\/it\/wp-json\/wp\/v2\/posts"}],"about":[{"href":"https:\/\/www.intoscana.it\/it\/wp-json\/wp\/v2\/types\/post"}],"author":[{"embeddable":true,"href":"https:\/\/www.intoscana.it\/it\/wp-json\/wp\/v2\/users\/525"}],"replies":[{"embeddable":true,"href":"https:\/\/www.intoscana.it\/it\/wp-json\/wp\/v2\/comments?post=60742"}],"version-history":[{"count":0,"href":"https:\/\/www.intoscana.it\/it\/wp-json\/wp\/v2\/posts\/60742\/revisions"}],"wp:featuredmedia":[{"embeddable":true,"href":"https:\/\/www.intoscana.it\/it\/wp-json\/wp\/v2\/media\/98055"}],"wp:attachment":[{"href":"https:\/\/www.intoscana.it\/it\/wp-json\/wp\/v2\/media?parent=60742"}],"wp:term":[{"taxonomy":"category","embeddable":true,"href":"https:\/\/www.intoscana.it\/it\/wp-json\/wp\/v2\/categories?post=60742"},{"taxonomy":"post_tag","embeddable":true,"href":"https:\/\/www.intoscana.it\/it\/wp-json\/wp\/v2\/tags?post=60742"}],"curies":[{"name":"wp","href":"https:\/\/api.w.org\/{rel}","templated":true}]}}