{"id":60746,"date":"2019-11-29T10:28:51","date_gmt":"2019-11-29T10:28:51","guid":{"rendered":"http:\/\/www.intoscana.it\/capossela-in-concerto-a-firenze-con-ballate-per-uomini-e-bestie\/"},"modified":"2020-05-18T10:08:01","modified_gmt":"2020-05-18T08:08:01","slug":"capossela-in-concerto-a-firenze-con-ballate-per-uomini-e-bestie","status":"publish","type":"post","link":"https:\/\/www.intoscana.it\/it\/capossela-in-concerto-a-firenze-con-ballate-per-uomini-e-bestie\/","title":{"rendered":"Capossela in concerto a Firenze con &#8216;Ballate per uomini e bestie&#8217;"},"content":{"rendered":"<p>Dopo i concerti-atti unici e i live all\u2019estero dei mesi estivi, con l\u2019arrivo dell\u2019autunno, <strong>Capossela presenta di citt\u00e0 in citt\u00e0 il nuovo progetto discografico \u201cBallate per uomini e bestie\u201d<\/strong>, undicesimo lavoro in studio uscito lo scorso maggio, un\u2019opera di grande forza espressiva che guarda alle pestilenze del nostro presente travolto dalla <strong>corruzione del linguaggio, dal neoliberismo, dalla violenza e dal saccheggio della natura.<\/strong> <\/p>\n<p>Nel nuovo spettacolo, pensato per i teatri, <strong>Capossela propone un canzoniere che, evocando un medioevo fantastico fatto di bestie estinte, cavalieri erranti, fate e santi<\/strong>, mette in mostra le similitudini e il senso di attualita\u0300 che lo legano profondamente alle cronache dell\u2019oggi. Alle creature che popolano l\u2019ultimo album del cantautore si uniscono come in una danza i personaggi e le storie di alcuni dei suoi grandi successi, in un intreccio che \u00e8 un viaggio nel presente, nelle fratture e nelle malattie del nostro mondo, alla ricerca di possibili cure. <\/p>\n<p>Ad accompagnare Capossela sul palco ci sono Alessandro Asso Stefana (chitarre), Niccol\u00f2 Fornabaio (batteria), Andrea Lamacchia (contrabbasso), Raffaele Tiseo (violino) e Giovannangelo De Gennaro (viella e aulofoni). <strong>L\u2019album \u201cBallate per uomini e bestie\u201d si \u00e8 aggiudicato la Targa Tenco 2019 nella categoria \u201cMiglior disco in assoluto\u201d.<\/strong> <\/p>\n<p><strong>Con queste parole Vinicio Capossela racconta lo spettacolo:<\/strong> \u201cDopo la palestra degli \u201catti unici\u201d in luoghi e titoli che hanno declinato i temi delle <em><strong>\u201cBallate per uomini e bestie\u201d<\/strong><\/em>, arriva <strong>il teatro, luogo di rappresentazione dell&#8217;immaginario.<\/strong> Lo spazio scenico buio, come le<strong> grotte di Lascaux<\/strong>, da andare a riempire con bagliori, stralci di affreschi e strofe per rileggere il mondo con gli strumenti della poesia, della filosofia e della denunzia. Un viaggio nella terra in un momento in cui <strong>uomini e bestie non si distinguono nemmeno nel genere umano<\/strong>. Una cantata tra le creature che inizia dalle pitture rupestri e arriva all&#8217;evo medio prossimo e venturo attraverso un bestiario di varia umanit\u00e0. Danze macabre al tempo della peste, nuove e antiche tentazioni, santi e inquisizioni nel rogo digitale.<\/p>\n<p>Il <strong>medioevo romantico<\/strong> e irragionevole dei preraffaeliti, le<strong> fiabe giocattolesche e fantasticanti di asini<\/strong> che diventano cantanti, <strong>sirene<\/strong> che diventano ballerine, <strong>Maraj\u00e0<\/strong> corruttori di innocenti;<strong> storie di rose e di figlie di fate, di carceri e di gabbie da zoo<\/strong>, tentativi di evasione e continue trasformazioni delle forme in divenire. <strong>Le Pleiadi e la galassia a spirale portata sul dorso da una chiocciola<\/strong>. L&#8217;orsa della costellazione del cielo e l&#8217;orso buffone degli orsanti, figura ludica e cristologica che ci porta tutti in giro di citt\u00e0 in citt\u00e0 sul baraccone da fiera, in luogo di fierezza. E poi l&#8217;inverno, <strong>l&#8217;inverno dell&#8217;umanit\u00e0, della guerra mai finita<\/strong>. L&#8217;inverno di un&#8217;orchestrina che suona nella neve di Auschwitz accompagnando festosamente l&#8217;<strong>immolarsi di sempre nuovi capri espiatori e una madonna umile<\/strong>, fatta di conchiglie, per chi in mare non trova sepoltura. Una mareggiata di poveri cristi che non rinunciano a essere UOMINI VIVI. Ovunque protetti nella metamorfosi continua e incessante che \u00e8 la vita e che non lascia intatti <strong>uomini, bestie, natura e animali<\/strong>. Nemmeno in teatro\u201d.<\/p>\n<p><strong>I biglietti<\/strong> \u2013 posti numerati da 28,75 a 63,25 euro \u2013 sono disponibili nei punti vendita di Box Office Toscana (www.boxofficetoscana.it\/punti-vendita tel. 055.210804) e online su <a href=\"http:\/\/www.ticketone.it\" class=\"broken_link\">www.ticketone.it<\/a>.<\/p>\n<p><strong>Per informazioni:<\/strong><br \/><strong>Teatro Verdi, via Ghibellina, 99, Firenze<\/strong><br \/><strong>tel. 055.667566 &#8211; 055.212320<\/strong><br \/><strong><a href=\"http:\/\/www.bitconcerti.it\">www.bitconcerti.it<\/a><\/strong><br \/><strong><a href=\"http:\/\/www.teatroverdionline.it\" class=\"broken_link\">www.teatroverdionline.it<\/a><\/strong><br \/><strong><a href=\"http:\/\/www.internationalmusic.it\">www.internationalmusic.it<\/a><\/strong><br \/><strong><a href=\"http:\/\/www.viniciocapossela.it\/shows\">www.viniciocapossela.it\/shows<\/a><\/strong><\/p>\n","protected":false},"excerpt":{"rendered":"<p>Ultimi biglietti per l\u2019atteso ritorno di Vinicio Capossela, venerd\u00ec 29 novembre al Teatro Verdi di Firenze<\/p>\n","protected":false},"author":525,"featured_media":98059,"comment_status":"open","ping_status":"open","sticky":false,"template":"","format":"standard","meta":{"_acf_changed":false,"footnotes":""},"categories":[14],"tags":[],"class_list":["post-60746","post","type-post","status-publish","format-standard","has-post-thumbnail","hentry","category-musica"],"acf":[],"yoast_head":"<!-- This site is optimized with the Yoast SEO Premium plugin v24.2 (Yoast SEO v25.6) - https:\/\/yoast.com\/wordpress\/plugins\/seo\/ -->\n<title>Capossela in concerto a Firenze con &#039;Ballate per uomini e bestie&#039; - intoscana<\/title>\n<meta name=\"robots\" content=\"index, follow, max-snippet:-1, max-image-preview:large, max-video-preview:-1\" \/>\n<link rel=\"canonical\" href=\"https:\/\/www.intoscana.it\/it\/capossela-in-concerto-a-firenze-con-ballate-per-uomini-e-bestie\/\" \/>\n<meta property=\"og:locale\" content=\"it_IT\" \/>\n<meta property=\"og:type\" content=\"article\" \/>\n<meta property=\"og:title\" content=\"Capossela in concerto a Firenze con &#039;Ballate per uomini e bestie&#039;\" \/>\n<meta property=\"og:description\" content=\"Ultimi biglietti per l\u2019atteso ritorno di Vinicio Capossela, venerd\u00ec 29 novembre al Teatro Verdi di Firenze\" \/>\n<meta property=\"og:url\" content=\"https:\/\/www.intoscana.it\/it\/capossela-in-concerto-a-firenze-con-ballate-per-uomini-e-bestie\/\" \/>\n<meta property=\"og:site_name\" content=\"intoscana\" \/>\n<meta property=\"article:publisher\" content=\"https:\/\/www.facebook.com\/intoscana.it\" \/>\n<meta property=\"article:published_time\" content=\"2019-11-29T10:28:51+00:00\" \/>\n<meta property=\"article:modified_time\" content=\"2020-05-18T08:08:01+00:00\" \/>\n<meta property=\"og:image\" content=\"https:\/\/www.intoscana.it\/wp-content\/uploads\/vinicio-capossela-2-or-pic.jpg\" \/>\n\t<meta property=\"og:image:width\" content=\"1417\" \/>\n\t<meta property=\"og:image:height\" content=\"945\" \/>\n\t<meta property=\"og:image:type\" content=\"image\/jpeg\" \/>\n<meta name=\"author\" content=\"Redazione\" \/>\n<meta name=\"twitter:card\" content=\"summary_large_image\" \/>\n<meta name=\"twitter:creator\" content=\"@intoscana\" \/>\n<meta name=\"twitter:site\" content=\"@intoscana\" \/>\n<meta name=\"twitter:label1\" content=\"Written by\" \/>\n\t<meta name=\"twitter:data1\" content=\"Redazione\" \/>\n\t<meta name=\"twitter:label2\" content=\"Est. reading time\" \/>\n\t<meta name=\"twitter:data2\" content=\"3 minuti\" \/>\n<script type=\"application\/ld+json\" class=\"yoast-schema-graph\">{\"@context\":\"https:\/\/schema.org\",\"@graph\":[{\"@type\":\"WebPage\",\"@id\":\"https:\/\/www.intoscana.it\/it\/capossela-in-concerto-a-firenze-con-ballate-per-uomini-e-bestie\/\",\"url\":\"https:\/\/www.intoscana.it\/it\/capossela-in-concerto-a-firenze-con-ballate-per-uomini-e-bestie\/\",\"name\":\"Capossela in concerto a Firenze con 'Ballate per uomini e bestie' - intoscana\",\"isPartOf\":{\"@id\":\"https:\/\/www.intoscana.it\/it\/#website\"},\"primaryImageOfPage\":{\"@id\":\"https:\/\/www.intoscana.it\/it\/capossela-in-concerto-a-firenze-con-ballate-per-uomini-e-bestie\/#primaryimage\"},\"image\":{\"@id\":\"https:\/\/www.intoscana.it\/it\/capossela-in-concerto-a-firenze-con-ballate-per-uomini-e-bestie\/#primaryimage\"},\"thumbnailUrl\":\"https:\/\/www.intoscana.it\/wp-content\/uploads\/vinicio-capossela-2-or-pic.jpg\",\"datePublished\":\"2019-11-29T10:28:51+00:00\",\"dateModified\":\"2020-05-18T08:08:01+00:00\",\"author\":{\"@id\":\"https:\/\/www.intoscana.it\/it\/#\/schema\/person\/9223810753230f20bd670fdd322661f8\"},\"breadcrumb\":{\"@id\":\"https:\/\/www.intoscana.it\/it\/capossela-in-concerto-a-firenze-con-ballate-per-uomini-e-bestie\/#breadcrumb\"},\"inLanguage\":\"it-IT\",\"potentialAction\":[{\"@type\":\"ReadAction\",\"target\":[\"https:\/\/www.intoscana.it\/it\/capossela-in-concerto-a-firenze-con-ballate-per-uomini-e-bestie\/\"]}]},{\"@type\":\"ImageObject\",\"inLanguage\":\"it-IT\",\"@id\":\"https:\/\/www.intoscana.it\/it\/capossela-in-concerto-a-firenze-con-ballate-per-uomini-e-bestie\/#primaryimage\",\"url\":\"https:\/\/www.intoscana.it\/wp-content\/uploads\/vinicio-capossela-2-or-pic.jpg\",\"contentUrl\":\"https:\/\/www.intoscana.it\/wp-content\/uploads\/vinicio-capossela-2-or-pic.jpg\",\"width\":1417,\"height\":945,\"caption\":\"Vinicio Capossela\"},{\"@type\":\"BreadcrumbList\",\"@id\":\"https:\/\/www.intoscana.it\/it\/capossela-in-concerto-a-firenze-con-ballate-per-uomini-e-bestie\/#breadcrumb\",\"itemListElement\":[{\"@type\":\"ListItem\",\"position\":1,\"name\":\"Home\",\"item\":\"https:\/\/www.intoscana.it\/it\/\"},{\"@type\":\"ListItem\",\"position\":2,\"name\":\"Capossela in concerto a Firenze con &#8216;Ballate per uomini e bestie&#8217;\"}]},{\"@type\":\"WebSite\",\"@id\":\"https:\/\/www.intoscana.it\/it\/#website\",\"url\":\"https:\/\/www.intoscana.it\/it\/\",\"name\":\"intoscana\",\"description\":\"\",\"potentialAction\":[{\"@type\":\"SearchAction\",\"target\":{\"@type\":\"EntryPoint\",\"urlTemplate\":\"https:\/\/www.intoscana.it\/it\/?s={search_term_string}\"},\"query-input\":{\"@type\":\"PropertyValueSpecification\",\"valueRequired\":true,\"valueName\":\"search_term_string\"}}],\"inLanguage\":\"it-IT\"},{\"@type\":\"Person\",\"@id\":\"https:\/\/www.intoscana.it\/it\/#\/schema\/person\/9223810753230f20bd670fdd322661f8\",\"name\":\"Redazione\",\"url\":\"https:\/\/www.intoscana.it\/it\/author\/redazione\/\"}]}<\/script>\n<!-- \/ Yoast SEO Premium plugin. -->","yoast_head_json":{"title":"Capossela in concerto a Firenze con 'Ballate per uomini e bestie' - intoscana","robots":{"index":"index","follow":"follow","max-snippet":"max-snippet:-1","max-image-preview":"max-image-preview:large","max-video-preview":"max-video-preview:-1"},"canonical":"https:\/\/www.intoscana.it\/it\/capossela-in-concerto-a-firenze-con-ballate-per-uomini-e-bestie\/","og_locale":"it_IT","og_type":"article","og_title":"Capossela in concerto a Firenze con 'Ballate per uomini e bestie'","og_description":"Ultimi biglietti per l\u2019atteso ritorno di Vinicio Capossela, venerd\u00ec 29 novembre al Teatro Verdi di Firenze","og_url":"https:\/\/www.intoscana.it\/it\/capossela-in-concerto-a-firenze-con-ballate-per-uomini-e-bestie\/","og_site_name":"intoscana","article_publisher":"https:\/\/www.facebook.com\/intoscana.it","article_published_time":"2019-11-29T10:28:51+00:00","article_modified_time":"2020-05-18T08:08:01+00:00","og_image":[{"width":1417,"height":945,"url":"https:\/\/www.intoscana.it\/wp-content\/uploads\/vinicio-capossela-2-or-pic.jpg","type":"image\/jpeg"}],"author":"Redazione","twitter_card":"summary_large_image","twitter_creator":"@intoscana","twitter_site":"@intoscana","twitter_misc":{"Written by":"Redazione","Est. reading time":"3 minuti"},"schema":{"@context":"https:\/\/schema.org","@graph":[{"@type":"WebPage","@id":"https:\/\/www.intoscana.it\/it\/capossela-in-concerto-a-firenze-con-ballate-per-uomini-e-bestie\/","url":"https:\/\/www.intoscana.it\/it\/capossela-in-concerto-a-firenze-con-ballate-per-uomini-e-bestie\/","name":"Capossela in concerto a Firenze con 'Ballate per uomini e bestie' - intoscana","isPartOf":{"@id":"https:\/\/www.intoscana.it\/it\/#website"},"primaryImageOfPage":{"@id":"https:\/\/www.intoscana.it\/it\/capossela-in-concerto-a-firenze-con-ballate-per-uomini-e-bestie\/#primaryimage"},"image":{"@id":"https:\/\/www.intoscana.it\/it\/capossela-in-concerto-a-firenze-con-ballate-per-uomini-e-bestie\/#primaryimage"},"thumbnailUrl":"https:\/\/www.intoscana.it\/wp-content\/uploads\/vinicio-capossela-2-or-pic.jpg","datePublished":"2019-11-29T10:28:51+00:00","dateModified":"2020-05-18T08:08:01+00:00","author":{"@id":"https:\/\/www.intoscana.it\/it\/#\/schema\/person\/9223810753230f20bd670fdd322661f8"},"breadcrumb":{"@id":"https:\/\/www.intoscana.it\/it\/capossela-in-concerto-a-firenze-con-ballate-per-uomini-e-bestie\/#breadcrumb"},"inLanguage":"it-IT","potentialAction":[{"@type":"ReadAction","target":["https:\/\/www.intoscana.it\/it\/capossela-in-concerto-a-firenze-con-ballate-per-uomini-e-bestie\/"]}]},{"@type":"ImageObject","inLanguage":"it-IT","@id":"https:\/\/www.intoscana.it\/it\/capossela-in-concerto-a-firenze-con-ballate-per-uomini-e-bestie\/#primaryimage","url":"https:\/\/www.intoscana.it\/wp-content\/uploads\/vinicio-capossela-2-or-pic.jpg","contentUrl":"https:\/\/www.intoscana.it\/wp-content\/uploads\/vinicio-capossela-2-or-pic.jpg","width":1417,"height":945,"caption":"Vinicio Capossela"},{"@type":"BreadcrumbList","@id":"https:\/\/www.intoscana.it\/it\/capossela-in-concerto-a-firenze-con-ballate-per-uomini-e-bestie\/#breadcrumb","itemListElement":[{"@type":"ListItem","position":1,"name":"Home","item":"https:\/\/www.intoscana.it\/it\/"},{"@type":"ListItem","position":2,"name":"Capossela in concerto a Firenze con &#8216;Ballate per uomini e bestie&#8217;"}]},{"@type":"WebSite","@id":"https:\/\/www.intoscana.it\/it\/#website","url":"https:\/\/www.intoscana.it\/it\/","name":"intoscana","description":"","potentialAction":[{"@type":"SearchAction","target":{"@type":"EntryPoint","urlTemplate":"https:\/\/www.intoscana.it\/it\/?s={search_term_string}"},"query-input":{"@type":"PropertyValueSpecification","valueRequired":true,"valueName":"search_term_string"}}],"inLanguage":"it-IT"},{"@type":"Person","@id":"https:\/\/www.intoscana.it\/it\/#\/schema\/person\/9223810753230f20bd670fdd322661f8","name":"Redazione","url":"https:\/\/www.intoscana.it\/it\/author\/redazione\/"}]}},"_links":{"self":[{"href":"https:\/\/www.intoscana.it\/it\/wp-json\/wp\/v2\/posts\/60746","targetHints":{"allow":["GET"]}}],"collection":[{"href":"https:\/\/www.intoscana.it\/it\/wp-json\/wp\/v2\/posts"}],"about":[{"href":"https:\/\/www.intoscana.it\/it\/wp-json\/wp\/v2\/types\/post"}],"author":[{"embeddable":true,"href":"https:\/\/www.intoscana.it\/it\/wp-json\/wp\/v2\/users\/525"}],"replies":[{"embeddable":true,"href":"https:\/\/www.intoscana.it\/it\/wp-json\/wp\/v2\/comments?post=60746"}],"version-history":[{"count":0,"href":"https:\/\/www.intoscana.it\/it\/wp-json\/wp\/v2\/posts\/60746\/revisions"}],"wp:featuredmedia":[{"embeddable":true,"href":"https:\/\/www.intoscana.it\/it\/wp-json\/wp\/v2\/media\/98059"}],"wp:attachment":[{"href":"https:\/\/www.intoscana.it\/it\/wp-json\/wp\/v2\/media?parent=60746"}],"wp:term":[{"taxonomy":"category","embeddable":true,"href":"https:\/\/www.intoscana.it\/it\/wp-json\/wp\/v2\/categories?post=60746"},{"taxonomy":"post_tag","embeddable":true,"href":"https:\/\/www.intoscana.it\/it\/wp-json\/wp\/v2\/tags?post=60746"}],"curies":[{"name":"wp","href":"https:\/\/api.w.org\/{rel}","templated":true}]}}