{"id":60752,"date":"2019-11-27T14:00:09","date_gmt":"2019-11-27T14:00:09","guid":{"rendered":"http:\/\/www.intoscana.it\/torna-a-grande-richiesta-an-evening-with-manuel-agnelli\/"},"modified":"2020-05-19T15:48:52","modified_gmt":"2020-05-19T13:48:52","slug":"an-evening-with-manuel-agnelli","status":"publish","type":"post","link":"https:\/\/www.intoscana.it\/it\/an-evening-with-manuel-agnelli\/","title":{"rendered":"Torna a grande richiesta \u2018An Evening with Manuel Agnelli\u2019"},"content":{"rendered":"<p>Dopo il <strong>grande successo<\/strong> delle date nei teatri della <strong>scorsa primavera<\/strong>, che hanno registrato una<strong> grande e calorosa affluenza di pubblico<\/strong>, numerosissimi sold out e pareri entusiastici da parte di chiunque vi abbia preso parte, torna a grande richiesta lo spettacolo che mostra<strong> il lato pi\u00f9 intimo e confidenziale del frontman degli Afterhours<\/strong>.<\/p>\n<p><em><strong>&#8216;An Evening with Manuel Agnelli&#8217;<\/strong> <\/em>mantiene il carattere confidenziale che ha caratterizzato il precedente tour con la formula di una scaletta libera,<strong> uno spettacolo inedito che unisce intrinsecamente la musica, la letteratura, il racconto<\/strong> nelle sue mille sfaccettature e il dialogo col pubblico.<\/p>\n<p>Accanto alle <strong>versioni rivisitate dei brani degli Afterhours<\/strong> si alterneranno <strong>cover dense di significato<\/strong>&nbsp;per il suo percorso musicale e letture che hanno ispirato la sua poetica. <strong>Manuel Agnelli sar\u00e0 accompagnato da Rodrigo D\u2019Erasmo, violinista, polistrumentista e arrangiatore<\/strong>, suo sodale ormai da molti anni in numerosissimi progetti.<\/p>\n<p><em><strong>&#8216;An evening with Manuel Agnelli&#8217;<\/strong><\/em> \u00e8 un&#8217;occasione per ritrovare o scoprire un lato artisticamente pi\u00f9 intimo di uno dei personaggi pi\u00f9 iconici della contemporaneit\u00e0 musicale del nostro Paese.<strong> A Firenze appuntamento venerd\u00ec 6 dicembre al TuscanyHall.<br \/><\/strong><br \/><a href=\"https:\/\/www.ticketone.it\/\" target=\"_blank\" rel=\"noopener noreferrer\"><span style=\"text-decoration: underline;\"><strong>Biglietti disponibili su ticketone.it<\/strong><\/span><\/a><\/p>\n<p>&nbsp;<\/p>\n<p>&nbsp;<\/p>\n","protected":false},"excerpt":{"rendered":"<p>Il frontman degli Afterhours sar\u00e0 venerd\u00ec 6 dicembre al Tuscany Hall in un concerto che unisce, musica, letteratura e racconto<\/p>\n","protected":false},"author":525,"featured_media":98065,"comment_status":"open","ping_status":"open","sticky":false,"template":"","format":"standard","meta":{"_acf_changed":false,"footnotes":""},"categories":[14],"tags":[],"class_list":["post-60752","post","type-post","status-publish","format-standard","has-post-thumbnail","hentry","category-musica"],"acf":[],"yoast_head":"<!-- This site is optimized with the Yoast SEO Premium plugin v24.2 (Yoast SEO v25.6) - https:\/\/yoast.com\/wordpress\/plugins\/seo\/ -->\n<title>Torna a grande richiesta \u2018An Evening with Manuel Agnelli\u2019 - intoscana<\/title>\n<meta name=\"robots\" content=\"index, follow, max-snippet:-1, max-image-preview:large, max-video-preview:-1\" \/>\n<link rel=\"canonical\" href=\"https:\/\/www.intoscana.it\/it\/an-evening-with-manuel-agnelli\/\" \/>\n<meta property=\"og:locale\" content=\"it_IT\" \/>\n<meta property=\"og:type\" content=\"article\" \/>\n<meta property=\"og:title\" content=\"Torna a grande richiesta \u2018An Evening with Manuel Agnelli\u2019\" \/>\n<meta property=\"og:description\" content=\"Il frontman degli Afterhours sar\u00e0 venerd\u00ec 6 dicembre al Tuscany Hall in un concerto che unisce, musica, letteratura e racconto\" \/>\n<meta property=\"og:url\" content=\"https:\/\/www.intoscana.it\/it\/an-evening-with-manuel-agnelli\/\" \/>\n<meta property=\"og:site_name\" content=\"intoscana\" \/>\n<meta property=\"article:publisher\" content=\"https:\/\/www.facebook.com\/intoscana.it\" \/>\n<meta property=\"article:published_time\" content=\"2019-11-27T14:00:09+00:00\" \/>\n<meta property=\"article:modified_time\" content=\"2020-05-19T13:48:52+00:00\" \/>\n<meta property=\"og:image\" content=\"https:\/\/www.intoscana.it\/wp-content\/uploads\/26f526479b1d26579aa139eef82fc027.jpg\" \/>\n\t<meta property=\"og:image:width\" content=\"1000\" \/>\n\t<meta property=\"og:image:height\" content=\"667\" \/>\n\t<meta property=\"og:image:type\" content=\"image\/jpeg\" \/>\n<meta name=\"author\" content=\"Redazione\" \/>\n<meta name=\"twitter:card\" content=\"summary_large_image\" \/>\n<meta name=\"twitter:creator\" content=\"@intoscana\" \/>\n<meta name=\"twitter:site\" content=\"@intoscana\" \/>\n<meta name=\"twitter:label1\" content=\"Written by\" \/>\n\t<meta name=\"twitter:data1\" content=\"Redazione\" \/>\n\t<meta name=\"twitter:label2\" content=\"Est. reading time\" \/>\n\t<meta name=\"twitter:data2\" content=\"1 minuto\" \/>\n<script type=\"application\/ld+json\" class=\"yoast-schema-graph\">{\"@context\":\"https:\/\/schema.org\",\"@graph\":[{\"@type\":\"WebPage\",\"@id\":\"https:\/\/www.intoscana.it\/it\/an-evening-with-manuel-agnelli\/\",\"url\":\"https:\/\/www.intoscana.it\/it\/an-evening-with-manuel-agnelli\/\",\"name\":\"Torna a grande richiesta \u2018An Evening with Manuel Agnelli\u2019 - intoscana\",\"isPartOf\":{\"@id\":\"https:\/\/www.intoscana.it\/it\/#website\"},\"primaryImageOfPage\":{\"@id\":\"https:\/\/www.intoscana.it\/it\/an-evening-with-manuel-agnelli\/#primaryimage\"},\"image\":{\"@id\":\"https:\/\/www.intoscana.it\/it\/an-evening-with-manuel-agnelli\/#primaryimage\"},\"thumbnailUrl\":\"https:\/\/www.intoscana.it\/wp-content\/uploads\/26f526479b1d26579aa139eef82fc027.jpg\",\"datePublished\":\"2019-11-27T14:00:09+00:00\",\"dateModified\":\"2020-05-19T13:48:52+00:00\",\"author\":{\"@id\":\"https:\/\/www.intoscana.it\/it\/#\/schema\/person\/9223810753230f20bd670fdd322661f8\"},\"breadcrumb\":{\"@id\":\"https:\/\/www.intoscana.it\/it\/an-evening-with-manuel-agnelli\/#breadcrumb\"},\"inLanguage\":\"it-IT\",\"potentialAction\":[{\"@type\":\"ReadAction\",\"target\":[\"https:\/\/www.intoscana.it\/it\/an-evening-with-manuel-agnelli\/\"]}]},{\"@type\":\"ImageObject\",\"inLanguage\":\"it-IT\",\"@id\":\"https:\/\/www.intoscana.it\/it\/an-evening-with-manuel-agnelli\/#primaryimage\",\"url\":\"https:\/\/www.intoscana.it\/wp-content\/uploads\/26f526479b1d26579aa139eef82fc027.jpg\",\"contentUrl\":\"https:\/\/www.intoscana.it\/wp-content\/uploads\/26f526479b1d26579aa139eef82fc027.jpg\",\"width\":1000,\"height\":667,\"caption\":\"An Evening with Manuel Agnelli\"},{\"@type\":\"BreadcrumbList\",\"@id\":\"https:\/\/www.intoscana.it\/it\/an-evening-with-manuel-agnelli\/#breadcrumb\",\"itemListElement\":[{\"@type\":\"ListItem\",\"position\":1,\"name\":\"Home\",\"item\":\"https:\/\/www.intoscana.it\/it\/\"},{\"@type\":\"ListItem\",\"position\":2,\"name\":\"Torna a grande richiesta \u2018An Evening with Manuel Agnelli\u2019\"}]},{\"@type\":\"WebSite\",\"@id\":\"https:\/\/www.intoscana.it\/it\/#website\",\"url\":\"https:\/\/www.intoscana.it\/it\/\",\"name\":\"intoscana\",\"description\":\"\",\"potentialAction\":[{\"@type\":\"SearchAction\",\"target\":{\"@type\":\"EntryPoint\",\"urlTemplate\":\"https:\/\/www.intoscana.it\/it\/?s={search_term_string}\"},\"query-input\":{\"@type\":\"PropertyValueSpecification\",\"valueRequired\":true,\"valueName\":\"search_term_string\"}}],\"inLanguage\":\"it-IT\"},{\"@type\":\"Person\",\"@id\":\"https:\/\/www.intoscana.it\/it\/#\/schema\/person\/9223810753230f20bd670fdd322661f8\",\"name\":\"Redazione\",\"url\":\"https:\/\/www.intoscana.it\/it\/author\/redazione\/\"}]}<\/script>\n<!-- \/ Yoast SEO Premium plugin. -->","yoast_head_json":{"title":"Torna a grande richiesta \u2018An Evening with Manuel Agnelli\u2019 - intoscana","robots":{"index":"index","follow":"follow","max-snippet":"max-snippet:-1","max-image-preview":"max-image-preview:large","max-video-preview":"max-video-preview:-1"},"canonical":"https:\/\/www.intoscana.it\/it\/an-evening-with-manuel-agnelli\/","og_locale":"it_IT","og_type":"article","og_title":"Torna a grande richiesta \u2018An Evening with Manuel Agnelli\u2019","og_description":"Il frontman degli Afterhours sar\u00e0 venerd\u00ec 6 dicembre al Tuscany Hall in un concerto che unisce, musica, letteratura e racconto","og_url":"https:\/\/www.intoscana.it\/it\/an-evening-with-manuel-agnelli\/","og_site_name":"intoscana","article_publisher":"https:\/\/www.facebook.com\/intoscana.it","article_published_time":"2019-11-27T14:00:09+00:00","article_modified_time":"2020-05-19T13:48:52+00:00","og_image":[{"width":1000,"height":667,"url":"https:\/\/www.intoscana.it\/wp-content\/uploads\/26f526479b1d26579aa139eef82fc027.jpg","type":"image\/jpeg"}],"author":"Redazione","twitter_card":"summary_large_image","twitter_creator":"@intoscana","twitter_site":"@intoscana","twitter_misc":{"Written by":"Redazione","Est. reading time":"1 minuto"},"schema":{"@context":"https:\/\/schema.org","@graph":[{"@type":"WebPage","@id":"https:\/\/www.intoscana.it\/it\/an-evening-with-manuel-agnelli\/","url":"https:\/\/www.intoscana.it\/it\/an-evening-with-manuel-agnelli\/","name":"Torna a grande richiesta \u2018An Evening with Manuel Agnelli\u2019 - intoscana","isPartOf":{"@id":"https:\/\/www.intoscana.it\/it\/#website"},"primaryImageOfPage":{"@id":"https:\/\/www.intoscana.it\/it\/an-evening-with-manuel-agnelli\/#primaryimage"},"image":{"@id":"https:\/\/www.intoscana.it\/it\/an-evening-with-manuel-agnelli\/#primaryimage"},"thumbnailUrl":"https:\/\/www.intoscana.it\/wp-content\/uploads\/26f526479b1d26579aa139eef82fc027.jpg","datePublished":"2019-11-27T14:00:09+00:00","dateModified":"2020-05-19T13:48:52+00:00","author":{"@id":"https:\/\/www.intoscana.it\/it\/#\/schema\/person\/9223810753230f20bd670fdd322661f8"},"breadcrumb":{"@id":"https:\/\/www.intoscana.it\/it\/an-evening-with-manuel-agnelli\/#breadcrumb"},"inLanguage":"it-IT","potentialAction":[{"@type":"ReadAction","target":["https:\/\/www.intoscana.it\/it\/an-evening-with-manuel-agnelli\/"]}]},{"@type":"ImageObject","inLanguage":"it-IT","@id":"https:\/\/www.intoscana.it\/it\/an-evening-with-manuel-agnelli\/#primaryimage","url":"https:\/\/www.intoscana.it\/wp-content\/uploads\/26f526479b1d26579aa139eef82fc027.jpg","contentUrl":"https:\/\/www.intoscana.it\/wp-content\/uploads\/26f526479b1d26579aa139eef82fc027.jpg","width":1000,"height":667,"caption":"An Evening with Manuel Agnelli"},{"@type":"BreadcrumbList","@id":"https:\/\/www.intoscana.it\/it\/an-evening-with-manuel-agnelli\/#breadcrumb","itemListElement":[{"@type":"ListItem","position":1,"name":"Home","item":"https:\/\/www.intoscana.it\/it\/"},{"@type":"ListItem","position":2,"name":"Torna a grande richiesta \u2018An Evening with Manuel Agnelli\u2019"}]},{"@type":"WebSite","@id":"https:\/\/www.intoscana.it\/it\/#website","url":"https:\/\/www.intoscana.it\/it\/","name":"intoscana","description":"","potentialAction":[{"@type":"SearchAction","target":{"@type":"EntryPoint","urlTemplate":"https:\/\/www.intoscana.it\/it\/?s={search_term_string}"},"query-input":{"@type":"PropertyValueSpecification","valueRequired":true,"valueName":"search_term_string"}}],"inLanguage":"it-IT"},{"@type":"Person","@id":"https:\/\/www.intoscana.it\/it\/#\/schema\/person\/9223810753230f20bd670fdd322661f8","name":"Redazione","url":"https:\/\/www.intoscana.it\/it\/author\/redazione\/"}]}},"_links":{"self":[{"href":"https:\/\/www.intoscana.it\/it\/wp-json\/wp\/v2\/posts\/60752","targetHints":{"allow":["GET"]}}],"collection":[{"href":"https:\/\/www.intoscana.it\/it\/wp-json\/wp\/v2\/posts"}],"about":[{"href":"https:\/\/www.intoscana.it\/it\/wp-json\/wp\/v2\/types\/post"}],"author":[{"embeddable":true,"href":"https:\/\/www.intoscana.it\/it\/wp-json\/wp\/v2\/users\/525"}],"replies":[{"embeddable":true,"href":"https:\/\/www.intoscana.it\/it\/wp-json\/wp\/v2\/comments?post=60752"}],"version-history":[{"count":0,"href":"https:\/\/www.intoscana.it\/it\/wp-json\/wp\/v2\/posts\/60752\/revisions"}],"wp:featuredmedia":[{"embeddable":true,"href":"https:\/\/www.intoscana.it\/it\/wp-json\/wp\/v2\/media\/98065"}],"wp:attachment":[{"href":"https:\/\/www.intoscana.it\/it\/wp-json\/wp\/v2\/media?parent=60752"}],"wp:term":[{"taxonomy":"category","embeddable":true,"href":"https:\/\/www.intoscana.it\/it\/wp-json\/wp\/v2\/categories?post=60752"},{"taxonomy":"post_tag","embeddable":true,"href":"https:\/\/www.intoscana.it\/it\/wp-json\/wp\/v2\/tags?post=60752"}],"curies":[{"name":"wp","href":"https:\/\/api.w.org\/{rel}","templated":true}]}}