{"id":60774,"date":"2019-09-17T12:16:30","date_gmt":"2019-09-17T12:16:30","guid":{"rendered":"http:\/\/www.intoscana.it\/il-meglio-della-scena-fiorentina-in-concerto-al-d-i-y-firenze-fest\/"},"modified":"2020-05-19T15:48:53","modified_gmt":"2020-05-19T13:48:53","slug":"d-i-y-firenze-fest-2019","status":"publish","type":"post","link":"https:\/\/www.intoscana.it\/it\/d-i-y-firenze-fest-2019\/","title":{"rendered":"Il meglio della scena fiorentina in concerto al &#8216;D.I.Y. Firenze Fest&#8217;"},"content":{"rendered":"<p>Tutto pronto per&nbsp;la terza edizione del &#8216;<strong>D.I.Y. Firenze Fest&#8217; a cura di LO-FI Management<\/strong>. <strong>Venerd\u00ec 20 settembre in un&#8217;unica irripetibile serata<\/strong> il <strong>meglio della nuova scena fiorentina<\/strong> dal sound internazionale alle pi\u00f9 recenti edizioni del <strong>Rock Contest. <\/strong><\/p>\n<p>Il nome, <strong>D.I.Y. (Do It Yourself),<\/strong> racconta l\u2019impegno che le band, insieme a LO-FI, mettono in atto per <strong>crearsi uno spazio importante nell\u2019ambito musicale,<\/strong> attivandosi in prima persona nella proposta di una scena musicale sincera, motivata ed entusiasmante, la stessa filosofia che anima il Rock Contest. Le prime due edizioni&nbsp;del&nbsp;D.I.Y. fest&nbsp; si sono svolte nel <strong>dicembre 2017 alla CdP di Grassina<\/strong> (ex Sicurcaiv) e nel <strong>settembre 2018 alla Limonaia di Villa Strozzi.<\/strong> La terza edizione si svolger\u00e0 al&nbsp;<strong>Titty Twister Club<\/strong>, in collaborazione con il <strong>Rock contest di Controradio.<\/strong><\/p>\n<p>Dalle 19 saliranno sul palco&nbsp;<strong>RedTree Groove&nbsp;<\/strong>semifinalisti Rock Contest 2017,&nbsp;<strong>God Of The Basement&nbsp;<\/strong>side project di Dust &amp; The Dukes, vincitori del Rock Contest 2017,&nbsp;<strong>Handshake<\/strong>&nbsp;terzi classificati Rock Contest 2016, <strong>Handlogic&nbsp;<\/strong>vincitori Rock Contest 2016 e chiuderanno la notte i <strong>Finister&nbsp;<\/strong>giovanissimi esordienti nel Rock Contest 2012. A seguire il dj set di <strong>Dj CrazyD.<\/strong><\/p>\n<p><strong>Moltissimi gli espositori presenti alla manifestazione.<\/strong><br \/><strong>Bue 2530&nbsp;<\/strong>uno dei migliori writer e artisti di tutto il panorama italiano. Dopo anni di attivit\u00e0 in tutto il paese, inizia a fare tatuaggi al Lacrimanera Saloon di Firenze, studio nel quale si riuniscono i migliori tatuatori. Bue si distingue subito per l\u2019incredibile tecnica e originalit\u00e0 nei suoi disegni.<br \/><strong>Ninjaz<\/strong>&nbsp;street artist da oltre 10 anni, vanta collaborazioni col comune di Firenze per realizzazione di murales, alla fortezza ad esempio.&nbsp;\u00c8 il frontman della NUMA CREW che da anni gira tutti i festival europei esportando rap e hip hop.<br \/><strong>RMOGRL 8120<\/strong> artista fiorentino che abbraccia tutte le maggiori discipline, dalla pittura ai murales fino alla scultura. Riconoscibile per la tecnica geometrica e astratta con cui rappresenta le proprie opere.<br \/><strong>Nian<\/strong> pittrice fiorentina, dopo aver frequentato l\u2019accademia si avvicina all\u2019arte di strada e comincia cos\u00ec un suo particolare percorso con personaggi coloratissimi che coprono i muri di firenze e dintorni.<br \/><strong>Exit Enter<\/strong> \u00e8 uno street artist famoso in tutta Europa grazie ai suoi personaggi stilizzati che appaiono in tutte le citt\u00e0 pi\u00f9 importanti.<\/p>\n<p>Gli espositori esibiranno un\u2019opera realizzata ad hoc per il festival, che andr\u00e0 in vendita a fine serata. All\u2019interno del Festival non mancheranno le <strong>realt\u00e0 culinarie fiorentine<\/strong> e le pi\u00f9 interessanti realt\u00e0 dell\u2019ambito culturale e musicale.&nbsp;<strong>Quest\u2019anno il D.I.Y. Firenze Fest sar\u00e0 un festival \u201cplastic free\u201d<\/strong>, grazie all\u2019appoggio di Legambiente e di Cuore Verde, azienda agricola organica rigenerativa di Marco Berretti.<\/p>\n<p><strong>Biglietti<\/strong>: 10 euro + birra Carlsberg con prevendita (vedi i canali social dell\u2019evento) e 10 euro senza prevendita<\/p>\n","protected":false},"excerpt":{"rendered":"<p>Venerd\u00ec 20 settembre al Titty Twister saliranno sul palco cinque band fiorentine: RedTree Groove, God of The Basement, Handshake, Handlogic, Finister<\/p>\n","protected":false},"author":525,"featured_media":98084,"comment_status":"open","ping_status":"open","sticky":false,"template":"","format":"standard","meta":{"_acf_changed":false,"footnotes":""},"categories":[14],"tags":[216,167],"class_list":["post-60774","post","type-post","status-publish","format-standard","has-post-thumbnail","hentry","category-musica","tag-concerti","tag-musica"],"acf":[],"yoast_head":"<!-- This site is optimized with the Yoast SEO Premium plugin v24.2 (Yoast SEO v25.6) - https:\/\/yoast.com\/wordpress\/plugins\/seo\/ -->\n<title>Il meglio della scena fiorentina in concerto al &#039;D.I.Y. Firenze Fest&#039; - intoscana<\/title>\n<meta name=\"robots\" content=\"index, follow, max-snippet:-1, max-image-preview:large, max-video-preview:-1\" \/>\n<link rel=\"canonical\" href=\"https:\/\/www.intoscana.it\/it\/d-i-y-firenze-fest-2019\/\" \/>\n<meta property=\"og:locale\" content=\"it_IT\" \/>\n<meta property=\"og:type\" content=\"article\" \/>\n<meta property=\"og:title\" content=\"Il meglio della scena fiorentina in concerto al &#039;D.I.Y. Firenze Fest&#039;\" \/>\n<meta property=\"og:description\" content=\"Venerd\u00ec 20 settembre al Titty Twister saliranno sul palco cinque band fiorentine: RedTree Groove, God of The Basement, Handshake, Handlogic, Finister\" \/>\n<meta property=\"og:url\" content=\"https:\/\/www.intoscana.it\/it\/d-i-y-firenze-fest-2019\/\" \/>\n<meta property=\"og:site_name\" content=\"intoscana\" \/>\n<meta property=\"article:publisher\" content=\"https:\/\/www.facebook.com\/intoscana.it\" \/>\n<meta property=\"article:published_time\" content=\"2019-09-17T12:16:30+00:00\" \/>\n<meta property=\"article:modified_time\" content=\"2020-05-19T13:48:53+00:00\" \/>\n<meta property=\"og:image\" content=\"https:\/\/www.intoscana.it\/wp-content\/uploads\/40627324_10155709317047823_2316238831524773888_o.jpg\" \/>\n\t<meta property=\"og:image:width\" content=\"1080\" \/>\n\t<meta property=\"og:image:height\" content=\"718\" \/>\n\t<meta property=\"og:image:type\" content=\"image\/jpeg\" \/>\n<meta name=\"author\" content=\"Redazione\" \/>\n<meta name=\"twitter:card\" content=\"summary_large_image\" \/>\n<meta name=\"twitter:creator\" content=\"@intoscana\" \/>\n<meta name=\"twitter:site\" content=\"@intoscana\" \/>\n<meta name=\"twitter:label1\" content=\"Written by\" \/>\n\t<meta name=\"twitter:data1\" content=\"Redazione\" \/>\n\t<meta name=\"twitter:label2\" content=\"Est. reading time\" \/>\n\t<meta name=\"twitter:data2\" content=\"2 minuti\" \/>\n<script type=\"application\/ld+json\" class=\"yoast-schema-graph\">{\"@context\":\"https:\/\/schema.org\",\"@graph\":[{\"@type\":\"WebPage\",\"@id\":\"https:\/\/www.intoscana.it\/it\/d-i-y-firenze-fest-2019\/\",\"url\":\"https:\/\/www.intoscana.it\/it\/d-i-y-firenze-fest-2019\/\",\"name\":\"Il meglio della scena fiorentina in concerto al 'D.I.Y. Firenze Fest' - intoscana\",\"isPartOf\":{\"@id\":\"https:\/\/www.intoscana.it\/it\/#website\"},\"primaryImageOfPage\":{\"@id\":\"https:\/\/www.intoscana.it\/it\/d-i-y-firenze-fest-2019\/#primaryimage\"},\"image\":{\"@id\":\"https:\/\/www.intoscana.it\/it\/d-i-y-firenze-fest-2019\/#primaryimage\"},\"thumbnailUrl\":\"https:\/\/www.intoscana.it\/wp-content\/uploads\/40627324_10155709317047823_2316238831524773888_o.jpg\",\"datePublished\":\"2019-09-17T12:16:30+00:00\",\"dateModified\":\"2020-05-19T13:48:53+00:00\",\"author\":{\"@id\":\"https:\/\/www.intoscana.it\/it\/#\/schema\/person\/9223810753230f20bd670fdd322661f8\"},\"breadcrumb\":{\"@id\":\"https:\/\/www.intoscana.it\/it\/d-i-y-firenze-fest-2019\/#breadcrumb\"},\"inLanguage\":\"it-IT\",\"potentialAction\":[{\"@type\":\"ReadAction\",\"target\":[\"https:\/\/www.intoscana.it\/it\/d-i-y-firenze-fest-2019\/\"]}]},{\"@type\":\"ImageObject\",\"inLanguage\":\"it-IT\",\"@id\":\"https:\/\/www.intoscana.it\/it\/d-i-y-firenze-fest-2019\/#primaryimage\",\"url\":\"https:\/\/www.intoscana.it\/wp-content\/uploads\/40627324_10155709317047823_2316238831524773888_o.jpg\",\"contentUrl\":\"https:\/\/www.intoscana.it\/wp-content\/uploads\/40627324_10155709317047823_2316238831524773888_o.jpg\",\"width\":1080,\"height\":718,\"caption\":\"\/handlogic\"},{\"@type\":\"BreadcrumbList\",\"@id\":\"https:\/\/www.intoscana.it\/it\/d-i-y-firenze-fest-2019\/#breadcrumb\",\"itemListElement\":[{\"@type\":\"ListItem\",\"position\":1,\"name\":\"Home\",\"item\":\"https:\/\/www.intoscana.it\/it\/\"},{\"@type\":\"ListItem\",\"position\":2,\"name\":\"Il meglio della scena fiorentina in concerto al &#8216;D.I.Y. Firenze Fest&#8217;\"}]},{\"@type\":\"WebSite\",\"@id\":\"https:\/\/www.intoscana.it\/it\/#website\",\"url\":\"https:\/\/www.intoscana.it\/it\/\",\"name\":\"intoscana\",\"description\":\"\",\"potentialAction\":[{\"@type\":\"SearchAction\",\"target\":{\"@type\":\"EntryPoint\",\"urlTemplate\":\"https:\/\/www.intoscana.it\/it\/?s={search_term_string}\"},\"query-input\":{\"@type\":\"PropertyValueSpecification\",\"valueRequired\":true,\"valueName\":\"search_term_string\"}}],\"inLanguage\":\"it-IT\"},{\"@type\":\"Person\",\"@id\":\"https:\/\/www.intoscana.it\/it\/#\/schema\/person\/9223810753230f20bd670fdd322661f8\",\"name\":\"Redazione\",\"url\":\"https:\/\/www.intoscana.it\/it\/author\/redazione\/\"}]}<\/script>\n<!-- \/ Yoast SEO Premium plugin. -->","yoast_head_json":{"title":"Il meglio della scena fiorentina in concerto al 'D.I.Y. Firenze Fest' - intoscana","robots":{"index":"index","follow":"follow","max-snippet":"max-snippet:-1","max-image-preview":"max-image-preview:large","max-video-preview":"max-video-preview:-1"},"canonical":"https:\/\/www.intoscana.it\/it\/d-i-y-firenze-fest-2019\/","og_locale":"it_IT","og_type":"article","og_title":"Il meglio della scena fiorentina in concerto al 'D.I.Y. Firenze Fest'","og_description":"Venerd\u00ec 20 settembre al Titty Twister saliranno sul palco cinque band fiorentine: RedTree Groove, God of The Basement, Handshake, Handlogic, Finister","og_url":"https:\/\/www.intoscana.it\/it\/d-i-y-firenze-fest-2019\/","og_site_name":"intoscana","article_publisher":"https:\/\/www.facebook.com\/intoscana.it","article_published_time":"2019-09-17T12:16:30+00:00","article_modified_time":"2020-05-19T13:48:53+00:00","og_image":[{"width":1080,"height":718,"url":"https:\/\/www.intoscana.it\/wp-content\/uploads\/40627324_10155709317047823_2316238831524773888_o.jpg","type":"image\/jpeg"}],"author":"Redazione","twitter_card":"summary_large_image","twitter_creator":"@intoscana","twitter_site":"@intoscana","twitter_misc":{"Written by":"Redazione","Est. reading time":"2 minuti"},"schema":{"@context":"https:\/\/schema.org","@graph":[{"@type":"WebPage","@id":"https:\/\/www.intoscana.it\/it\/d-i-y-firenze-fest-2019\/","url":"https:\/\/www.intoscana.it\/it\/d-i-y-firenze-fest-2019\/","name":"Il meglio della scena fiorentina in concerto al 'D.I.Y. Firenze Fest' - intoscana","isPartOf":{"@id":"https:\/\/www.intoscana.it\/it\/#website"},"primaryImageOfPage":{"@id":"https:\/\/www.intoscana.it\/it\/d-i-y-firenze-fest-2019\/#primaryimage"},"image":{"@id":"https:\/\/www.intoscana.it\/it\/d-i-y-firenze-fest-2019\/#primaryimage"},"thumbnailUrl":"https:\/\/www.intoscana.it\/wp-content\/uploads\/40627324_10155709317047823_2316238831524773888_o.jpg","datePublished":"2019-09-17T12:16:30+00:00","dateModified":"2020-05-19T13:48:53+00:00","author":{"@id":"https:\/\/www.intoscana.it\/it\/#\/schema\/person\/9223810753230f20bd670fdd322661f8"},"breadcrumb":{"@id":"https:\/\/www.intoscana.it\/it\/d-i-y-firenze-fest-2019\/#breadcrumb"},"inLanguage":"it-IT","potentialAction":[{"@type":"ReadAction","target":["https:\/\/www.intoscana.it\/it\/d-i-y-firenze-fest-2019\/"]}]},{"@type":"ImageObject","inLanguage":"it-IT","@id":"https:\/\/www.intoscana.it\/it\/d-i-y-firenze-fest-2019\/#primaryimage","url":"https:\/\/www.intoscana.it\/wp-content\/uploads\/40627324_10155709317047823_2316238831524773888_o.jpg","contentUrl":"https:\/\/www.intoscana.it\/wp-content\/uploads\/40627324_10155709317047823_2316238831524773888_o.jpg","width":1080,"height":718,"caption":"\/handlogic"},{"@type":"BreadcrumbList","@id":"https:\/\/www.intoscana.it\/it\/d-i-y-firenze-fest-2019\/#breadcrumb","itemListElement":[{"@type":"ListItem","position":1,"name":"Home","item":"https:\/\/www.intoscana.it\/it\/"},{"@type":"ListItem","position":2,"name":"Il meglio della scena fiorentina in concerto al &#8216;D.I.Y. Firenze Fest&#8217;"}]},{"@type":"WebSite","@id":"https:\/\/www.intoscana.it\/it\/#website","url":"https:\/\/www.intoscana.it\/it\/","name":"intoscana","description":"","potentialAction":[{"@type":"SearchAction","target":{"@type":"EntryPoint","urlTemplate":"https:\/\/www.intoscana.it\/it\/?s={search_term_string}"},"query-input":{"@type":"PropertyValueSpecification","valueRequired":true,"valueName":"search_term_string"}}],"inLanguage":"it-IT"},{"@type":"Person","@id":"https:\/\/www.intoscana.it\/it\/#\/schema\/person\/9223810753230f20bd670fdd322661f8","name":"Redazione","url":"https:\/\/www.intoscana.it\/it\/author\/redazione\/"}]}},"_links":{"self":[{"href":"https:\/\/www.intoscana.it\/it\/wp-json\/wp\/v2\/posts\/60774","targetHints":{"allow":["GET"]}}],"collection":[{"href":"https:\/\/www.intoscana.it\/it\/wp-json\/wp\/v2\/posts"}],"about":[{"href":"https:\/\/www.intoscana.it\/it\/wp-json\/wp\/v2\/types\/post"}],"author":[{"embeddable":true,"href":"https:\/\/www.intoscana.it\/it\/wp-json\/wp\/v2\/users\/525"}],"replies":[{"embeddable":true,"href":"https:\/\/www.intoscana.it\/it\/wp-json\/wp\/v2\/comments?post=60774"}],"version-history":[{"count":0,"href":"https:\/\/www.intoscana.it\/it\/wp-json\/wp\/v2\/posts\/60774\/revisions"}],"wp:featuredmedia":[{"embeddable":true,"href":"https:\/\/www.intoscana.it\/it\/wp-json\/wp\/v2\/media\/98084"}],"wp:attachment":[{"href":"https:\/\/www.intoscana.it\/it\/wp-json\/wp\/v2\/media?parent=60774"}],"wp:term":[{"taxonomy":"category","embeddable":true,"href":"https:\/\/www.intoscana.it\/it\/wp-json\/wp\/v2\/categories?post=60774"},{"taxonomy":"post_tag","embeddable":true,"href":"https:\/\/www.intoscana.it\/it\/wp-json\/wp\/v2\/tags?post=60774"}],"curies":[{"name":"wp","href":"https:\/\/api.w.org\/{rel}","templated":true}]}}