{"id":60791,"date":"2019-07-09T09:55:22","date_gmt":"2019-07-09T09:55:22","guid":{"rendered":"http:\/\/www.intoscana.it\/mascis-la-leggenda-dellindie-rock-americano-in-concerto-al-pecci\/"},"modified":"2020-05-19T15:48:57","modified_gmt":"2020-05-19T13:48:57","slug":"j-mascis-concerto-pecci","status":"publish","type":"post","link":"https:\/\/www.intoscana.it\/it\/j-mascis-concerto-pecci\/","title":{"rendered":"Mascis la &#8216;leggenda&#8217; dell&#8217;indie rock americano in concerto al Pecci"},"content":{"rendered":"<p><strong>Lunghi capelli bianchi e cappellino da skater,<\/strong> <strong>J Mascis<\/strong> potrebbe essere definito <strong>il &#8216;Gandalf&#8217; della musica indipendente americana<\/strong> perch\u00e8 tutti nel bene e nel male hanno ascoltato la musica della sua band, i <strong>Dinosaur Jr,<\/strong> come un punto di riferimento fondamentale. Negli anni &#8217;90 i <strong>Dinosaur Jr<\/strong> formati da Mascis insieme a<strong> Lou Barlow e Murph<\/strong> sono stati per l&#8217;indie rock quello che i Nirvana sono stati per il grunge, un faro, un sound unico e inconfondibile, <strong>un porto tranquillo a cui poter sempre tornare dopo l&#8217;ennesima delusione amorosa<\/strong>.<\/p>\n<p><strong>Nel 1991<\/strong> i Dinosaur si sono temporaneamente separati e <strong>Mascis ha dato il via alla carriera solista<\/strong> realizzando dischi che sono veri e propri &#8216;gioielli&#8217; come <em><strong>&#8216;Several Shades of Why<\/strong>&#8216;<\/em> e l&#8217;ultimo <strong><em>&#8216;Elastic Days&#8217;.<\/em><\/strong>&nbsp;Nel 2005 i Dinosaur si sono riformati pubblicando da allora quattro album, l\u2019ultimo dei quali <em><strong>\u201cGive a glimpse of what yer not\u201d<\/strong> <\/em>su JagJagwar Records, prova di una vitalit\u00e0 musicale ancora inesauribile che lascia sperare in soprese future.&nbsp;<\/p>\n<p><strong>J Mascis sar\u00e0 in concerto venerd\u00ec 12 luglio<\/strong> all\u2019anfiteatro del <strong>Centro per l&#8217;Arte Contemporanea Luigi Pecci di Prato,<\/strong> all&#8217;interno del<strong> Festival delle Colline<\/strong> e a pochi mesi dall\u2019uscita del suo ultimo album solista <strong>\u201cElastic Days\u201d.&nbsp;&nbsp;<\/strong>Ad aprire la serata il <strong>duo Blindur<\/strong> guidato da <strong>Massimo De Vita<\/strong>.<\/p>\n<p><strong>Ecco la nostra intervista a J Mascis.<\/strong><\/p>\n<p><em><strong>I Dinosaur Jr sono stati una band fondamentale per quelli della mia generazione. Che cosa resta di quegli anni e di quei bellissimi dischi, siete sempre amici? Vi vedere spesso con Barlow e Murph?<\/strong><\/em><br \/>S\u00ec, Murph si ferma spesso a casa mia. Lo vedo sempre girare per il quartiere. Lou \u00e8 in tour in questi giorni ma a volte incontro la sua famiglia nei negozi.<\/p>\n<p><em><strong>Il tuo primo disco solista Several Shades of Why mi ha aiutata a superare un periodo davvero difficile della mia vita. Avr\u00f2 ascoltato il tuo disco un milione di volte! Cosa ne pensi del potere salvifico della musica? Credi che un disco possa cambiarti la vita? Quali sono i dischi che per te sono stati fondamentali?<\/strong><\/em><br \/>Certo che amo la musica.<strong> &#8216;Eater The Album&#8217; degli Eater<\/strong>, &#8216;<strong>The Birtday Party&#8217;<\/strong> dei <strong>Bad Seed<\/strong> e &#8216;<strong>Let It Be&#8217;<\/strong> dei <strong>Replacement, <\/strong>questi sono stati i dischi fondamentali nei miei anni giovanili.<\/p>\n<p><em><strong>Nel 2018 \u00e8 uscito Elastic Day, nella prima canzone \u2018See you at the movie\u2019 dici \u2018I&#8217;ll see you at the movies, the movies in my head\u2019, \u00e8 una frase che mi ha colpito molto perch\u00e9 ho pensato che sarebbe davvero fantastico se qualcuno mi leggesse nella mente, oppure potrebbe essere un\u2019esperienza orribile. Tu cosa ne pensi?<\/strong><\/em><br \/>Probabilmente sarebbe terrificante vedere cosa succede nella mente di qualcuno. Ma questa frase riguardava pi\u00f9 che altro vivere nella propria mente e essere spaventati da quello che succede nel mondo esterno.<\/p>\n<p><em><strong>Ho visto su facebook che per fine luglio, inizio agosto avete organizzato con i Dinosaur Jr un \u2018Camp Fuzz\u2019, sembra super cool! Cosa succeder\u00e0?<\/strong><\/em><br \/>Nessuno sa che cosa accadr\u00e0 perch\u00e8 nessuno di noi l\u2019ha mai fatto prima.&nbsp;\u00c8 una grande domanda che gira nella mia mente.<\/p>\n<p><em><strong>Sei in tour da tantissimi anni prima con i Dinosaur Jr e poi da solo, qual \u00e8 la cosa pi\u00f9 brutta e quella pi\u00f9 bella che ti sono successe mentre eri in giro a suonare. Ti piace andare in tour? O preferisci stare a casa in studio di registrazione?<\/strong><\/em><br \/>La cosa pi\u00f9 brutta essere investito da una macchina, la pi\u00f9 bella la mia prima notte a Berlino. Preferisco andare in tour se non \u00e8 troppo lungo, poi tornare a casa e registrare.<\/p>\n<p><em><strong>Con i Dinosaur Jr avete influenzato tutta la musica dei 20 anni successivi. C\u2019\u00e8 qualcuna delle nuove band che in questo momento ha la stessa importanza che avete avuto voi?<\/strong><\/em><br \/>Ultimamente ho ascoltato spesso Jay Reatard, chiedendomi cosa avrebbe potuto fare se non fosse morto cos\u00ec tragicamente.<\/p>\n<p><em><strong>Cosa dobbiamo aspettarci dal concerto del 12 luglio al Pecci? Siamo curiosi, che pezzi farai?<\/strong><\/em><br \/>Far\u00f2 qualche canzone dal repertorio dei Dinosaur Jr e dai miei dischi solisti e qualcosa di speciale qua e l\u00e0\u2026<\/p>\n<p><em><strong>Devo chiedertelo, possiamo sperare in una reunion dei Dinosaur Jr?<\/strong><\/em><br \/>Puoi sperare, vedremo\u2026<\/p>\n","protected":false},"excerpt":{"rendered":"<p>Venerd\u00ec 12 luglio all&#8217;interno del Festival delle Colline arriva in concerto a Prato il leader dei Dinosaur Jr, ecco la nostra intervista<\/p>\n","protected":false},"author":518,"featured_media":98101,"comment_status":"open","ping_status":"open","sticky":false,"template":"","format":"standard","meta":{"_acf_changed":false,"footnotes":""},"categories":[14],"tags":[216,235,167,259],"class_list":["post-60791","post","type-post","status-publish","format-standard","has-post-thumbnail","hentry","category-musica","tag-concerti","tag-estate","tag-musica","tag-prato"],"acf":[],"yoast_head":"<!-- This site is optimized with the Yoast SEO Premium plugin v24.2 (Yoast SEO v25.6) - https:\/\/yoast.com\/wordpress\/plugins\/seo\/ -->\n<title>Mascis la &#039;leggenda&#039; dell&#039;indie rock americano in concerto al Pecci - intoscana<\/title>\n<meta name=\"robots\" content=\"index, follow, max-snippet:-1, max-image-preview:large, max-video-preview:-1\" \/>\n<link rel=\"canonical\" href=\"https:\/\/www.intoscana.it\/it\/j-mascis-concerto-pecci\/\" \/>\n<meta property=\"og:locale\" content=\"it_IT\" \/>\n<meta property=\"og:type\" content=\"article\" \/>\n<meta property=\"og:title\" content=\"Mascis la &#039;leggenda&#039; dell&#039;indie rock americano in concerto al Pecci\" \/>\n<meta property=\"og:description\" content=\"Venerd\u00ec 12 luglio all&#039;interno del Festival delle Colline arriva in concerto a Prato il leader dei Dinosaur Jr, ecco la nostra intervista\" \/>\n<meta property=\"og:url\" content=\"https:\/\/www.intoscana.it\/it\/j-mascis-concerto-pecci\/\" \/>\n<meta property=\"og:site_name\" content=\"intoscana\" \/>\n<meta property=\"article:publisher\" content=\"https:\/\/www.facebook.com\/intoscana.it\" \/>\n<meta property=\"article:published_time\" content=\"2019-07-09T09:55:22+00:00\" \/>\n<meta property=\"article:modified_time\" content=\"2020-05-19T13:48:57+00:00\" \/>\n<meta property=\"og:image\" content=\"https:\/\/www.intoscana.it\/wp-content\/uploads\/j-mascis-credit-justin-lapriore.jpg\" \/>\n\t<meta property=\"og:image:width\" content=\"1400\" \/>\n\t<meta property=\"og:image:height\" content=\"787\" \/>\n\t<meta property=\"og:image:type\" content=\"image\/jpeg\" \/>\n<meta name=\"author\" content=\"Costanza Baldini\" \/>\n<meta name=\"twitter:card\" content=\"summary_large_image\" \/>\n<meta name=\"twitter:creator\" content=\"@intoscana\" \/>\n<meta name=\"twitter:site\" content=\"@intoscana\" \/>\n<meta name=\"twitter:label1\" content=\"Written by\" \/>\n\t<meta name=\"twitter:data1\" content=\"Costanza Baldini\" \/>\n\t<meta name=\"twitter:label2\" content=\"Est. reading time\" \/>\n\t<meta name=\"twitter:data2\" content=\"3 minuti\" \/>\n<script type=\"application\/ld+json\" class=\"yoast-schema-graph\">{\"@context\":\"https:\/\/schema.org\",\"@graph\":[{\"@type\":\"WebPage\",\"@id\":\"https:\/\/www.intoscana.it\/it\/j-mascis-concerto-pecci\/\",\"url\":\"https:\/\/www.intoscana.it\/it\/j-mascis-concerto-pecci\/\",\"name\":\"Mascis la 'leggenda' dell'indie rock americano in concerto al Pecci - intoscana\",\"isPartOf\":{\"@id\":\"https:\/\/www.intoscana.it\/it\/#website\"},\"primaryImageOfPage\":{\"@id\":\"https:\/\/www.intoscana.it\/it\/j-mascis-concerto-pecci\/#primaryimage\"},\"image\":{\"@id\":\"https:\/\/www.intoscana.it\/it\/j-mascis-concerto-pecci\/#primaryimage\"},\"thumbnailUrl\":\"https:\/\/www.intoscana.it\/wp-content\/uploads\/j-mascis-credit-justin-lapriore.jpg\",\"datePublished\":\"2019-07-09T09:55:22+00:00\",\"dateModified\":\"2020-05-19T13:48:57+00:00\",\"author\":{\"@id\":\"https:\/\/www.intoscana.it\/it\/#\/schema\/person\/d469f35f09739bdf00bf5dd3f0647a82\"},\"breadcrumb\":{\"@id\":\"https:\/\/www.intoscana.it\/it\/j-mascis-concerto-pecci\/#breadcrumb\"},\"inLanguage\":\"it-IT\",\"potentialAction\":[{\"@type\":\"ReadAction\",\"target\":[\"https:\/\/www.intoscana.it\/it\/j-mascis-concerto-pecci\/\"]}]},{\"@type\":\"ImageObject\",\"inLanguage\":\"it-IT\",\"@id\":\"https:\/\/www.intoscana.it\/it\/j-mascis-concerto-pecci\/#primaryimage\",\"url\":\"https:\/\/www.intoscana.it\/wp-content\/uploads\/j-mascis-credit-justin-lapriore.jpg\",\"contentUrl\":\"https:\/\/www.intoscana.it\/wp-content\/uploads\/j-mascis-credit-justin-lapriore.jpg\",\"width\":1400,\"height\":787},{\"@type\":\"BreadcrumbList\",\"@id\":\"https:\/\/www.intoscana.it\/it\/j-mascis-concerto-pecci\/#breadcrumb\",\"itemListElement\":[{\"@type\":\"ListItem\",\"position\":1,\"name\":\"Home\",\"item\":\"https:\/\/www.intoscana.it\/it\/\"},{\"@type\":\"ListItem\",\"position\":2,\"name\":\"Mascis la &#8216;leggenda&#8217; dell&#8217;indie rock americano in concerto al Pecci\"}]},{\"@type\":\"WebSite\",\"@id\":\"https:\/\/www.intoscana.it\/it\/#website\",\"url\":\"https:\/\/www.intoscana.it\/it\/\",\"name\":\"intoscana\",\"description\":\"\",\"potentialAction\":[{\"@type\":\"SearchAction\",\"target\":{\"@type\":\"EntryPoint\",\"urlTemplate\":\"https:\/\/www.intoscana.it\/it\/?s={search_term_string}\"},\"query-input\":{\"@type\":\"PropertyValueSpecification\",\"valueRequired\":true,\"valueName\":\"search_term_string\"}}],\"inLanguage\":\"it-IT\"},{\"@type\":\"Person\",\"@id\":\"https:\/\/www.intoscana.it\/it\/#\/schema\/person\/d469f35f09739bdf00bf5dd3f0647a82\",\"name\":\"Costanza Baldini\",\"url\":\"https:\/\/www.intoscana.it\/it\/author\/costanza-baldini\/\"}]}<\/script>\n<!-- \/ Yoast SEO Premium plugin. -->","yoast_head_json":{"title":"Mascis la 'leggenda' dell'indie rock americano in concerto al Pecci - intoscana","robots":{"index":"index","follow":"follow","max-snippet":"max-snippet:-1","max-image-preview":"max-image-preview:large","max-video-preview":"max-video-preview:-1"},"canonical":"https:\/\/www.intoscana.it\/it\/j-mascis-concerto-pecci\/","og_locale":"it_IT","og_type":"article","og_title":"Mascis la 'leggenda' dell'indie rock americano in concerto al Pecci","og_description":"Venerd\u00ec 12 luglio all'interno del Festival delle Colline arriva in concerto a Prato il leader dei Dinosaur Jr, ecco la nostra intervista","og_url":"https:\/\/www.intoscana.it\/it\/j-mascis-concerto-pecci\/","og_site_name":"intoscana","article_publisher":"https:\/\/www.facebook.com\/intoscana.it","article_published_time":"2019-07-09T09:55:22+00:00","article_modified_time":"2020-05-19T13:48:57+00:00","og_image":[{"width":1400,"height":787,"url":"https:\/\/www.intoscana.it\/wp-content\/uploads\/j-mascis-credit-justin-lapriore.jpg","type":"image\/jpeg"}],"author":"Costanza Baldini","twitter_card":"summary_large_image","twitter_creator":"@intoscana","twitter_site":"@intoscana","twitter_misc":{"Written by":"Costanza Baldini","Est. reading time":"3 minuti"},"schema":{"@context":"https:\/\/schema.org","@graph":[{"@type":"WebPage","@id":"https:\/\/www.intoscana.it\/it\/j-mascis-concerto-pecci\/","url":"https:\/\/www.intoscana.it\/it\/j-mascis-concerto-pecci\/","name":"Mascis la 'leggenda' dell'indie rock americano in concerto al Pecci - intoscana","isPartOf":{"@id":"https:\/\/www.intoscana.it\/it\/#website"},"primaryImageOfPage":{"@id":"https:\/\/www.intoscana.it\/it\/j-mascis-concerto-pecci\/#primaryimage"},"image":{"@id":"https:\/\/www.intoscana.it\/it\/j-mascis-concerto-pecci\/#primaryimage"},"thumbnailUrl":"https:\/\/www.intoscana.it\/wp-content\/uploads\/j-mascis-credit-justin-lapriore.jpg","datePublished":"2019-07-09T09:55:22+00:00","dateModified":"2020-05-19T13:48:57+00:00","author":{"@id":"https:\/\/www.intoscana.it\/it\/#\/schema\/person\/d469f35f09739bdf00bf5dd3f0647a82"},"breadcrumb":{"@id":"https:\/\/www.intoscana.it\/it\/j-mascis-concerto-pecci\/#breadcrumb"},"inLanguage":"it-IT","potentialAction":[{"@type":"ReadAction","target":["https:\/\/www.intoscana.it\/it\/j-mascis-concerto-pecci\/"]}]},{"@type":"ImageObject","inLanguage":"it-IT","@id":"https:\/\/www.intoscana.it\/it\/j-mascis-concerto-pecci\/#primaryimage","url":"https:\/\/www.intoscana.it\/wp-content\/uploads\/j-mascis-credit-justin-lapriore.jpg","contentUrl":"https:\/\/www.intoscana.it\/wp-content\/uploads\/j-mascis-credit-justin-lapriore.jpg","width":1400,"height":787},{"@type":"BreadcrumbList","@id":"https:\/\/www.intoscana.it\/it\/j-mascis-concerto-pecci\/#breadcrumb","itemListElement":[{"@type":"ListItem","position":1,"name":"Home","item":"https:\/\/www.intoscana.it\/it\/"},{"@type":"ListItem","position":2,"name":"Mascis la &#8216;leggenda&#8217; dell&#8217;indie rock americano in concerto al Pecci"}]},{"@type":"WebSite","@id":"https:\/\/www.intoscana.it\/it\/#website","url":"https:\/\/www.intoscana.it\/it\/","name":"intoscana","description":"","potentialAction":[{"@type":"SearchAction","target":{"@type":"EntryPoint","urlTemplate":"https:\/\/www.intoscana.it\/it\/?s={search_term_string}"},"query-input":{"@type":"PropertyValueSpecification","valueRequired":true,"valueName":"search_term_string"}}],"inLanguage":"it-IT"},{"@type":"Person","@id":"https:\/\/www.intoscana.it\/it\/#\/schema\/person\/d469f35f09739bdf00bf5dd3f0647a82","name":"Costanza Baldini","url":"https:\/\/www.intoscana.it\/it\/author\/costanza-baldini\/"}]}},"_links":{"self":[{"href":"https:\/\/www.intoscana.it\/it\/wp-json\/wp\/v2\/posts\/60791","targetHints":{"allow":["GET"]}}],"collection":[{"href":"https:\/\/www.intoscana.it\/it\/wp-json\/wp\/v2\/posts"}],"about":[{"href":"https:\/\/www.intoscana.it\/it\/wp-json\/wp\/v2\/types\/post"}],"author":[{"embeddable":true,"href":"https:\/\/www.intoscana.it\/it\/wp-json\/wp\/v2\/users\/518"}],"replies":[{"embeddable":true,"href":"https:\/\/www.intoscana.it\/it\/wp-json\/wp\/v2\/comments?post=60791"}],"version-history":[{"count":0,"href":"https:\/\/www.intoscana.it\/it\/wp-json\/wp\/v2\/posts\/60791\/revisions"}],"wp:featuredmedia":[{"embeddable":true,"href":"https:\/\/www.intoscana.it\/it\/wp-json\/wp\/v2\/media\/98101"}],"wp:attachment":[{"href":"https:\/\/www.intoscana.it\/it\/wp-json\/wp\/v2\/media?parent=60791"}],"wp:term":[{"taxonomy":"category","embeddable":true,"href":"https:\/\/www.intoscana.it\/it\/wp-json\/wp\/v2\/categories?post=60791"},{"taxonomy":"post_tag","embeddable":true,"href":"https:\/\/www.intoscana.it\/it\/wp-json\/wp\/v2\/tags?post=60791"}],"curies":[{"name":"wp","href":"https:\/\/api.w.org\/{rel}","templated":true}]}}