{"id":60806,"date":"2019-10-21T10:47:15","date_gmt":"2019-10-21T10:47:15","guid":{"rendered":"http:\/\/www.intoscana.it\/stefano-bollani-e-chucho-valdes-in-concerto-al-teatro-verdi-di-firenze\/"},"modified":"2020-05-19T15:49:00","modified_gmt":"2020-05-19T13:49:00","slug":"bollani-valdes-in-concerto-firenze","status":"publish","type":"post","link":"https:\/\/www.intoscana.it\/it\/bollani-valdes-in-concerto-firenze\/","title":{"rendered":"Stefano Bollani e Chucho Vald\u00e9s in concerto al Teatro Verdi di Firenze"},"content":{"rendered":"<p><strong>Un &#8220;piano a piano&#8221; che \u00e8 genialit\u00e0 e destrezza,<\/strong> un tuffo nella musica senza limiti e senza distinzione. Eccelsi compositori oltre che <strong>fuoriclasse del pianoforte<\/strong>,<strong> Stefano Bollani e Chucho Vald\u00e9s<\/strong> si incontrano per suonare in un progetto unico e senza precedenti che parte dall\u2019Italia e prosegue con un tour in tutto il mondo. Appuntamento a Firenze <strong>sabato 26 ottobre al Teatro Verdi alle 20.45.<\/strong><\/p>\n<a class=\"fotogallery\" href=\"#modalgallery\" rel=\"modal:open\">sfoglia la gallery <i class=\"fas fa-chevron-right\"><\/i><\/a>\n    <div class=\"modal\" id=\"modalgallery\">\n        <div class=\"gallery\">\n          <div class=\"galleryimg\">\n            <div class=\"slidegallerybig\"> <div class=\"itemimg\">\n            <div class=\"wrapimg\">\n            <img decoding=\"async\" src=\"https:\/\/www.intoscana.it\/wp-content\/uploads\/stefano-bollani-e-chucho-valdes-3-pic.jpg\">\n            <\/div>\n            <\/div> <div class=\"itemimg\">\n            <div class=\"wrapimg\">\n            <img decoding=\"async\" src=\"https:\/\/www.intoscana.it\/wp-content\/uploads\/stefano-bollani-e-chucho-valdes-1-pic.jpg\">\n            <\/div>\n            <\/div>\n            <\/div>\n          <\/div>\n          <div class=\"asidemenu\">\n            <div class=\"action\">\n              <div class=\"countlidegallery\"><\/div>\n              <div class=\"closegallery\" href=\"#modalgallery\" rel=\"modal:close\"><i class=\"far fa-times\"><\/i><\/div>\n            <\/div>\n            <div class=\"title\">\n              <h2>Stefano Bollani e Chucho Vald\u00e9s in concerto al Teatro Verdi di Firenze<\/h2>\n              <div class=\"socialarticolo\"> \n            <div class=\"contsocialico\">\n              <ul>\n                <li><a target=\"_blank\" href=\"https:\/\/www.facebook.com\/sharer\/sharer.php?u=https:\/\/www.intoscana.it\/it\/bollani-valdes-in-concerto-firenze\/\"> <i class=\"fab fa-facebook-f\"><\/i><\/a><\/li>\n                <li><a target=\"_blank\" href=\"https:\/\/twitter.com\/home?status=https:\/\/www.intoscana.it\/it\/bollani-valdes-in-concerto-firenze\/\"> <i class=\"fab fa-twitter\"><\/i><\/a><\/li>\n                <li>\n                  <div class=\"shareall\" target=\"_blank\" href=\"\"> <i class=\"fas fa-share-alt\"><\/i><\/div>\n                  <div class=\"sharemore\">\n                    <ul>\n                      <li><a target=\"_blank\" href=\"https:\/\/www.linkedin.com\/shareArticle?url=https:\/\/www.intoscana.it\/it\/bollani-valdes-in-concerto-firenze\/\"> <i class=\"fab fa-linkedin\"><\/i><\/a><\/li>\n                      <li><a target=\"_blank\" href=\"http:\/\/www.pinterest.com\/pin\/create\/bookmarklet\/?url=https:\/\/www.intoscana.it\/it\/bollani-valdes-in-concerto-firenze\/\"> <i class=\"fab fa-pinterest\"><\/i><\/a><\/li>\n                      <li><a target=\"_blank\" href=\"mailto?subject=Stefano Bollani e Chucho Vald\u00e9s in concerto al Teatro Verdi di Firenze&body=https:\/\/www.intoscana.it\/it\/bollani-valdes-in-concerto-firenze\/\"> <i class=\"fas fa-envelope\"><\/i><\/a><\/li>\n                    <\/ul>\n                    <div class=\"closesharemore\">\n                    <i class=\"fas fa-times\"><\/i>\n                    <\/div>\n                  <\/div>\n                <\/li>\n              <\/ul>\n            <\/div>\n          <\/div>\n        <\/div>\n          <\/div>\n        <\/div>\n      <\/div>\n<p>L\u2019<strong>estro musicale e la fantasia di Bollani<\/strong> si mescolano con l&#8217;<strong>energia afro-cubana e il ritmo latino di Vald\u00e9s<\/strong> dando forma a <strong>uno spettacolo di fortissimo impatto.<\/strong> Come se suonassero insieme da sempre, i due si divertono a giocare con le proprie composizioni e a improvvisare su grandi classici della musica reinventandoli, il tutto con l&#8217;obiettivo di offrire al pubblico uno spettacolo inedito e di godere loro stessi il concerto.<\/p>\n<p>Un grande momento di pura improvvisazione,<strong> come &#8220;comanda&#8221; il jazz,<\/strong> da cui i due musicisti partono per un viaggio fantastico che spazia da un genere a un altro, <strong>da Cuba all\u2019Italia.<\/strong> Dopo una prima partecipazione di Vald\u00e9s come ospite al programma televisivo di Bollani &#8220;<em><strong>L&#8217;importante \u00e8 avere un piano&#8221;<\/strong><\/em> su Rai 1, i due artisti hanno eseguito il loro primo concerto al Gran Teatro dell&#8217;Avana nel giugno del 2018: la chimica generatasi sul palco \u00e8 stata da subito incredibile.<\/p>\n<p><strong>Per informazioni:<\/strong><br \/><strong>tel. 055.212320 &#8211; 055.667566 \u2013 055.240397<\/strong><br \/><strong><a href=\"http:\/\/www.teatroverdifirenze.it\">www.teatroverdifirenze.it<\/a><\/strong><br \/><strong><a href=\"http:\/\/www.bitconcerti.it\">www.bitconcerti.it<\/a><\/strong><br \/><strong><a href=\"http:\/\/www.eventimusicpool.it\">www.eventimusicpool.it<\/a><\/strong><\/p>\n<p><\/p>\n","protected":false},"excerpt":{"rendered":"<p>Sabato 26 ottobre i fuoriclasse del pianoforte si esibiranno in un &#8216;piano a piano&#8217; indimenticabile<\/p>\n","protected":false},"author":525,"featured_media":98116,"comment_status":"open","ping_status":"open","sticky":false,"template":"","format":"standard","meta":{"_acf_changed":false,"footnotes":""},"categories":[14],"tags":[],"class_list":["post-60806","post","type-post","status-publish","format-standard","has-post-thumbnail","hentry","category-musica"],"acf":[],"yoast_head":"<!-- This site is optimized with the Yoast SEO Premium plugin v24.2 (Yoast SEO v25.6) - https:\/\/yoast.com\/wordpress\/plugins\/seo\/ -->\n<title>Stefano Bollani e Chucho Vald\u00e9s in concerto al Teatro Verdi di Firenze - intoscana<\/title>\n<meta name=\"robots\" content=\"index, follow, max-snippet:-1, max-image-preview:large, max-video-preview:-1\" \/>\n<link rel=\"canonical\" href=\"https:\/\/www.intoscana.it\/it\/bollani-valdes-in-concerto-firenze\/\" \/>\n<meta property=\"og:locale\" content=\"it_IT\" \/>\n<meta property=\"og:type\" content=\"article\" \/>\n<meta property=\"og:title\" content=\"Stefano Bollani e Chucho Vald\u00e9s in concerto al Teatro Verdi di Firenze\" \/>\n<meta property=\"og:description\" content=\"Sabato 26 ottobre i fuoriclasse del pianoforte si esibiranno in un &#039;piano a piano&#039; indimenticabile\" \/>\n<meta property=\"og:url\" content=\"https:\/\/www.intoscana.it\/it\/bollani-valdes-in-concerto-firenze\/\" \/>\n<meta property=\"og:site_name\" content=\"intoscana\" \/>\n<meta property=\"article:publisher\" content=\"https:\/\/www.facebook.com\/intoscana.it\" \/>\n<meta property=\"article:published_time\" content=\"2019-10-21T10:47:15+00:00\" \/>\n<meta property=\"article:modified_time\" content=\"2020-05-19T13:49:00+00:00\" \/>\n<meta property=\"og:image\" content=\"https:\/\/www.intoscana.it\/wp-content\/uploads\/stefano-bollani-e-chucho-valdes-2-foto-gabriel-guerra-bianchini-pic.jpg\" \/>\n\t<meta property=\"og:image:width\" content=\"1417\" \/>\n\t<meta property=\"og:image:height\" content=\"945\" \/>\n\t<meta property=\"og:image:type\" content=\"image\/jpeg\" \/>\n<meta name=\"author\" content=\"Redazione\" \/>\n<meta name=\"twitter:card\" content=\"summary_large_image\" \/>\n<meta name=\"twitter:creator\" content=\"@intoscana\" \/>\n<meta name=\"twitter:site\" content=\"@intoscana\" \/>\n<meta name=\"twitter:label1\" content=\"Written by\" \/>\n\t<meta name=\"twitter:data1\" content=\"Redazione\" \/>\n\t<meta name=\"twitter:label2\" content=\"Est. reading time\" \/>\n\t<meta name=\"twitter:data2\" content=\"1 minuto\" \/>\n<script type=\"application\/ld+json\" class=\"yoast-schema-graph\">{\"@context\":\"https:\/\/schema.org\",\"@graph\":[{\"@type\":\"WebPage\",\"@id\":\"https:\/\/www.intoscana.it\/it\/bollani-valdes-in-concerto-firenze\/\",\"url\":\"https:\/\/www.intoscana.it\/it\/bollani-valdes-in-concerto-firenze\/\",\"name\":\"Stefano Bollani e Chucho Vald\u00e9s in concerto al Teatro Verdi di Firenze - intoscana\",\"isPartOf\":{\"@id\":\"https:\/\/www.intoscana.it\/it\/#website\"},\"primaryImageOfPage\":{\"@id\":\"https:\/\/www.intoscana.it\/it\/bollani-valdes-in-concerto-firenze\/#primaryimage\"},\"image\":{\"@id\":\"https:\/\/www.intoscana.it\/it\/bollani-valdes-in-concerto-firenze\/#primaryimage\"},\"thumbnailUrl\":\"https:\/\/www.intoscana.it\/wp-content\/uploads\/stefano-bollani-e-chucho-valdes-2-foto-gabriel-guerra-bianchini-pic.jpg\",\"datePublished\":\"2019-10-21T10:47:15+00:00\",\"dateModified\":\"2020-05-19T13:49:00+00:00\",\"author\":{\"@id\":\"https:\/\/www.intoscana.it\/it\/#\/schema\/person\/9223810753230f20bd670fdd322661f8\"},\"breadcrumb\":{\"@id\":\"https:\/\/www.intoscana.it\/it\/bollani-valdes-in-concerto-firenze\/#breadcrumb\"},\"inLanguage\":\"it-IT\",\"potentialAction\":[{\"@type\":\"ReadAction\",\"target\":[\"https:\/\/www.intoscana.it\/it\/bollani-valdes-in-concerto-firenze\/\"]}]},{\"@type\":\"ImageObject\",\"inLanguage\":\"it-IT\",\"@id\":\"https:\/\/www.intoscana.it\/it\/bollani-valdes-in-concerto-firenze\/#primaryimage\",\"url\":\"https:\/\/www.intoscana.it\/wp-content\/uploads\/stefano-bollani-e-chucho-valdes-2-foto-gabriel-guerra-bianchini-pic.jpg\",\"contentUrl\":\"https:\/\/www.intoscana.it\/wp-content\/uploads\/stefano-bollani-e-chucho-valdes-2-foto-gabriel-guerra-bianchini-pic.jpg\",\"width\":1417,\"height\":945,\"caption\":\"Stefano Bollani e Chucho Vald\u00e9s in concerto al Teatro Verdi di Firenze\"},{\"@type\":\"BreadcrumbList\",\"@id\":\"https:\/\/www.intoscana.it\/it\/bollani-valdes-in-concerto-firenze\/#breadcrumb\",\"itemListElement\":[{\"@type\":\"ListItem\",\"position\":1,\"name\":\"Home\",\"item\":\"https:\/\/www.intoscana.it\/it\/\"},{\"@type\":\"ListItem\",\"position\":2,\"name\":\"Stefano Bollani e Chucho Vald\u00e9s in concerto al Teatro Verdi di Firenze\"}]},{\"@type\":\"WebSite\",\"@id\":\"https:\/\/www.intoscana.it\/it\/#website\",\"url\":\"https:\/\/www.intoscana.it\/it\/\",\"name\":\"intoscana\",\"description\":\"\",\"potentialAction\":[{\"@type\":\"SearchAction\",\"target\":{\"@type\":\"EntryPoint\",\"urlTemplate\":\"https:\/\/www.intoscana.it\/it\/?s={search_term_string}\"},\"query-input\":{\"@type\":\"PropertyValueSpecification\",\"valueRequired\":true,\"valueName\":\"search_term_string\"}}],\"inLanguage\":\"it-IT\"},{\"@type\":\"Person\",\"@id\":\"https:\/\/www.intoscana.it\/it\/#\/schema\/person\/9223810753230f20bd670fdd322661f8\",\"name\":\"Redazione\",\"url\":\"https:\/\/www.intoscana.it\/it\/author\/redazione\/\"}]}<\/script>\n<!-- \/ Yoast SEO Premium plugin. -->","yoast_head_json":{"title":"Stefano Bollani e Chucho Vald\u00e9s in concerto al Teatro Verdi di Firenze - intoscana","robots":{"index":"index","follow":"follow","max-snippet":"max-snippet:-1","max-image-preview":"max-image-preview:large","max-video-preview":"max-video-preview:-1"},"canonical":"https:\/\/www.intoscana.it\/it\/bollani-valdes-in-concerto-firenze\/","og_locale":"it_IT","og_type":"article","og_title":"Stefano Bollani e Chucho Vald\u00e9s in concerto al Teatro Verdi di Firenze","og_description":"Sabato 26 ottobre i fuoriclasse del pianoforte si esibiranno in un 'piano a piano' indimenticabile","og_url":"https:\/\/www.intoscana.it\/it\/bollani-valdes-in-concerto-firenze\/","og_site_name":"intoscana","article_publisher":"https:\/\/www.facebook.com\/intoscana.it","article_published_time":"2019-10-21T10:47:15+00:00","article_modified_time":"2020-05-19T13:49:00+00:00","og_image":[{"width":1417,"height":945,"url":"https:\/\/www.intoscana.it\/wp-content\/uploads\/stefano-bollani-e-chucho-valdes-2-foto-gabriel-guerra-bianchini-pic.jpg","type":"image\/jpeg"}],"author":"Redazione","twitter_card":"summary_large_image","twitter_creator":"@intoscana","twitter_site":"@intoscana","twitter_misc":{"Written by":"Redazione","Est. reading time":"1 minuto"},"schema":{"@context":"https:\/\/schema.org","@graph":[{"@type":"WebPage","@id":"https:\/\/www.intoscana.it\/it\/bollani-valdes-in-concerto-firenze\/","url":"https:\/\/www.intoscana.it\/it\/bollani-valdes-in-concerto-firenze\/","name":"Stefano Bollani e Chucho Vald\u00e9s in concerto al Teatro Verdi di Firenze - intoscana","isPartOf":{"@id":"https:\/\/www.intoscana.it\/it\/#website"},"primaryImageOfPage":{"@id":"https:\/\/www.intoscana.it\/it\/bollani-valdes-in-concerto-firenze\/#primaryimage"},"image":{"@id":"https:\/\/www.intoscana.it\/it\/bollani-valdes-in-concerto-firenze\/#primaryimage"},"thumbnailUrl":"https:\/\/www.intoscana.it\/wp-content\/uploads\/stefano-bollani-e-chucho-valdes-2-foto-gabriel-guerra-bianchini-pic.jpg","datePublished":"2019-10-21T10:47:15+00:00","dateModified":"2020-05-19T13:49:00+00:00","author":{"@id":"https:\/\/www.intoscana.it\/it\/#\/schema\/person\/9223810753230f20bd670fdd322661f8"},"breadcrumb":{"@id":"https:\/\/www.intoscana.it\/it\/bollani-valdes-in-concerto-firenze\/#breadcrumb"},"inLanguage":"it-IT","potentialAction":[{"@type":"ReadAction","target":["https:\/\/www.intoscana.it\/it\/bollani-valdes-in-concerto-firenze\/"]}]},{"@type":"ImageObject","inLanguage":"it-IT","@id":"https:\/\/www.intoscana.it\/it\/bollani-valdes-in-concerto-firenze\/#primaryimage","url":"https:\/\/www.intoscana.it\/wp-content\/uploads\/stefano-bollani-e-chucho-valdes-2-foto-gabriel-guerra-bianchini-pic.jpg","contentUrl":"https:\/\/www.intoscana.it\/wp-content\/uploads\/stefano-bollani-e-chucho-valdes-2-foto-gabriel-guerra-bianchini-pic.jpg","width":1417,"height":945,"caption":"Stefano Bollani e Chucho Vald\u00e9s in concerto al Teatro Verdi di Firenze"},{"@type":"BreadcrumbList","@id":"https:\/\/www.intoscana.it\/it\/bollani-valdes-in-concerto-firenze\/#breadcrumb","itemListElement":[{"@type":"ListItem","position":1,"name":"Home","item":"https:\/\/www.intoscana.it\/it\/"},{"@type":"ListItem","position":2,"name":"Stefano Bollani e Chucho Vald\u00e9s in concerto al Teatro Verdi di Firenze"}]},{"@type":"WebSite","@id":"https:\/\/www.intoscana.it\/it\/#website","url":"https:\/\/www.intoscana.it\/it\/","name":"intoscana","description":"","potentialAction":[{"@type":"SearchAction","target":{"@type":"EntryPoint","urlTemplate":"https:\/\/www.intoscana.it\/it\/?s={search_term_string}"},"query-input":{"@type":"PropertyValueSpecification","valueRequired":true,"valueName":"search_term_string"}}],"inLanguage":"it-IT"},{"@type":"Person","@id":"https:\/\/www.intoscana.it\/it\/#\/schema\/person\/9223810753230f20bd670fdd322661f8","name":"Redazione","url":"https:\/\/www.intoscana.it\/it\/author\/redazione\/"}]}},"_links":{"self":[{"href":"https:\/\/www.intoscana.it\/it\/wp-json\/wp\/v2\/posts\/60806","targetHints":{"allow":["GET"]}}],"collection":[{"href":"https:\/\/www.intoscana.it\/it\/wp-json\/wp\/v2\/posts"}],"about":[{"href":"https:\/\/www.intoscana.it\/it\/wp-json\/wp\/v2\/types\/post"}],"author":[{"embeddable":true,"href":"https:\/\/www.intoscana.it\/it\/wp-json\/wp\/v2\/users\/525"}],"replies":[{"embeddable":true,"href":"https:\/\/www.intoscana.it\/it\/wp-json\/wp\/v2\/comments?post=60806"}],"version-history":[{"count":0,"href":"https:\/\/www.intoscana.it\/it\/wp-json\/wp\/v2\/posts\/60806\/revisions"}],"wp:featuredmedia":[{"embeddable":true,"href":"https:\/\/www.intoscana.it\/it\/wp-json\/wp\/v2\/media\/98116"}],"wp:attachment":[{"href":"https:\/\/www.intoscana.it\/it\/wp-json\/wp\/v2\/media?parent=60806"}],"wp:term":[{"taxonomy":"category","embeddable":true,"href":"https:\/\/www.intoscana.it\/it\/wp-json\/wp\/v2\/categories?post=60806"},{"taxonomy":"post_tag","embeddable":true,"href":"https:\/\/www.intoscana.it\/it\/wp-json\/wp\/v2\/tags?post=60806"}],"curies":[{"name":"wp","href":"https:\/\/api.w.org\/{rel}","templated":true}]}}