{"id":60809,"date":"2020-03-18T09:04:39","date_gmt":"2020-03-18T08:04:39","guid":{"rendered":"http:\/\/www.intoscana.it\/king-of-the-opera-e-il-suo-blues-solitario-in-mezzo-al-nulla\/"},"modified":"2020-08-07T15:20:42","modified_gmt":"2020-08-07T13:20:42","slug":"king-of-the-opera-nowhere-blues","status":"publish","type":"post","link":"https:\/\/www.intoscana.it\/it\/king-of-the-opera-nowhere-blues\/","title":{"rendered":"King of The Opera e il suo blues solitario in mezzo al nulla\u00a0"},"content":{"rendered":"<p>Sono passati quasi dieci anni dal sul disco d&#8217;esordio come <strong>&#8216;King of The Opera&#8217;<\/strong>. Nel 2012 usc\u00ec infatti &#8216;<strong>Nothing Outstanding<\/strong>&#8216; e adesso il cerchio richiude con &#8216;<strong>Nowhere Blues&#8217;.<\/strong> Stiamo parlando del <strong>cantautore toscano Alberto Mariotti<\/strong> che siamo riusciti a raggiungere telefonicamente in un luogo imprecisato del Polesine, dove vive adesso. In un momento storico in cui <strong>tutti ci sentiamo scagliati in mezzo a un nulla che ci opprime<\/strong>,<strong> Alberto con il &#8216;niente&#8217; ha un rapporto privilegiato,<\/strong> lo frequenta da anni e lo riempie di bellissima musica<strong>. Ecco la nostra intervista.&nbsp;<\/strong><\/p>\n<p><strong>Ciao Alberto! Il titolo del tuo disco gi\u00e0 dice molto &#8216;Nowhere Blues&#8217;, il blues di un non-luogo, mi sono immaginata che per te la musica fosse proprio questo un &#8216;Nowhere&#8217; da riempire<\/strong><br \/>Sicuramente \u00e8 stato proprio quello come lo \u00e8 stato anche nei miei dischi precedenti, Nowhere Blues \u00e8 nato come un tentativo di auto-imitarmi, imitare le prime cose che facevo come Samuel Katarro, Beach Party per esempio, e provare a ricopiarle e cercare di fare qualcosa che fosse simile ma senza riuscirci, perch\u00e9 \u00e8 come se quella fiamma fosse svanita e se ne fosse accesa una diversa, pi\u00f9 fredda, pi\u00f9 astratta e nebbiosa. E poi non volevo scrivere canzoni e rinchiuderle&nbsp;in schemi come strofa-ritornello, ma creare dei flussi, volevo che il fluire della musica fosse pi\u00f9 libero possibile. <\/p>\n<p><strong>Mi sembra che questo disco sia decisamente molto pi\u00f9 &#8216;elettronico&#8217; rispetto ai tuoi precedenti, come hai lavorato a Nowhere Blues?<\/strong><br \/>Il fatto che sia elettronico \u00e8 un po&#8217; una scelta, un po&#8217; una necessit\u00e0. Volevo registrare in una dimensione casalinga con i miei tempi. Non volevo noleggiare uno studio e avere delle scadenze. Quindi ho&nbsp;deciso di chiedere a un mi amico che aveva un po&#8217; di attrezzatura a casa mia se era disponibile a registrare il disco con me. Alla fine Alessio che suonava con me quando eravamo piccoli ha accettato e ci siamo trovati tutti i pomeriggi per cinque mesi a buttare gi\u00f9 delle idee. essendo un una &#8216;camerata&#8217; non potevamo usare batteria o altri strumenti, ci siamo adeguati e abbiamo usato tantissima elettronica anche per questo motivo. Poi l&#8217;intenzione era di guardare tutti i brani da una prospettiva diversa rispetto al passato e quindi ho unito l&#8217;utile al dilettevole.<\/p>\n<p><strong>Sei passato da Nothing Outstanding a Nowhere Blues, in questo momento tutti noi ci troviamo in una sorta di &#8216;nulla&#8217; sembra che questo sia il tema del momento e anche del tuo disco<\/strong><br \/>Non vorrei fosse colpa mia (ride). In realt\u00e0 per me \u00e8 cambiato abbastanza poco con l&#8217;isolamento perch\u00e9 io abito in mezzo al nulla. Fondamentalmente le mie giornate erano casa-lavoro anche prima, senza molte altre attrattive intorno. Quindi dal punto di vista personale nel nulla ero e nel nulla sono rimasto a prescindere dal Coronavirus.<\/p>\n<a class=\"fotogallery\" href=\"#modalgallery\" rel=\"modal:open\">sfoglia la gallery <i class=\"fas fa-chevron-right\"><\/i><\/a>\n    <div class=\"modal\" id=\"modalgallery\">\n        <div class=\"gallery\">\n          <div class=\"galleryimg\">\n            <div class=\"slidegallerybig\"> <div class=\"itemimg\">\n            <div class=\"wrapimg\">\n            <img decoding=\"async\" src=\"https:\/\/www.intoscana.it\/wp-content\/uploads\/copertina-new-bg_noise-50.jpg\">\n            <\/div>\n            <\/div>\n            <\/div>\n          <\/div>\n          <div class=\"asidemenu\">\n            <div class=\"action\">\n              <div class=\"countlidegallery\"><\/div>\n              <div class=\"closegallery\" href=\"#modalgallery\" rel=\"modal:close\"><i class=\"far fa-times\"><\/i><\/div>\n            <\/div>\n            <div class=\"title\">\n              <h2>King of The Opera e il suo blues solitario in mezzo al nulla\u00a0<\/h2>\n              <div class=\"socialarticolo\"> \n            <div class=\"contsocialico\">\n              <ul>\n                <li><a target=\"_blank\" href=\"https:\/\/www.facebook.com\/sharer\/sharer.php?u=https:\/\/www.intoscana.it\/it\/king-of-the-opera-nowhere-blues\/\"> <i class=\"fab fa-facebook-f\"><\/i><\/a><\/li>\n                <li><a target=\"_blank\" href=\"https:\/\/twitter.com\/home?status=https:\/\/www.intoscana.it\/it\/king-of-the-opera-nowhere-blues\/\"> <i class=\"fab fa-twitter\"><\/i><\/a><\/li>\n                <li>\n                  <div class=\"shareall\" target=\"_blank\" href=\"\"> <i class=\"fas fa-share-alt\"><\/i><\/div>\n                  <div class=\"sharemore\">\n                    <ul>\n                      <li><a target=\"_blank\" href=\"https:\/\/www.linkedin.com\/shareArticle?url=https:\/\/www.intoscana.it\/it\/king-of-the-opera-nowhere-blues\/\"> <i class=\"fab fa-linkedin\"><\/i><\/a><\/li>\n                      <li><a target=\"_blank\" href=\"http:\/\/www.pinterest.com\/pin\/create\/bookmarklet\/?url=https:\/\/www.intoscana.it\/it\/king-of-the-opera-nowhere-blues\/\"> <i class=\"fab fa-pinterest\"><\/i><\/a><\/li>\n                      <li><a target=\"_blank\" href=\"mailto?subject=King of The Opera e il suo blues solitario in mezzo al nulla\u00a0&body=https:\/\/www.intoscana.it\/it\/king-of-the-opera-nowhere-blues\/\"> <i class=\"fas fa-envelope\"><\/i><\/a><\/li>\n                    <\/ul>\n                    <div class=\"closesharemore\">\n                    <i class=\"fas fa-times\"><\/i>\n                    <\/div>\n                  <\/div>\n                <\/li>\n              <\/ul>\n            <\/div>\n          <\/div>\n        <\/div>\n          <\/div>\n        <\/div>\n      <\/div>\n<p><strong>Devo farti una critica, non mi piace l&#8217;immagine che hai scelto per la copertina del disco. C&#8217;\u00e8 un motivo dietro questa scelta?<\/strong><br \/>C&#8217;\u00e8 quel rettangolo al centro che doveva contenere una mia foto. Durante la lavorazione dell&#8217;immagine a un certo punto la foto \u00e8 scomparsa, io ho visto il vuoto dentro quel riquadro e mi \u00e8 piaciuto molto perch\u00e9 aveva molto a che fare col titolo e col concept del disco. Un non-luogo, qualcosa che non c&#8217;\u00e8, il nulla. Mi sembrava che fosse una fotografia, un fotogramma del niente.<\/p>\n<p><strong>&#8216;Una fotografia del niente&#8217; \u00e8 una definizione che piacerebbe molto a David Lynch<\/strong><br \/>Penso che ci siano tante cose che ho fatto che piacerebbero a David Lynch.<\/p>\n<p><strong>Il tuo disco si intitola &#8216;Nowhere Blues&#8217; non hai paura che le persone possano fraintendere, o comunque se c&#8217;\u00e8 del blues in questo disco dove si trova?<\/strong><br \/>Il fatto che la gente corra il pericolo di fraintenderlo&nbsp;\u00e8 abbastanza realistico.&nbsp;\u00c8 anche una cosa che mi disse Paolo Mauri quando andai a casa sua a fargli ascoltare le prime versioni acustiche del disco Mi fece questo appunto, per\u00f2 ormai ce l&#8217;avevo in testa da tanto tempo questo titolo, dovevo usarlo. Non mi \u00e8 mai sceso di grazia, era una cosa che sentivo particolarmente. Non c&#8217;\u00e8 blues in senso stretto ma c&#8217;\u00e8 un brano che si chiama Nowhere Blues che ha dato ispirazione sia al titolo che all&#8217;atmosfera generale del disco, che in realt\u00e0 \u00e8 nato ed \u00e8 stato costruito a livello armonico con la scala blues, quindi in realt\u00e0 qualcosa c&#8217;\u00e8 e tutto parte da quel brano. Un po&#8217; di blues originariamente c&#8217;\u00e8 stato, una piccola particella che poi si \u00e8 diramata in tante altre strade.<\/p>\n","protected":false},"excerpt":{"rendered":"<p>Abbiamo intervistato il cantautore toscano Alberto Mariotti che ci parla del suo nuovo disco &#8216;Nowhere Blues&#8217;<\/p>\n","protected":false},"author":518,"featured_media":98119,"comment_status":"open","ping_status":"open","sticky":false,"template":"","format":"standard","meta":{"_acf_changed":false,"footnotes":""},"categories":[14],"tags":[3138,167,3196],"class_list":["post-60809","post","type-post","status-publish","format-standard","has-post-thumbnail","hentry","category-musica","tag-interviste-agli-artisti","tag-musica","tag-musicisti"],"acf":[],"yoast_head":"<!-- This site is optimized with the Yoast SEO Premium plugin v24.2 (Yoast SEO v25.6) - https:\/\/yoast.com\/wordpress\/plugins\/seo\/ -->\n<title>King of The Opera e il suo blues solitario in mezzo al nulla\u00a0 - intoscana<\/title>\n<meta name=\"robots\" content=\"index, follow, max-snippet:-1, max-image-preview:large, max-video-preview:-1\" \/>\n<link rel=\"canonical\" href=\"https:\/\/www.intoscana.it\/it\/king-of-the-opera-nowhere-blues\/\" \/>\n<meta property=\"og:locale\" content=\"it_IT\" \/>\n<meta property=\"og:type\" content=\"article\" \/>\n<meta property=\"og:title\" content=\"King of The Opera e il suo blues solitario in mezzo al nulla\u00a0\" \/>\n<meta property=\"og:description\" content=\"Abbiamo intervistato il cantautore toscano Alberto Mariotti che ci parla del suo nuovo disco &#039;Nowhere Blues&#039;\" \/>\n<meta property=\"og:url\" content=\"https:\/\/www.intoscana.it\/it\/king-of-the-opera-nowhere-blues\/\" \/>\n<meta property=\"og:site_name\" content=\"intoscana\" \/>\n<meta property=\"article:publisher\" content=\"https:\/\/www.facebook.com\/intoscana.it\" \/>\n<meta property=\"article:published_time\" content=\"2020-03-18T08:04:39+00:00\" \/>\n<meta property=\"article:modified_time\" content=\"2020-08-07T13:20:42+00:00\" \/>\n<meta property=\"og:image\" content=\"https:\/\/www.intoscana.it\/wp-content\/uploads\/rosso.jpg\" \/>\n\t<meta property=\"og:image:width\" content=\"2000\" \/>\n\t<meta property=\"og:image:height\" content=\"1333\" \/>\n\t<meta property=\"og:image:type\" content=\"image\/jpeg\" \/>\n<meta name=\"author\" content=\"Costanza Baldini\" \/>\n<meta name=\"twitter:card\" content=\"summary_large_image\" \/>\n<meta name=\"twitter:creator\" content=\"@intoscana\" \/>\n<meta name=\"twitter:site\" content=\"@intoscana\" \/>\n<meta name=\"twitter:label1\" content=\"Written by\" \/>\n\t<meta name=\"twitter:data1\" content=\"Costanza Baldini\" \/>\n\t<meta name=\"twitter:label2\" content=\"Est. reading time\" \/>\n\t<meta name=\"twitter:data2\" content=\"4 minuti\" \/>\n<script type=\"application\/ld+json\" class=\"yoast-schema-graph\">{\"@context\":\"https:\/\/schema.org\",\"@graph\":[{\"@type\":\"WebPage\",\"@id\":\"https:\/\/www.intoscana.it\/it\/king-of-the-opera-nowhere-blues\/\",\"url\":\"https:\/\/www.intoscana.it\/it\/king-of-the-opera-nowhere-blues\/\",\"name\":\"King of The Opera e il suo blues solitario in mezzo al nulla\u00a0 - intoscana\",\"isPartOf\":{\"@id\":\"https:\/\/www.intoscana.it\/it\/#website\"},\"primaryImageOfPage\":{\"@id\":\"https:\/\/www.intoscana.it\/it\/king-of-the-opera-nowhere-blues\/#primaryimage\"},\"image\":{\"@id\":\"https:\/\/www.intoscana.it\/it\/king-of-the-opera-nowhere-blues\/#primaryimage\"},\"thumbnailUrl\":\"https:\/\/www.intoscana.it\/wp-content\/uploads\/rosso.jpg\",\"datePublished\":\"2020-03-18T08:04:39+00:00\",\"dateModified\":\"2020-08-07T13:20:42+00:00\",\"author\":{\"@id\":\"https:\/\/www.intoscana.it\/it\/#\/schema\/person\/d469f35f09739bdf00bf5dd3f0647a82\"},\"breadcrumb\":{\"@id\":\"https:\/\/www.intoscana.it\/it\/king-of-the-opera-nowhere-blues\/#breadcrumb\"},\"inLanguage\":\"it-IT\",\"potentialAction\":[{\"@type\":\"ReadAction\",\"target\":[\"https:\/\/www.intoscana.it\/it\/king-of-the-opera-nowhere-blues\/\"]}]},{\"@type\":\"ImageObject\",\"inLanguage\":\"it-IT\",\"@id\":\"https:\/\/www.intoscana.it\/it\/king-of-the-opera-nowhere-blues\/#primaryimage\",\"url\":\"https:\/\/www.intoscana.it\/wp-content\/uploads\/rosso.jpg\",\"contentUrl\":\"https:\/\/www.intoscana.it\/wp-content\/uploads\/rosso.jpg\",\"width\":2000,\"height\":1333,\"caption\":\"King of The Opera\"},{\"@type\":\"BreadcrumbList\",\"@id\":\"https:\/\/www.intoscana.it\/it\/king-of-the-opera-nowhere-blues\/#breadcrumb\",\"itemListElement\":[{\"@type\":\"ListItem\",\"position\":1,\"name\":\"Home\",\"item\":\"https:\/\/www.intoscana.it\/it\/\"},{\"@type\":\"ListItem\",\"position\":2,\"name\":\"King of The Opera e il suo blues solitario in mezzo al nulla\u00a0\"}]},{\"@type\":\"WebSite\",\"@id\":\"https:\/\/www.intoscana.it\/it\/#website\",\"url\":\"https:\/\/www.intoscana.it\/it\/\",\"name\":\"intoscana\",\"description\":\"\",\"potentialAction\":[{\"@type\":\"SearchAction\",\"target\":{\"@type\":\"EntryPoint\",\"urlTemplate\":\"https:\/\/www.intoscana.it\/it\/?s={search_term_string}\"},\"query-input\":{\"@type\":\"PropertyValueSpecification\",\"valueRequired\":true,\"valueName\":\"search_term_string\"}}],\"inLanguage\":\"it-IT\"},{\"@type\":\"Person\",\"@id\":\"https:\/\/www.intoscana.it\/it\/#\/schema\/person\/d469f35f09739bdf00bf5dd3f0647a82\",\"name\":\"Costanza Baldini\",\"url\":\"https:\/\/www.intoscana.it\/it\/author\/costanza-baldini\/\"}]}<\/script>\n<!-- \/ Yoast SEO Premium plugin. -->","yoast_head_json":{"title":"King of The Opera e il suo blues solitario in mezzo al nulla\u00a0 - intoscana","robots":{"index":"index","follow":"follow","max-snippet":"max-snippet:-1","max-image-preview":"max-image-preview:large","max-video-preview":"max-video-preview:-1"},"canonical":"https:\/\/www.intoscana.it\/it\/king-of-the-opera-nowhere-blues\/","og_locale":"it_IT","og_type":"article","og_title":"King of The Opera e il suo blues solitario in mezzo al nulla\u00a0","og_description":"Abbiamo intervistato il cantautore toscano Alberto Mariotti che ci parla del suo nuovo disco 'Nowhere Blues'","og_url":"https:\/\/www.intoscana.it\/it\/king-of-the-opera-nowhere-blues\/","og_site_name":"intoscana","article_publisher":"https:\/\/www.facebook.com\/intoscana.it","article_published_time":"2020-03-18T08:04:39+00:00","article_modified_time":"2020-08-07T13:20:42+00:00","og_image":[{"width":2000,"height":1333,"url":"https:\/\/www.intoscana.it\/wp-content\/uploads\/rosso.jpg","type":"image\/jpeg"}],"author":"Costanza Baldini","twitter_card":"summary_large_image","twitter_creator":"@intoscana","twitter_site":"@intoscana","twitter_misc":{"Written by":"Costanza Baldini","Est. reading time":"4 minuti"},"schema":{"@context":"https:\/\/schema.org","@graph":[{"@type":"WebPage","@id":"https:\/\/www.intoscana.it\/it\/king-of-the-opera-nowhere-blues\/","url":"https:\/\/www.intoscana.it\/it\/king-of-the-opera-nowhere-blues\/","name":"King of The Opera e il suo blues solitario in mezzo al nulla\u00a0 - intoscana","isPartOf":{"@id":"https:\/\/www.intoscana.it\/it\/#website"},"primaryImageOfPage":{"@id":"https:\/\/www.intoscana.it\/it\/king-of-the-opera-nowhere-blues\/#primaryimage"},"image":{"@id":"https:\/\/www.intoscana.it\/it\/king-of-the-opera-nowhere-blues\/#primaryimage"},"thumbnailUrl":"https:\/\/www.intoscana.it\/wp-content\/uploads\/rosso.jpg","datePublished":"2020-03-18T08:04:39+00:00","dateModified":"2020-08-07T13:20:42+00:00","author":{"@id":"https:\/\/www.intoscana.it\/it\/#\/schema\/person\/d469f35f09739bdf00bf5dd3f0647a82"},"breadcrumb":{"@id":"https:\/\/www.intoscana.it\/it\/king-of-the-opera-nowhere-blues\/#breadcrumb"},"inLanguage":"it-IT","potentialAction":[{"@type":"ReadAction","target":["https:\/\/www.intoscana.it\/it\/king-of-the-opera-nowhere-blues\/"]}]},{"@type":"ImageObject","inLanguage":"it-IT","@id":"https:\/\/www.intoscana.it\/it\/king-of-the-opera-nowhere-blues\/#primaryimage","url":"https:\/\/www.intoscana.it\/wp-content\/uploads\/rosso.jpg","contentUrl":"https:\/\/www.intoscana.it\/wp-content\/uploads\/rosso.jpg","width":2000,"height":1333,"caption":"King of The Opera"},{"@type":"BreadcrumbList","@id":"https:\/\/www.intoscana.it\/it\/king-of-the-opera-nowhere-blues\/#breadcrumb","itemListElement":[{"@type":"ListItem","position":1,"name":"Home","item":"https:\/\/www.intoscana.it\/it\/"},{"@type":"ListItem","position":2,"name":"King of The Opera e il suo blues solitario in mezzo al nulla\u00a0"}]},{"@type":"WebSite","@id":"https:\/\/www.intoscana.it\/it\/#website","url":"https:\/\/www.intoscana.it\/it\/","name":"intoscana","description":"","potentialAction":[{"@type":"SearchAction","target":{"@type":"EntryPoint","urlTemplate":"https:\/\/www.intoscana.it\/it\/?s={search_term_string}"},"query-input":{"@type":"PropertyValueSpecification","valueRequired":true,"valueName":"search_term_string"}}],"inLanguage":"it-IT"},{"@type":"Person","@id":"https:\/\/www.intoscana.it\/it\/#\/schema\/person\/d469f35f09739bdf00bf5dd3f0647a82","name":"Costanza Baldini","url":"https:\/\/www.intoscana.it\/it\/author\/costanza-baldini\/"}]}},"_links":{"self":[{"href":"https:\/\/www.intoscana.it\/it\/wp-json\/wp\/v2\/posts\/60809","targetHints":{"allow":["GET"]}}],"collection":[{"href":"https:\/\/www.intoscana.it\/it\/wp-json\/wp\/v2\/posts"}],"about":[{"href":"https:\/\/www.intoscana.it\/it\/wp-json\/wp\/v2\/types\/post"}],"author":[{"embeddable":true,"href":"https:\/\/www.intoscana.it\/it\/wp-json\/wp\/v2\/users\/518"}],"replies":[{"embeddable":true,"href":"https:\/\/www.intoscana.it\/it\/wp-json\/wp\/v2\/comments?post=60809"}],"version-history":[{"count":0,"href":"https:\/\/www.intoscana.it\/it\/wp-json\/wp\/v2\/posts\/60809\/revisions"}],"wp:featuredmedia":[{"embeddable":true,"href":"https:\/\/www.intoscana.it\/it\/wp-json\/wp\/v2\/media\/98119"}],"wp:attachment":[{"href":"https:\/\/www.intoscana.it\/it\/wp-json\/wp\/v2\/media?parent=60809"}],"wp:term":[{"taxonomy":"category","embeddable":true,"href":"https:\/\/www.intoscana.it\/it\/wp-json\/wp\/v2\/categories?post=60809"},{"taxonomy":"post_tag","embeddable":true,"href":"https:\/\/www.intoscana.it\/it\/wp-json\/wp\/v2\/tags?post=60809"}],"curies":[{"name":"wp","href":"https:\/\/api.w.org\/{rel}","templated":true}]}}