{"id":60817,"date":"2019-04-18T09:59:47","date_gmt":"2019-04-18T09:59:47","guid":{"rendered":"http:\/\/www.intoscana.it\/musica-e-magia-intervista-alla-strega-contemporanea-lisa-kant\/"},"modified":"2020-05-18T10:08:21","modified_gmt":"2020-05-18T08:08:21","slug":"musica-e-magia-intervista-alla-strega-contemporanea-lisa-kant","status":"publish","type":"post","link":"https:\/\/www.intoscana.it\/it\/musica-e-magia-intervista-alla-strega-contemporanea-lisa-kant\/","title":{"rendered":"Musica e magia: intervista alla \u2018strega contemporanea&#8217; Lisa Kant"},"content":{"rendered":"<p>Autrice, vocal coach, <strong>cantante, studiosa di musica antica, di riti magici e alchemici<\/strong>, <strong>Lisa Kant<\/strong> \u00e8 tutto questo e molto altro. Nel suo disco d\u2019esordio<strong> \u2018Trinus\u2019<\/strong>&nbsp;esplora la ricerca del <strong>canto sacro e profano dal Romano Impero al Rinascimento,<\/strong> traendo ispirazione dai <strong>Vangeli Apocrifi<\/strong>, dal <strong>Canto Gregoriano<\/strong> e dalla <strong>Bibbia,<\/strong> attraversando il <strong>Medioevo,<\/strong> le storie sull\u2019<strong>Ordine dei Templari e sull\u2019Inquisizione<\/strong>. Dopo anni di ricerca e di sperimentazione, nel suo debutto Lisa miscela una raffinata ricerca elettronica con le <strong>melodie dei madrigali, i canti delle streghe dell\u2019Inquisizione, i ritmi delle danze propiziatorie intorno a fuochi.<\/strong> Suoni solenni ma anche<strong> tribali e arcaici<\/strong> tra i <strong>Mamuthones sardi,<\/strong> il <strong>goth dei Dead Can Dance<\/strong> e la<strong> dream pop dei Cocteau Twins,<\/strong> prendendo ispirazione dal <strong>Libre Vermell de Montserrat<\/strong> e dal gregoriano femminile di <strong>Hildegard Von Bingen<\/strong>. La misteriosa&nbsp;<strong>Lisa Kant<\/strong> sar\u00e0 in concerto <strong>sabato 20 aprile al Circolo Il Progresso di Firenze. Ecco la nostra intervista<\/strong>.<\/p>\n<p><strong> Ciao Lisa! Come nasce il tuo amore per la musica antica?<\/strong><br \/>Ho cantato leggero tutta la vita ed \u00e8 una cosa che ho amato profondamente, ma negli ultimi cinque-sei anni ho avuto il desiderio di studiare musica antica, ritornare alle origini profonde musicali, vocali. Sono arrivata fino ai gregoriani che adoro, ma non capivo perch\u00e9 il canto gregoriano fosse pensato solo per gli uomini, erano canti liturgici quindi all\u2019epoca erano solo i maschi che cantavano. Poi ho scoperto questo personaggio incredibile Ildegarda di Bingen, molti cantanti ancora oggi la eseguono. Poi ho studiato anche musica lirica, canto in un coro come soprano e devo dire che \u00e8 un\u2019esperienza che mi mancava e che mi ha completata non solo vocalmente ma anche a livello di anima, mi ha dato un senso pi\u00f9 elevato della musica. Mi mancava e sono felice che adesso ci sia nella vita.<\/p>\n<p><strong> La tua musica si mischia anche con l\u2019elettronica di Alberto Tuzzy, come vi siete conosciuti?<\/strong><br \/>Io e Alberto ci conosciamo da tanti anni ma non avevamo mai collaborato. Lo vedevo spesso in Accademia perch\u00e9 lui tiene corsi di musica elettronica, \u00e8 un produttore, lavora con le macchine e i computer. Parlando del pi\u00f9 e del meno ha saputo che avevo cominciato a scrivere, ha visto dei video e gli sono piaciuti molto, quindi mi ha proposto di provare a fare un esperimento e metterci dell\u2019elettronica. Abbiamo provato a contaminare e ci \u00e8 piaciuto tanto, cos\u00ec alla fine \u00e8 nato Trinus.<\/p>\n<p> <strong>\u2018Trinus\u2019 \u00e8 un titolo un po\u2019 mistico<\/strong><br \/>S\u00ec, \u2018tre\u2019, la perfezione, le piramidi, la trinit\u00e0, Dio. Per me c\u2019\u00e8 un po\u2019 tutto in questo disco, c\u2019\u00e8 la lirica, l\u2019elettronica.<\/p>\n<p> <strong>C\u2019\u00e8 anche un grande senso del sacro<\/strong><br \/>Io sono di famiglia cattolica, anche se non sono mai stata troppo vicina alla Chiesa. Ho fatto un percorso negli ultimi anni di ricerca, lo sto ancora facendo e forse non mi baster\u00e0 una vita per farlo.&nbsp;\u00c8 una ricerca di spiritualit\u00e0 a 360 gradi, pu\u00f2 essere Dio, Budda o Allah. Cerco la perfezione pi\u00f9 vicina alla luce che \u00e8 in me, in ognuno di noi, e ho cercato di metterla in musica. Ci ho creduto, ci credo ancora e non vedo l\u2019ora di suonare live.<\/p>\n<p> <strong>Ho letto che \u2018Trinus \u2018\u00e8 nato nella Maremma, nelle Necropoli Etrusche. Quali sono i luoghi da cui hai tratto maggiore ispirazione?<\/strong><br \/>Ho una casa nella Maremma laziale, al confine con Pitigliano, l\u00ec c\u2019\u00e8 tantissimo da vedere. Io sono attratta dal mondo antico, da chi c\u2019era prima di noi, gli Etruschi, l\u2019Impero Romano, le popolazioni che hanno lasciato segni di forza e di tradizione, come le molte necropoli. L\u00ec c\u2019\u00e8 Vulci, la pi\u00f9 grande citt\u00e0 etrusca che \u00e8 rimasta che \u00e8 meravigliosa, c\u2019\u00e8 la tomba Fran\u00e7ois. Questi luoghi parlano, c\u2019\u00e8 un\u2019energia incredibile. Non c\u2019\u00e8 tanta gente che va a visitarli. Quando tu visiti questi luoghi arriva un\u2019emozione che non ti so spiegare. Io arrivata l\u00ec sentivo una serie di suoni, ho preso il cellulare e ho registrato delle melodie che mi sono venute in quel momento, per non perderle. Questo viaggio mi ha ispirato tantissimo. Mi piacciono i luoghi selvaggi, la campagna laziale che non \u00e8 curata come in Toscana, ed \u00e8 la sua bellezza. Ci sono citt\u00e0 dei secoli passati inghiottite dalla vegetazione come i Castrum, ce n\u2019\u00e8 uno vicino alla mia casa, con la pavimentazione in cotto a lisca di pesce, \u00e8 incredibile. Io non amo i luoghi molto affollati, faccio fatica a trovare &#8216;me&#8217;. In Toscana amo molto San Galgano.<\/p>\n<p> <strong>Cosa dobbiamo aspettarci al concerto sabato 20 al Circolo Il Progresso?<\/strong><br \/>Ci sar\u00e0 una proiezione di video, che parlano della mia vita professionale, tante esperienze che ho fatto, trasformazioni. Ma ci saranno anche cose da vedere che non hanno a che fare con me, sar\u00e0 viaggio non solo sonoro ma anche per immagini.<\/p>\n<a class=\"fotogallery\" href=\"#modalgallery\" rel=\"modal:open\">sfoglia la gallery <i class=\"fas fa-chevron-right\"><\/i><\/a>\n    <div class=\"modal\" id=\"modalgallery\">\n        <div class=\"gallery\">\n          <div class=\"galleryimg\">\n            <div class=\"slidegallerybig\"> <div class=\"itemimg\">\n            <div class=\"wrapimg\">\n            <img decoding=\"async\" src=\"https:\/\/www.intoscana.it\/wp-content\/uploads\/fe19218.jpg\">\n            <\/div>\n            <\/div> <div class=\"itemimg\">\n            <div class=\"wrapimg\">\n            <img decoding=\"async\" src=\"https:\/\/www.intoscana.it\/wp-content\/uploads\/pho9488.jpg\">\n            <\/div>\n            <\/div> <div class=\"itemimg\">\n            <div class=\"wrapimg\">\n            <img decoding=\"async\" src=\"https:\/\/www.intoscana.it\/wp-content\/uploads\/pho9448.jpg\">\n            <\/div>\n            <\/div> <div class=\"itemimg\">\n            <div class=\"wrapimg\">\n            <img decoding=\"async\" src=\"https:\/\/www.intoscana.it\/wp-content\/uploads\/lisa-kant-trinus.jpg\">\n            <\/div>\n            <\/div>\n            <\/div>\n          <\/div>\n          <div class=\"asidemenu\">\n            <div class=\"action\">\n              <div class=\"countlidegallery\"><\/div>\n              <div class=\"closegallery\" href=\"#modalgallery\" rel=\"modal:close\"><i class=\"far fa-times\"><\/i><\/div>\n            <\/div>\n            <div class=\"title\">\n              <h2>Musica e magia: intervista alla \u2018strega contemporanea' Lisa Kant<\/h2>\n              <div class=\"socialarticolo\"> \n            <div class=\"contsocialico\">\n              <ul>\n                <li><a target=\"_blank\" href=\"https:\/\/www.facebook.com\/sharer\/sharer.php?u=https:\/\/www.intoscana.it\/it\/musica-e-magia-intervista-alla-strega-contemporanea-lisa-kant\/\"> <i class=\"fab fa-facebook-f\"><\/i><\/a><\/li>\n                <li><a target=\"_blank\" href=\"https:\/\/twitter.com\/home?status=https:\/\/www.intoscana.it\/it\/musica-e-magia-intervista-alla-strega-contemporanea-lisa-kant\/\"> <i class=\"fab fa-twitter\"><\/i><\/a><\/li>\n                <li>\n                  <div class=\"shareall\" target=\"_blank\" href=\"\"> <i class=\"fas fa-share-alt\"><\/i><\/div>\n                  <div class=\"sharemore\">\n                    <ul>\n                      <li><a target=\"_blank\" href=\"https:\/\/www.linkedin.com\/shareArticle?url=https:\/\/www.intoscana.it\/it\/musica-e-magia-intervista-alla-strega-contemporanea-lisa-kant\/\"> <i class=\"fab fa-linkedin\"><\/i><\/a><\/li>\n                      <li><a target=\"_blank\" href=\"http:\/\/www.pinterest.com\/pin\/create\/bookmarklet\/?url=https:\/\/www.intoscana.it\/it\/musica-e-magia-intervista-alla-strega-contemporanea-lisa-kant\/\"> <i class=\"fab fa-pinterest\"><\/i><\/a><\/li>\n                      <li><a target=\"_blank\" href=\"mailto?subject=Musica e magia: intervista alla \u2018strega contemporanea&#039; Lisa Kant&body=https:\/\/www.intoscana.it\/it\/musica-e-magia-intervista-alla-strega-contemporanea-lisa-kant\/\"> <i class=\"fas fa-envelope\"><\/i><\/a><\/li>\n                    <\/ul>\n                    <div class=\"closesharemore\">\n                    <i class=\"fas fa-times\"><\/i>\n                    <\/div>\n                  <\/div>\n                <\/li>\n              <\/ul>\n            <\/div>\n          <\/div>\n        <\/div>\n          <\/div>\n        <\/div>\n      <\/div>\n","protected":false},"excerpt":{"rendered":"<p>La cantante che si ispira alla musica antica sar\u00e0 in concerto sabato 20 aprile al Circolo Arci Il Progresso di Firenze<\/p>\n","protected":false},"author":518,"featured_media":98127,"comment_status":"open","ping_status":"open","sticky":false,"template":"","format":"standard","meta":{"_acf_changed":false,"footnotes":""},"categories":[14],"tags":[],"class_list":["post-60817","post","type-post","status-publish","format-standard","has-post-thumbnail","hentry","category-musica"],"acf":[],"yoast_head":"<!-- This site is optimized with the Yoast SEO Premium plugin v24.2 (Yoast SEO v25.6) - https:\/\/yoast.com\/wordpress\/plugins\/seo\/ -->\n<title>Musica e magia: intervista alla \u2018strega contemporanea&#039; Lisa Kant - intoscana<\/title>\n<meta name=\"description\" content=\"Musica e magia: intervista alla \u2018strega\u2019 contemporanea Lisa Kant in concerto sabato 20 aprile al Circolo Il Progresso di Firenze\" \/>\n<meta name=\"robots\" content=\"index, follow, max-snippet:-1, max-image-preview:large, max-video-preview:-1\" \/>\n<link rel=\"canonical\" href=\"https:\/\/www.intoscana.it\/it\/musica-e-magia-intervista-alla-strega-contemporanea-lisa-kant\/\" \/>\n<meta property=\"og:locale\" content=\"it_IT\" \/>\n<meta property=\"og:type\" content=\"article\" \/>\n<meta property=\"og:title\" content=\"Musica e magia: intervista alla \u2018strega contemporanea&#039; Lisa Kant\" \/>\n<meta property=\"og:description\" content=\"Musica e magia: intervista alla \u2018strega\u2019 contemporanea Lisa Kant in concerto sabato 20 aprile al Circolo Il Progresso di Firenze\" \/>\n<meta property=\"og:url\" content=\"https:\/\/www.intoscana.it\/it\/musica-e-magia-intervista-alla-strega-contemporanea-lisa-kant\/\" \/>\n<meta property=\"og:site_name\" content=\"intoscana\" \/>\n<meta property=\"article:publisher\" content=\"https:\/\/www.facebook.com\/intoscana.it\" \/>\n<meta property=\"article:published_time\" content=\"2019-04-18T09:59:47+00:00\" \/>\n<meta property=\"article:modified_time\" content=\"2020-05-18T08:08:21+00:00\" \/>\n<meta property=\"og:image\" content=\"https:\/\/www.intoscana.it\/wp-content\/uploads\/fe19151.jpg\" \/>\n\t<meta property=\"og:image:width\" content=\"2000\" \/>\n\t<meta property=\"og:image:height\" content=\"1335\" \/>\n\t<meta property=\"og:image:type\" content=\"image\/jpeg\" \/>\n<meta name=\"author\" content=\"Costanza Baldini\" \/>\n<meta name=\"twitter:card\" content=\"summary_large_image\" \/>\n<meta name=\"twitter:creator\" content=\"@intoscana\" \/>\n<meta name=\"twitter:site\" content=\"@intoscana\" \/>\n<meta name=\"twitter:label1\" content=\"Written by\" \/>\n\t<meta name=\"twitter:data1\" content=\"Costanza Baldini\" \/>\n\t<meta name=\"twitter:label2\" content=\"Est. reading time\" \/>\n\t<meta name=\"twitter:data2\" content=\"4 minuti\" \/>\n<script type=\"application\/ld+json\" class=\"yoast-schema-graph\">{\"@context\":\"https:\/\/schema.org\",\"@graph\":[{\"@type\":\"WebPage\",\"@id\":\"https:\/\/www.intoscana.it\/it\/musica-e-magia-intervista-alla-strega-contemporanea-lisa-kant\/\",\"url\":\"https:\/\/www.intoscana.it\/it\/musica-e-magia-intervista-alla-strega-contemporanea-lisa-kant\/\",\"name\":\"Musica e magia: intervista alla \u2018strega contemporanea' Lisa Kant - intoscana\",\"isPartOf\":{\"@id\":\"https:\/\/www.intoscana.it\/it\/#website\"},\"primaryImageOfPage\":{\"@id\":\"https:\/\/www.intoscana.it\/it\/musica-e-magia-intervista-alla-strega-contemporanea-lisa-kant\/#primaryimage\"},\"image\":{\"@id\":\"https:\/\/www.intoscana.it\/it\/musica-e-magia-intervista-alla-strega-contemporanea-lisa-kant\/#primaryimage\"},\"thumbnailUrl\":\"https:\/\/www.intoscana.it\/wp-content\/uploads\/fe19151.jpg\",\"datePublished\":\"2019-04-18T09:59:47+00:00\",\"dateModified\":\"2020-05-18T08:08:21+00:00\",\"author\":{\"@id\":\"https:\/\/www.intoscana.it\/it\/#\/schema\/person\/d469f35f09739bdf00bf5dd3f0647a82\"},\"description\":\"Musica e magia: intervista alla \u2018strega\u2019 contemporanea Lisa Kant in concerto sabato 20 aprile al Circolo Il Progresso di Firenze\",\"breadcrumb\":{\"@id\":\"https:\/\/www.intoscana.it\/it\/musica-e-magia-intervista-alla-strega-contemporanea-lisa-kant\/#breadcrumb\"},\"inLanguage\":\"it-IT\",\"potentialAction\":[{\"@type\":\"ReadAction\",\"target\":[\"https:\/\/www.intoscana.it\/it\/musica-e-magia-intervista-alla-strega-contemporanea-lisa-kant\/\"]}]},{\"@type\":\"ImageObject\",\"inLanguage\":\"it-IT\",\"@id\":\"https:\/\/www.intoscana.it\/it\/musica-e-magia-intervista-alla-strega-contemporanea-lisa-kant\/#primaryimage\",\"url\":\"https:\/\/www.intoscana.it\/wp-content\/uploads\/fe19151.jpg\",\"contentUrl\":\"https:\/\/www.intoscana.it\/wp-content\/uploads\/fe19151.jpg\",\"width\":2000,\"height\":1335},{\"@type\":\"BreadcrumbList\",\"@id\":\"https:\/\/www.intoscana.it\/it\/musica-e-magia-intervista-alla-strega-contemporanea-lisa-kant\/#breadcrumb\",\"itemListElement\":[{\"@type\":\"ListItem\",\"position\":1,\"name\":\"Home\",\"item\":\"https:\/\/www.intoscana.it\/it\/\"},{\"@type\":\"ListItem\",\"position\":2,\"name\":\"Musica e magia: intervista alla \u2018strega contemporanea&#8217; Lisa Kant\"}]},{\"@type\":\"WebSite\",\"@id\":\"https:\/\/www.intoscana.it\/it\/#website\",\"url\":\"https:\/\/www.intoscana.it\/it\/\",\"name\":\"intoscana\",\"description\":\"\",\"potentialAction\":[{\"@type\":\"SearchAction\",\"target\":{\"@type\":\"EntryPoint\",\"urlTemplate\":\"https:\/\/www.intoscana.it\/it\/?s={search_term_string}\"},\"query-input\":{\"@type\":\"PropertyValueSpecification\",\"valueRequired\":true,\"valueName\":\"search_term_string\"}}],\"inLanguage\":\"it-IT\"},{\"@type\":\"Person\",\"@id\":\"https:\/\/www.intoscana.it\/it\/#\/schema\/person\/d469f35f09739bdf00bf5dd3f0647a82\",\"name\":\"Costanza Baldini\",\"url\":\"https:\/\/www.intoscana.it\/it\/author\/costanza-baldini\/\"}]}<\/script>\n<!-- \/ Yoast SEO Premium plugin. -->","yoast_head_json":{"title":"Musica e magia: intervista alla \u2018strega contemporanea' Lisa Kant - intoscana","description":"Musica e magia: intervista alla \u2018strega\u2019 contemporanea Lisa Kant in concerto sabato 20 aprile al Circolo Il Progresso di Firenze","robots":{"index":"index","follow":"follow","max-snippet":"max-snippet:-1","max-image-preview":"max-image-preview:large","max-video-preview":"max-video-preview:-1"},"canonical":"https:\/\/www.intoscana.it\/it\/musica-e-magia-intervista-alla-strega-contemporanea-lisa-kant\/","og_locale":"it_IT","og_type":"article","og_title":"Musica e magia: intervista alla \u2018strega contemporanea' Lisa Kant","og_description":"Musica e magia: intervista alla \u2018strega\u2019 contemporanea Lisa Kant in concerto sabato 20 aprile al Circolo Il Progresso di Firenze","og_url":"https:\/\/www.intoscana.it\/it\/musica-e-magia-intervista-alla-strega-contemporanea-lisa-kant\/","og_site_name":"intoscana","article_publisher":"https:\/\/www.facebook.com\/intoscana.it","article_published_time":"2019-04-18T09:59:47+00:00","article_modified_time":"2020-05-18T08:08:21+00:00","og_image":[{"width":2000,"height":1335,"url":"https:\/\/www.intoscana.it\/wp-content\/uploads\/fe19151.jpg","type":"image\/jpeg"}],"author":"Costanza Baldini","twitter_card":"summary_large_image","twitter_creator":"@intoscana","twitter_site":"@intoscana","twitter_misc":{"Written by":"Costanza Baldini","Est. reading time":"4 minuti"},"schema":{"@context":"https:\/\/schema.org","@graph":[{"@type":"WebPage","@id":"https:\/\/www.intoscana.it\/it\/musica-e-magia-intervista-alla-strega-contemporanea-lisa-kant\/","url":"https:\/\/www.intoscana.it\/it\/musica-e-magia-intervista-alla-strega-contemporanea-lisa-kant\/","name":"Musica e magia: intervista alla \u2018strega contemporanea' Lisa Kant - intoscana","isPartOf":{"@id":"https:\/\/www.intoscana.it\/it\/#website"},"primaryImageOfPage":{"@id":"https:\/\/www.intoscana.it\/it\/musica-e-magia-intervista-alla-strega-contemporanea-lisa-kant\/#primaryimage"},"image":{"@id":"https:\/\/www.intoscana.it\/it\/musica-e-magia-intervista-alla-strega-contemporanea-lisa-kant\/#primaryimage"},"thumbnailUrl":"https:\/\/www.intoscana.it\/wp-content\/uploads\/fe19151.jpg","datePublished":"2019-04-18T09:59:47+00:00","dateModified":"2020-05-18T08:08:21+00:00","author":{"@id":"https:\/\/www.intoscana.it\/it\/#\/schema\/person\/d469f35f09739bdf00bf5dd3f0647a82"},"description":"Musica e magia: intervista alla \u2018strega\u2019 contemporanea Lisa Kant in concerto sabato 20 aprile al Circolo Il Progresso di Firenze","breadcrumb":{"@id":"https:\/\/www.intoscana.it\/it\/musica-e-magia-intervista-alla-strega-contemporanea-lisa-kant\/#breadcrumb"},"inLanguage":"it-IT","potentialAction":[{"@type":"ReadAction","target":["https:\/\/www.intoscana.it\/it\/musica-e-magia-intervista-alla-strega-contemporanea-lisa-kant\/"]}]},{"@type":"ImageObject","inLanguage":"it-IT","@id":"https:\/\/www.intoscana.it\/it\/musica-e-magia-intervista-alla-strega-contemporanea-lisa-kant\/#primaryimage","url":"https:\/\/www.intoscana.it\/wp-content\/uploads\/fe19151.jpg","contentUrl":"https:\/\/www.intoscana.it\/wp-content\/uploads\/fe19151.jpg","width":2000,"height":1335},{"@type":"BreadcrumbList","@id":"https:\/\/www.intoscana.it\/it\/musica-e-magia-intervista-alla-strega-contemporanea-lisa-kant\/#breadcrumb","itemListElement":[{"@type":"ListItem","position":1,"name":"Home","item":"https:\/\/www.intoscana.it\/it\/"},{"@type":"ListItem","position":2,"name":"Musica e magia: intervista alla \u2018strega contemporanea&#8217; Lisa Kant"}]},{"@type":"WebSite","@id":"https:\/\/www.intoscana.it\/it\/#website","url":"https:\/\/www.intoscana.it\/it\/","name":"intoscana","description":"","potentialAction":[{"@type":"SearchAction","target":{"@type":"EntryPoint","urlTemplate":"https:\/\/www.intoscana.it\/it\/?s={search_term_string}"},"query-input":{"@type":"PropertyValueSpecification","valueRequired":true,"valueName":"search_term_string"}}],"inLanguage":"it-IT"},{"@type":"Person","@id":"https:\/\/www.intoscana.it\/it\/#\/schema\/person\/d469f35f09739bdf00bf5dd3f0647a82","name":"Costanza Baldini","url":"https:\/\/www.intoscana.it\/it\/author\/costanza-baldini\/"}]}},"_links":{"self":[{"href":"https:\/\/www.intoscana.it\/it\/wp-json\/wp\/v2\/posts\/60817","targetHints":{"allow":["GET"]}}],"collection":[{"href":"https:\/\/www.intoscana.it\/it\/wp-json\/wp\/v2\/posts"}],"about":[{"href":"https:\/\/www.intoscana.it\/it\/wp-json\/wp\/v2\/types\/post"}],"author":[{"embeddable":true,"href":"https:\/\/www.intoscana.it\/it\/wp-json\/wp\/v2\/users\/518"}],"replies":[{"embeddable":true,"href":"https:\/\/www.intoscana.it\/it\/wp-json\/wp\/v2\/comments?post=60817"}],"version-history":[{"count":0,"href":"https:\/\/www.intoscana.it\/it\/wp-json\/wp\/v2\/posts\/60817\/revisions"}],"wp:featuredmedia":[{"embeddable":true,"href":"https:\/\/www.intoscana.it\/it\/wp-json\/wp\/v2\/media\/98127"}],"wp:attachment":[{"href":"https:\/\/www.intoscana.it\/it\/wp-json\/wp\/v2\/media?parent=60817"}],"wp:term":[{"taxonomy":"category","embeddable":true,"href":"https:\/\/www.intoscana.it\/it\/wp-json\/wp\/v2\/categories?post=60817"},{"taxonomy":"post_tag","embeddable":true,"href":"https:\/\/www.intoscana.it\/it\/wp-json\/wp\/v2\/tags?post=60817"}],"curies":[{"name":"wp","href":"https:\/\/api.w.org\/{rel}","templated":true}]}}