{"id":60824,"date":"2019-05-20T10:09:32","date_gmt":"2019-05-20T10:09:32","guid":{"rendered":"http:\/\/www.intoscana.it\/al-teatro-della-pergola-arriva-west-wind-musica-transatlantica\/"},"modified":"2020-05-18T10:08:23","modified_gmt":"2020-05-18T08:08:23","slug":"al-teatro-della-pergola-arriva-west-wind-musica-transatlantica","status":"publish","type":"post","link":"https:\/\/www.intoscana.it\/it\/al-teatro-della-pergola-arriva-west-wind-musica-transatlantica\/","title":{"rendered":"Al Teatro della Pergola arriva &#8216;West Wind Musica Transatlantica&#8217;"},"content":{"rendered":"<p><strong>Marted\u00ec 21 maggio al Teatro La Pergola di Firenze<\/strong> arriva la prima edzione di <strong>&#8216;West Wind \u2013 Musica Transatlantica&#8217;,<\/strong> un nuovo progetto che vede protagoniste<strong> tre importanti istituzioni fiorentine<\/strong>: la <strong>Gonzaga University in Florence, il Conservatorio Luigi Cherubini, e l&#8217;Universit\u00e0 degli Studi di Firenze<\/strong>.<\/p>\n<p>Saliranno sul palco della Pergola<strong> l&#8217;Orchestra Sinfonica del Conservatorio Cherubini<\/strong> diretta dal Maestro <strong>Paolo Ponziano Ciardi,<\/strong> a cui si aggiungono elementi dell&#8217;<strong>Orchestra dell&#8217;Universit\u00e0 degli Studi di Firenze<\/strong>, oltre al<strong> Coro della Gonzaga University in Florence<\/strong> e l&#8217;<strong>ensemble Choreos<\/strong> diretti dal Maestro <strong>Timothy Westerhaus.<\/strong><\/p>\n<p>Orchestra e Coro eseguiranno per la prima volta in Italia<em><strong> \u201cA Time to Dance&#8221;<\/strong><\/em>, una sua cantata sinfonica contemporanea, mentre il <strong>Gonzaga University Ballet<\/strong> diretto dalla coreografa <strong>Suzanne Postersmith<\/strong> eseguir\u00e0 un balletto ispirato alla sinfonia.<\/p>\n<p>Anello di congiunzione fra gli Stati Uniti e l&#8217;Europa sar\u00e0<strong> il compositore britannico Alec Roth, <\/strong>il quale ha dichiarato: \u201cOggi, guardandoci attorno, sembra che ci siano cos\u00ec tante cose a dividerci gli uni dagli altri\u2026 Ma la musica non ha ancora perso il suo potere, ovvero ispirarci individualmente e legarci in un&#8217;unica comunit\u00e0\u201d.<\/p>\n<p><strong>L&#8217;ingresso al concerto \u00e8 libero<\/strong> ma la prenotazione all&#8217;indirizzo email <strong>festivalwestwind@gmail.com<\/strong> \u00e8 consigliata. Per maggiori informazioni: <strong>348 1504022.<\/strong><\/p>\n","protected":false},"excerpt":{"rendered":"<p>Marted\u00ec 21 maggio a Firenze la Gonzaga University in Florence, il Conservatorio Cherubini e l&#8217;Universit\u00e0 degli Studi di Firenze inaugurano un&#8217;inedita partnership musicale che vedr\u00e0 in scena musicisti americani e fiorentini<\/p>\n","protected":false},"author":525,"featured_media":98134,"comment_status":"open","ping_status":"open","sticky":false,"template":"","format":"standard","meta":{"_acf_changed":false,"footnotes":""},"categories":[14],"tags":[],"class_list":["post-60824","post","type-post","status-publish","format-standard","has-post-thumbnail","hentry","category-musica"],"acf":[],"yoast_head":"<!-- This site is optimized with the Yoast SEO Premium plugin v24.2 (Yoast SEO v25.6) - https:\/\/yoast.com\/wordpress\/plugins\/seo\/ -->\n<title>Al Teatro della Pergola arriva &#039;West Wind Musica Transatlantica&#039; - intoscana<\/title>\n<meta name=\"description\" content=\"marted\u00ec 21 maggio al Teatro della Pergola: &#039;West Wind - Musica Transatlantica&#039;\" \/>\n<meta name=\"robots\" content=\"index, follow, max-snippet:-1, max-image-preview:large, max-video-preview:-1\" \/>\n<link rel=\"canonical\" href=\"https:\/\/www.intoscana.it\/it\/al-teatro-della-pergola-arriva-west-wind-musica-transatlantica\/\" \/>\n<meta property=\"og:locale\" content=\"it_IT\" \/>\n<meta property=\"og:type\" content=\"article\" \/>\n<meta property=\"og:title\" content=\"Al Teatro della Pergola arriva &#039;West Wind Musica Transatlantica&#039;\" \/>\n<meta property=\"og:description\" content=\"marted\u00ec 21 maggio al Teatro della Pergola: &#039;West Wind - Musica Transatlantica&#039;\" \/>\n<meta property=\"og:url\" content=\"https:\/\/www.intoscana.it\/it\/al-teatro-della-pergola-arriva-west-wind-musica-transatlantica\/\" \/>\n<meta property=\"og:site_name\" content=\"intoscana\" \/>\n<meta property=\"article:publisher\" content=\"https:\/\/www.facebook.com\/intoscana.it\" \/>\n<meta property=\"article:published_time\" content=\"2019-05-20T10:09:32+00:00\" \/>\n<meta property=\"article:modified_time\" content=\"2020-05-18T08:08:23+00:00\" \/>\n<meta property=\"og:image\" content=\"https:\/\/www.intoscana.it\/wp-content\/uploads\/immagine-conferenza-stampa-west-wind_-in-piedi-il-coro-della-gonzaga-university-_-a-sedere-i-relatori-della-conferenza.jpg\" \/>\n\t<meta property=\"og:image:width\" content=\"2000\" \/>\n\t<meta property=\"og:image:height\" content=\"1128\" \/>\n\t<meta property=\"og:image:type\" content=\"image\/jpeg\" \/>\n<meta name=\"author\" content=\"Redazione\" \/>\n<meta name=\"twitter:card\" content=\"summary_large_image\" \/>\n<meta name=\"twitter:creator\" content=\"@intoscana\" \/>\n<meta name=\"twitter:site\" content=\"@intoscana\" \/>\n<meta name=\"twitter:label1\" content=\"Written by\" \/>\n\t<meta name=\"twitter:data1\" content=\"Redazione\" \/>\n\t<meta name=\"twitter:label2\" content=\"Est. reading time\" \/>\n\t<meta name=\"twitter:data2\" content=\"1 minuto\" \/>\n<script type=\"application\/ld+json\" class=\"yoast-schema-graph\">{\"@context\":\"https:\/\/schema.org\",\"@graph\":[{\"@type\":\"WebPage\",\"@id\":\"https:\/\/www.intoscana.it\/it\/al-teatro-della-pergola-arriva-west-wind-musica-transatlantica\/\",\"url\":\"https:\/\/www.intoscana.it\/it\/al-teatro-della-pergola-arriva-west-wind-musica-transatlantica\/\",\"name\":\"Al Teatro della Pergola arriva 'West Wind Musica Transatlantica' - intoscana\",\"isPartOf\":{\"@id\":\"https:\/\/www.intoscana.it\/it\/#website\"},\"primaryImageOfPage\":{\"@id\":\"https:\/\/www.intoscana.it\/it\/al-teatro-della-pergola-arriva-west-wind-musica-transatlantica\/#primaryimage\"},\"image\":{\"@id\":\"https:\/\/www.intoscana.it\/it\/al-teatro-della-pergola-arriva-west-wind-musica-transatlantica\/#primaryimage\"},\"thumbnailUrl\":\"https:\/\/www.intoscana.it\/wp-content\/uploads\/immagine-conferenza-stampa-west-wind_-in-piedi-il-coro-della-gonzaga-university-_-a-sedere-i-relatori-della-conferenza.jpg\",\"datePublished\":\"2019-05-20T10:09:32+00:00\",\"dateModified\":\"2020-05-18T08:08:23+00:00\",\"author\":{\"@id\":\"https:\/\/www.intoscana.it\/it\/#\/schema\/person\/9223810753230f20bd670fdd322661f8\"},\"description\":\"marted\u00ec 21 maggio al Teatro della Pergola: 'West Wind - Musica Transatlantica'\",\"breadcrumb\":{\"@id\":\"https:\/\/www.intoscana.it\/it\/al-teatro-della-pergola-arriva-west-wind-musica-transatlantica\/#breadcrumb\"},\"inLanguage\":\"it-IT\",\"potentialAction\":[{\"@type\":\"ReadAction\",\"target\":[\"https:\/\/www.intoscana.it\/it\/al-teatro-della-pergola-arriva-west-wind-musica-transatlantica\/\"]}]},{\"@type\":\"ImageObject\",\"inLanguage\":\"it-IT\",\"@id\":\"https:\/\/www.intoscana.it\/it\/al-teatro-della-pergola-arriva-west-wind-musica-transatlantica\/#primaryimage\",\"url\":\"https:\/\/www.intoscana.it\/wp-content\/uploads\/immagine-conferenza-stampa-west-wind_-in-piedi-il-coro-della-gonzaga-university-_-a-sedere-i-relatori-della-conferenza.jpg\",\"contentUrl\":\"https:\/\/www.intoscana.it\/wp-content\/uploads\/immagine-conferenza-stampa-west-wind_-in-piedi-il-coro-della-gonzaga-university-_-a-sedere-i-relatori-della-conferenza.jpg\",\"width\":2000,\"height\":1128},{\"@type\":\"BreadcrumbList\",\"@id\":\"https:\/\/www.intoscana.it\/it\/al-teatro-della-pergola-arriva-west-wind-musica-transatlantica\/#breadcrumb\",\"itemListElement\":[{\"@type\":\"ListItem\",\"position\":1,\"name\":\"Home\",\"item\":\"https:\/\/www.intoscana.it\/it\/\"},{\"@type\":\"ListItem\",\"position\":2,\"name\":\"Al Teatro della Pergola arriva &#8216;West Wind Musica Transatlantica&#8217;\"}]},{\"@type\":\"WebSite\",\"@id\":\"https:\/\/www.intoscana.it\/it\/#website\",\"url\":\"https:\/\/www.intoscana.it\/it\/\",\"name\":\"intoscana\",\"description\":\"\",\"potentialAction\":[{\"@type\":\"SearchAction\",\"target\":{\"@type\":\"EntryPoint\",\"urlTemplate\":\"https:\/\/www.intoscana.it\/it\/?s={search_term_string}\"},\"query-input\":{\"@type\":\"PropertyValueSpecification\",\"valueRequired\":true,\"valueName\":\"search_term_string\"}}],\"inLanguage\":\"it-IT\"},{\"@type\":\"Person\",\"@id\":\"https:\/\/www.intoscana.it\/it\/#\/schema\/person\/9223810753230f20bd670fdd322661f8\",\"name\":\"Redazione\",\"url\":\"https:\/\/www.intoscana.it\/it\/author\/redazione\/\"}]}<\/script>\n<!-- \/ Yoast SEO Premium plugin. -->","yoast_head_json":{"title":"Al Teatro della Pergola arriva 'West Wind Musica Transatlantica' - intoscana","description":"marted\u00ec 21 maggio al Teatro della Pergola: 'West Wind - Musica Transatlantica'","robots":{"index":"index","follow":"follow","max-snippet":"max-snippet:-1","max-image-preview":"max-image-preview:large","max-video-preview":"max-video-preview:-1"},"canonical":"https:\/\/www.intoscana.it\/it\/al-teatro-della-pergola-arriva-west-wind-musica-transatlantica\/","og_locale":"it_IT","og_type":"article","og_title":"Al Teatro della Pergola arriva 'West Wind Musica Transatlantica'","og_description":"marted\u00ec 21 maggio al Teatro della Pergola: 'West Wind - Musica Transatlantica'","og_url":"https:\/\/www.intoscana.it\/it\/al-teatro-della-pergola-arriva-west-wind-musica-transatlantica\/","og_site_name":"intoscana","article_publisher":"https:\/\/www.facebook.com\/intoscana.it","article_published_time":"2019-05-20T10:09:32+00:00","article_modified_time":"2020-05-18T08:08:23+00:00","og_image":[{"width":2000,"height":1128,"url":"https:\/\/www.intoscana.it\/wp-content\/uploads\/immagine-conferenza-stampa-west-wind_-in-piedi-il-coro-della-gonzaga-university-_-a-sedere-i-relatori-della-conferenza.jpg","type":"image\/jpeg"}],"author":"Redazione","twitter_card":"summary_large_image","twitter_creator":"@intoscana","twitter_site":"@intoscana","twitter_misc":{"Written by":"Redazione","Est. reading time":"1 minuto"},"schema":{"@context":"https:\/\/schema.org","@graph":[{"@type":"WebPage","@id":"https:\/\/www.intoscana.it\/it\/al-teatro-della-pergola-arriva-west-wind-musica-transatlantica\/","url":"https:\/\/www.intoscana.it\/it\/al-teatro-della-pergola-arriva-west-wind-musica-transatlantica\/","name":"Al Teatro della Pergola arriva 'West Wind Musica Transatlantica' - intoscana","isPartOf":{"@id":"https:\/\/www.intoscana.it\/it\/#website"},"primaryImageOfPage":{"@id":"https:\/\/www.intoscana.it\/it\/al-teatro-della-pergola-arriva-west-wind-musica-transatlantica\/#primaryimage"},"image":{"@id":"https:\/\/www.intoscana.it\/it\/al-teatro-della-pergola-arriva-west-wind-musica-transatlantica\/#primaryimage"},"thumbnailUrl":"https:\/\/www.intoscana.it\/wp-content\/uploads\/immagine-conferenza-stampa-west-wind_-in-piedi-il-coro-della-gonzaga-university-_-a-sedere-i-relatori-della-conferenza.jpg","datePublished":"2019-05-20T10:09:32+00:00","dateModified":"2020-05-18T08:08:23+00:00","author":{"@id":"https:\/\/www.intoscana.it\/it\/#\/schema\/person\/9223810753230f20bd670fdd322661f8"},"description":"marted\u00ec 21 maggio al Teatro della Pergola: 'West Wind - Musica Transatlantica'","breadcrumb":{"@id":"https:\/\/www.intoscana.it\/it\/al-teatro-della-pergola-arriva-west-wind-musica-transatlantica\/#breadcrumb"},"inLanguage":"it-IT","potentialAction":[{"@type":"ReadAction","target":["https:\/\/www.intoscana.it\/it\/al-teatro-della-pergola-arriva-west-wind-musica-transatlantica\/"]}]},{"@type":"ImageObject","inLanguage":"it-IT","@id":"https:\/\/www.intoscana.it\/it\/al-teatro-della-pergola-arriva-west-wind-musica-transatlantica\/#primaryimage","url":"https:\/\/www.intoscana.it\/wp-content\/uploads\/immagine-conferenza-stampa-west-wind_-in-piedi-il-coro-della-gonzaga-university-_-a-sedere-i-relatori-della-conferenza.jpg","contentUrl":"https:\/\/www.intoscana.it\/wp-content\/uploads\/immagine-conferenza-stampa-west-wind_-in-piedi-il-coro-della-gonzaga-university-_-a-sedere-i-relatori-della-conferenza.jpg","width":2000,"height":1128},{"@type":"BreadcrumbList","@id":"https:\/\/www.intoscana.it\/it\/al-teatro-della-pergola-arriva-west-wind-musica-transatlantica\/#breadcrumb","itemListElement":[{"@type":"ListItem","position":1,"name":"Home","item":"https:\/\/www.intoscana.it\/it\/"},{"@type":"ListItem","position":2,"name":"Al Teatro della Pergola arriva &#8216;West Wind Musica Transatlantica&#8217;"}]},{"@type":"WebSite","@id":"https:\/\/www.intoscana.it\/it\/#website","url":"https:\/\/www.intoscana.it\/it\/","name":"intoscana","description":"","potentialAction":[{"@type":"SearchAction","target":{"@type":"EntryPoint","urlTemplate":"https:\/\/www.intoscana.it\/it\/?s={search_term_string}"},"query-input":{"@type":"PropertyValueSpecification","valueRequired":true,"valueName":"search_term_string"}}],"inLanguage":"it-IT"},{"@type":"Person","@id":"https:\/\/www.intoscana.it\/it\/#\/schema\/person\/9223810753230f20bd670fdd322661f8","name":"Redazione","url":"https:\/\/www.intoscana.it\/it\/author\/redazione\/"}]}},"_links":{"self":[{"href":"https:\/\/www.intoscana.it\/it\/wp-json\/wp\/v2\/posts\/60824","targetHints":{"allow":["GET"]}}],"collection":[{"href":"https:\/\/www.intoscana.it\/it\/wp-json\/wp\/v2\/posts"}],"about":[{"href":"https:\/\/www.intoscana.it\/it\/wp-json\/wp\/v2\/types\/post"}],"author":[{"embeddable":true,"href":"https:\/\/www.intoscana.it\/it\/wp-json\/wp\/v2\/users\/525"}],"replies":[{"embeddable":true,"href":"https:\/\/www.intoscana.it\/it\/wp-json\/wp\/v2\/comments?post=60824"}],"version-history":[{"count":0,"href":"https:\/\/www.intoscana.it\/it\/wp-json\/wp\/v2\/posts\/60824\/revisions"}],"wp:featuredmedia":[{"embeddable":true,"href":"https:\/\/www.intoscana.it\/it\/wp-json\/wp\/v2\/media\/98134"}],"wp:attachment":[{"href":"https:\/\/www.intoscana.it\/it\/wp-json\/wp\/v2\/media?parent=60824"}],"wp:term":[{"taxonomy":"category","embeddable":true,"href":"https:\/\/www.intoscana.it\/it\/wp-json\/wp\/v2\/categories?post=60824"},{"taxonomy":"post_tag","embeddable":true,"href":"https:\/\/www.intoscana.it\/it\/wp-json\/wp\/v2\/tags?post=60824"}],"curies":[{"name":"wp","href":"https:\/\/api.w.org\/{rel}","templated":true}]}}