{"id":60827,"date":"2019-08-30T10:31:27","date_gmt":"2019-08-30T10:31:27","guid":{"rendered":"http:\/\/www.intoscana.it\/festival-toscano-di-musica-antica-viaggio-attraverso-il-romanico\/"},"modified":"2020-05-19T15:49:03","modified_gmt":"2020-05-19T13:49:03","slug":"festival-musica-antica","status":"publish","type":"post","link":"https:\/\/www.intoscana.it\/it\/festival-musica-antica\/","title":{"rendered":"Festival toscano di musica antica, viaggio attraverso il romanico"},"content":{"rendered":"<p><strong>Un viaggio musicale nel romanico pisano attraverso la voce nei luoghi pi\u00f9 suggestivi del territorio.<\/strong> Un\u2019esperienza unica nel cuore di Pisa. Da oggi, venerd\u00ec 30 agosto, e fino a domenica 2 settembre, tre giorni di musica tra Pisa e Cascina per la 24esima edizione del Festival Toscano di Musica Antica, uno dei pi\u00f9 celebri e longevi di tutta Italia.<\/p>\n<p><strong>Organizzato gi\u00e0 dalla scorsa edizione in stretta collaborazione tra Auser Musici e il Teatro di Pisa, il festival \u00e8 diretto dal Maestro Carlo Ipata e quest\u2019anno sar\u00e0 interamente a ingresso gratuito grazie al contributo di Fondazione Pisa, Regione Toscana e Comune di Cascina<\/strong>. Come di consueto, gli appuntamenti si articolano in un concerto pomeridiano alle 19 e uno serale alle 21.30, mentre le mattine sono dedicate alle visite guidate dei musei cittadini.<\/p>\n<p>\u00abL\u2019idea di abbinare musica e arti figurative a luoghi ricchi di storia e di cultura, come ad esempio la chiesa di San Piero a Grado o gli Arsenali Repubblicani \u2013 dice l\u2019assessore al turismo del Comune di Pisa, Paolo Pesciatini \u2013 \u00e8 un\u2019occasione imperdibile e unica per i cittadini e per i turisti che desiderino vivere un\u2019esperienza straordinaria e coinvolgente. Questo prestigioso festival, come altre iniziative che abbiamo realizzato e sostenuto, \u00e8 un\u2019ulteriore occasione per favorire la permanenza nella nostra citt\u00e0 e a condurre gli ospiti alla scoperta di tutto quello che oltre la torre arricchisce la bellezza di Pisa\u00bb.<\/p>\n<p><strong>Sottotitolo dell&#8217;edizione 2019 del festival \u00e8 infatti &#8220;Un viaggio musicale attraverso il romanico pisano&#8221;, con le due Basiliche di San Casciano e di San Piero a Grado che simbolicamente aprono e chiudono il Festival<\/strong>, in un ideale percorso lungo il fiume Arno che si dipana attraverso la Chiesa di San Piero in Vinculis, la Chiesa della Spina e gli Arsenali alla Cittadella.<\/p>\n<p><strong>Dopo la partenza con la visita guidata al Museo di San Matteo<\/strong> (visita gratuita curata dalla dottoressa Maria Giulia Burresi, ingresso al museo a pagamento), appuntamento alle 19 del 30 agosto presso il Teatro Sant\u2019Andrea per il concerto di apertura con Auser Musici. \u00abSar\u00e0 un breve concerto \u2013 spiega il Maestro Ipata \u2013 ma estremamente significativo, perch\u00e9 suoneremo esclusivamente brani tratti da un fondo musicale privato pisano che ancora deve essere catalogato\u00bb. Si tratta del Fondo Musicale Alamanno Agostini scoperto da Ipata all\u2019interno del Palazzo Della Seta (oggi Pilo Boyl Agostini) in via Santa Cecilia. Il fondo, che contiene 464 titoli, prende il nome da uno degli avi della famiglia che nel palazzo nobiliare istitu\u00ec una scuola di musica avviando un\u2019importante attivit\u00e0 della quale il Fondo \u00e8 appunto testimonianza. Un primo elenco delle opere conservate ha permesso di evidenziare alcune rarit\u00e0 come la Sonata di Vivaldi eseguita l\u2019anno scorso e il Concerto \u201cdel Pergolese\u201d per traversiere che verr\u00e0 eseguito durante il concerto di apertura di quest\u2019anno. Il Fondo contiene anche moltissimi Arie, Duetti e Terzetti (buffi e seri) tratti da opere di Traetta, Piccinni, Cimarosa, Paisiello, Leo, ma anche Mozart, J.C. Bach e musica strumentale di Vivaldi, Tartini, Handel, Locatelli, Nardini, Rolla, Lidarti, fra gli altri. Per la catalogazione e lo studio del Fondo Musicale Alamanno verr\u00e0 indetta una borsa di studio, frutto della collaborazione fra Auser Musici e il Dipartimento di eccellenza di Storia, Archeologia, Geografia, Arte e Spettacolo (SAGAS) dell\u2019Universit\u00e0 di Firenze.<\/p>\n<p><strong>La sera del 30 agosto, nella splendida cornice di San Casciano, a esibirsi sar\u00e0 l\u2019ensemble di musica medievale Micrologus<\/strong>, celebre per la realizzazione della colonna sonora del film Mediterraneo di Gabriele Salvatores, che intratterr\u00e0 il pubblico con un programma sacro intitolato Madre de Deus. \u00ab\u00c8 davvero un grande piacere ospitare a Cascina \u2013 dice l\u2019assessore alla Cultura Leonardo Cosentini \u2013 un Festival di questa rilevanza e un ensemble tanto celebre in una perfetta cornice quale la Pieve dei Santi Ippolito e Cassiano risalente all\u2019Alto Medioevo\u00bb.<\/p>\n<p><strong>Sabato mattina visita guidata ancora in compagnia della dottoressa Burresi, ma questa volta alla scoperta del Museo di Palazzo Reale<\/strong>, per poi ritrovarsi alle 19 alla Chiesa della Spina (sar\u00e0 chiuso il traffico veicolare sui lungarni) per assistere alla performance del soprano Benedetta Gaggioli, accompagnato dalla tiorba di Giovanni Bellini. La sera a San Piero a Grado ancora Auser Musici, questa volta con un programma sacro a 5 voci: Dulcissima crux. La domenica si apre con la visita guidata, sempre gratuita, al Museo delle Navi antiche, prosegue con i Fioretti spirituali di Auser Musici nella Chiesa di San Pietro in Vinculis, e si conclude agli Arsenali repubblicani per un concerto che non mancher\u00e0 di stupire. Musica Nuda infatti, il famoso duo composto dalla pisana Petra Magoni e dal contrabbassista Ferruccio Spinetti, si esibir\u00e0 per la prima volta in assoluto in un repertorio che spazia dai primi del \u2018600 con Giulio Caccini alla seconda met\u00e0 del Novecento con Piero Ciampi.<\/p>\n<p>I posti sono limitati. L\u2019apertura delle porte avviene mezzora prima di ogni concerto.<\/p>\n<p><strong>Info<\/strong><br \/><a href=\"http:\/\/www.ausermusici.org\" target=\"_blank\" rel=\"noopener noreferrer\">www.ausermusici.org<\/a><\/p>\n","protected":false},"excerpt":{"rendered":"<p>A Pisa prende il via la 24esima edizione del festival che, tra l&#8217;altro, in prima assoluta presenter\u00e0 inediti del Fondo Alamanno. Ingressi gratuiti, fino al 2 settembre<\/p>\n","protected":false},"author":525,"featured_media":98137,"comment_status":"open","ping_status":"open","sticky":false,"template":"","format":"standard","meta":{"_acf_changed":false,"footnotes":""},"categories":[14],"tags":[167,203],"class_list":["post-60827","post","type-post","status-publish","format-standard","has-post-thumbnail","hentry","category-musica","tag-musica","tag-pisa"],"acf":[],"yoast_head":"<!-- This site is optimized with the Yoast SEO Premium plugin v24.2 (Yoast SEO v25.6) - https:\/\/yoast.com\/wordpress\/plugins\/seo\/ -->\n<title>Festival toscano di musica antica, viaggio attraverso il romanico - intoscana<\/title>\n<meta name=\"robots\" content=\"index, follow, max-snippet:-1, max-image-preview:large, max-video-preview:-1\" \/>\n<link rel=\"canonical\" href=\"https:\/\/www.intoscana.it\/it\/festival-musica-antica\/\" \/>\n<meta property=\"og:locale\" content=\"it_IT\" \/>\n<meta property=\"og:type\" content=\"article\" \/>\n<meta property=\"og:title\" content=\"Festival toscano di musica antica, viaggio attraverso il romanico\" \/>\n<meta property=\"og:description\" content=\"A Pisa prende il via la 24esima edizione del festival che, tra l&#039;altro, in prima assoluta presenter\u00e0 inediti del Fondo Alamanno. Ingressi gratuiti, fino al 2 settembre\" \/>\n<meta property=\"og:url\" content=\"https:\/\/www.intoscana.it\/it\/festival-musica-antica\/\" \/>\n<meta property=\"og:site_name\" content=\"intoscana\" \/>\n<meta property=\"article:publisher\" content=\"https:\/\/www.facebook.com\/intoscana.it\" \/>\n<meta property=\"article:published_time\" content=\"2019-08-30T10:31:27+00:00\" \/>\n<meta property=\"article:modified_time\" content=\"2020-05-19T13:49:03+00:00\" \/>\n<meta property=\"og:image\" content=\"https:\/\/www.intoscana.it\/wp-content\/uploads\/festival-musica-antica-2019-pisa.jpg\" \/>\n\t<meta property=\"og:image:width\" content=\"2000\" \/>\n\t<meta property=\"og:image:height\" content=\"1500\" \/>\n\t<meta property=\"og:image:type\" content=\"image\/jpeg\" \/>\n<meta name=\"author\" content=\"Redazione\" \/>\n<meta name=\"twitter:card\" content=\"summary_large_image\" \/>\n<meta name=\"twitter:creator\" content=\"@intoscana\" \/>\n<meta name=\"twitter:site\" content=\"@intoscana\" \/>\n<meta name=\"twitter:label1\" content=\"Written by\" \/>\n\t<meta name=\"twitter:data1\" content=\"Redazione\" \/>\n\t<meta name=\"twitter:label2\" content=\"Est. reading time\" \/>\n\t<meta name=\"twitter:data2\" content=\"4 minuti\" \/>\n<script type=\"application\/ld+json\" class=\"yoast-schema-graph\">{\"@context\":\"https:\/\/schema.org\",\"@graph\":[{\"@type\":\"WebPage\",\"@id\":\"https:\/\/www.intoscana.it\/it\/festival-musica-antica\/\",\"url\":\"https:\/\/www.intoscana.it\/it\/festival-musica-antica\/\",\"name\":\"Festival toscano di musica antica, viaggio attraverso il romanico - intoscana\",\"isPartOf\":{\"@id\":\"https:\/\/www.intoscana.it\/it\/#website\"},\"primaryImageOfPage\":{\"@id\":\"https:\/\/www.intoscana.it\/it\/festival-musica-antica\/#primaryimage\"},\"image\":{\"@id\":\"https:\/\/www.intoscana.it\/it\/festival-musica-antica\/#primaryimage\"},\"thumbnailUrl\":\"https:\/\/www.intoscana.it\/wp-content\/uploads\/festival-musica-antica-2019-pisa.jpg\",\"datePublished\":\"2019-08-30T10:31:27+00:00\",\"dateModified\":\"2020-05-19T13:49:03+00:00\",\"author\":{\"@id\":\"https:\/\/www.intoscana.it\/it\/#\/schema\/person\/9223810753230f20bd670fdd322661f8\"},\"breadcrumb\":{\"@id\":\"https:\/\/www.intoscana.it\/it\/festival-musica-antica\/#breadcrumb\"},\"inLanguage\":\"it-IT\",\"potentialAction\":[{\"@type\":\"ReadAction\",\"target\":[\"https:\/\/www.intoscana.it\/it\/festival-musica-antica\/\"]}]},{\"@type\":\"ImageObject\",\"inLanguage\":\"it-IT\",\"@id\":\"https:\/\/www.intoscana.it\/it\/festival-musica-antica\/#primaryimage\",\"url\":\"https:\/\/www.intoscana.it\/wp-content\/uploads\/festival-musica-antica-2019-pisa.jpg\",\"contentUrl\":\"https:\/\/www.intoscana.it\/wp-content\/uploads\/festival-musica-antica-2019-pisa.jpg\",\"width\":2000,\"height\":1500,\"caption\":\"Festival Toscano di Musica Antica a Pisa\"},{\"@type\":\"BreadcrumbList\",\"@id\":\"https:\/\/www.intoscana.it\/it\/festival-musica-antica\/#breadcrumb\",\"itemListElement\":[{\"@type\":\"ListItem\",\"position\":1,\"name\":\"Home\",\"item\":\"https:\/\/www.intoscana.it\/it\/\"},{\"@type\":\"ListItem\",\"position\":2,\"name\":\"Festival toscano di musica antica, viaggio attraverso il romanico\"}]},{\"@type\":\"WebSite\",\"@id\":\"https:\/\/www.intoscana.it\/it\/#website\",\"url\":\"https:\/\/www.intoscana.it\/it\/\",\"name\":\"intoscana\",\"description\":\"\",\"potentialAction\":[{\"@type\":\"SearchAction\",\"target\":{\"@type\":\"EntryPoint\",\"urlTemplate\":\"https:\/\/www.intoscana.it\/it\/?s={search_term_string}\"},\"query-input\":{\"@type\":\"PropertyValueSpecification\",\"valueRequired\":true,\"valueName\":\"search_term_string\"}}],\"inLanguage\":\"it-IT\"},{\"@type\":\"Person\",\"@id\":\"https:\/\/www.intoscana.it\/it\/#\/schema\/person\/9223810753230f20bd670fdd322661f8\",\"name\":\"Redazione\",\"url\":\"https:\/\/www.intoscana.it\/it\/author\/redazione\/\"}]}<\/script>\n<!-- \/ Yoast SEO Premium plugin. -->","yoast_head_json":{"title":"Festival toscano di musica antica, viaggio attraverso il romanico - intoscana","robots":{"index":"index","follow":"follow","max-snippet":"max-snippet:-1","max-image-preview":"max-image-preview:large","max-video-preview":"max-video-preview:-1"},"canonical":"https:\/\/www.intoscana.it\/it\/festival-musica-antica\/","og_locale":"it_IT","og_type":"article","og_title":"Festival toscano di musica antica, viaggio attraverso il romanico","og_description":"A Pisa prende il via la 24esima edizione del festival che, tra l'altro, in prima assoluta presenter\u00e0 inediti del Fondo Alamanno. Ingressi gratuiti, fino al 2 settembre","og_url":"https:\/\/www.intoscana.it\/it\/festival-musica-antica\/","og_site_name":"intoscana","article_publisher":"https:\/\/www.facebook.com\/intoscana.it","article_published_time":"2019-08-30T10:31:27+00:00","article_modified_time":"2020-05-19T13:49:03+00:00","og_image":[{"width":2000,"height":1500,"url":"https:\/\/www.intoscana.it\/wp-content\/uploads\/festival-musica-antica-2019-pisa.jpg","type":"image\/jpeg"}],"author":"Redazione","twitter_card":"summary_large_image","twitter_creator":"@intoscana","twitter_site":"@intoscana","twitter_misc":{"Written by":"Redazione","Est. reading time":"4 minuti"},"schema":{"@context":"https:\/\/schema.org","@graph":[{"@type":"WebPage","@id":"https:\/\/www.intoscana.it\/it\/festival-musica-antica\/","url":"https:\/\/www.intoscana.it\/it\/festival-musica-antica\/","name":"Festival toscano di musica antica, viaggio attraverso il romanico - intoscana","isPartOf":{"@id":"https:\/\/www.intoscana.it\/it\/#website"},"primaryImageOfPage":{"@id":"https:\/\/www.intoscana.it\/it\/festival-musica-antica\/#primaryimage"},"image":{"@id":"https:\/\/www.intoscana.it\/it\/festival-musica-antica\/#primaryimage"},"thumbnailUrl":"https:\/\/www.intoscana.it\/wp-content\/uploads\/festival-musica-antica-2019-pisa.jpg","datePublished":"2019-08-30T10:31:27+00:00","dateModified":"2020-05-19T13:49:03+00:00","author":{"@id":"https:\/\/www.intoscana.it\/it\/#\/schema\/person\/9223810753230f20bd670fdd322661f8"},"breadcrumb":{"@id":"https:\/\/www.intoscana.it\/it\/festival-musica-antica\/#breadcrumb"},"inLanguage":"it-IT","potentialAction":[{"@type":"ReadAction","target":["https:\/\/www.intoscana.it\/it\/festival-musica-antica\/"]}]},{"@type":"ImageObject","inLanguage":"it-IT","@id":"https:\/\/www.intoscana.it\/it\/festival-musica-antica\/#primaryimage","url":"https:\/\/www.intoscana.it\/wp-content\/uploads\/festival-musica-antica-2019-pisa.jpg","contentUrl":"https:\/\/www.intoscana.it\/wp-content\/uploads\/festival-musica-antica-2019-pisa.jpg","width":2000,"height":1500,"caption":"Festival Toscano di Musica Antica a Pisa"},{"@type":"BreadcrumbList","@id":"https:\/\/www.intoscana.it\/it\/festival-musica-antica\/#breadcrumb","itemListElement":[{"@type":"ListItem","position":1,"name":"Home","item":"https:\/\/www.intoscana.it\/it\/"},{"@type":"ListItem","position":2,"name":"Festival toscano di musica antica, viaggio attraverso il romanico"}]},{"@type":"WebSite","@id":"https:\/\/www.intoscana.it\/it\/#website","url":"https:\/\/www.intoscana.it\/it\/","name":"intoscana","description":"","potentialAction":[{"@type":"SearchAction","target":{"@type":"EntryPoint","urlTemplate":"https:\/\/www.intoscana.it\/it\/?s={search_term_string}"},"query-input":{"@type":"PropertyValueSpecification","valueRequired":true,"valueName":"search_term_string"}}],"inLanguage":"it-IT"},{"@type":"Person","@id":"https:\/\/www.intoscana.it\/it\/#\/schema\/person\/9223810753230f20bd670fdd322661f8","name":"Redazione","url":"https:\/\/www.intoscana.it\/it\/author\/redazione\/"}]}},"_links":{"self":[{"href":"https:\/\/www.intoscana.it\/it\/wp-json\/wp\/v2\/posts\/60827","targetHints":{"allow":["GET"]}}],"collection":[{"href":"https:\/\/www.intoscana.it\/it\/wp-json\/wp\/v2\/posts"}],"about":[{"href":"https:\/\/www.intoscana.it\/it\/wp-json\/wp\/v2\/types\/post"}],"author":[{"embeddable":true,"href":"https:\/\/www.intoscana.it\/it\/wp-json\/wp\/v2\/users\/525"}],"replies":[{"embeddable":true,"href":"https:\/\/www.intoscana.it\/it\/wp-json\/wp\/v2\/comments?post=60827"}],"version-history":[{"count":0,"href":"https:\/\/www.intoscana.it\/it\/wp-json\/wp\/v2\/posts\/60827\/revisions"}],"wp:featuredmedia":[{"embeddable":true,"href":"https:\/\/www.intoscana.it\/it\/wp-json\/wp\/v2\/media\/98137"}],"wp:attachment":[{"href":"https:\/\/www.intoscana.it\/it\/wp-json\/wp\/v2\/media?parent=60827"}],"wp:term":[{"taxonomy":"category","embeddable":true,"href":"https:\/\/www.intoscana.it\/it\/wp-json\/wp\/v2\/categories?post=60827"},{"taxonomy":"post_tag","embeddable":true,"href":"https:\/\/www.intoscana.it\/it\/wp-json\/wp\/v2\/tags?post=60827"}],"curies":[{"name":"wp","href":"https:\/\/api.w.org\/{rel}","templated":true}]}}