{"id":60829,"date":"2019-08-21T10:45:30","date_gmt":"2019-08-21T10:45:30","guid":{"rendered":"http:\/\/www.intoscana.it\/fosca-in-tepidario-tre-giorni-dedicati-alle-arti-contemporanee\/"},"modified":"2020-05-19T15:49:03","modified_gmt":"2020-05-19T13:49:03","slug":"fosca-in-tepidario-firenze-festival-gratuito","status":"publish","type":"post","link":"https:\/\/www.intoscana.it\/it\/fosca-in-tepidario-firenze-festival-gratuito\/","title":{"rendered":"&#8216;Fosca in Tepidario&#8217;: tre giorni dedicati alle arti contemporanee"},"content":{"rendered":"<p><strong>Torna a Firenze &#8216;Fosca in Tepidario&#8217;<\/strong> il festival dedicato alle arti contemporanee,<strong> tre giorni di lezioni e incontri pubblici (lectio), laboratori e workshop (ludus), performance e spettacoli dal vivo (visio)<\/strong> per indagare come i tanti linguaggi dell\u2019arte si muovono tra concetti contrastanti come pubblico e privato, presenza ed estraneit\u00e0, segreto e rivelazione.&nbsp;<strong>La rassegna, a ingresso libero, si svolger\u00e0 il 5, 6 e 7 settembre<\/strong> presso il <strong>Tepidario del Roster, al Giardino dell\u2019Orticoltura di Firenze.<\/strong>&nbsp;<\/p>\n<p>La 5a edizione di Fosca in Tepidario prender\u00e0 il via nella tarda serata di <strong>gioved\u00ec 5 settembre<\/strong> con l&#8217;installazione<strong> &#8216;VISITA GUIDATA&#8217; un&#8217;esposizione di quadri,<\/strong> in dinamica creata dagli artisti <strong>Giovanni De Gara e Luca Camilletti<\/strong> con disegno luci di Marco Santambrogio. A partire dall&#8217;esposizione di tele che rappresentano piante, fiori e arbusti cresciuti in campi da calcio \u2013 da cui il titolo della mostra di De Gara Spring Is Late!: campi da calcio fioriti &#8211; gli artisti mettono in scena un dispositivo che da statico diventa dinamico grazie al commento di uno storico dell\u2019arte durante la visita guidata.<\/p>\n<p>La mattina di <strong>venerd\u00ec 6 settembre<\/strong>, lo spazio del tepidario ospiter\u00e0 <strong>due seminari rivolti a giovani e adolescenti<\/strong>: <em><strong>Cyber bullismo e utilizzo responsabile della rete<\/strong><\/em> condotto dalla Dottoressa Isabella Bruni, specializzata in attivit\u00e0 di formazione e informazione rivolta a insegnanti, educatori e genitori su rischi e opportunit\u00e0 di internet e dei nuovi media. A seguire il seminario esperienziale su <em><strong>Le arti della scena<\/strong><\/em> condotto da <strong>Artisceniche<\/strong>.&nbsp;<br \/>La giornata riprender\u00e0<strong> alle 19<\/strong> con la lectio <em><strong>Panorama delle Frequenze<\/strong><\/em> dell&#8217;artista francese <strong>Emmanuel Holterbach,<\/strong> sound artist e compositore di musica concreta che ha presentato i suoi lavori in Europa, Canada e Cina. L\u2019artista realizza performance, composizioni e installazioni per le quali ha coniato il termine &#8220;acusmagia\u201d in cui investiga la musicalit\u00e0 intensa e spontanea di certi fenomeni naturali. Grazie ai suoni catturati in contesti naturali e industriali crea composizioni elettroacustiche uniche.<br \/><strong>Alle ore 21<\/strong> avr\u00e0 luogo la performance <em><strong>Ricercar nell&#8217;ombra (vuoto-energia-rilievo)<\/strong><\/em> eseguita dal vivo da <strong>Blutwurst &#8211; ensemble di sette musicisti con sede a Firenze<\/strong> che si dedica alla musica sperimentale &#8211; ed il compositore Emmanuel Holterbach. Insieme compongono ed eseguono musica basata principalmente su note sostenute e pattern sonori che si trasformano lentamente. La composizione \u00e8 basata sulle note della melodia di apertura di Ricercar III di Francesco Guami, applicando i metodi sviluppati da Holterbach nelle sue composizioni elettroacustiche, il lavoro \u00e8 strutturato grazie alle infinite possibilit\u00e0 di combinare queste note in timbri, accordi e schemi. Ricercar nell&#8217;ombra \u00e8 un paesaggio sonoro ampio, sottile e vivido che esprime una grande tavolozza e sfumature di densit\u00e0, energie e contrasti.<\/p>\n<p><strong>Il festival si conclude sabato 7 settembre<\/strong> <strong>alle ore 21.30<\/strong> con la performance di<strong> NicoNote cantante, autrice e performer<\/strong> che dar\u00e0 vita a<em><strong> Live Onair Alone<\/strong><\/em> live set per voce, dischi e laptop con materiali originali tratti dalle sue produzioni e dai suoi album. L\u2019artista inserisce in scaletta anche alcune rielaborazioni di brani celebri, da Tuxedomoon a Tenco a Schumann passando per Purcell. <strong>NicoNote, alias Nicoletta Magalotti,<\/strong> \u00e8 una cantante, performer, compositrice e artista trasversale che si muove tra generi sonori e formati anche distanti, combinando il canto con la dimensione performativa, l\u2019improvvisazione radicale con il pop, creando un clima unico, un teatro vocale immateriale.<\/p>\n<p><strong>Tutti gli eventi sono ad ingresso libero.<\/strong><\/p>\n<p><strong>Per informazioni:<\/strong><br \/><strong><a href=\"http:\/\/www.foscaintepidario.it\" target=\"_blank\" rel=\"noopener noreferrer\">www.foscaintepidario.it<\/a><\/strong><\/p>\n<p>&nbsp;<\/p>\n","protected":false},"excerpt":{"rendered":"<p>Il 5, 6 e 7 settembre nella suggestiva cornice del Tepidario del Roster nel Giardino dell&#8217;Orticoltura a Firenze incontri, workshop e performance a ingresso gratuito<\/p>\n","protected":false},"author":525,"featured_media":98139,"comment_status":"open","ping_status":"open","sticky":false,"template":"","format":"standard","meta":{"_acf_changed":false,"footnotes":""},"categories":[14],"tags":[228,202],"class_list":["post-60829","post","type-post","status-publish","format-standard","has-post-thumbnail","hentry","category-musica","tag-festival","tag-firenze"],"acf":[],"yoast_head":"<!-- This site is optimized with the Yoast SEO Premium plugin v24.2 (Yoast SEO v25.6) - https:\/\/yoast.com\/wordpress\/plugins\/seo\/ -->\n<title>&#039;Fosca in Tepidario&#039;: tre giorni dedicati alle arti contemporanee - intoscana<\/title>\n<meta name=\"robots\" content=\"index, follow, max-snippet:-1, max-image-preview:large, max-video-preview:-1\" \/>\n<link rel=\"canonical\" href=\"https:\/\/www.intoscana.it\/it\/fosca-in-tepidario-firenze-festival-gratuito\/\" \/>\n<meta property=\"og:locale\" content=\"it_IT\" \/>\n<meta property=\"og:type\" content=\"article\" \/>\n<meta property=\"og:title\" content=\"&#039;Fosca in Tepidario&#039;: tre giorni dedicati alle arti contemporanee\" \/>\n<meta property=\"og:description\" content=\"Il 5, 6 e 7 settembre nella suggestiva cornice del Tepidario del Roster nel Giardino dell&#039;Orticoltura a Firenze incontri, workshop e performance a ingresso gratuito\" \/>\n<meta property=\"og:url\" content=\"https:\/\/www.intoscana.it\/it\/fosca-in-tepidario-firenze-festival-gratuito\/\" \/>\n<meta property=\"og:site_name\" content=\"intoscana\" \/>\n<meta property=\"article:publisher\" content=\"https:\/\/www.facebook.com\/intoscana.it\" \/>\n<meta property=\"article:published_time\" content=\"2019-08-21T10:45:30+00:00\" \/>\n<meta property=\"article:modified_time\" content=\"2020-05-19T13:49:03+00:00\" \/>\n<meta property=\"og:image\" content=\"https:\/\/www.intoscana.it\/wp-content\/uploads\/1.blutwurst-ensemble.jpg\" \/>\n\t<meta property=\"og:image:width\" content=\"1216\" \/>\n\t<meta property=\"og:image:height\" content=\"812\" \/>\n\t<meta property=\"og:image:type\" content=\"image\/jpeg\" \/>\n<meta name=\"author\" content=\"Redazione\" \/>\n<meta name=\"twitter:card\" content=\"summary_large_image\" \/>\n<meta name=\"twitter:creator\" content=\"@intoscana\" \/>\n<meta name=\"twitter:site\" content=\"@intoscana\" \/>\n<meta name=\"twitter:label1\" content=\"Written by\" \/>\n\t<meta name=\"twitter:data1\" content=\"Redazione\" \/>\n\t<meta name=\"twitter:label2\" content=\"Est. reading time\" \/>\n\t<meta name=\"twitter:data2\" content=\"3 minuti\" \/>\n<script type=\"application\/ld+json\" class=\"yoast-schema-graph\">{\"@context\":\"https:\/\/schema.org\",\"@graph\":[{\"@type\":\"WebPage\",\"@id\":\"https:\/\/www.intoscana.it\/it\/fosca-in-tepidario-firenze-festival-gratuito\/\",\"url\":\"https:\/\/www.intoscana.it\/it\/fosca-in-tepidario-firenze-festival-gratuito\/\",\"name\":\"'Fosca in Tepidario': tre giorni dedicati alle arti contemporanee - intoscana\",\"isPartOf\":{\"@id\":\"https:\/\/www.intoscana.it\/it\/#website\"},\"primaryImageOfPage\":{\"@id\":\"https:\/\/www.intoscana.it\/it\/fosca-in-tepidario-firenze-festival-gratuito\/#primaryimage\"},\"image\":{\"@id\":\"https:\/\/www.intoscana.it\/it\/fosca-in-tepidario-firenze-festival-gratuito\/#primaryimage\"},\"thumbnailUrl\":\"https:\/\/www.intoscana.it\/wp-content\/uploads\/1.blutwurst-ensemble.jpg\",\"datePublished\":\"2019-08-21T10:45:30+00:00\",\"dateModified\":\"2020-05-19T13:49:03+00:00\",\"author\":{\"@id\":\"https:\/\/www.intoscana.it\/it\/#\/schema\/person\/9223810753230f20bd670fdd322661f8\"},\"breadcrumb\":{\"@id\":\"https:\/\/www.intoscana.it\/it\/fosca-in-tepidario-firenze-festival-gratuito\/#breadcrumb\"},\"inLanguage\":\"it-IT\",\"potentialAction\":[{\"@type\":\"ReadAction\",\"target\":[\"https:\/\/www.intoscana.it\/it\/fosca-in-tepidario-firenze-festival-gratuito\/\"]}]},{\"@type\":\"ImageObject\",\"inLanguage\":\"it-IT\",\"@id\":\"https:\/\/www.intoscana.it\/it\/fosca-in-tepidario-firenze-festival-gratuito\/#primaryimage\",\"url\":\"https:\/\/www.intoscana.it\/wp-content\/uploads\/1.blutwurst-ensemble.jpg\",\"contentUrl\":\"https:\/\/www.intoscana.it\/wp-content\/uploads\/1.blutwurst-ensemble.jpg\",\"width\":1216,\"height\":812,\"caption\":\"Blutwurst ensemble\"},{\"@type\":\"BreadcrumbList\",\"@id\":\"https:\/\/www.intoscana.it\/it\/fosca-in-tepidario-firenze-festival-gratuito\/#breadcrumb\",\"itemListElement\":[{\"@type\":\"ListItem\",\"position\":1,\"name\":\"Home\",\"item\":\"https:\/\/www.intoscana.it\/it\/\"},{\"@type\":\"ListItem\",\"position\":2,\"name\":\"&#8216;Fosca in Tepidario&#8217;: tre giorni dedicati alle arti contemporanee\"}]},{\"@type\":\"WebSite\",\"@id\":\"https:\/\/www.intoscana.it\/it\/#website\",\"url\":\"https:\/\/www.intoscana.it\/it\/\",\"name\":\"intoscana\",\"description\":\"\",\"potentialAction\":[{\"@type\":\"SearchAction\",\"target\":{\"@type\":\"EntryPoint\",\"urlTemplate\":\"https:\/\/www.intoscana.it\/it\/?s={search_term_string}\"},\"query-input\":{\"@type\":\"PropertyValueSpecification\",\"valueRequired\":true,\"valueName\":\"search_term_string\"}}],\"inLanguage\":\"it-IT\"},{\"@type\":\"Person\",\"@id\":\"https:\/\/www.intoscana.it\/it\/#\/schema\/person\/9223810753230f20bd670fdd322661f8\",\"name\":\"Redazione\",\"url\":\"https:\/\/www.intoscana.it\/it\/author\/redazione\/\"}]}<\/script>\n<!-- \/ Yoast SEO Premium plugin. -->","yoast_head_json":{"title":"'Fosca in Tepidario': tre giorni dedicati alle arti contemporanee - intoscana","robots":{"index":"index","follow":"follow","max-snippet":"max-snippet:-1","max-image-preview":"max-image-preview:large","max-video-preview":"max-video-preview:-1"},"canonical":"https:\/\/www.intoscana.it\/it\/fosca-in-tepidario-firenze-festival-gratuito\/","og_locale":"it_IT","og_type":"article","og_title":"'Fosca in Tepidario': tre giorni dedicati alle arti contemporanee","og_description":"Il 5, 6 e 7 settembre nella suggestiva cornice del Tepidario del Roster nel Giardino dell'Orticoltura a Firenze incontri, workshop e performance a ingresso gratuito","og_url":"https:\/\/www.intoscana.it\/it\/fosca-in-tepidario-firenze-festival-gratuito\/","og_site_name":"intoscana","article_publisher":"https:\/\/www.facebook.com\/intoscana.it","article_published_time":"2019-08-21T10:45:30+00:00","article_modified_time":"2020-05-19T13:49:03+00:00","og_image":[{"width":1216,"height":812,"url":"https:\/\/www.intoscana.it\/wp-content\/uploads\/1.blutwurst-ensemble.jpg","type":"image\/jpeg"}],"author":"Redazione","twitter_card":"summary_large_image","twitter_creator":"@intoscana","twitter_site":"@intoscana","twitter_misc":{"Written by":"Redazione","Est. reading time":"3 minuti"},"schema":{"@context":"https:\/\/schema.org","@graph":[{"@type":"WebPage","@id":"https:\/\/www.intoscana.it\/it\/fosca-in-tepidario-firenze-festival-gratuito\/","url":"https:\/\/www.intoscana.it\/it\/fosca-in-tepidario-firenze-festival-gratuito\/","name":"'Fosca in Tepidario': tre giorni dedicati alle arti contemporanee - intoscana","isPartOf":{"@id":"https:\/\/www.intoscana.it\/it\/#website"},"primaryImageOfPage":{"@id":"https:\/\/www.intoscana.it\/it\/fosca-in-tepidario-firenze-festival-gratuito\/#primaryimage"},"image":{"@id":"https:\/\/www.intoscana.it\/it\/fosca-in-tepidario-firenze-festival-gratuito\/#primaryimage"},"thumbnailUrl":"https:\/\/www.intoscana.it\/wp-content\/uploads\/1.blutwurst-ensemble.jpg","datePublished":"2019-08-21T10:45:30+00:00","dateModified":"2020-05-19T13:49:03+00:00","author":{"@id":"https:\/\/www.intoscana.it\/it\/#\/schema\/person\/9223810753230f20bd670fdd322661f8"},"breadcrumb":{"@id":"https:\/\/www.intoscana.it\/it\/fosca-in-tepidario-firenze-festival-gratuito\/#breadcrumb"},"inLanguage":"it-IT","potentialAction":[{"@type":"ReadAction","target":["https:\/\/www.intoscana.it\/it\/fosca-in-tepidario-firenze-festival-gratuito\/"]}]},{"@type":"ImageObject","inLanguage":"it-IT","@id":"https:\/\/www.intoscana.it\/it\/fosca-in-tepidario-firenze-festival-gratuito\/#primaryimage","url":"https:\/\/www.intoscana.it\/wp-content\/uploads\/1.blutwurst-ensemble.jpg","contentUrl":"https:\/\/www.intoscana.it\/wp-content\/uploads\/1.blutwurst-ensemble.jpg","width":1216,"height":812,"caption":"Blutwurst ensemble"},{"@type":"BreadcrumbList","@id":"https:\/\/www.intoscana.it\/it\/fosca-in-tepidario-firenze-festival-gratuito\/#breadcrumb","itemListElement":[{"@type":"ListItem","position":1,"name":"Home","item":"https:\/\/www.intoscana.it\/it\/"},{"@type":"ListItem","position":2,"name":"&#8216;Fosca in Tepidario&#8217;: tre giorni dedicati alle arti contemporanee"}]},{"@type":"WebSite","@id":"https:\/\/www.intoscana.it\/it\/#website","url":"https:\/\/www.intoscana.it\/it\/","name":"intoscana","description":"","potentialAction":[{"@type":"SearchAction","target":{"@type":"EntryPoint","urlTemplate":"https:\/\/www.intoscana.it\/it\/?s={search_term_string}"},"query-input":{"@type":"PropertyValueSpecification","valueRequired":true,"valueName":"search_term_string"}}],"inLanguage":"it-IT"},{"@type":"Person","@id":"https:\/\/www.intoscana.it\/it\/#\/schema\/person\/9223810753230f20bd670fdd322661f8","name":"Redazione","url":"https:\/\/www.intoscana.it\/it\/author\/redazione\/"}]}},"_links":{"self":[{"href":"https:\/\/www.intoscana.it\/it\/wp-json\/wp\/v2\/posts\/60829","targetHints":{"allow":["GET"]}}],"collection":[{"href":"https:\/\/www.intoscana.it\/it\/wp-json\/wp\/v2\/posts"}],"about":[{"href":"https:\/\/www.intoscana.it\/it\/wp-json\/wp\/v2\/types\/post"}],"author":[{"embeddable":true,"href":"https:\/\/www.intoscana.it\/it\/wp-json\/wp\/v2\/users\/525"}],"replies":[{"embeddable":true,"href":"https:\/\/www.intoscana.it\/it\/wp-json\/wp\/v2\/comments?post=60829"}],"version-history":[{"count":0,"href":"https:\/\/www.intoscana.it\/it\/wp-json\/wp\/v2\/posts\/60829\/revisions"}],"wp:featuredmedia":[{"embeddable":true,"href":"https:\/\/www.intoscana.it\/it\/wp-json\/wp\/v2\/media\/98139"}],"wp:attachment":[{"href":"https:\/\/www.intoscana.it\/it\/wp-json\/wp\/v2\/media?parent=60829"}],"wp:term":[{"taxonomy":"category","embeddable":true,"href":"https:\/\/www.intoscana.it\/it\/wp-json\/wp\/v2\/categories?post=60829"},{"taxonomy":"post_tag","embeddable":true,"href":"https:\/\/www.intoscana.it\/it\/wp-json\/wp\/v2\/tags?post=60829"}],"curies":[{"name":"wp","href":"https:\/\/api.w.org\/{rel}","templated":true}]}}