{"id":60833,"date":"2019-08-22T10:03:12","date_gmt":"2019-08-22T10:03:12","guid":{"rendered":"http:\/\/www.intoscana.it\/a-barberino-val-delsa-al-via-i-concerti-di-terra-incantata\/"},"modified":"2020-05-19T15:49:04","modified_gmt":"2020-05-19T13:49:04","slug":"barberino-val-delsa-terra-incantata","status":"publish","type":"post","link":"https:\/\/www.intoscana.it\/it\/barberino-val-delsa-terra-incantata\/","title":{"rendered":"A Barberino Val D&#8217;Elsa al via i concerti di &#8216;Terra Incantata&#8217;"},"content":{"rendered":"<p>Torna a <strong>Barberino Val D&#8217;Elsa<\/strong>&nbsp;la quinta edizione di <strong>\u201cTerra Incantata\u201d,<\/strong> <strong>dal 23 agosto fino al 13 settembre,<\/strong>&nbsp;la <strong>rassegna musicale a ingresso gratuito<\/strong> che l<strong>\u2019Associazione NEM &#8211; Nuovi Eventi Musicali<\/strong> di Firenze organizza ogni anno, dal 2015 in Piazza Barberini.<\/p>\n<p><strong>Venerd\u00ec 23 agosto<\/strong> il <strong>Collettivo Quartiere Tamburi<\/strong> porta in scena la sua <strong>nuova sperimentazione sonora<\/strong> dal titolo <strong>\u201cMatra\u201d.<\/strong> Una suite strumentale in quattro parti, realizzata e interpretata dal quintetto di percussionisti quali: <strong>Marzio Del Testa, Riccardo Chiti, Iago Bruchi, Andrea Taddeus Punzo de Felice, Lucio Passeroni<\/strong> e con la partecipazione di <strong>Giulia Guastalegname<\/strong>. Tra suoni elettronici disturbanti, ambientazioni sonore e apparizioni vocali il concerto ricorda una danza tribale primitiva dai ritmi cardiaci pulsanti, visionaria e misteriosa, un viaggio nelle profondit\u00e0 dell\u2019energia terrestre, l&#8217;oriente e i misteri degli Etruschi.<\/p>\n<p><strong>Venerdi 6 settembre<\/strong> (ore 21.30, ingresso 10 euro), sar\u00e0 la volta di una prima assoluta, un concerto dedicato alla musica e alle canzoni di <strong>Domenico Modugno<\/strong>, reinterpretate per l\u2019occasione dalle straordinarie voci di <strong>Ginevra di Marco e Peppe Voltarelli<\/strong>, e dal quartetto d\u2019archi \u201cI nostri Tempi\u201d, insieme a Andrea Salvadori alle chitarre e Francesco Magnelli alle tastiere. Saranno suonate melodie assolute ed indimenticabili e anche alcune meno note: Amaro fiore mio, Dio come ti amo, Che cosa sono le nuvole, Pasqualino Maraj\u00e0, Se Dio vorr\u00e0 e molti altri. Gli arrangiamenti e le trascrizioni dai brani originali con archi sono a cura di Marco Bucci.<\/p>\n<p><strong>Venerdi 13 settembre,<\/strong> (ore 21.30 ingresso libero), lo <strong>Jacopo Martini Trio<\/strong> si esibisce in<strong> un omaggio al celebre chitarrista jazz francese Django Reinhardt.<\/strong> Lo spettacolo \u00e8 una produzione di NEM \u2013 Nuovi eventi musicali. Jacopo Martini \u00e8 considerato dalla critica internazionale come uno dei pi\u00f9 originali interpreti di chitarra nello stile Reinhardtiano. \u00c8 il primo Italiano ad essere stato invitato al campus estivo \u201cDjango in June\u201d come didatta e performer presso la Smith university di Boston.<\/p>\n<p><strong>Per informazioni:<\/strong><br \/><strong><a href=\"http:\/\/www.nuovieventimusicali.it\">www.nuovieventimusicali.it<\/a><\/strong><br \/><strong><a href=\"mailto:info@nuovieventimusicali.it\">info@nuovieventimusicali.it<\/a><\/strong><\/p>\n<p>&nbsp;<\/p>\n","protected":false},"excerpt":{"rendered":"<p>Venerd\u00ec 23 agosto aprono il festival a ingresso gratuito le percussioni dal ritmo tribale dei Quartiere Tamburi<\/p>\n","protected":false},"author":525,"featured_media":98143,"comment_status":"open","ping_status":"open","sticky":false,"template":"","format":"standard","meta":{"_acf_changed":false,"footnotes":""},"categories":[14],"tags":[],"class_list":["post-60833","post","type-post","status-publish","format-standard","has-post-thumbnail","hentry","category-musica"],"acf":[],"yoast_head":"<!-- This site is optimized with the Yoast SEO Premium plugin v24.2 (Yoast SEO v25.6) - https:\/\/yoast.com\/wordpress\/plugins\/seo\/ -->\n<title>A Barberino Val D&#039;Elsa al via i concerti di &#039;Terra Incantata&#039; - intoscana<\/title>\n<meta name=\"robots\" content=\"index, follow, max-snippet:-1, max-image-preview:large, max-video-preview:-1\" \/>\n<link rel=\"canonical\" href=\"https:\/\/www.intoscana.it\/it\/barberino-val-delsa-terra-incantata\/\" \/>\n<meta property=\"og:locale\" content=\"it_IT\" \/>\n<meta property=\"og:type\" content=\"article\" \/>\n<meta property=\"og:title\" content=\"A Barberino Val D&#039;Elsa al via i concerti di &#039;Terra Incantata&#039;\" \/>\n<meta property=\"og:description\" content=\"Venerd\u00ec 23 agosto aprono il festival a ingresso gratuito le percussioni dal ritmo tribale dei Quartiere Tamburi\" \/>\n<meta property=\"og:url\" content=\"https:\/\/www.intoscana.it\/it\/barberino-val-delsa-terra-incantata\/\" \/>\n<meta property=\"og:site_name\" content=\"intoscana\" \/>\n<meta property=\"article:publisher\" content=\"https:\/\/www.facebook.com\/intoscana.it\" \/>\n<meta property=\"article:published_time\" content=\"2019-08-22T10:03:12+00:00\" \/>\n<meta property=\"article:modified_time\" content=\"2020-05-19T13:49:04+00:00\" \/>\n<meta property=\"og:image\" content=\"https:\/\/www.intoscana.it\/wp-content\/uploads\/GINEVRA-DI-MARCO-leggera.jpg\" \/>\n\t<meta property=\"og:image:width\" content=\"425\" \/>\n\t<meta property=\"og:image:height\" content=\"375\" \/>\n\t<meta property=\"og:image:type\" content=\"image\/jpeg\" \/>\n<meta name=\"author\" content=\"Redazione\" \/>\n<meta name=\"twitter:card\" content=\"summary_large_image\" \/>\n<meta name=\"twitter:creator\" content=\"@intoscana\" \/>\n<meta name=\"twitter:site\" content=\"@intoscana\" \/>\n<meta name=\"twitter:label1\" content=\"Written by\" \/>\n\t<meta name=\"twitter:data1\" content=\"Redazione\" \/>\n\t<meta name=\"twitter:label2\" content=\"Est. reading time\" \/>\n\t<meta name=\"twitter:data2\" content=\"2 minuti\" \/>\n<script type=\"application\/ld+json\" class=\"yoast-schema-graph\">{\"@context\":\"https:\/\/schema.org\",\"@graph\":[{\"@type\":\"WebPage\",\"@id\":\"https:\/\/www.intoscana.it\/it\/barberino-val-delsa-terra-incantata\/\",\"url\":\"https:\/\/www.intoscana.it\/it\/barberino-val-delsa-terra-incantata\/\",\"name\":\"A Barberino Val D'Elsa al via i concerti di 'Terra Incantata' - intoscana\",\"isPartOf\":{\"@id\":\"https:\/\/www.intoscana.it\/it\/#website\"},\"primaryImageOfPage\":{\"@id\":\"https:\/\/www.intoscana.it\/it\/barberino-val-delsa-terra-incantata\/#primaryimage\"},\"image\":{\"@id\":\"https:\/\/www.intoscana.it\/it\/barberino-val-delsa-terra-incantata\/#primaryimage\"},\"thumbnailUrl\":\"https:\/\/www.intoscana.it\/wp-content\/uploads\/GINEVRA-DI-MARCO-leggera.jpg\",\"datePublished\":\"2019-08-22T10:03:12+00:00\",\"dateModified\":\"2020-05-19T13:49:04+00:00\",\"author\":{\"@id\":\"https:\/\/www.intoscana.it\/it\/#\/schema\/person\/9223810753230f20bd670fdd322661f8\"},\"breadcrumb\":{\"@id\":\"https:\/\/www.intoscana.it\/it\/barberino-val-delsa-terra-incantata\/#breadcrumb\"},\"inLanguage\":\"it-IT\",\"potentialAction\":[{\"@type\":\"ReadAction\",\"target\":[\"https:\/\/www.intoscana.it\/it\/barberino-val-delsa-terra-incantata\/\"]}]},{\"@type\":\"ImageObject\",\"inLanguage\":\"it-IT\",\"@id\":\"https:\/\/www.intoscana.it\/it\/barberino-val-delsa-terra-incantata\/#primaryimage\",\"url\":\"https:\/\/www.intoscana.it\/wp-content\/uploads\/GINEVRA-DI-MARCO-leggera.jpg\",\"contentUrl\":\"https:\/\/www.intoscana.it\/wp-content\/uploads\/GINEVRA-DI-MARCO-leggera.jpg\",\"width\":425,\"height\":375},{\"@type\":\"BreadcrumbList\",\"@id\":\"https:\/\/www.intoscana.it\/it\/barberino-val-delsa-terra-incantata\/#breadcrumb\",\"itemListElement\":[{\"@type\":\"ListItem\",\"position\":1,\"name\":\"Home\",\"item\":\"https:\/\/www.intoscana.it\/it\/\"},{\"@type\":\"ListItem\",\"position\":2,\"name\":\"A Barberino Val D&#8217;Elsa al via i concerti di &#8216;Terra Incantata&#8217;\"}]},{\"@type\":\"WebSite\",\"@id\":\"https:\/\/www.intoscana.it\/it\/#website\",\"url\":\"https:\/\/www.intoscana.it\/it\/\",\"name\":\"intoscana\",\"description\":\"\",\"potentialAction\":[{\"@type\":\"SearchAction\",\"target\":{\"@type\":\"EntryPoint\",\"urlTemplate\":\"https:\/\/www.intoscana.it\/it\/?s={search_term_string}\"},\"query-input\":{\"@type\":\"PropertyValueSpecification\",\"valueRequired\":true,\"valueName\":\"search_term_string\"}}],\"inLanguage\":\"it-IT\"},{\"@type\":\"Person\",\"@id\":\"https:\/\/www.intoscana.it\/it\/#\/schema\/person\/9223810753230f20bd670fdd322661f8\",\"name\":\"Redazione\",\"url\":\"https:\/\/www.intoscana.it\/it\/author\/redazione\/\"}]}<\/script>\n<!-- \/ Yoast SEO Premium plugin. -->","yoast_head_json":{"title":"A Barberino Val D'Elsa al via i concerti di 'Terra Incantata' - intoscana","robots":{"index":"index","follow":"follow","max-snippet":"max-snippet:-1","max-image-preview":"max-image-preview:large","max-video-preview":"max-video-preview:-1"},"canonical":"https:\/\/www.intoscana.it\/it\/barberino-val-delsa-terra-incantata\/","og_locale":"it_IT","og_type":"article","og_title":"A Barberino Val D'Elsa al via i concerti di 'Terra Incantata'","og_description":"Venerd\u00ec 23 agosto aprono il festival a ingresso gratuito le percussioni dal ritmo tribale dei Quartiere Tamburi","og_url":"https:\/\/www.intoscana.it\/it\/barberino-val-delsa-terra-incantata\/","og_site_name":"intoscana","article_publisher":"https:\/\/www.facebook.com\/intoscana.it","article_published_time":"2019-08-22T10:03:12+00:00","article_modified_time":"2020-05-19T13:49:04+00:00","og_image":[{"width":425,"height":375,"url":"https:\/\/www.intoscana.it\/wp-content\/uploads\/GINEVRA-DI-MARCO-leggera.jpg","type":"image\/jpeg"}],"author":"Redazione","twitter_card":"summary_large_image","twitter_creator":"@intoscana","twitter_site":"@intoscana","twitter_misc":{"Written by":"Redazione","Est. reading time":"2 minuti"},"schema":{"@context":"https:\/\/schema.org","@graph":[{"@type":"WebPage","@id":"https:\/\/www.intoscana.it\/it\/barberino-val-delsa-terra-incantata\/","url":"https:\/\/www.intoscana.it\/it\/barberino-val-delsa-terra-incantata\/","name":"A Barberino Val D'Elsa al via i concerti di 'Terra Incantata' - intoscana","isPartOf":{"@id":"https:\/\/www.intoscana.it\/it\/#website"},"primaryImageOfPage":{"@id":"https:\/\/www.intoscana.it\/it\/barberino-val-delsa-terra-incantata\/#primaryimage"},"image":{"@id":"https:\/\/www.intoscana.it\/it\/barberino-val-delsa-terra-incantata\/#primaryimage"},"thumbnailUrl":"https:\/\/www.intoscana.it\/wp-content\/uploads\/GINEVRA-DI-MARCO-leggera.jpg","datePublished":"2019-08-22T10:03:12+00:00","dateModified":"2020-05-19T13:49:04+00:00","author":{"@id":"https:\/\/www.intoscana.it\/it\/#\/schema\/person\/9223810753230f20bd670fdd322661f8"},"breadcrumb":{"@id":"https:\/\/www.intoscana.it\/it\/barberino-val-delsa-terra-incantata\/#breadcrumb"},"inLanguage":"it-IT","potentialAction":[{"@type":"ReadAction","target":["https:\/\/www.intoscana.it\/it\/barberino-val-delsa-terra-incantata\/"]}]},{"@type":"ImageObject","inLanguage":"it-IT","@id":"https:\/\/www.intoscana.it\/it\/barberino-val-delsa-terra-incantata\/#primaryimage","url":"https:\/\/www.intoscana.it\/wp-content\/uploads\/GINEVRA-DI-MARCO-leggera.jpg","contentUrl":"https:\/\/www.intoscana.it\/wp-content\/uploads\/GINEVRA-DI-MARCO-leggera.jpg","width":425,"height":375},{"@type":"BreadcrumbList","@id":"https:\/\/www.intoscana.it\/it\/barberino-val-delsa-terra-incantata\/#breadcrumb","itemListElement":[{"@type":"ListItem","position":1,"name":"Home","item":"https:\/\/www.intoscana.it\/it\/"},{"@type":"ListItem","position":2,"name":"A Barberino Val D&#8217;Elsa al via i concerti di &#8216;Terra Incantata&#8217;"}]},{"@type":"WebSite","@id":"https:\/\/www.intoscana.it\/it\/#website","url":"https:\/\/www.intoscana.it\/it\/","name":"intoscana","description":"","potentialAction":[{"@type":"SearchAction","target":{"@type":"EntryPoint","urlTemplate":"https:\/\/www.intoscana.it\/it\/?s={search_term_string}"},"query-input":{"@type":"PropertyValueSpecification","valueRequired":true,"valueName":"search_term_string"}}],"inLanguage":"it-IT"},{"@type":"Person","@id":"https:\/\/www.intoscana.it\/it\/#\/schema\/person\/9223810753230f20bd670fdd322661f8","name":"Redazione","url":"https:\/\/www.intoscana.it\/it\/author\/redazione\/"}]}},"_links":{"self":[{"href":"https:\/\/www.intoscana.it\/it\/wp-json\/wp\/v2\/posts\/60833","targetHints":{"allow":["GET"]}}],"collection":[{"href":"https:\/\/www.intoscana.it\/it\/wp-json\/wp\/v2\/posts"}],"about":[{"href":"https:\/\/www.intoscana.it\/it\/wp-json\/wp\/v2\/types\/post"}],"author":[{"embeddable":true,"href":"https:\/\/www.intoscana.it\/it\/wp-json\/wp\/v2\/users\/525"}],"replies":[{"embeddable":true,"href":"https:\/\/www.intoscana.it\/it\/wp-json\/wp\/v2\/comments?post=60833"}],"version-history":[{"count":0,"href":"https:\/\/www.intoscana.it\/it\/wp-json\/wp\/v2\/posts\/60833\/revisions"}],"wp:featuredmedia":[{"embeddable":true,"href":"https:\/\/www.intoscana.it\/it\/wp-json\/wp\/v2\/media\/98143"}],"wp:attachment":[{"href":"https:\/\/www.intoscana.it\/it\/wp-json\/wp\/v2\/media?parent=60833"}],"wp:term":[{"taxonomy":"category","embeddable":true,"href":"https:\/\/www.intoscana.it\/it\/wp-json\/wp\/v2\/categories?post=60833"},{"taxonomy":"post_tag","embeddable":true,"href":"https:\/\/www.intoscana.it\/it\/wp-json\/wp\/v2\/tags?post=60833"}],"curies":[{"name":"wp","href":"https:\/\/api.w.org\/{rel}","templated":true}]}}