{"id":60839,"date":"2020-01-14T14:24:06","date_gmt":"2020-01-14T14:24:06","guid":{"rendered":"http:\/\/www.intoscana.it\/cerrone-il-re-della-disco-music-sabato-18-al-tenax-di-firenze\/"},"modified":"2020-05-19T15:49:06","modified_gmt":"2020-05-19T13:49:06","slug":"cerrone-tenax","status":"publish","type":"post","link":"https:\/\/www.intoscana.it\/it\/cerrone-tenax\/","title":{"rendered":"Cerrone il &#8216;Re&#8217; della disco music sabato 18 al Tenax di Firenze"},"content":{"rendered":"<p>Se avete ballato <strong>Daft Punk, Massive Attack, Bob Sinclair, Dimitri From Paris o i Chemical Brohers<\/strong> sappiate che non sarebbero esistiti senza la musica creata negli anni &#8217;70 da <strong>Cerrone uno dei &#8216;padri&#8217; della dance.&nbsp;<\/strong><strong>Figlio di un immigrato italiano fuggito in Francia<\/strong> durante il ventennio fascista, Cerrone ha inziato a suoanre la batteria all&#8217;et\u00e0 di dodici anni e ad ascoltare le canzoni di <strong>Otis Redding, Jimi Hendrix, Carlos Santana, e Blood, Sweat &amp; Tears.<\/strong><\/p>\n<p>A 17 anni inizia ad esibirsi nei <strong>Club M\u00e9diterran\u00e9e<\/strong> con i <strong>Kongas,<\/strong> band di cui Eddie Barclay produrr\u00e0 il primo disco. Nel 1976 decide di esordire come solista con <strong>\u201cLove In C Minor\u201d<\/strong>, prodotto in collaborazione con Alec R. Costandinos. La sua opera prima, un mix di nuove sonorit\u00e0, citazioni erotiche e piccanti copertine, colpisce molto il pubblico per la particolarit\u00e0 e modernit\u00e0 e vende 8 milioni di copie. A questa seguono <strong>\u201cCerrone\u2019s Paradise\u201d<\/strong> (1977) e il grande successo <strong>\u201cSupernature\u201d<\/strong>, sempre nello stesso anno, con quest&#8217;ultimo disco, considerato ancora oggi un capolavoro, vince <strong>5 Grammy Awards.<\/strong>&nbsp;<strong>Alla fine degli anni 70 \u00e8 ormai una star mondiale e si trasferisce a New York<\/strong> dove diventa un assiduo frequentore della celebre discoteca <strong>Studio 54<\/strong>, frequentata da personaggi del calibro di <strong>Andy Warhol e Jean-Paul Gaultier<\/strong>.<\/p>\n<p><strong>Il prossimo 7 febbraio uscir\u00e0 il suo nuovo disco &#8220;DNA&#8221;,<\/strong> di cui \u00e8 gi\u00e0 uscito il primo singolo \u201c<strong>Resolution\u201d<\/strong>&nbsp;un brano totalmente nel suo stile, ricco di <strong>synth allegri e con l\u2019iconica batteria dell\u2019artista.<\/strong>&nbsp; Il video, diretto da <strong>\u00c9tienne Perrone,<\/strong> rappresenta un mondo futuristico dominato dalla tecnologia e dall\u2019inquinamento. Questo futuro distopico \u00e8 il riflesso della nostra <strong>sempre maggiore dipendenza dalla tecnologia,<\/strong> che ci porta ad essere ogni giorno pi\u00f9 superficiali e disconnessi. L\u2019idea di fondo \u00e8 quella di una sorta di trappola, e il video segue un personaggio assolutamente privo di emozioni in un mondo dei sogni indotto dalla tecnologia. <\/p>\n<p>Nella serata al Tenax faranno gli &#8216;onori di casa&#8217; <strong>Philipp, Cole e David Brilli.<\/strong> La carriera del primo, storico resident del Tenax, inizia nel 2002 e passa attraverso alcuni dei pi\u00f9 rinomati club italiani ed esteri tra cui Cocoric\u00f2, Red Zone, Link e Dok Show. La sua visione \u00e8 per\u00f2 molto pi\u00f9 ampia e lo porta a sviluppare assieme all\u2019amico e collega Cole, altro dj di grande influenza nella scena club nazionale, il progetto<strong> Fragola,<\/strong> appuntamento di culto per clubbers provenienti da tutta Italia.&nbsp;Chiude la Line-up <strong>David Brilli,<\/strong> anch&#8217;esso inserito nel progetto Fragola. Nell&#8217;aprile del 2016 esce il suo primo Ep in collaborazione con Savvas K sulla label Exotic Refreshment, Monrovia Ep. Monrovia (Original Mix) verr\u00e0 annoverata fra le migliore venti tracce deep house della stagione secondo la classifica stilata dal Movement Festival su Beatport. Da Febbraio 2019, cura la trasmissione \u201cKvadrat Radio\u201d sull\u02bcemittente radiofonica Controradio, interamente dedicata alla divulgazione della musica elettronica.&nbsp;<\/p>\n","protected":false},"excerpt":{"rendered":"<p>30 milioni di dischi venduti, 5 Grammy Award, arriva a Firenze uno dei protagonisti assoluti della scena dance mondiale<\/p>\n","protected":false},"author":525,"featured_media":98149,"comment_status":"open","ping_status":"open","sticky":false,"template":"","format":"standard","meta":{"_acf_changed":false,"footnotes":""},"categories":[14],"tags":[],"class_list":["post-60839","post","type-post","status-publish","format-standard","has-post-thumbnail","hentry","category-musica"],"acf":[],"yoast_head":"<!-- This site is optimized with the Yoast SEO Premium plugin v24.2 (Yoast SEO v25.6) - https:\/\/yoast.com\/wordpress\/plugins\/seo\/ -->\n<title>Cerrone il &#039;Re&#039; della disco music sabato 18 al Tenax di Firenze - intoscana<\/title>\n<meta name=\"robots\" content=\"index, follow, max-snippet:-1, max-image-preview:large, max-video-preview:-1\" \/>\n<link rel=\"canonical\" href=\"https:\/\/www.intoscana.it\/it\/cerrone-tenax\/\" \/>\n<meta property=\"og:locale\" content=\"it_IT\" \/>\n<meta property=\"og:type\" content=\"article\" \/>\n<meta property=\"og:title\" content=\"Cerrone il &#039;Re&#039; della disco music sabato 18 al Tenax di Firenze\" \/>\n<meta property=\"og:description\" content=\"30 milioni di dischi venduti, 5 Grammy Award, arriva a Firenze uno dei protagonisti assoluti della scena dance mondiale\" \/>\n<meta property=\"og:url\" content=\"https:\/\/www.intoscana.it\/it\/cerrone-tenax\/\" \/>\n<meta property=\"og:site_name\" content=\"intoscana\" \/>\n<meta property=\"article:publisher\" content=\"https:\/\/www.facebook.com\/intoscana.it\" \/>\n<meta property=\"article:published_time\" content=\"2020-01-14T14:24:06+00:00\" \/>\n<meta property=\"article:modified_time\" content=\"2020-05-19T13:49:06+00:00\" \/>\n<meta property=\"og:image\" content=\"https:\/\/www.intoscana.it\/wp-content\/uploads\/cerrone-16-rid.jpg\" \/>\n\t<meta property=\"og:image:width\" content=\"1378\" \/>\n\t<meta property=\"og:image:height\" content=\"1033\" \/>\n\t<meta property=\"og:image:type\" content=\"image\/jpeg\" \/>\n<meta name=\"author\" content=\"Redazione\" \/>\n<meta name=\"twitter:card\" content=\"summary_large_image\" \/>\n<meta name=\"twitter:creator\" content=\"@intoscana\" \/>\n<meta name=\"twitter:site\" content=\"@intoscana\" \/>\n<meta name=\"twitter:label1\" content=\"Written by\" \/>\n\t<meta name=\"twitter:data1\" content=\"Redazione\" \/>\n\t<meta name=\"twitter:label2\" content=\"Est. reading time\" \/>\n\t<meta name=\"twitter:data2\" content=\"2 minuti\" \/>\n<script type=\"application\/ld+json\" class=\"yoast-schema-graph\">{\"@context\":\"https:\/\/schema.org\",\"@graph\":[{\"@type\":\"WebPage\",\"@id\":\"https:\/\/www.intoscana.it\/it\/cerrone-tenax\/\",\"url\":\"https:\/\/www.intoscana.it\/it\/cerrone-tenax\/\",\"name\":\"Cerrone il 'Re' della disco music sabato 18 al Tenax di Firenze - intoscana\",\"isPartOf\":{\"@id\":\"https:\/\/www.intoscana.it\/it\/#website\"},\"primaryImageOfPage\":{\"@id\":\"https:\/\/www.intoscana.it\/it\/cerrone-tenax\/#primaryimage\"},\"image\":{\"@id\":\"https:\/\/www.intoscana.it\/it\/cerrone-tenax\/#primaryimage\"},\"thumbnailUrl\":\"https:\/\/www.intoscana.it\/wp-content\/uploads\/cerrone-16-rid.jpg\",\"datePublished\":\"2020-01-14T14:24:06+00:00\",\"dateModified\":\"2020-05-19T13:49:06+00:00\",\"author\":{\"@id\":\"https:\/\/www.intoscana.it\/it\/#\/schema\/person\/9223810753230f20bd670fdd322661f8\"},\"breadcrumb\":{\"@id\":\"https:\/\/www.intoscana.it\/it\/cerrone-tenax\/#breadcrumb\"},\"inLanguage\":\"it-IT\",\"potentialAction\":[{\"@type\":\"ReadAction\",\"target\":[\"https:\/\/www.intoscana.it\/it\/cerrone-tenax\/\"]}]},{\"@type\":\"ImageObject\",\"inLanguage\":\"it-IT\",\"@id\":\"https:\/\/www.intoscana.it\/it\/cerrone-tenax\/#primaryimage\",\"url\":\"https:\/\/www.intoscana.it\/wp-content\/uploads\/cerrone-16-rid.jpg\",\"contentUrl\":\"https:\/\/www.intoscana.it\/wp-content\/uploads\/cerrone-16-rid.jpg\",\"width\":1378,\"height\":1033,\"caption\":\"Cerrone\"},{\"@type\":\"BreadcrumbList\",\"@id\":\"https:\/\/www.intoscana.it\/it\/cerrone-tenax\/#breadcrumb\",\"itemListElement\":[{\"@type\":\"ListItem\",\"position\":1,\"name\":\"Home\",\"item\":\"https:\/\/www.intoscana.it\/it\/\"},{\"@type\":\"ListItem\",\"position\":2,\"name\":\"Cerrone il &#8216;Re&#8217; della disco music sabato 18 al Tenax di Firenze\"}]},{\"@type\":\"WebSite\",\"@id\":\"https:\/\/www.intoscana.it\/it\/#website\",\"url\":\"https:\/\/www.intoscana.it\/it\/\",\"name\":\"intoscana\",\"description\":\"\",\"potentialAction\":[{\"@type\":\"SearchAction\",\"target\":{\"@type\":\"EntryPoint\",\"urlTemplate\":\"https:\/\/www.intoscana.it\/it\/?s={search_term_string}\"},\"query-input\":{\"@type\":\"PropertyValueSpecification\",\"valueRequired\":true,\"valueName\":\"search_term_string\"}}],\"inLanguage\":\"it-IT\"},{\"@type\":\"Person\",\"@id\":\"https:\/\/www.intoscana.it\/it\/#\/schema\/person\/9223810753230f20bd670fdd322661f8\",\"name\":\"Redazione\",\"url\":\"https:\/\/www.intoscana.it\/it\/author\/redazione\/\"}]}<\/script>\n<!-- \/ Yoast SEO Premium plugin. -->","yoast_head_json":{"title":"Cerrone il 'Re' della disco music sabato 18 al Tenax di Firenze - intoscana","robots":{"index":"index","follow":"follow","max-snippet":"max-snippet:-1","max-image-preview":"max-image-preview:large","max-video-preview":"max-video-preview:-1"},"canonical":"https:\/\/www.intoscana.it\/it\/cerrone-tenax\/","og_locale":"it_IT","og_type":"article","og_title":"Cerrone il 'Re' della disco music sabato 18 al Tenax di Firenze","og_description":"30 milioni di dischi venduti, 5 Grammy Award, arriva a Firenze uno dei protagonisti assoluti della scena dance mondiale","og_url":"https:\/\/www.intoscana.it\/it\/cerrone-tenax\/","og_site_name":"intoscana","article_publisher":"https:\/\/www.facebook.com\/intoscana.it","article_published_time":"2020-01-14T14:24:06+00:00","article_modified_time":"2020-05-19T13:49:06+00:00","og_image":[{"width":1378,"height":1033,"url":"https:\/\/www.intoscana.it\/wp-content\/uploads\/cerrone-16-rid.jpg","type":"image\/jpeg"}],"author":"Redazione","twitter_card":"summary_large_image","twitter_creator":"@intoscana","twitter_site":"@intoscana","twitter_misc":{"Written by":"Redazione","Est. reading time":"2 minuti"},"schema":{"@context":"https:\/\/schema.org","@graph":[{"@type":"WebPage","@id":"https:\/\/www.intoscana.it\/it\/cerrone-tenax\/","url":"https:\/\/www.intoscana.it\/it\/cerrone-tenax\/","name":"Cerrone il 'Re' della disco music sabato 18 al Tenax di Firenze - intoscana","isPartOf":{"@id":"https:\/\/www.intoscana.it\/it\/#website"},"primaryImageOfPage":{"@id":"https:\/\/www.intoscana.it\/it\/cerrone-tenax\/#primaryimage"},"image":{"@id":"https:\/\/www.intoscana.it\/it\/cerrone-tenax\/#primaryimage"},"thumbnailUrl":"https:\/\/www.intoscana.it\/wp-content\/uploads\/cerrone-16-rid.jpg","datePublished":"2020-01-14T14:24:06+00:00","dateModified":"2020-05-19T13:49:06+00:00","author":{"@id":"https:\/\/www.intoscana.it\/it\/#\/schema\/person\/9223810753230f20bd670fdd322661f8"},"breadcrumb":{"@id":"https:\/\/www.intoscana.it\/it\/cerrone-tenax\/#breadcrumb"},"inLanguage":"it-IT","potentialAction":[{"@type":"ReadAction","target":["https:\/\/www.intoscana.it\/it\/cerrone-tenax\/"]}]},{"@type":"ImageObject","inLanguage":"it-IT","@id":"https:\/\/www.intoscana.it\/it\/cerrone-tenax\/#primaryimage","url":"https:\/\/www.intoscana.it\/wp-content\/uploads\/cerrone-16-rid.jpg","contentUrl":"https:\/\/www.intoscana.it\/wp-content\/uploads\/cerrone-16-rid.jpg","width":1378,"height":1033,"caption":"Cerrone"},{"@type":"BreadcrumbList","@id":"https:\/\/www.intoscana.it\/it\/cerrone-tenax\/#breadcrumb","itemListElement":[{"@type":"ListItem","position":1,"name":"Home","item":"https:\/\/www.intoscana.it\/it\/"},{"@type":"ListItem","position":2,"name":"Cerrone il &#8216;Re&#8217; della disco music sabato 18 al Tenax di Firenze"}]},{"@type":"WebSite","@id":"https:\/\/www.intoscana.it\/it\/#website","url":"https:\/\/www.intoscana.it\/it\/","name":"intoscana","description":"","potentialAction":[{"@type":"SearchAction","target":{"@type":"EntryPoint","urlTemplate":"https:\/\/www.intoscana.it\/it\/?s={search_term_string}"},"query-input":{"@type":"PropertyValueSpecification","valueRequired":true,"valueName":"search_term_string"}}],"inLanguage":"it-IT"},{"@type":"Person","@id":"https:\/\/www.intoscana.it\/it\/#\/schema\/person\/9223810753230f20bd670fdd322661f8","name":"Redazione","url":"https:\/\/www.intoscana.it\/it\/author\/redazione\/"}]}},"_links":{"self":[{"href":"https:\/\/www.intoscana.it\/it\/wp-json\/wp\/v2\/posts\/60839","targetHints":{"allow":["GET"]}}],"collection":[{"href":"https:\/\/www.intoscana.it\/it\/wp-json\/wp\/v2\/posts"}],"about":[{"href":"https:\/\/www.intoscana.it\/it\/wp-json\/wp\/v2\/types\/post"}],"author":[{"embeddable":true,"href":"https:\/\/www.intoscana.it\/it\/wp-json\/wp\/v2\/users\/525"}],"replies":[{"embeddable":true,"href":"https:\/\/www.intoscana.it\/it\/wp-json\/wp\/v2\/comments?post=60839"}],"version-history":[{"count":0,"href":"https:\/\/www.intoscana.it\/it\/wp-json\/wp\/v2\/posts\/60839\/revisions"}],"wp:featuredmedia":[{"embeddable":true,"href":"https:\/\/www.intoscana.it\/it\/wp-json\/wp\/v2\/media\/98149"}],"wp:attachment":[{"href":"https:\/\/www.intoscana.it\/it\/wp-json\/wp\/v2\/media?parent=60839"}],"wp:term":[{"taxonomy":"category","embeddable":true,"href":"https:\/\/www.intoscana.it\/it\/wp-json\/wp\/v2\/categories?post=60839"},{"taxonomy":"post_tag","embeddable":true,"href":"https:\/\/www.intoscana.it\/it\/wp-json\/wp\/v2\/tags?post=60839"}],"curies":[{"name":"wp","href":"https:\/\/api.w.org\/{rel}","templated":true}]}}