{"id":60840,"date":"2020-01-15T12:38:11","date_gmt":"2020-01-15T12:38:11","guid":{"rendered":"http:\/\/www.intoscana.it\/bruno-belissimo-luomo-che-sussurrava-al-basso-al-buh\/"},"modified":"2020-05-19T15:49:06","modified_gmt":"2020-05-19T13:49:06","slug":"bruno-belissimo-buh","status":"publish","type":"post","link":"https:\/\/www.intoscana.it\/it\/bruno-belissimo-buh\/","title":{"rendered":"Bruno Belissimo &#8216;l&#8217;uomo che sussurrava al basso&#8217; al BUH!"},"content":{"rendered":"<p><strong>Sabato 18 gennaio Bruno Belissimo<\/strong> arriva in concerto al <strong>BUH! di Firenze<\/strong> per un nuovo appuntamento con <strong>Indie Italian Disco,<\/strong> la rassegna dedicata alle pi\u00f9 interessanti proposte della scena indipendente italiana.<\/p>\n<p><strong>\u00c8&nbsp;il dj che ha fatto ballare tutti e quattro i continenti, dal Canada all\u2019India<\/strong>. \u00c8 il musicista che <strong>fa godere il basso, uno strumento che nelle sue mani diventa un magma incandescente<\/strong> di suoni. Con pezzi come <em><strong>French Riviera, Pastafari, La violenza, Tempi Moderni e La Pampa Austral<\/strong><\/em> si \u00e8 guadagnato uno zoccolo duro di fan che lo segue in ogni sua apparizione pubblica. Ma <strong>Bruno Belissimo non \u00e8 solo questo, \u00e8 anche un producer e poli-strumentista italo-canadese<\/strong> che realizza colonne sonore per il cinema e che grazie ai suoi dj set ha portato a una riscoperta dell\u2019<strong>italo-disco e della musica sudamericana.<\/strong> Selezioni che lo hanno reso amatissimo e molto ricercato alle feste e ai party pi\u00f9 esclusivi. <strong>Perch\u00e9 come dice sempre lui: metti la cassa in 4 e non sbagli mai.<\/strong> <\/p>\n<p><strong>Nato da genitori italiani emigrati in Canada alla fine degli anni 70<\/strong>, Bruno ha passato la sua infanzia a <strong>Toronto<\/strong> dove il padre possedeva un video-noleggio e si dilettava come regista di pellicole indipendenti, mentre la madre gestiva un piccolo caff\u00e8 nella zona di St.Clarence. Con la band <strong>Low Frequency Club<\/strong> ha pubblicato tre dischi e nel 2015 \u00e8 stato il bassista della band di <strong>Colapesce per il tour dell\u2019album \u201cEgomostro\u201d<\/strong>. Bruno ha anche fondato <strong>FUTURO,<\/strong> uno studio che si occupa della realizzazione di colonne sonore per cortometraggi, lungometraggi e di sound design per media e installazioni interattive.&nbsp;<\/p>\n<p>Dopo il successo dell&#8217;album <strong>\u201cGhetto Falsetto\u201d<\/strong> Bruno ha rilasciato in questi giorni<em><strong> \u201cI&#8217;m not that guy\u201d<\/strong> <\/em>il singolo estratto dal disco <strong>\u201cTucker\u201d<\/strong>, in uscita a marzo 2020 per Vulcano Produzioni. Il dj di Toronto ha dedicato quest&#8217;album a <strong>un personaggio fantastico, festaiolo e ossessionato dai social media<\/strong> che rappresenta l&#8217;icona di una intera generazione. <\/p>\n<p>In apertura della serata al <strong>BUH! Cucina Sonora, il progetto di Pietro Spinelli<\/strong> che magnifica l&#8217;unione fra analogico e digitale, tra passato e futuro. Un connubio fra pianoforte ed elettronica che si concretizza in \u201cEvasione\u201d, disco anticipato dal singolo omonimo e da un remix di Francesco Farfa, pubblicato nel 2017 per Toys for Kids. Chiude la serata <strong>Smalto Dj collective:<\/strong> il djset tutto al femminile per riscoprire perle dimenticate della musica italiana. A cura di <strong>Mimmy, La Ponto e Michelle Davis.<\/strong> <\/p>\n<p>Durante la serata spazio anche al cibo con la <strong>\u201cCucina Popolare di Rifredi\u201d<\/strong>, sul tavolo un men\u00f9 a base di specialit\u00e0 toscane proposte dal cuoco Francesco Bucciarelli (a partire dalle 20, non \u00e8 necessaria la prenotazione).<\/p>\n","protected":false},"excerpt":{"rendered":"<p>Sabato 18 gennaio il producer e dj italo-canadese a Firenze per presentare il suo ultimo disco Tucker, in apertura Cucina Sonora di Pietro Spinelli e a chiudere la serata il djset tutto al femminile con Mimmy, La Ponto e Michelle Davis<\/p>\n","protected":false},"author":525,"featured_media":98150,"comment_status":"open","ping_status":"open","sticky":false,"template":"","format":"standard","meta":{"_acf_changed":false,"footnotes":""},"categories":[14],"tags":[],"class_list":["post-60840","post","type-post","status-publish","format-standard","has-post-thumbnail","hentry","category-musica"],"acf":[],"yoast_head":"<!-- This site is optimized with the Yoast SEO Premium plugin v24.2 (Yoast SEO v25.6) - https:\/\/yoast.com\/wordpress\/plugins\/seo\/ -->\n<title>Bruno Belissimo &#039;l&#039;uomo che sussurrava al basso&#039; al BUH! - intoscana<\/title>\n<meta name=\"robots\" content=\"index, follow, max-snippet:-1, max-image-preview:large, max-video-preview:-1\" \/>\n<link rel=\"canonical\" href=\"https:\/\/www.intoscana.it\/it\/bruno-belissimo-buh\/\" \/>\n<meta property=\"og:locale\" content=\"it_IT\" \/>\n<meta property=\"og:type\" content=\"article\" \/>\n<meta property=\"og:title\" content=\"Bruno Belissimo &#039;l&#039;uomo che sussurrava al basso&#039; al BUH!\" \/>\n<meta property=\"og:description\" content=\"Sabato 18 gennaio il producer e dj italo-canadese a Firenze per presentare il suo ultimo disco Tucker, in apertura Cucina Sonora di Pietro Spinelli e a chiudere la serata il djset tutto al femminile con Mimmy, La Ponto e Michelle Davis\" \/>\n<meta property=\"og:url\" content=\"https:\/\/www.intoscana.it\/it\/bruno-belissimo-buh\/\" \/>\n<meta property=\"og:site_name\" content=\"intoscana\" \/>\n<meta property=\"article:publisher\" content=\"https:\/\/www.facebook.com\/intoscana.it\" \/>\n<meta property=\"article:published_time\" content=\"2020-01-15T12:38:11+00:00\" \/>\n<meta property=\"article:modified_time\" content=\"2020-05-19T13:49:06+00:00\" \/>\n<meta property=\"og:image\" content=\"https:\/\/www.intoscana.it\/wp-content\/uploads\/bruno-belissimo2.jpg\" \/>\n\t<meta property=\"og:image:width\" content=\"1200\" \/>\n\t<meta property=\"og:image:height\" content=\"764\" \/>\n\t<meta property=\"og:image:type\" content=\"image\/jpeg\" \/>\n<meta name=\"author\" content=\"Redazione\" \/>\n<meta name=\"twitter:card\" content=\"summary_large_image\" \/>\n<meta name=\"twitter:creator\" content=\"@intoscana\" \/>\n<meta name=\"twitter:site\" content=\"@intoscana\" \/>\n<meta name=\"twitter:label1\" content=\"Written by\" \/>\n\t<meta name=\"twitter:data1\" content=\"Redazione\" \/>\n\t<meta name=\"twitter:label2\" content=\"Est. reading time\" \/>\n\t<meta name=\"twitter:data2\" content=\"2 minuti\" \/>\n<script type=\"application\/ld+json\" class=\"yoast-schema-graph\">{\"@context\":\"https:\/\/schema.org\",\"@graph\":[{\"@type\":\"WebPage\",\"@id\":\"https:\/\/www.intoscana.it\/it\/bruno-belissimo-buh\/\",\"url\":\"https:\/\/www.intoscana.it\/it\/bruno-belissimo-buh\/\",\"name\":\"Bruno Belissimo 'l'uomo che sussurrava al basso' al BUH! - intoscana\",\"isPartOf\":{\"@id\":\"https:\/\/www.intoscana.it\/it\/#website\"},\"primaryImageOfPage\":{\"@id\":\"https:\/\/www.intoscana.it\/it\/bruno-belissimo-buh\/#primaryimage\"},\"image\":{\"@id\":\"https:\/\/www.intoscana.it\/it\/bruno-belissimo-buh\/#primaryimage\"},\"thumbnailUrl\":\"https:\/\/www.intoscana.it\/wp-content\/uploads\/bruno-belissimo2.jpg\",\"datePublished\":\"2020-01-15T12:38:11+00:00\",\"dateModified\":\"2020-05-19T13:49:06+00:00\",\"author\":{\"@id\":\"https:\/\/www.intoscana.it\/it\/#\/schema\/person\/9223810753230f20bd670fdd322661f8\"},\"breadcrumb\":{\"@id\":\"https:\/\/www.intoscana.it\/it\/bruno-belissimo-buh\/#breadcrumb\"},\"inLanguage\":\"it-IT\",\"potentialAction\":[{\"@type\":\"ReadAction\",\"target\":[\"https:\/\/www.intoscana.it\/it\/bruno-belissimo-buh\/\"]}]},{\"@type\":\"ImageObject\",\"inLanguage\":\"it-IT\",\"@id\":\"https:\/\/www.intoscana.it\/it\/bruno-belissimo-buh\/#primaryimage\",\"url\":\"https:\/\/www.intoscana.it\/wp-content\/uploads\/bruno-belissimo2.jpg\",\"contentUrl\":\"https:\/\/www.intoscana.it\/wp-content\/uploads\/bruno-belissimo2.jpg\",\"width\":1200,\"height\":764,\"caption\":\"Bruno Belissimo\"},{\"@type\":\"BreadcrumbList\",\"@id\":\"https:\/\/www.intoscana.it\/it\/bruno-belissimo-buh\/#breadcrumb\",\"itemListElement\":[{\"@type\":\"ListItem\",\"position\":1,\"name\":\"Home\",\"item\":\"https:\/\/www.intoscana.it\/it\/\"},{\"@type\":\"ListItem\",\"position\":2,\"name\":\"Bruno Belissimo &#8216;l&#8217;uomo che sussurrava al basso&#8217; al BUH!\"}]},{\"@type\":\"WebSite\",\"@id\":\"https:\/\/www.intoscana.it\/it\/#website\",\"url\":\"https:\/\/www.intoscana.it\/it\/\",\"name\":\"intoscana\",\"description\":\"\",\"potentialAction\":[{\"@type\":\"SearchAction\",\"target\":{\"@type\":\"EntryPoint\",\"urlTemplate\":\"https:\/\/www.intoscana.it\/it\/?s={search_term_string}\"},\"query-input\":{\"@type\":\"PropertyValueSpecification\",\"valueRequired\":true,\"valueName\":\"search_term_string\"}}],\"inLanguage\":\"it-IT\"},{\"@type\":\"Person\",\"@id\":\"https:\/\/www.intoscana.it\/it\/#\/schema\/person\/9223810753230f20bd670fdd322661f8\",\"name\":\"Redazione\",\"url\":\"https:\/\/www.intoscana.it\/it\/author\/redazione\/\"}]}<\/script>\n<!-- \/ Yoast SEO Premium plugin. -->","yoast_head_json":{"title":"Bruno Belissimo 'l'uomo che sussurrava al basso' al BUH! - intoscana","robots":{"index":"index","follow":"follow","max-snippet":"max-snippet:-1","max-image-preview":"max-image-preview:large","max-video-preview":"max-video-preview:-1"},"canonical":"https:\/\/www.intoscana.it\/it\/bruno-belissimo-buh\/","og_locale":"it_IT","og_type":"article","og_title":"Bruno Belissimo 'l'uomo che sussurrava al basso' al BUH!","og_description":"Sabato 18 gennaio il producer e dj italo-canadese a Firenze per presentare il suo ultimo disco Tucker, in apertura Cucina Sonora di Pietro Spinelli e a chiudere la serata il djset tutto al femminile con Mimmy, La Ponto e Michelle Davis","og_url":"https:\/\/www.intoscana.it\/it\/bruno-belissimo-buh\/","og_site_name":"intoscana","article_publisher":"https:\/\/www.facebook.com\/intoscana.it","article_published_time":"2020-01-15T12:38:11+00:00","article_modified_time":"2020-05-19T13:49:06+00:00","og_image":[{"width":1200,"height":764,"url":"https:\/\/www.intoscana.it\/wp-content\/uploads\/bruno-belissimo2.jpg","type":"image\/jpeg"}],"author":"Redazione","twitter_card":"summary_large_image","twitter_creator":"@intoscana","twitter_site":"@intoscana","twitter_misc":{"Written by":"Redazione","Est. reading time":"2 minuti"},"schema":{"@context":"https:\/\/schema.org","@graph":[{"@type":"WebPage","@id":"https:\/\/www.intoscana.it\/it\/bruno-belissimo-buh\/","url":"https:\/\/www.intoscana.it\/it\/bruno-belissimo-buh\/","name":"Bruno Belissimo 'l'uomo che sussurrava al basso' al BUH! - intoscana","isPartOf":{"@id":"https:\/\/www.intoscana.it\/it\/#website"},"primaryImageOfPage":{"@id":"https:\/\/www.intoscana.it\/it\/bruno-belissimo-buh\/#primaryimage"},"image":{"@id":"https:\/\/www.intoscana.it\/it\/bruno-belissimo-buh\/#primaryimage"},"thumbnailUrl":"https:\/\/www.intoscana.it\/wp-content\/uploads\/bruno-belissimo2.jpg","datePublished":"2020-01-15T12:38:11+00:00","dateModified":"2020-05-19T13:49:06+00:00","author":{"@id":"https:\/\/www.intoscana.it\/it\/#\/schema\/person\/9223810753230f20bd670fdd322661f8"},"breadcrumb":{"@id":"https:\/\/www.intoscana.it\/it\/bruno-belissimo-buh\/#breadcrumb"},"inLanguage":"it-IT","potentialAction":[{"@type":"ReadAction","target":["https:\/\/www.intoscana.it\/it\/bruno-belissimo-buh\/"]}]},{"@type":"ImageObject","inLanguage":"it-IT","@id":"https:\/\/www.intoscana.it\/it\/bruno-belissimo-buh\/#primaryimage","url":"https:\/\/www.intoscana.it\/wp-content\/uploads\/bruno-belissimo2.jpg","contentUrl":"https:\/\/www.intoscana.it\/wp-content\/uploads\/bruno-belissimo2.jpg","width":1200,"height":764,"caption":"Bruno Belissimo"},{"@type":"BreadcrumbList","@id":"https:\/\/www.intoscana.it\/it\/bruno-belissimo-buh\/#breadcrumb","itemListElement":[{"@type":"ListItem","position":1,"name":"Home","item":"https:\/\/www.intoscana.it\/it\/"},{"@type":"ListItem","position":2,"name":"Bruno Belissimo &#8216;l&#8217;uomo che sussurrava al basso&#8217; al BUH!"}]},{"@type":"WebSite","@id":"https:\/\/www.intoscana.it\/it\/#website","url":"https:\/\/www.intoscana.it\/it\/","name":"intoscana","description":"","potentialAction":[{"@type":"SearchAction","target":{"@type":"EntryPoint","urlTemplate":"https:\/\/www.intoscana.it\/it\/?s={search_term_string}"},"query-input":{"@type":"PropertyValueSpecification","valueRequired":true,"valueName":"search_term_string"}}],"inLanguage":"it-IT"},{"@type":"Person","@id":"https:\/\/www.intoscana.it\/it\/#\/schema\/person\/9223810753230f20bd670fdd322661f8","name":"Redazione","url":"https:\/\/www.intoscana.it\/it\/author\/redazione\/"}]}},"_links":{"self":[{"href":"https:\/\/www.intoscana.it\/it\/wp-json\/wp\/v2\/posts\/60840","targetHints":{"allow":["GET"]}}],"collection":[{"href":"https:\/\/www.intoscana.it\/it\/wp-json\/wp\/v2\/posts"}],"about":[{"href":"https:\/\/www.intoscana.it\/it\/wp-json\/wp\/v2\/types\/post"}],"author":[{"embeddable":true,"href":"https:\/\/www.intoscana.it\/it\/wp-json\/wp\/v2\/users\/525"}],"replies":[{"embeddable":true,"href":"https:\/\/www.intoscana.it\/it\/wp-json\/wp\/v2\/comments?post=60840"}],"version-history":[{"count":0,"href":"https:\/\/www.intoscana.it\/it\/wp-json\/wp\/v2\/posts\/60840\/revisions"}],"wp:featuredmedia":[{"embeddable":true,"href":"https:\/\/www.intoscana.it\/it\/wp-json\/wp\/v2\/media\/98150"}],"wp:attachment":[{"href":"https:\/\/www.intoscana.it\/it\/wp-json\/wp\/v2\/media?parent=60840"}],"wp:term":[{"taxonomy":"category","embeddable":true,"href":"https:\/\/www.intoscana.it\/it\/wp-json\/wp\/v2\/categories?post=60840"},{"taxonomy":"post_tag","embeddable":true,"href":"https:\/\/www.intoscana.it\/it\/wp-json\/wp\/v2\/tags?post=60840"}],"curies":[{"name":"wp","href":"https:\/\/api.w.org\/{rel}","templated":true}]}}