{"id":60863,"date":"2019-11-11T09:03:09","date_gmt":"2019-11-11T09:03:09","guid":{"rendered":"http:\/\/www.intoscana.it\/il-sound-del-brasile-arriva-a-firenze-in-concerto-il-cantautore-momo\/"},"modified":"2020-05-19T15:49:07","modified_gmt":"2020-05-19T13:49:07","slug":"momo-firenze","status":"publish","type":"post","link":"https:\/\/www.intoscana.it\/it\/momo-firenze\/","title":{"rendered":"Il sound del Brasile arriva a Firenze: in concerto il cantautore MOMO"},"content":{"rendered":"<p>I suoi dischi sono stati apprezzati da artisti del calibro di <strong>Patti Smith e David Byrne<\/strong>, <strong>Marcelo Frota in arte MOMO,<\/strong> \u00e8 un <strong>cantautore e polistrumentista brasiliano residente in Portogallo.<\/strong> La sua musica \u00e8 il risultato di molteplici influenze artistiche che ha assorbito durante la sua adolescenza tra <strong>Brasile, Angola, Stati Uniti<\/strong> e poi da adulto a <strong>Chicago, Barcellona e Rio de Janeiro<\/strong>. Durante la sua carriera ha fatto tourn\u00e9e negli Stati Uniti, in Brasile e in Portogallo. Tra i suoi spettacoli dal vivo ci sono anche l\u2019esibizione al <strong>\u201cSilencio Club\u201d di David Lynch a Parigi<\/strong> e l\u2019apertura per il concerto di <strong>Andrew Bird al Misty Fest 2016<\/strong> in Portogallo.<\/p>\n<p><strong>\u201cI Was Told to Be Quiet\u201d<\/strong> \u00e8 il suo sesto album registrato a Los Angeles. Il lavoro riunisce l\u2019eredit\u00e0 potente ed espressiva dei suoni brasiliani, come la bossa nova e la samba, con l\u2019indie contemporaneo. Nel disco anche un raffinato elenco di collaboratori: a livello compositivo<strong> Wado, Thiago Camelo e Ana Lomelino<\/strong> (M\u00e3eana), mentre nelle registrazioni sono presenti <strong>R\u00e9gis Damasceno<\/strong> (basso) e <strong>Marco Benevento<\/strong> (piano, polli synth, archi synth). Firma la produzione dell\u2019album <strong>Tom Biller<\/strong> che ha lavorato con <strong>Fiona Apple, Sean Lennon, Elliot Smith, Kanye West e Warpaint.<\/strong> <\/p>\n<p>\u201cI Was Told to be Quiet\u201d segna anche il debutto di Deusamora Records, l\u2019etichetta discografica che, grazie all\u2019esperienza di A Buzz Supreme e Malintenti Dischi, si propone di far luce sulla scena musicale contemporanea indipendente brasiliana in Italia. Ecco la nostra intervista. <\/p>\n<p><strong>Ciao MOMO! Sei brasiliano ma vivi in Portogallo, il tuo disco \u00e8 cantato in tre lingue e \u00e8 stato registrato a Los Angeles. Possiamo dire che viaggiare \u00e8 uno degli aspetti fondamentali della tua vita? Che rapporto hai con il viaggio?<\/strong><br \/>Penso di si. Ho lasciato il Brasile per la prima volta a cinque anni per vivere a Luanda, in Angola. Sono rimasto l\u00ec fino a quando avevo 10 anni. Poi sono arrivate altre citt\u00e0 e altri paesi.<\/p>\n<p><strong>Conosci qualcosa della musica italiana? C&#8217;\u00e8 un artista che ti piace?<\/strong><br \/>Lucio Dalla ha avuto grande successo in Brasile. La canzone &#8220;Caruso&#8221; ha anche fatto parte di una telenovela della Tv Globo. Mi ricordo che ho provato gli accordi di questa canzone e mi sono avventurato a cantarla. Di recente ho conosciuto il lavoro di Lucio Battisti e mi \u00e8 davvero piaciuto. Non posso non menzionare i geni: Ennio Morricone e Nino Rota.<\/p>\n<p><strong>Non sono mai stata in Brasile ma me lo immagino come una grandissima \u2018fabbrica della musica\u2019, in cui tutti imparano a cantare o suonare fin da piccoli. Vivete costantemente dentro la musica, siete un popolo che ha un&#8217;anima musicale, \u00e8 cos\u00ec?<\/strong> <br \/>Non posso dire che in Brasile tutti imparino la musica fin da piccoli. Ad esempio, io non avevo lezioni di musica a scuola. La legge che richiede l&#8217;insegnamento della musica nelle scuole pubbliche \u00e8 del 2008. Ma sono d&#8217;accordo con te quando dici che i brasiliani hanno un&#8217;anima musicale. \u00c8 qualcosa di spontaneo ed esce naturalmente.<\/p>\n<p><strong>Il tuo ultimo disco \u00e8 stato prodotto da Tom Biller, com\u2019\u00e8 nata questa importante collaborazione?<\/strong><br \/>Io e Tom volevamo fare questo disco da tanto tempo. Quando ho ascoltato l&#8217;album &#8220;Friendly Fire&#8221; di Sean Lennon, sono stato colpito dal suono dell&#8217;album. Da allora, siamo rimasti in contatto e ci siamo scambiati impressioni. Alla fine questo incontro \u00e8 successo e ci ha portato a questo disco.<\/p>\n<p><strong>Come mai hai scelto il titolo \u2018I was told to be quiet\u2019, io non sopporto quando mi dicono di stare zitta!<\/strong><br \/>Il mondo di oggi alimenta una retorica bellicosa di odio e brutalit\u00e0. Questo album \u00e8 un invito, una specie di proposizione alla contemplazione e all\u2019apprezzamento del silenzio, della calma. Il silenzio \u00e8 azione, \u00e8 discorso. Da questo stato sereno, credo che possano avvenire le trasformazioni.<\/p>\n<a class=\"fotogallery\" href=\"#modalgallery\" rel=\"modal:open\">sfoglia la gallery <i class=\"fas fa-chevron-right\"><\/i><\/a>\n    <div class=\"modal\" id=\"modalgallery\">\n        <div class=\"gallery\">\n          <div class=\"galleryimg\">\n            <div class=\"slidegallerybig\"> <div class=\"itemimg\">\n            <div class=\"wrapimg\">\n            <img decoding=\"async\" src=\"https:\/\/www.intoscana.it\/wp-content\/uploads\/momo-i-was-told-to-be-quiet-cover.jpg\">\n            <\/div>\n            <\/div>\n            <\/div>\n          <\/div>\n          <div class=\"asidemenu\">\n            <div class=\"action\">\n              <div class=\"countlidegallery\"><\/div>\n              <div class=\"closegallery\" href=\"#modalgallery\" rel=\"modal:close\"><i class=\"far fa-times\"><\/i><\/div>\n            <\/div>\n            <div class=\"title\">\n              <h2>Il sound del Brasile arriva a Firenze: in concerto il cantautore MOMO<\/h2>\n              <div class=\"socialarticolo\"> \n            <div class=\"contsocialico\">\n              <ul>\n                <li><a target=\"_blank\" href=\"https:\/\/www.facebook.com\/sharer\/sharer.php?u=https:\/\/www.intoscana.it\/it\/momo-firenze\/\"> <i class=\"fab fa-facebook-f\"><\/i><\/a><\/li>\n                <li><a target=\"_blank\" href=\"https:\/\/twitter.com\/home?status=https:\/\/www.intoscana.it\/it\/momo-firenze\/\"> <i class=\"fab fa-twitter\"><\/i><\/a><\/li>\n                <li>\n                  <div class=\"shareall\" target=\"_blank\" href=\"\"> <i class=\"fas fa-share-alt\"><\/i><\/div>\n                  <div class=\"sharemore\">\n                    <ul>\n                      <li><a target=\"_blank\" href=\"https:\/\/www.linkedin.com\/shareArticle?url=https:\/\/www.intoscana.it\/it\/momo-firenze\/\"> <i class=\"fab fa-linkedin\"><\/i><\/a><\/li>\n                      <li><a target=\"_blank\" href=\"http:\/\/www.pinterest.com\/pin\/create\/bookmarklet\/?url=https:\/\/www.intoscana.it\/it\/momo-firenze\/\"> <i class=\"fab fa-pinterest\"><\/i><\/a><\/li>\n                      <li><a target=\"_blank\" href=\"mailto?subject=Il sound del Brasile arriva a Firenze: in concerto il cantautore MOMO&body=https:\/\/www.intoscana.it\/it\/momo-firenze\/\"> <i class=\"fas fa-envelope\"><\/i><\/a><\/li>\n                    <\/ul>\n                    <div class=\"closesharemore\">\n                    <i class=\"fas fa-times\"><\/i>\n                    <\/div>\n                  <\/div>\n                <\/li>\n              <\/ul>\n            <\/div>\n          <\/div>\n        <\/div>\n          <\/div>\n        <\/div>\n      <\/div>\n","protected":false},"excerpt":{"rendered":"<p>Venerd\u00ec 15 novembre a Firenze al Circolo Il Progresso il cantante amato da Patti Smith e David Byrne<\/p>\n","protected":false},"author":518,"featured_media":98171,"comment_status":"open","ping_status":"open","sticky":false,"template":"","format":"standard","meta":{"_acf_changed":false,"footnotes":""},"categories":[14],"tags":[],"class_list":["post-60863","post","type-post","status-publish","format-standard","has-post-thumbnail","hentry","category-musica"],"acf":[],"yoast_head":"<!-- This site is optimized with the Yoast SEO Premium plugin v24.2 (Yoast SEO v25.6) - https:\/\/yoast.com\/wordpress\/plugins\/seo\/ -->\n<title>Il sound del Brasile arriva a Firenze: in concerto il cantautore MOMO - intoscana<\/title>\n<meta name=\"robots\" content=\"index, follow, max-snippet:-1, max-image-preview:large, max-video-preview:-1\" \/>\n<link rel=\"canonical\" href=\"https:\/\/www.intoscana.it\/it\/momo-firenze\/\" \/>\n<meta property=\"og:locale\" content=\"it_IT\" \/>\n<meta property=\"og:type\" content=\"article\" \/>\n<meta property=\"og:title\" content=\"Il sound del Brasile arriva a Firenze: in concerto il cantautore MOMO\" \/>\n<meta property=\"og:description\" content=\"Venerd\u00ec 15 novembre a Firenze al Circolo Il Progresso il cantante amato da Patti Smith e David Byrne\" \/>\n<meta property=\"og:url\" content=\"https:\/\/www.intoscana.it\/it\/momo-firenze\/\" \/>\n<meta property=\"og:site_name\" content=\"intoscana\" \/>\n<meta property=\"article:publisher\" content=\"https:\/\/www.facebook.com\/intoscana.it\" \/>\n<meta property=\"article:published_time\" content=\"2019-11-11T09:03:09+00:00\" \/>\n<meta property=\"article:modified_time\" content=\"2020-05-19T13:49:07+00:00\" \/>\n<meta property=\"og:image\" content=\"https:\/\/www.intoscana.it\/wp-content\/uploads\/momo01.jpg\" \/>\n\t<meta property=\"og:image:width\" content=\"2000\" \/>\n\t<meta property=\"og:image:height\" content=\"1333\" \/>\n\t<meta property=\"og:image:type\" content=\"image\/jpeg\" \/>\n<meta name=\"author\" content=\"Costanza Baldini\" \/>\n<meta name=\"twitter:card\" content=\"summary_large_image\" \/>\n<meta name=\"twitter:creator\" content=\"@intoscana\" \/>\n<meta name=\"twitter:site\" content=\"@intoscana\" \/>\n<meta name=\"twitter:label1\" content=\"Written by\" \/>\n\t<meta name=\"twitter:data1\" content=\"Costanza Baldini\" \/>\n\t<meta name=\"twitter:label2\" content=\"Est. reading time\" \/>\n\t<meta name=\"twitter:data2\" content=\"3 minuti\" \/>\n<script type=\"application\/ld+json\" class=\"yoast-schema-graph\">{\"@context\":\"https:\/\/schema.org\",\"@graph\":[{\"@type\":\"WebPage\",\"@id\":\"https:\/\/www.intoscana.it\/it\/momo-firenze\/\",\"url\":\"https:\/\/www.intoscana.it\/it\/momo-firenze\/\",\"name\":\"Il sound del Brasile arriva a Firenze: in concerto il cantautore MOMO - intoscana\",\"isPartOf\":{\"@id\":\"https:\/\/www.intoscana.it\/it\/#website\"},\"primaryImageOfPage\":{\"@id\":\"https:\/\/www.intoscana.it\/it\/momo-firenze\/#primaryimage\"},\"image\":{\"@id\":\"https:\/\/www.intoscana.it\/it\/momo-firenze\/#primaryimage\"},\"thumbnailUrl\":\"https:\/\/www.intoscana.it\/wp-content\/uploads\/momo01.jpg\",\"datePublished\":\"2019-11-11T09:03:09+00:00\",\"dateModified\":\"2020-05-19T13:49:07+00:00\",\"author\":{\"@id\":\"https:\/\/www.intoscana.it\/it\/#\/schema\/person\/d469f35f09739bdf00bf5dd3f0647a82\"},\"breadcrumb\":{\"@id\":\"https:\/\/www.intoscana.it\/it\/momo-firenze\/#breadcrumb\"},\"inLanguage\":\"it-IT\",\"potentialAction\":[{\"@type\":\"ReadAction\",\"target\":[\"https:\/\/www.intoscana.it\/it\/momo-firenze\/\"]}]},{\"@type\":\"ImageObject\",\"inLanguage\":\"it-IT\",\"@id\":\"https:\/\/www.intoscana.it\/it\/momo-firenze\/#primaryimage\",\"url\":\"https:\/\/www.intoscana.it\/wp-content\/uploads\/momo01.jpg\",\"contentUrl\":\"https:\/\/www.intoscana.it\/wp-content\/uploads\/momo01.jpg\",\"width\":2000,\"height\":1333,\"caption\":\"MOMO\"},{\"@type\":\"BreadcrumbList\",\"@id\":\"https:\/\/www.intoscana.it\/it\/momo-firenze\/#breadcrumb\",\"itemListElement\":[{\"@type\":\"ListItem\",\"position\":1,\"name\":\"Home\",\"item\":\"https:\/\/www.intoscana.it\/it\/\"},{\"@type\":\"ListItem\",\"position\":2,\"name\":\"Il sound del Brasile arriva a Firenze: in concerto il cantautore MOMO\"}]},{\"@type\":\"WebSite\",\"@id\":\"https:\/\/www.intoscana.it\/it\/#website\",\"url\":\"https:\/\/www.intoscana.it\/it\/\",\"name\":\"intoscana\",\"description\":\"\",\"potentialAction\":[{\"@type\":\"SearchAction\",\"target\":{\"@type\":\"EntryPoint\",\"urlTemplate\":\"https:\/\/www.intoscana.it\/it\/?s={search_term_string}\"},\"query-input\":{\"@type\":\"PropertyValueSpecification\",\"valueRequired\":true,\"valueName\":\"search_term_string\"}}],\"inLanguage\":\"it-IT\"},{\"@type\":\"Person\",\"@id\":\"https:\/\/www.intoscana.it\/it\/#\/schema\/person\/d469f35f09739bdf00bf5dd3f0647a82\",\"name\":\"Costanza Baldini\",\"url\":\"https:\/\/www.intoscana.it\/it\/author\/costanza-baldini\/\"}]}<\/script>\n<!-- \/ Yoast SEO Premium plugin. -->","yoast_head_json":{"title":"Il sound del Brasile arriva a Firenze: in concerto il cantautore MOMO - intoscana","robots":{"index":"index","follow":"follow","max-snippet":"max-snippet:-1","max-image-preview":"max-image-preview:large","max-video-preview":"max-video-preview:-1"},"canonical":"https:\/\/www.intoscana.it\/it\/momo-firenze\/","og_locale":"it_IT","og_type":"article","og_title":"Il sound del Brasile arriva a Firenze: in concerto il cantautore MOMO","og_description":"Venerd\u00ec 15 novembre a Firenze al Circolo Il Progresso il cantante amato da Patti Smith e David Byrne","og_url":"https:\/\/www.intoscana.it\/it\/momo-firenze\/","og_site_name":"intoscana","article_publisher":"https:\/\/www.facebook.com\/intoscana.it","article_published_time":"2019-11-11T09:03:09+00:00","article_modified_time":"2020-05-19T13:49:07+00:00","og_image":[{"width":2000,"height":1333,"url":"https:\/\/www.intoscana.it\/wp-content\/uploads\/momo01.jpg","type":"image\/jpeg"}],"author":"Costanza Baldini","twitter_card":"summary_large_image","twitter_creator":"@intoscana","twitter_site":"@intoscana","twitter_misc":{"Written by":"Costanza Baldini","Est. reading time":"3 minuti"},"schema":{"@context":"https:\/\/schema.org","@graph":[{"@type":"WebPage","@id":"https:\/\/www.intoscana.it\/it\/momo-firenze\/","url":"https:\/\/www.intoscana.it\/it\/momo-firenze\/","name":"Il sound del Brasile arriva a Firenze: in concerto il cantautore MOMO - intoscana","isPartOf":{"@id":"https:\/\/www.intoscana.it\/it\/#website"},"primaryImageOfPage":{"@id":"https:\/\/www.intoscana.it\/it\/momo-firenze\/#primaryimage"},"image":{"@id":"https:\/\/www.intoscana.it\/it\/momo-firenze\/#primaryimage"},"thumbnailUrl":"https:\/\/www.intoscana.it\/wp-content\/uploads\/momo01.jpg","datePublished":"2019-11-11T09:03:09+00:00","dateModified":"2020-05-19T13:49:07+00:00","author":{"@id":"https:\/\/www.intoscana.it\/it\/#\/schema\/person\/d469f35f09739bdf00bf5dd3f0647a82"},"breadcrumb":{"@id":"https:\/\/www.intoscana.it\/it\/momo-firenze\/#breadcrumb"},"inLanguage":"it-IT","potentialAction":[{"@type":"ReadAction","target":["https:\/\/www.intoscana.it\/it\/momo-firenze\/"]}]},{"@type":"ImageObject","inLanguage":"it-IT","@id":"https:\/\/www.intoscana.it\/it\/momo-firenze\/#primaryimage","url":"https:\/\/www.intoscana.it\/wp-content\/uploads\/momo01.jpg","contentUrl":"https:\/\/www.intoscana.it\/wp-content\/uploads\/momo01.jpg","width":2000,"height":1333,"caption":"MOMO"},{"@type":"BreadcrumbList","@id":"https:\/\/www.intoscana.it\/it\/momo-firenze\/#breadcrumb","itemListElement":[{"@type":"ListItem","position":1,"name":"Home","item":"https:\/\/www.intoscana.it\/it\/"},{"@type":"ListItem","position":2,"name":"Il sound del Brasile arriva a Firenze: in concerto il cantautore MOMO"}]},{"@type":"WebSite","@id":"https:\/\/www.intoscana.it\/it\/#website","url":"https:\/\/www.intoscana.it\/it\/","name":"intoscana","description":"","potentialAction":[{"@type":"SearchAction","target":{"@type":"EntryPoint","urlTemplate":"https:\/\/www.intoscana.it\/it\/?s={search_term_string}"},"query-input":{"@type":"PropertyValueSpecification","valueRequired":true,"valueName":"search_term_string"}}],"inLanguage":"it-IT"},{"@type":"Person","@id":"https:\/\/www.intoscana.it\/it\/#\/schema\/person\/d469f35f09739bdf00bf5dd3f0647a82","name":"Costanza Baldini","url":"https:\/\/www.intoscana.it\/it\/author\/costanza-baldini\/"}]}},"_links":{"self":[{"href":"https:\/\/www.intoscana.it\/it\/wp-json\/wp\/v2\/posts\/60863","targetHints":{"allow":["GET"]}}],"collection":[{"href":"https:\/\/www.intoscana.it\/it\/wp-json\/wp\/v2\/posts"}],"about":[{"href":"https:\/\/www.intoscana.it\/it\/wp-json\/wp\/v2\/types\/post"}],"author":[{"embeddable":true,"href":"https:\/\/www.intoscana.it\/it\/wp-json\/wp\/v2\/users\/518"}],"replies":[{"embeddable":true,"href":"https:\/\/www.intoscana.it\/it\/wp-json\/wp\/v2\/comments?post=60863"}],"version-history":[{"count":0,"href":"https:\/\/www.intoscana.it\/it\/wp-json\/wp\/v2\/posts\/60863\/revisions"}],"wp:featuredmedia":[{"embeddable":true,"href":"https:\/\/www.intoscana.it\/it\/wp-json\/wp\/v2\/media\/98171"}],"wp:attachment":[{"href":"https:\/\/www.intoscana.it\/it\/wp-json\/wp\/v2\/media?parent=60863"}],"wp:term":[{"taxonomy":"category","embeddable":true,"href":"https:\/\/www.intoscana.it\/it\/wp-json\/wp\/v2\/categories?post=60863"},{"taxonomy":"post_tag","embeddable":true,"href":"https:\/\/www.intoscana.it\/it\/wp-json\/wp\/v2\/tags?post=60863"}],"curies":[{"name":"wp","href":"https:\/\/api.w.org\/{rel}","templated":true}]}}