{"id":60864,"date":"2019-10-29T10:33:00","date_gmt":"2019-10-29T10:33:00","guid":{"rendered":"http:\/\/www.intoscana.it\/cesare-basile-e-i-camminanti-portano-in-toscana-la-cummedia\/"},"modified":"2020-05-19T15:49:07","modified_gmt":"2020-05-19T13:49:07","slug":"cesare-basile-cummedia","status":"publish","type":"post","link":"https:\/\/www.intoscana.it\/it\/cesare-basile-cummedia\/","title":{"rendered":"Cesare Basile e i Camminanti portano in Toscana la &#8216;Cummedia&#8217;"},"content":{"rendered":"<p>Arriva in Toscana il<strong> \u201cCummeddia Tour 2019\u201d,<\/strong>&nbsp;per presentare il nuovo album dell\u2019<strong>autore siciliano<\/strong> da molti gi\u00e0 acclamato come il suo ennesimo capolavoro. <strong>30 anni di carriera, due targhe Tenco,<\/strong> collaborazioni prestigiose con musicisti stranieri del calibro di <strong>John Parish, Robert Fisher dei Willard Grant Conspiracy, Hugo Race,<\/strong>&nbsp;<strong>John Bonnar, Stef Kamil Carlens<\/strong> fanno di <strong>Cesare Basile<\/strong> senz\u2019altro uno dei pi\u00f9 autorevoli e innovativi autori italiani degli ultimi decenni.<\/p>\n<p><strong>Cesare Basile,<\/strong> nato a Catania nel &#8217;64, <strong>\u00e8 uno dei pi\u00f9 autorevoli e innovativi autori italiani degli ultimi decenni.<\/strong> Durante il corso della sua trentennale carriera \u00e8 riuscito a creare <strong>un linguaggio \u201cBlues\u201d viscerale, unico e personale<\/strong> utilizzando come lingua <strong>un dialetto siciliano arcaico e profondo<\/strong> attraverso il quale viene rappresentato <strong>il degrado e la mortificazione operata dal potere centralizzato nei confronti della Sicilia e dei Siciliani<\/strong> negli ultimi secoli di storia. I temi pi\u00f9 cari a Basile trattano <strong>storie d\u2019amore ed d\u2019anarchia volte a raccontare i vinti e i miserabili, gli emarginati e i diseredati,<\/strong> attingendo da certa musica africana la giusta ispirazione e creando un filo conduttore che lega la lingua siciliana, il dolore degli sconfitti e degli emarginati e l\u2019Africa, da tutti considerata la culla della civilt\u00e0 umana. <strong>La Sicilia come il Delta del Missisipi e Basile come un novello Skip James o Robert Johnson.<\/strong> Il tutto corroboato dalla sua <strong>irrinunciabile attitudine rock<\/strong> che abbraccia a piene mani la <strong>musica popolare siciliana, il folk , il blues<\/strong> e, a modo suo, il <strong>punk.<\/strong>&nbsp;L\u2019impegno musicale non \u00e8 separato da quello politico e civile, ben presente nei suoi testi che viene manifestato pubblicamente aderendo ad attivit\u00e0 decisive quali <strong>l\u2019occupazione del Teatro Coppola di Catania nel 2011,<\/strong> tutt\u2019oggi punto di aggregazione e incontro imprescindibile per il tessuto culturale cittadino.<\/p>\n<p>Negli anni Cesare Basile \u00e8 stato artefice di <strong>ben 11 album<\/strong> che gli hanno garantito una credibilit\u00e0 ed un prestigio tale da portarlo <strong>ben due volte a vincere la Targa Tenco,<\/strong> il riconoscimento italiano pi\u00f9 prestigioso ed ambito per la nuova musica d\u2019autore e cantautorale.<\/p>\n<p>Per questo nuovo tour i <strong>Caminanti, collettivo aperto di musicisti<\/strong> che ormai da anni \u00e8 al seguito di Basile, saranno composti da: <strong>Massimo Ferrarotto<\/strong> alle percussioni, <strong>Sara Ardizzoni<\/strong> alle chitarre elettriche, <strong>Vera Di Lecce<\/strong> al synth, percussioni e voce, <strong>Alice Ferrara<\/strong>&nbsp;alle percussioni, synth, voce e cori.<\/p>\n<p>Cesare Basile ha dichiarato sull&#8217;ultimo disco: \u201d<strong>Cummeddia in siciliano vuole dire cometa o aquilone<\/strong>. <strong>Il passaggio di una cometa \u00e8 segno infausto<\/strong>, presagio di sventure pubbliche, monito divino, annuncio di peste. La peste stravolge le relazioni umane e determina un nuovo ordine basato sul sospetto,<strong> l&#8217;accusa, il controllo, la definizione di zone e confini invalicabili.<\/strong> L&#8217;ordine \u00e8 lo stato d&#8217;assedio,<strong> l&#8217;emergenza continua in cui la sospensione delle libert\u00e0 viene presentata come il prezzo necessario per la sopravvivenza della societ\u00e0<\/strong>. Radicalizzazione del tutti contro tutti per difenderci da tutti, infine da noi stessi. Separati dal mondo e dalle nostre creazioni quotidiane. La regola \u00e8 la peste. Dopo averci accecato lo spirito ci strappa il cuore. <strong>Di fronte all&#8217;ordine della peste l&#8217;unico gesto \u00e8 la rivolta, quando la cometa aquilone annuncia non il castigo ma un nuovo cominciamento<\/strong>\u201d.<\/p>\n","protected":false},"excerpt":{"rendered":"<p>Il cantautore siciliano sar\u00e0 in concerto con due date: il primo novembre al Circolo Progresso a Firenze e il due novembre al Caracol a Pisa<\/p>\n","protected":false},"author":525,"featured_media":98172,"comment_status":"open","ping_status":"open","sticky":false,"template":"","format":"standard","meta":{"_acf_changed":false,"footnotes":""},"categories":[14],"tags":[],"class_list":["post-60864","post","type-post","status-publish","format-standard","has-post-thumbnail","hentry","category-musica"],"acf":[],"yoast_head":"<!-- This site is optimized with the Yoast SEO Premium plugin v24.2 (Yoast SEO v25.6) - https:\/\/yoast.com\/wordpress\/plugins\/seo\/ -->\n<title>Cesare Basile e i Camminanti portano in Toscana la &#039;Cummedia&#039; - intoscana<\/title>\n<meta name=\"robots\" content=\"index, follow, max-snippet:-1, max-image-preview:large, max-video-preview:-1\" \/>\n<link rel=\"canonical\" href=\"https:\/\/www.intoscana.it\/it\/cesare-basile-cummedia\/\" \/>\n<meta property=\"og:locale\" content=\"it_IT\" \/>\n<meta property=\"og:type\" content=\"article\" \/>\n<meta property=\"og:title\" content=\"Cesare Basile e i Camminanti portano in Toscana la &#039;Cummedia&#039;\" \/>\n<meta property=\"og:description\" content=\"Il cantautore siciliano sar\u00e0 in concerto con due date: il primo novembre al Circolo Progresso a Firenze e il due novembre al Caracol a Pisa\" \/>\n<meta property=\"og:url\" content=\"https:\/\/www.intoscana.it\/it\/cesare-basile-cummedia\/\" \/>\n<meta property=\"og:site_name\" content=\"intoscana\" \/>\n<meta property=\"article:publisher\" content=\"https:\/\/www.facebook.com\/intoscana.it\" \/>\n<meta property=\"article:published_time\" content=\"2019-10-29T10:33:00+00:00\" \/>\n<meta property=\"article:modified_time\" content=\"2020-05-19T13:49:07+00:00\" \/>\n<meta property=\"og:image\" content=\"https:\/\/www.intoscana.it\/wp-content\/uploads\/70243491_10157617297104630_7277725424833003520_o.jpg\" \/>\n\t<meta property=\"og:image:width\" content=\"1817\" \/>\n\t<meta property=\"og:image:height\" content=\"1211\" \/>\n\t<meta property=\"og:image:type\" content=\"image\/jpeg\" \/>\n<meta name=\"author\" content=\"Redazione\" \/>\n<meta name=\"twitter:card\" content=\"summary_large_image\" \/>\n<meta name=\"twitter:creator\" content=\"@intoscana\" \/>\n<meta name=\"twitter:site\" content=\"@intoscana\" \/>\n<meta name=\"twitter:label1\" content=\"Written by\" \/>\n\t<meta name=\"twitter:data1\" content=\"Redazione\" \/>\n\t<meta name=\"twitter:label2\" content=\"Est. reading time\" \/>\n\t<meta name=\"twitter:data2\" content=\"3 minuti\" \/>\n<script type=\"application\/ld+json\" class=\"yoast-schema-graph\">{\"@context\":\"https:\/\/schema.org\",\"@graph\":[{\"@type\":\"WebPage\",\"@id\":\"https:\/\/www.intoscana.it\/it\/cesare-basile-cummedia\/\",\"url\":\"https:\/\/www.intoscana.it\/it\/cesare-basile-cummedia\/\",\"name\":\"Cesare Basile e i Camminanti portano in Toscana la 'Cummedia' - intoscana\",\"isPartOf\":{\"@id\":\"https:\/\/www.intoscana.it\/it\/#website\"},\"primaryImageOfPage\":{\"@id\":\"https:\/\/www.intoscana.it\/it\/cesare-basile-cummedia\/#primaryimage\"},\"image\":{\"@id\":\"https:\/\/www.intoscana.it\/it\/cesare-basile-cummedia\/#primaryimage\"},\"thumbnailUrl\":\"https:\/\/www.intoscana.it\/wp-content\/uploads\/70243491_10157617297104630_7277725424833003520_o.jpg\",\"datePublished\":\"2019-10-29T10:33:00+00:00\",\"dateModified\":\"2020-05-19T13:49:07+00:00\",\"author\":{\"@id\":\"https:\/\/www.intoscana.it\/it\/#\/schema\/person\/9223810753230f20bd670fdd322661f8\"},\"breadcrumb\":{\"@id\":\"https:\/\/www.intoscana.it\/it\/cesare-basile-cummedia\/#breadcrumb\"},\"inLanguage\":\"it-IT\",\"potentialAction\":[{\"@type\":\"ReadAction\",\"target\":[\"https:\/\/www.intoscana.it\/it\/cesare-basile-cummedia\/\"]}]},{\"@type\":\"ImageObject\",\"inLanguage\":\"it-IT\",\"@id\":\"https:\/\/www.intoscana.it\/it\/cesare-basile-cummedia\/#primaryimage\",\"url\":\"https:\/\/www.intoscana.it\/wp-content\/uploads\/70243491_10157617297104630_7277725424833003520_o.jpg\",\"contentUrl\":\"https:\/\/www.intoscana.it\/wp-content\/uploads\/70243491_10157617297104630_7277725424833003520_o.jpg\",\"width\":1817,\"height\":1211,\"caption\":\"Cesare Basile e la sua 'Cummedia' in Toscana per due date\"},{\"@type\":\"BreadcrumbList\",\"@id\":\"https:\/\/www.intoscana.it\/it\/cesare-basile-cummedia\/#breadcrumb\",\"itemListElement\":[{\"@type\":\"ListItem\",\"position\":1,\"name\":\"Home\",\"item\":\"https:\/\/www.intoscana.it\/it\/\"},{\"@type\":\"ListItem\",\"position\":2,\"name\":\"Cesare Basile e i Camminanti portano in Toscana la &#8216;Cummedia&#8217;\"}]},{\"@type\":\"WebSite\",\"@id\":\"https:\/\/www.intoscana.it\/it\/#website\",\"url\":\"https:\/\/www.intoscana.it\/it\/\",\"name\":\"intoscana\",\"description\":\"\",\"potentialAction\":[{\"@type\":\"SearchAction\",\"target\":{\"@type\":\"EntryPoint\",\"urlTemplate\":\"https:\/\/www.intoscana.it\/it\/?s={search_term_string}\"},\"query-input\":{\"@type\":\"PropertyValueSpecification\",\"valueRequired\":true,\"valueName\":\"search_term_string\"}}],\"inLanguage\":\"it-IT\"},{\"@type\":\"Person\",\"@id\":\"https:\/\/www.intoscana.it\/it\/#\/schema\/person\/9223810753230f20bd670fdd322661f8\",\"name\":\"Redazione\",\"url\":\"https:\/\/www.intoscana.it\/it\/author\/redazione\/\"}]}<\/script>\n<!-- \/ Yoast SEO Premium plugin. -->","yoast_head_json":{"title":"Cesare Basile e i Camminanti portano in Toscana la 'Cummedia' - intoscana","robots":{"index":"index","follow":"follow","max-snippet":"max-snippet:-1","max-image-preview":"max-image-preview:large","max-video-preview":"max-video-preview:-1"},"canonical":"https:\/\/www.intoscana.it\/it\/cesare-basile-cummedia\/","og_locale":"it_IT","og_type":"article","og_title":"Cesare Basile e i Camminanti portano in Toscana la 'Cummedia'","og_description":"Il cantautore siciliano sar\u00e0 in concerto con due date: il primo novembre al Circolo Progresso a Firenze e il due novembre al Caracol a Pisa","og_url":"https:\/\/www.intoscana.it\/it\/cesare-basile-cummedia\/","og_site_name":"intoscana","article_publisher":"https:\/\/www.facebook.com\/intoscana.it","article_published_time":"2019-10-29T10:33:00+00:00","article_modified_time":"2020-05-19T13:49:07+00:00","og_image":[{"width":1817,"height":1211,"url":"https:\/\/www.intoscana.it\/wp-content\/uploads\/70243491_10157617297104630_7277725424833003520_o.jpg","type":"image\/jpeg"}],"author":"Redazione","twitter_card":"summary_large_image","twitter_creator":"@intoscana","twitter_site":"@intoscana","twitter_misc":{"Written by":"Redazione","Est. reading time":"3 minuti"},"schema":{"@context":"https:\/\/schema.org","@graph":[{"@type":"WebPage","@id":"https:\/\/www.intoscana.it\/it\/cesare-basile-cummedia\/","url":"https:\/\/www.intoscana.it\/it\/cesare-basile-cummedia\/","name":"Cesare Basile e i Camminanti portano in Toscana la 'Cummedia' - intoscana","isPartOf":{"@id":"https:\/\/www.intoscana.it\/it\/#website"},"primaryImageOfPage":{"@id":"https:\/\/www.intoscana.it\/it\/cesare-basile-cummedia\/#primaryimage"},"image":{"@id":"https:\/\/www.intoscana.it\/it\/cesare-basile-cummedia\/#primaryimage"},"thumbnailUrl":"https:\/\/www.intoscana.it\/wp-content\/uploads\/70243491_10157617297104630_7277725424833003520_o.jpg","datePublished":"2019-10-29T10:33:00+00:00","dateModified":"2020-05-19T13:49:07+00:00","author":{"@id":"https:\/\/www.intoscana.it\/it\/#\/schema\/person\/9223810753230f20bd670fdd322661f8"},"breadcrumb":{"@id":"https:\/\/www.intoscana.it\/it\/cesare-basile-cummedia\/#breadcrumb"},"inLanguage":"it-IT","potentialAction":[{"@type":"ReadAction","target":["https:\/\/www.intoscana.it\/it\/cesare-basile-cummedia\/"]}]},{"@type":"ImageObject","inLanguage":"it-IT","@id":"https:\/\/www.intoscana.it\/it\/cesare-basile-cummedia\/#primaryimage","url":"https:\/\/www.intoscana.it\/wp-content\/uploads\/70243491_10157617297104630_7277725424833003520_o.jpg","contentUrl":"https:\/\/www.intoscana.it\/wp-content\/uploads\/70243491_10157617297104630_7277725424833003520_o.jpg","width":1817,"height":1211,"caption":"Cesare Basile e la sua 'Cummedia' in Toscana per due date"},{"@type":"BreadcrumbList","@id":"https:\/\/www.intoscana.it\/it\/cesare-basile-cummedia\/#breadcrumb","itemListElement":[{"@type":"ListItem","position":1,"name":"Home","item":"https:\/\/www.intoscana.it\/it\/"},{"@type":"ListItem","position":2,"name":"Cesare Basile e i Camminanti portano in Toscana la &#8216;Cummedia&#8217;"}]},{"@type":"WebSite","@id":"https:\/\/www.intoscana.it\/it\/#website","url":"https:\/\/www.intoscana.it\/it\/","name":"intoscana","description":"","potentialAction":[{"@type":"SearchAction","target":{"@type":"EntryPoint","urlTemplate":"https:\/\/www.intoscana.it\/it\/?s={search_term_string}"},"query-input":{"@type":"PropertyValueSpecification","valueRequired":true,"valueName":"search_term_string"}}],"inLanguage":"it-IT"},{"@type":"Person","@id":"https:\/\/www.intoscana.it\/it\/#\/schema\/person\/9223810753230f20bd670fdd322661f8","name":"Redazione","url":"https:\/\/www.intoscana.it\/it\/author\/redazione\/"}]}},"_links":{"self":[{"href":"https:\/\/www.intoscana.it\/it\/wp-json\/wp\/v2\/posts\/60864","targetHints":{"allow":["GET"]}}],"collection":[{"href":"https:\/\/www.intoscana.it\/it\/wp-json\/wp\/v2\/posts"}],"about":[{"href":"https:\/\/www.intoscana.it\/it\/wp-json\/wp\/v2\/types\/post"}],"author":[{"embeddable":true,"href":"https:\/\/www.intoscana.it\/it\/wp-json\/wp\/v2\/users\/525"}],"replies":[{"embeddable":true,"href":"https:\/\/www.intoscana.it\/it\/wp-json\/wp\/v2\/comments?post=60864"}],"version-history":[{"count":0,"href":"https:\/\/www.intoscana.it\/it\/wp-json\/wp\/v2\/posts\/60864\/revisions"}],"wp:featuredmedia":[{"embeddable":true,"href":"https:\/\/www.intoscana.it\/it\/wp-json\/wp\/v2\/media\/98172"}],"wp:attachment":[{"href":"https:\/\/www.intoscana.it\/it\/wp-json\/wp\/v2\/media?parent=60864"}],"wp:term":[{"taxonomy":"category","embeddable":true,"href":"https:\/\/www.intoscana.it\/it\/wp-json\/wp\/v2\/categories?post=60864"},{"taxonomy":"post_tag","embeddable":true,"href":"https:\/\/www.intoscana.it\/it\/wp-json\/wp\/v2\/tags?post=60864"}],"curies":[{"name":"wp","href":"https:\/\/api.w.org\/{rel}","templated":true}]}}