{"id":60875,"date":"2020-02-18T11:45:49","date_gmt":"2020-02-18T11:45:49","guid":{"rendered":"http:\/\/www.intoscana.it\/compleanno-green-al-buh-con-max-collini-e-i-flame-parade\/"},"modified":"2020-05-18T10:08:37","modified_gmt":"2020-05-18T08:08:37","slug":"compleanno-green-al-buh-con-max-collini-e-i-flame-parade","status":"publish","type":"post","link":"https:\/\/www.intoscana.it\/it\/compleanno-green-al-buh-con-max-collini-e-i-flame-parade\/","title":{"rendered":"Compleanno &#8216;green&#8217; al BUH con Max Collini e i Flame Parade"},"content":{"rendered":"<p><strong>Era il 2014<\/strong> quando all\u2019interno dell\u2019ex-area industriale delle<strong> dogane di Rifredi<\/strong> nacque<strong> Impact Hub Firenze:<\/strong> uno spazio dedicato a persone che si incontrano per lavorare, collaborare e sviluppare progetti comuni.<strong> Oggi il coworking ospita una comunit\u00e0 di circa 200 membri&nbsp;<\/strong>e attiva pi\u00f9 di 100 collaborazioni annuali fra di loro. A ci\u00f2 si aggiunge l&#8217;attivit\u00e0 di <strong>BUH! Circolo culturale urbano<\/strong> che in soli 3 anni ha proposto <strong>125 eventi, ospitando 600 artisti da 30 paesi diversi.<\/strong><\/p>\n<p><strong>Sabato 22 febbraio Impact Hub e BUH!<\/strong> celebrano i loro rispettivi compleanni con <strong>una festa a tema \u201cgreen\u201d<\/strong> intitolata <strong>\u201cLa Natura delle cose\u201d<\/strong>: dalle 10 del mattino <strong>mercatino bio e a km zero con produttori e artigiani del territorio,<\/strong> molti dei quali provenienti dal network Genuino.Zero.<\/p>\n<p>Ampio spazio anche ai <strong>laboratori per grandi e piccoli ispirati ai mestieri agricoli,<\/strong> ma non solo. Oltre a scoprire i grani antichi e come trasformarli in farina, sar\u00e0 possibile <strong>preparare la pasta fresca<\/strong> con farina bio di grani antichi Verna, senza dimenticare di venire a conoscenza delle interessanti propriet\u00e0 della farina di castagne. Il tema \u201cgreen\u201d si sposa perfettamente al <strong>laboratorio di costruzione di centraline per la rilevazione della qualit\u00e0 dell\u2019aria<\/strong>, ma anche ai <strong>laboratori all&#8217;insegna del riciclo e del riuso<\/strong> &#8220;More Than A Sock&#8221;, &#8220;More Than A Roll Of Paper&#8221; e &#8220;More Than A Bottle Cap&#8221; per imparare l&#8217;inglese giocando. Con gli olii essenziali sar\u00e0 possibile scoprire come prendersi cura della propria pelle, mentre musica e teatro saranno protagonisti nel laboratorio &#8220;<strong>C\u2019\u00e8 Un Pianeta da Salvare&#8221;.<\/strong> <\/p>\n<p><strong>Alle 15:30<\/strong> in collaborazione con la <strong>Fondazione culturale Niels Stensen,<\/strong> si terr\u00e0 la proiezione di <em><strong>&#8220;Antropocene, l&#8217;epoca umana&#8221;<\/strong><\/em>: docufilm canadese che racconta le trasformazioni del pianeta generate dall&#8217;azione umana. Un film diretto dalla coppia di cineasti Jennifer Baichwal e Nicholas de Pencier insieme a Edward Burtynsky, uno dei pi\u00f9 grandi fotografi paesaggisti al mondo (Ingresso gratuito fino a esaurimento &#8211; prenotazione posti al link: <a href=\"http:\/\/bit.ly\/antropocene2202).\">http:\/\/bit.ly\/antropocene2202). <\/a><\/p>\n<p>A partire dalle 20 torna <strong>la cena vegetariana<\/strong> che ancora una volta vede protagonista in cucina<strong> Francesco Bucciarelli,<\/strong> mentre alle 22:30 <strong>\u201cMax Collini legge l&#8217;indie\u201d:<\/strong> un reading in cui <strong>il frontman degli Offlaga Disco Pax<\/strong> recita, legge, racconta testi, modi, tempi, metodi e linguaggio di ci\u00f2 che viene comunemente chiamato \u201cindie\u201d e come sia cambiato nel corso di questo decennio, come i i testi di <strong>Calcutta, Coez, Coma Cose, i Cani, Gazzelle, Lo Stato Sociale, Achille Lauro, Young Signorino<\/strong> e chi pi\u00f9 ne ha pi\u00f9 ne metta.&nbsp;<\/p>\n<a class=\"fotogallery\" href=\"#modalgallery\" rel=\"modal:open\">sfoglia la gallery <i class=\"fas fa-chevron-right\"><\/i><\/a>\n    <div class=\"modal\" id=\"modalgallery\">\n        <div class=\"gallery\">\n          <div class=\"galleryimg\">\n            <div class=\"slidegallerybig\"> <div class=\"itemimg\">\n            <div class=\"wrapimg\">\n            <img decoding=\"async\" src=\"https:\/\/www.intoscana.it\/wp-content\/uploads\/musart-foto-24-pic-2.jpg\">\n            <\/div>\n            <\/div> <div class=\"itemimg\">\n            <div class=\"wrapimg\">\n            <img decoding=\"async\" src=\"https:\/\/www.intoscana.it\/wp-content\/uploads\/musart-festival-foto-2-pic-1.jpg\">\n            <\/div>\n            <\/div> <div class=\"itemimg\">\n            <div class=\"wrapimg\">\n            <img decoding=\"async\" src=\"https:\/\/www.intoscana.it\/wp-content\/uploads\/musart-foto-23-pic-1.jpg\">\n            <\/div>\n            <\/div> <div class=\"itemimg\">\n            <div class=\"wrapimg\">\n            <img decoding=\"async\" src=\"https:\/\/www.intoscana.it\/wp-content\/uploads\/4.flame-parade-ospiti-22-febbraio.jpg\">\n            <\/div>\n            <\/div>\n            <\/div>\n          <\/div>\n          <div class=\"asidemenu\">\n            <div class=\"action\">\n              <div class=\"countlidegallery\"><\/div>\n              <div class=\"closegallery\" href=\"#modalgallery\" rel=\"modal:close\"><i class=\"far fa-times\"><\/i><\/div>\n            <\/div>\n            <div class=\"title\">\n              <h2>Compleanno 'green' al BUH con Max Collini e i Flame Parade<\/h2><p style=\"display:none;\" class=\"gallery_description\" id=\"gallery_description_2\">Il festival Musart<\/p><p style=\"display:none;\" class=\"gallery_description\" id=\"gallery_description_4\">Flame Parade<\/p>\n              <div class=\"socialarticolo\"> \n            <div class=\"contsocialico\">\n              <ul>\n                <li><a target=\"_blank\" href=\"https:\/\/www.facebook.com\/sharer\/sharer.php?u=https:\/\/www.intoscana.it\/it\/compleanno-green-al-buh-con-max-collini-e-i-flame-parade\/\"> <i class=\"fab fa-facebook-f\"><\/i><\/a><\/li>\n                <li><a target=\"_blank\" href=\"https:\/\/twitter.com\/home?status=https:\/\/www.intoscana.it\/it\/compleanno-green-al-buh-con-max-collini-e-i-flame-parade\/\"> <i class=\"fab fa-twitter\"><\/i><\/a><\/li>\n                <li>\n                  <div class=\"shareall\" target=\"_blank\" href=\"\"> <i class=\"fas fa-share-alt\"><\/i><\/div>\n                  <div class=\"sharemore\">\n                    <ul>\n                      <li><a target=\"_blank\" href=\"https:\/\/www.linkedin.com\/shareArticle?url=https:\/\/www.intoscana.it\/it\/compleanno-green-al-buh-con-max-collini-e-i-flame-parade\/\"> <i class=\"fab fa-linkedin\"><\/i><\/a><\/li>\n                      <li><a target=\"_blank\" href=\"http:\/\/www.pinterest.com\/pin\/create\/bookmarklet\/?url=https:\/\/www.intoscana.it\/it\/compleanno-green-al-buh-con-max-collini-e-i-flame-parade\/\"> <i class=\"fab fa-pinterest\"><\/i><\/a><\/li>\n                      <li><a target=\"_blank\" href=\"mailto?subject=Compleanno &#039;green&#039; al BUH con Max Collini e i Flame Parade&body=https:\/\/www.intoscana.it\/it\/compleanno-green-al-buh-con-max-collini-e-i-flame-parade\/\"> <i class=\"fas fa-envelope\"><\/i><\/a><\/li>\n                    <\/ul>\n                    <div class=\"closesharemore\">\n                    <i class=\"fas fa-times\"><\/i>\n                    <\/div>\n                  <\/div>\n                <\/li>\n              <\/ul>\n            <\/div>\n          <\/div>\n        <\/div>\n          <\/div>\n        <\/div>\n      <\/div>\n<p>Dopo il reading di Collini spazio alla <strong>band toscana dei Flame Parade,<\/strong> dedita ad un indie rock contemporaneo e raffinato che torna a calcare le scena con il suo nuovo album <strong>&#8220;Cosmic Gathering&#8221;,<\/strong> uscito lo scorso 14 febbraio per Materiali Sonori. I riferimenti musicali del gruppo vanno a pescare nel new folk e nell&#8217;indie straniero, dagli Arcade Fire ai Foxygen, da Kevin Morby a Devendra Banhart o i Fleet Foxes.<\/p>\n<p>Chiude la serata&nbsp;<strong>Smalto Djs Collective:<\/strong> il <strong>djset tutto al femminile<\/strong> per riscoprire le perle dimenticate della musica italiana, a cura di <strong>Mimmy, La Ponto e Michelle Davis. <\/strong><\/p>\n<p><strong>L\u2019ingresso &#8211; sia per gli eventi gratuiti diurni, sia per quelli a pagamento serali &#8211; \u00e8 riservato ai soci \u201cBUH! Circolo Culturale Urbano \u2013 Circuito ENTES\u201d.<\/strong><br \/><strong>A partire dalle ore 20 contributo d&#8217;ingresso all&#8217;attivit\u00e0 culturale 7 \u20ac.<\/strong><\/p>\n","protected":false},"excerpt":{"rendered":"<p>Sabato 22 febbraio dalle 10 del mattino mercatino bio e a km zero con produttori e artigiani del territorio, laboratori per grandi e piccoli ispirati ai mestieri agricoli, la sera il film Antropocene e tanta musica<\/p>\n","protected":false},"author":525,"featured_media":98182,"comment_status":"open","ping_status":"open","sticky":false,"template":"","format":"standard","meta":{"_acf_changed":false,"footnotes":""},"categories":[14],"tags":[],"class_list":["post-60875","post","type-post","status-publish","format-standard","has-post-thumbnail","hentry","category-musica"],"acf":[],"yoast_head":"<!-- This site is optimized with the Yoast SEO Premium plugin v24.2 (Yoast SEO v25.6) - https:\/\/yoast.com\/wordpress\/plugins\/seo\/ -->\n<title>Compleanno &#039;green&#039; al BUH con Max Collini e i Flame Parade - intoscana<\/title>\n<meta name=\"robots\" content=\"index, follow, max-snippet:-1, max-image-preview:large, max-video-preview:-1\" \/>\n<link rel=\"canonical\" href=\"https:\/\/www.intoscana.it\/it\/compleanno-green-al-buh-con-max-collini-e-i-flame-parade\/\" \/>\n<meta property=\"og:locale\" content=\"it_IT\" \/>\n<meta property=\"og:type\" content=\"article\" \/>\n<meta property=\"og:title\" content=\"Compleanno &#039;green&#039; al BUH con Max Collini e i Flame Parade\" \/>\n<meta property=\"og:description\" content=\"Sabato 22 febbraio dalle 10 del mattino mercatino bio e a km zero con produttori e artigiani del territorio, laboratori per grandi e piccoli ispirati ai mestieri agricoli, la sera il film Antropocene e tanta musica\" \/>\n<meta property=\"og:url\" content=\"https:\/\/www.intoscana.it\/it\/compleanno-green-al-buh-con-max-collini-e-i-flame-parade\/\" \/>\n<meta property=\"og:site_name\" content=\"intoscana\" \/>\n<meta property=\"article:publisher\" content=\"https:\/\/www.facebook.com\/intoscana.it\" \/>\n<meta property=\"article:published_time\" content=\"2020-02-18T11:45:49+00:00\" \/>\n<meta property=\"article:modified_time\" content=\"2020-05-18T08:08:37+00:00\" \/>\n<meta property=\"og:image\" content=\"https:\/\/www.intoscana.it\/wp-content\/uploads\/3.maxcollini-legge-lindie-ospite-22-febbraio.jpg\" \/>\n\t<meta property=\"og:image:width\" content=\"798\" \/>\n\t<meta property=\"og:image:height\" content=\"457\" \/>\n\t<meta property=\"og:image:type\" content=\"image\/jpeg\" \/>\n<meta name=\"author\" content=\"Redazione\" \/>\n<meta name=\"twitter:card\" content=\"summary_large_image\" \/>\n<meta name=\"twitter:creator\" content=\"@intoscana\" \/>\n<meta name=\"twitter:site\" content=\"@intoscana\" \/>\n<meta name=\"twitter:label1\" content=\"Written by\" \/>\n\t<meta name=\"twitter:data1\" content=\"Redazione\" \/>\n\t<meta name=\"twitter:label2\" content=\"Est. reading time\" \/>\n\t<meta name=\"twitter:data2\" content=\"3 minuti\" \/>\n<script type=\"application\/ld+json\" class=\"yoast-schema-graph\">{\"@context\":\"https:\/\/schema.org\",\"@graph\":[{\"@type\":\"WebPage\",\"@id\":\"https:\/\/www.intoscana.it\/it\/compleanno-green-al-buh-con-max-collini-e-i-flame-parade\/\",\"url\":\"https:\/\/www.intoscana.it\/it\/compleanno-green-al-buh-con-max-collini-e-i-flame-parade\/\",\"name\":\"Compleanno 'green' al BUH con Max Collini e i Flame Parade - intoscana\",\"isPartOf\":{\"@id\":\"https:\/\/www.intoscana.it\/it\/#website\"},\"primaryImageOfPage\":{\"@id\":\"https:\/\/www.intoscana.it\/it\/compleanno-green-al-buh-con-max-collini-e-i-flame-parade\/#primaryimage\"},\"image\":{\"@id\":\"https:\/\/www.intoscana.it\/it\/compleanno-green-al-buh-con-max-collini-e-i-flame-parade\/#primaryimage\"},\"thumbnailUrl\":\"https:\/\/www.intoscana.it\/wp-content\/uploads\/3.maxcollini-legge-lindie-ospite-22-febbraio.jpg\",\"datePublished\":\"2020-02-18T11:45:49+00:00\",\"dateModified\":\"2020-05-18T08:08:37+00:00\",\"author\":{\"@id\":\"https:\/\/www.intoscana.it\/it\/#\/schema\/person\/9223810753230f20bd670fdd322661f8\"},\"breadcrumb\":{\"@id\":\"https:\/\/www.intoscana.it\/it\/compleanno-green-al-buh-con-max-collini-e-i-flame-parade\/#breadcrumb\"},\"inLanguage\":\"it-IT\",\"potentialAction\":[{\"@type\":\"ReadAction\",\"target\":[\"https:\/\/www.intoscana.it\/it\/compleanno-green-al-buh-con-max-collini-e-i-flame-parade\/\"]}]},{\"@type\":\"ImageObject\",\"inLanguage\":\"it-IT\",\"@id\":\"https:\/\/www.intoscana.it\/it\/compleanno-green-al-buh-con-max-collini-e-i-flame-parade\/#primaryimage\",\"url\":\"https:\/\/www.intoscana.it\/wp-content\/uploads\/3.maxcollini-legge-lindie-ospite-22-febbraio.jpg\",\"contentUrl\":\"https:\/\/www.intoscana.it\/wp-content\/uploads\/3.maxcollini-legge-lindie-ospite-22-febbraio.jpg\",\"width\":798,\"height\":457,\"caption\":\"Max Collini\"},{\"@type\":\"BreadcrumbList\",\"@id\":\"https:\/\/www.intoscana.it\/it\/compleanno-green-al-buh-con-max-collini-e-i-flame-parade\/#breadcrumb\",\"itemListElement\":[{\"@type\":\"ListItem\",\"position\":1,\"name\":\"Home\",\"item\":\"https:\/\/www.intoscana.it\/it\/\"},{\"@type\":\"ListItem\",\"position\":2,\"name\":\"Compleanno &#8216;green&#8217; al BUH con Max Collini e i Flame Parade\"}]},{\"@type\":\"WebSite\",\"@id\":\"https:\/\/www.intoscana.it\/it\/#website\",\"url\":\"https:\/\/www.intoscana.it\/it\/\",\"name\":\"intoscana\",\"description\":\"\",\"potentialAction\":[{\"@type\":\"SearchAction\",\"target\":{\"@type\":\"EntryPoint\",\"urlTemplate\":\"https:\/\/www.intoscana.it\/it\/?s={search_term_string}\"},\"query-input\":{\"@type\":\"PropertyValueSpecification\",\"valueRequired\":true,\"valueName\":\"search_term_string\"}}],\"inLanguage\":\"it-IT\"},{\"@type\":\"Person\",\"@id\":\"https:\/\/www.intoscana.it\/it\/#\/schema\/person\/9223810753230f20bd670fdd322661f8\",\"name\":\"Redazione\",\"url\":\"https:\/\/www.intoscana.it\/it\/author\/redazione\/\"}]}<\/script>\n<!-- \/ Yoast SEO Premium plugin. -->","yoast_head_json":{"title":"Compleanno 'green' al BUH con Max Collini e i Flame Parade - intoscana","robots":{"index":"index","follow":"follow","max-snippet":"max-snippet:-1","max-image-preview":"max-image-preview:large","max-video-preview":"max-video-preview:-1"},"canonical":"https:\/\/www.intoscana.it\/it\/compleanno-green-al-buh-con-max-collini-e-i-flame-parade\/","og_locale":"it_IT","og_type":"article","og_title":"Compleanno 'green' al BUH con Max Collini e i Flame Parade","og_description":"Sabato 22 febbraio dalle 10 del mattino mercatino bio e a km zero con produttori e artigiani del territorio, laboratori per grandi e piccoli ispirati ai mestieri agricoli, la sera il film Antropocene e tanta musica","og_url":"https:\/\/www.intoscana.it\/it\/compleanno-green-al-buh-con-max-collini-e-i-flame-parade\/","og_site_name":"intoscana","article_publisher":"https:\/\/www.facebook.com\/intoscana.it","article_published_time":"2020-02-18T11:45:49+00:00","article_modified_time":"2020-05-18T08:08:37+00:00","og_image":[{"width":798,"height":457,"url":"https:\/\/www.intoscana.it\/wp-content\/uploads\/3.maxcollini-legge-lindie-ospite-22-febbraio.jpg","type":"image\/jpeg"}],"author":"Redazione","twitter_card":"summary_large_image","twitter_creator":"@intoscana","twitter_site":"@intoscana","twitter_misc":{"Written by":"Redazione","Est. reading time":"3 minuti"},"schema":{"@context":"https:\/\/schema.org","@graph":[{"@type":"WebPage","@id":"https:\/\/www.intoscana.it\/it\/compleanno-green-al-buh-con-max-collini-e-i-flame-parade\/","url":"https:\/\/www.intoscana.it\/it\/compleanno-green-al-buh-con-max-collini-e-i-flame-parade\/","name":"Compleanno 'green' al BUH con Max Collini e i Flame Parade - intoscana","isPartOf":{"@id":"https:\/\/www.intoscana.it\/it\/#website"},"primaryImageOfPage":{"@id":"https:\/\/www.intoscana.it\/it\/compleanno-green-al-buh-con-max-collini-e-i-flame-parade\/#primaryimage"},"image":{"@id":"https:\/\/www.intoscana.it\/it\/compleanno-green-al-buh-con-max-collini-e-i-flame-parade\/#primaryimage"},"thumbnailUrl":"https:\/\/www.intoscana.it\/wp-content\/uploads\/3.maxcollini-legge-lindie-ospite-22-febbraio.jpg","datePublished":"2020-02-18T11:45:49+00:00","dateModified":"2020-05-18T08:08:37+00:00","author":{"@id":"https:\/\/www.intoscana.it\/it\/#\/schema\/person\/9223810753230f20bd670fdd322661f8"},"breadcrumb":{"@id":"https:\/\/www.intoscana.it\/it\/compleanno-green-al-buh-con-max-collini-e-i-flame-parade\/#breadcrumb"},"inLanguage":"it-IT","potentialAction":[{"@type":"ReadAction","target":["https:\/\/www.intoscana.it\/it\/compleanno-green-al-buh-con-max-collini-e-i-flame-parade\/"]}]},{"@type":"ImageObject","inLanguage":"it-IT","@id":"https:\/\/www.intoscana.it\/it\/compleanno-green-al-buh-con-max-collini-e-i-flame-parade\/#primaryimage","url":"https:\/\/www.intoscana.it\/wp-content\/uploads\/3.maxcollini-legge-lindie-ospite-22-febbraio.jpg","contentUrl":"https:\/\/www.intoscana.it\/wp-content\/uploads\/3.maxcollini-legge-lindie-ospite-22-febbraio.jpg","width":798,"height":457,"caption":"Max Collini"},{"@type":"BreadcrumbList","@id":"https:\/\/www.intoscana.it\/it\/compleanno-green-al-buh-con-max-collini-e-i-flame-parade\/#breadcrumb","itemListElement":[{"@type":"ListItem","position":1,"name":"Home","item":"https:\/\/www.intoscana.it\/it\/"},{"@type":"ListItem","position":2,"name":"Compleanno &#8216;green&#8217; al BUH con Max Collini e i Flame Parade"}]},{"@type":"WebSite","@id":"https:\/\/www.intoscana.it\/it\/#website","url":"https:\/\/www.intoscana.it\/it\/","name":"intoscana","description":"","potentialAction":[{"@type":"SearchAction","target":{"@type":"EntryPoint","urlTemplate":"https:\/\/www.intoscana.it\/it\/?s={search_term_string}"},"query-input":{"@type":"PropertyValueSpecification","valueRequired":true,"valueName":"search_term_string"}}],"inLanguage":"it-IT"},{"@type":"Person","@id":"https:\/\/www.intoscana.it\/it\/#\/schema\/person\/9223810753230f20bd670fdd322661f8","name":"Redazione","url":"https:\/\/www.intoscana.it\/it\/author\/redazione\/"}]}},"_links":{"self":[{"href":"https:\/\/www.intoscana.it\/it\/wp-json\/wp\/v2\/posts\/60875","targetHints":{"allow":["GET"]}}],"collection":[{"href":"https:\/\/www.intoscana.it\/it\/wp-json\/wp\/v2\/posts"}],"about":[{"href":"https:\/\/www.intoscana.it\/it\/wp-json\/wp\/v2\/types\/post"}],"author":[{"embeddable":true,"href":"https:\/\/www.intoscana.it\/it\/wp-json\/wp\/v2\/users\/525"}],"replies":[{"embeddable":true,"href":"https:\/\/www.intoscana.it\/it\/wp-json\/wp\/v2\/comments?post=60875"}],"version-history":[{"count":0,"href":"https:\/\/www.intoscana.it\/it\/wp-json\/wp\/v2\/posts\/60875\/revisions"}],"wp:featuredmedia":[{"embeddable":true,"href":"https:\/\/www.intoscana.it\/it\/wp-json\/wp\/v2\/media\/98182"}],"wp:attachment":[{"href":"https:\/\/www.intoscana.it\/it\/wp-json\/wp\/v2\/media?parent=60875"}],"wp:term":[{"taxonomy":"category","embeddable":true,"href":"https:\/\/www.intoscana.it\/it\/wp-json\/wp\/v2\/categories?post=60875"},{"taxonomy":"post_tag","embeddable":true,"href":"https:\/\/www.intoscana.it\/it\/wp-json\/wp\/v2\/tags?post=60875"}],"curies":[{"name":"wp","href":"https:\/\/api.w.org\/{rel}","templated":true}]}}