{"id":60877,"date":"2020-03-04T09:09:40","date_gmt":"2020-03-04T09:09:40","guid":{"rendered":"http:\/\/www.intoscana.it\/a-siena-la-grande-musica-italiana-con-la-rassegna-rinnovati-rinnovati\/"},"modified":"2020-05-19T15:49:11","modified_gmt":"2020-05-19T13:49:11","slug":"rinnovati-rinnovati-siena","status":"publish","type":"post","link":"https:\/\/www.intoscana.it\/it\/rinnovati-rinnovati-siena\/","title":{"rendered":"A Siena la grande musica italiana con la rassegna Rinn\u00f2vati Rinnovati"},"content":{"rendered":"<p>A Siena c\u2019\u00e8 musica di qualit\u00e0, fatta dal vivo con <em><strong>Rinn\u00f2vati Rinnovati<\/strong><\/em> edizione 2020, frutto della consolidata collaborazione tra il <strong>Comune di Siena,<\/strong> il direttore artistico dei <strong>Teatri di Siena<\/strong> Alessandro Benvenuti, <strong>Fondazione Toscana Spettacolo onlus, Universit\u00e0 degli Studi di Siena<\/strong> e per quest\u2019anno l\u2019<strong>Associazione Collettivo Piranha.<\/strong><\/p>\n<p>Cuore pulsante, ancora una volta,<strong> lo storico Teatro dei Rinnovati che dal 26 marzo al 3 maggio<\/strong> accoglier\u00e0<strong> tre concerti live<\/strong> dimostrando, per il sesto anno consecutivo, che anche il teatro \u00e8 il luogo ideale per accogliere performance musicali che parlino a tutti, senza distinzioni di generi, gusti ed et\u00e0.&nbsp;<\/p>\n<p>Un dialogo in note che inizia, <strong>il 26 marzo, con Vinicio Capossela e il suo Bestiario d\u2019Amore,<\/strong> concerto intimo e narrativo a soggetto amoroso e bestiale nell\u2019anno del trentesimo anniversario della sua carriera. Come dichiarato dallo stesso artista: &#8220;non potendo evitare l\u2019amore, lo celebreremo in forma di bestiario usando tutte le allegorie che la natura animale offre. Per iniziare, ci rivolgeremo a una lettera scritta da un erudito del milleduecento, Richart de Fornival, e al suo bestiario d\u2019amore&#8221;.<\/p>\n<p><strong>Il 19 aprile,<\/strong> invece, \u00e8 la volta di una serata a pi\u00f9 voci, quelle di <strong>Lucio Corsi, Colombre e Max Collini.<\/strong> Lucio Corsi, conosciuto per uno stile che unisce la tradizione cantautoriale e il glam rock, seguendo un percorso artistico poetico, porter\u00e0 i brani del suo ultimo album Cosa faremo da grandi? che \u00e8 anche un omaggio a Ivan Graziani. Colombre, al secolo Giovanni Imparato, come il mostro marino del racconto di Buzzati, da cui prende il nome, torna con il nuovo album Corallo in uscita a marzo per Bomba Dischi. Max Collini, invece, si concentra sull\u2019indie italiano e racconta come sia cambiato nel corso di questo decennio.<\/p>\n<p>La rassegna si conclude <strong>il 3 maggio<\/strong> con il rendez-vous con la contemporaneit\u00e0 della musica di oggi firmata dalla band <strong>Calibro 35.<\/strong> Un suono senza tempo in cui black music e suoni algidi del Nuovo Millennio si fondono insieme in quello che \u00e8 \u201cMomentum\u201d. Un disco di rara intensit\u00e0\u0300 ed energia. Un calendario intenso e vivo, quello di Rinn\u00f2vati Rinnovati edizione 2020, proprio come la musica che animer\u00e0 questa rassegna.<\/p>\n<p><strong>Il costo dei biglietti a posto numerato \u00e8 di 15 euro intero e 10 ridotto (under 30 anni e studenti universitari<\/strong>) per la platea e palchi centrali; palchi laterali: 10 intero e 7 ridotto mentre palchi IV ordine 5 euro. Per chi possiede la Carta Studente della Toscana, il biglietto \u00e8 di 8 euro per gli studenti universitari e il posto verr\u00e0 assegnato, dietro presentazione della carta stessa, in base alla disponibilit\u00e0 della pianta; per questo si consiglia l\u2019accesso in biglietteria almeno un\u2019ora prima dell\u2019inizio dello spettacolo.<\/p>\n<p><strong>Il biglietto a posto numerato per Vinicio Capossela \u00e8 invece di 20 euro intero e 15 ridotto<\/strong> (under 30 anni e studenti universitari) per la platea e palchi centrali; palchi laterali: 15 intero e 10 ridotto, mentre palchi IV ordine 8 euro.<\/p>\n<p>L\u2019acquisto dei biglietti pu\u00f2 essere effettuato online sul sito dei Teatri di Siena all\u2019indirizzo: <a title=\"http:\/\/www.b-ticket.com\/b-ticket\/sienateatri\/\" href=\"http:\/\/www.b-ticket.com\/b-ticket\/sienateatri\/\" target=\"_blank\" rel=\"noopener noreferrer\"><strong>http:\/\/www.b-ticket.com\/b-ticket\/sienateatri\/<\/strong><\/a>; telefonicamente chiamando l&#8217;Ufficio Prenotazioni del Comune di Siena tel. 0577 292615\/14 (dal luned\u00ec al venerd\u00ec con orario 9.30-12.30), oppure presso la biglietteria del Teatro dei Rinnovati: il giorno precedente lo spettacolo dalle 17 alle 20 e il giorno del concerto dalle 16. E ancora alla biglietteria del Teatro dei Rozzi: marted\u00ec dalle 11 alle 14, mercoled\u00ec dalle 15 alle 18 e gioved\u00ec dalle 11 alle 14. Per tutte le info: <a title=\"www.teatridisiena.it.\" href=\"http:\/\/www.teatridisiena.it.\" target=\"_blank\" rel=\"noopener noreferrer\"><strong>www.teatridisiena.it.<\/strong><\/a><\/p>\n","protected":false},"excerpt":{"rendered":"<p>Dal 26 marzo al 3 maggio in concerto Vinicio Capossela, Lucio Corsi, Colombre, Max Collini e i Calibro 35<\/p>\n","protected":false},"author":525,"featured_media":98184,"comment_status":"open","ping_status":"open","sticky":false,"template":"","format":"standard","meta":{"_acf_changed":false,"footnotes":""},"categories":[14],"tags":[],"class_list":["post-60877","post","type-post","status-publish","format-standard","has-post-thumbnail","hentry","category-musica"],"acf":[],"yoast_head":"<!-- This site is optimized with the Yoast SEO Premium plugin v24.2 (Yoast SEO v25.6) - https:\/\/yoast.com\/wordpress\/plugins\/seo\/ -->\n<title>A Siena la grande musica italiana con la rassegna Rinn\u00f2vati Rinnovati - intoscana<\/title>\n<meta name=\"robots\" content=\"index, follow, max-snippet:-1, max-image-preview:large, max-video-preview:-1\" \/>\n<link rel=\"canonical\" href=\"https:\/\/www.intoscana.it\/it\/rinnovati-rinnovati-siena\/\" \/>\n<meta property=\"og:locale\" content=\"it_IT\" \/>\n<meta property=\"og:type\" content=\"article\" \/>\n<meta property=\"og:title\" content=\"A Siena la grande musica italiana con la rassegna Rinn\u00f2vati Rinnovati\" \/>\n<meta property=\"og:description\" content=\"Dal 26 marzo al 3 maggio in concerto Vinicio Capossela, Lucio Corsi, Colombre, Max Collini e i Calibro 35\" \/>\n<meta property=\"og:url\" content=\"https:\/\/www.intoscana.it\/it\/rinnovati-rinnovati-siena\/\" \/>\n<meta property=\"og:site_name\" content=\"intoscana\" \/>\n<meta property=\"article:publisher\" content=\"https:\/\/www.facebook.com\/intoscana.it\" \/>\n<meta property=\"article:published_time\" content=\"2020-03-04T09:09:40+00:00\" \/>\n<meta property=\"article:modified_time\" content=\"2020-05-19T13:49:11+00:00\" \/>\n<meta property=\"og:image\" content=\"https:\/\/www.intoscana.it\/wp-content\/uploads\/e8f920c10b073e308edcafdbf8759af0-4.jpg\" \/>\n\t<meta property=\"og:image:width\" content=\"1000\" \/>\n\t<meta property=\"og:image:height\" content=\"666\" \/>\n\t<meta property=\"og:image:type\" content=\"image\/jpeg\" \/>\n<meta name=\"author\" content=\"Redazione\" \/>\n<meta name=\"twitter:card\" content=\"summary_large_image\" \/>\n<meta name=\"twitter:creator\" content=\"@intoscana\" \/>\n<meta name=\"twitter:site\" content=\"@intoscana\" \/>\n<meta name=\"twitter:label1\" content=\"Written by\" \/>\n\t<meta name=\"twitter:data1\" content=\"Redazione\" \/>\n\t<meta name=\"twitter:label2\" content=\"Est. reading time\" \/>\n\t<meta name=\"twitter:data2\" content=\"3 minuti\" \/>\n<script type=\"application\/ld+json\" class=\"yoast-schema-graph\">{\"@context\":\"https:\/\/schema.org\",\"@graph\":[{\"@type\":\"WebPage\",\"@id\":\"https:\/\/www.intoscana.it\/it\/rinnovati-rinnovati-siena\/\",\"url\":\"https:\/\/www.intoscana.it\/it\/rinnovati-rinnovati-siena\/\",\"name\":\"A Siena la grande musica italiana con la rassegna Rinn\u00f2vati Rinnovati - intoscana\",\"isPartOf\":{\"@id\":\"https:\/\/www.intoscana.it\/it\/#website\"},\"primaryImageOfPage\":{\"@id\":\"https:\/\/www.intoscana.it\/it\/rinnovati-rinnovati-siena\/#primaryimage\"},\"image\":{\"@id\":\"https:\/\/www.intoscana.it\/it\/rinnovati-rinnovati-siena\/#primaryimage\"},\"thumbnailUrl\":\"https:\/\/www.intoscana.it\/wp-content\/uploads\/e8f920c10b073e308edcafdbf8759af0-4.jpg\",\"datePublished\":\"2020-03-04T09:09:40+00:00\",\"dateModified\":\"2020-05-19T13:49:11+00:00\",\"author\":{\"@id\":\"https:\/\/www.intoscana.it\/it\/#\/schema\/person\/9223810753230f20bd670fdd322661f8\"},\"breadcrumb\":{\"@id\":\"https:\/\/www.intoscana.it\/it\/rinnovati-rinnovati-siena\/#breadcrumb\"},\"inLanguage\":\"it-IT\",\"potentialAction\":[{\"@type\":\"ReadAction\",\"target\":[\"https:\/\/www.intoscana.it\/it\/rinnovati-rinnovati-siena\/\"]}]},{\"@type\":\"ImageObject\",\"inLanguage\":\"it-IT\",\"@id\":\"https:\/\/www.intoscana.it\/it\/rinnovati-rinnovati-siena\/#primaryimage\",\"url\":\"https:\/\/www.intoscana.it\/wp-content\/uploads\/e8f920c10b073e308edcafdbf8759af0-4.jpg\",\"contentUrl\":\"https:\/\/www.intoscana.it\/wp-content\/uploads\/e8f920c10b073e308edcafdbf8759af0-4.jpg\",\"width\":1000,\"height\":666,\"caption\":\"Vinicio Capossela\"},{\"@type\":\"BreadcrumbList\",\"@id\":\"https:\/\/www.intoscana.it\/it\/rinnovati-rinnovati-siena\/#breadcrumb\",\"itemListElement\":[{\"@type\":\"ListItem\",\"position\":1,\"name\":\"Home\",\"item\":\"https:\/\/www.intoscana.it\/it\/\"},{\"@type\":\"ListItem\",\"position\":2,\"name\":\"A Siena la grande musica italiana con la rassegna Rinn\u00f2vati Rinnovati\"}]},{\"@type\":\"WebSite\",\"@id\":\"https:\/\/www.intoscana.it\/it\/#website\",\"url\":\"https:\/\/www.intoscana.it\/it\/\",\"name\":\"intoscana\",\"description\":\"\",\"potentialAction\":[{\"@type\":\"SearchAction\",\"target\":{\"@type\":\"EntryPoint\",\"urlTemplate\":\"https:\/\/www.intoscana.it\/it\/?s={search_term_string}\"},\"query-input\":{\"@type\":\"PropertyValueSpecification\",\"valueRequired\":true,\"valueName\":\"search_term_string\"}}],\"inLanguage\":\"it-IT\"},{\"@type\":\"Person\",\"@id\":\"https:\/\/www.intoscana.it\/it\/#\/schema\/person\/9223810753230f20bd670fdd322661f8\",\"name\":\"Redazione\",\"url\":\"https:\/\/www.intoscana.it\/it\/author\/redazione\/\"}]}<\/script>\n<!-- \/ Yoast SEO Premium plugin. -->","yoast_head_json":{"title":"A Siena la grande musica italiana con la rassegna Rinn\u00f2vati Rinnovati - intoscana","robots":{"index":"index","follow":"follow","max-snippet":"max-snippet:-1","max-image-preview":"max-image-preview:large","max-video-preview":"max-video-preview:-1"},"canonical":"https:\/\/www.intoscana.it\/it\/rinnovati-rinnovati-siena\/","og_locale":"it_IT","og_type":"article","og_title":"A Siena la grande musica italiana con la rassegna Rinn\u00f2vati Rinnovati","og_description":"Dal 26 marzo al 3 maggio in concerto Vinicio Capossela, Lucio Corsi, Colombre, Max Collini e i Calibro 35","og_url":"https:\/\/www.intoscana.it\/it\/rinnovati-rinnovati-siena\/","og_site_name":"intoscana","article_publisher":"https:\/\/www.facebook.com\/intoscana.it","article_published_time":"2020-03-04T09:09:40+00:00","article_modified_time":"2020-05-19T13:49:11+00:00","og_image":[{"width":1000,"height":666,"url":"https:\/\/www.intoscana.it\/wp-content\/uploads\/e8f920c10b073e308edcafdbf8759af0-4.jpg","type":"image\/jpeg"}],"author":"Redazione","twitter_card":"summary_large_image","twitter_creator":"@intoscana","twitter_site":"@intoscana","twitter_misc":{"Written by":"Redazione","Est. reading time":"3 minuti"},"schema":{"@context":"https:\/\/schema.org","@graph":[{"@type":"WebPage","@id":"https:\/\/www.intoscana.it\/it\/rinnovati-rinnovati-siena\/","url":"https:\/\/www.intoscana.it\/it\/rinnovati-rinnovati-siena\/","name":"A Siena la grande musica italiana con la rassegna Rinn\u00f2vati Rinnovati - intoscana","isPartOf":{"@id":"https:\/\/www.intoscana.it\/it\/#website"},"primaryImageOfPage":{"@id":"https:\/\/www.intoscana.it\/it\/rinnovati-rinnovati-siena\/#primaryimage"},"image":{"@id":"https:\/\/www.intoscana.it\/it\/rinnovati-rinnovati-siena\/#primaryimage"},"thumbnailUrl":"https:\/\/www.intoscana.it\/wp-content\/uploads\/e8f920c10b073e308edcafdbf8759af0-4.jpg","datePublished":"2020-03-04T09:09:40+00:00","dateModified":"2020-05-19T13:49:11+00:00","author":{"@id":"https:\/\/www.intoscana.it\/it\/#\/schema\/person\/9223810753230f20bd670fdd322661f8"},"breadcrumb":{"@id":"https:\/\/www.intoscana.it\/it\/rinnovati-rinnovati-siena\/#breadcrumb"},"inLanguage":"it-IT","potentialAction":[{"@type":"ReadAction","target":["https:\/\/www.intoscana.it\/it\/rinnovati-rinnovati-siena\/"]}]},{"@type":"ImageObject","inLanguage":"it-IT","@id":"https:\/\/www.intoscana.it\/it\/rinnovati-rinnovati-siena\/#primaryimage","url":"https:\/\/www.intoscana.it\/wp-content\/uploads\/e8f920c10b073e308edcafdbf8759af0-4.jpg","contentUrl":"https:\/\/www.intoscana.it\/wp-content\/uploads\/e8f920c10b073e308edcafdbf8759af0-4.jpg","width":1000,"height":666,"caption":"Vinicio Capossela"},{"@type":"BreadcrumbList","@id":"https:\/\/www.intoscana.it\/it\/rinnovati-rinnovati-siena\/#breadcrumb","itemListElement":[{"@type":"ListItem","position":1,"name":"Home","item":"https:\/\/www.intoscana.it\/it\/"},{"@type":"ListItem","position":2,"name":"A Siena la grande musica italiana con la rassegna Rinn\u00f2vati Rinnovati"}]},{"@type":"WebSite","@id":"https:\/\/www.intoscana.it\/it\/#website","url":"https:\/\/www.intoscana.it\/it\/","name":"intoscana","description":"","potentialAction":[{"@type":"SearchAction","target":{"@type":"EntryPoint","urlTemplate":"https:\/\/www.intoscana.it\/it\/?s={search_term_string}"},"query-input":{"@type":"PropertyValueSpecification","valueRequired":true,"valueName":"search_term_string"}}],"inLanguage":"it-IT"},{"@type":"Person","@id":"https:\/\/www.intoscana.it\/it\/#\/schema\/person\/9223810753230f20bd670fdd322661f8","name":"Redazione","url":"https:\/\/www.intoscana.it\/it\/author\/redazione\/"}]}},"_links":{"self":[{"href":"https:\/\/www.intoscana.it\/it\/wp-json\/wp\/v2\/posts\/60877","targetHints":{"allow":["GET"]}}],"collection":[{"href":"https:\/\/www.intoscana.it\/it\/wp-json\/wp\/v2\/posts"}],"about":[{"href":"https:\/\/www.intoscana.it\/it\/wp-json\/wp\/v2\/types\/post"}],"author":[{"embeddable":true,"href":"https:\/\/www.intoscana.it\/it\/wp-json\/wp\/v2\/users\/525"}],"replies":[{"embeddable":true,"href":"https:\/\/www.intoscana.it\/it\/wp-json\/wp\/v2\/comments?post=60877"}],"version-history":[{"count":0,"href":"https:\/\/www.intoscana.it\/it\/wp-json\/wp\/v2\/posts\/60877\/revisions"}],"wp:featuredmedia":[{"embeddable":true,"href":"https:\/\/www.intoscana.it\/it\/wp-json\/wp\/v2\/media\/98184"}],"wp:attachment":[{"href":"https:\/\/www.intoscana.it\/it\/wp-json\/wp\/v2\/media?parent=60877"}],"wp:term":[{"taxonomy":"category","embeddable":true,"href":"https:\/\/www.intoscana.it\/it\/wp-json\/wp\/v2\/categories?post=60877"},{"taxonomy":"post_tag","embeddable":true,"href":"https:\/\/www.intoscana.it\/it\/wp-json\/wp\/v2\/tags?post=60877"}],"curies":[{"name":"wp","href":"https:\/\/api.w.org\/{rel}","templated":true}]}}