{"id":60896,"date":"2019-09-19T15:17:40","date_gmt":"2019-09-19T15:17:40","guid":{"rendered":"http:\/\/www.intoscana.it\/a-tempo-reale-i-maestri-e-gli-innovatori-della-musica-elettronica\/"},"modified":"2020-05-19T15:49:15","modified_gmt":"2020-05-19T13:49:15","slug":"tempo-reale-2019","status":"publish","type":"post","link":"https:\/\/www.intoscana.it\/it\/tempo-reale-2019\/","title":{"rendered":"A Tempo Reale i maestri e gli innovatori della musica elettronica"},"content":{"rendered":"<p>Torna il<strong> Tempo Reale Festival<\/strong> nella sezione autunnale <strong>dal 22 settembre al 2 ottobre<\/strong>, il tema della stagione, sotto il titolo di <em><strong>Borderscape,<\/strong><\/em> esplora il paesaggio di confine fra generi e tecnologie attraverso l\u2019incontro fra pionieri e nuovi talenti della scena elettronica.<\/p>\n<p><strong>La sezione &#8216;Y&#8217;<\/strong> punta sulla formazione attraverso <strong>una serie di laboratori intensivi sotto la guida di eccellenze della scena italiana e internazionale<\/strong> rappresentanti della pi\u00f9 innovativa ricerca musicale come i <strong>francesi MOTUS,<\/strong> il <strong>napoletano Elio Martuscello<\/strong>, eclettico conductor di live electronics e il compositore e animatore culturale, <strong>Michelangelo Lupone<\/strong> il cui lavoro si rivolge all\u2019ambiente di ascolto fra arte e scienza, inventore di nuove tecnologie come Tubi sonori, Planofoni\u00ae, collabora con artisti contemporanei fra cui Pistoletto e Paladino. Mentre dall\u2019attuale scena taliana spunta una nuova idea di esperienza sensoriale, la band emergente del pop elettronico i <strong>dTHEd,<\/strong> trio artistico che propone opere multidisciplinari basate sulla percezione dei neurodiversi.<\/p>\n<p>La kermesse prende il via<strong> domenica 22 settembre<\/strong> con l\u2019installazione sonora presso il <strong>Centro EX 3 Gavinana<\/strong>&nbsp;<strong>MEMORIALE AUSCHWITZ<\/strong>&nbsp;un\u2019opera collettiva dedicata al campo di sterminio di Auschwitz recentemente riallestita a Firenze. Cos\u00ec come nella sua versione originale in Polonia, l\u2019opera integra la diffusione sonora della composizione di <strong>Luigi Nono&nbsp;&#8216;<em>Ricorda cosa ti hanno fatto in Auschwitz&#8217;<\/em><\/strong>.<\/p>\n<p><strong>Per la prima volta a Firenze<\/strong> in collaborazione con <strong>il gruppo francese MOTUS<\/strong>&nbsp;il 24 e 25 settembre sar\u00e0 allestito l\u2019<em><strong>Acousmonium,<\/strong><\/em> una vera e propria <strong>orchestra composta da 80 altoparlanti di diverse forme e dimensioni alla Limonaia di Villa Strozzi,<\/strong> ogni elemento \u201csuona\u201d con una connotazione timbrica diversa, lasciando al compositore-interprete la possibilit\u00e0 di esplorare lo spazio e la prospettiva in maniera estremamente coinvolgente.<\/p>\n<p>In un panorama di sperimentazione spicca la giornata monografica il <strong>27 settembre a Villa Strozzi<\/strong> si terr\u00e0 una conferenza,&nbsp; dedicata a uno dei mostri sacri della elettronica <strong>Michelangelo Lupone<\/strong> che vanta collaborazioni con artisti visivi e coreografi di fama internazionale. Nel concerto serale sperimentazione musicale e tecnologica si intrecceranno con risultati di assoluta originalit\u00e0.<\/p>\n<p><strong>Sabato 28 settembre<\/strong> \u00e8 la volta di <em><strong>BorderSong,<\/strong><\/em> progetto dedicato alla canzone, in cui emergono musicisti selezionati attraverso un bando pubblico e una band italiana emergente del pop elettronico i <strong>dTHEd<\/strong>. Il&nbsp;loro primo album (2019) e\u0300 ispirato a proggetti di Timothy Morton e alle alterazioni sensoriali dei neurodiversi, sono un trio di arte multidisciplinare e oltre alla musica realizzano grafica, performance, video all\u2019insegna dell\u2019esperienza sensoriale. <\/p>\n<p><strong>Luned\u00ec 30 settembre<\/strong> si presenta a Tempo Reale l\u2019<em><strong>Acusmatica<\/strong><\/em> secondo la scena di tre paesi diversi e lontani <strong>Cina-Iran-Messico.<\/strong> Fruttuosa collaborazione con la pi\u00f9 importante comunit\u00e0 internazionale della musica elettroacustica di cui Tempo Reale \u00e8 delegato italiano.<\/p>\n<p><strong>In chiusura il 2 ottobre alla Limonaia di Villa Strozzi,<\/strong>&nbsp;le pratiche improvvisative di <strong>Elio Martusciello<\/strong> e la sua particolare conduction (basata su un linguaggio di segni che indicano gli eventi sonori da eseguire, sempre in movimento e in trasformazione) sono oggetto di un laboratorio intensivo e di una performance originale che punta alla collaborazione fra generi e realt\u00e0 sonore distanti in un percorso per improvvisatori unico nel suo genere.<\/p>\n<p><strong>Biglietti concerti 5 \u20ac<\/strong><br \/><strong>22 settembre: ingresso libero con prenotazione (prenotazioni@temporeale.it)<\/strong><br \/><strong>27 settembre (conferenza): ingresso libero<\/strong><\/p>\n<p><strong>Per informazioni:<\/strong><br \/><strong><a href=\"mailto:festival@temporeale.it\">festival@temporeale.it<\/a><\/strong><br \/><strong>tel. 055717270<\/strong><\/p>\n","protected":false},"excerpt":{"rendered":"<p>Il festival prende il via il 22 settembre al memoriale di Auschwitz con le musiche di Luigi Nono<\/p>\n","protected":false},"author":525,"featured_media":98202,"comment_status":"open","ping_status":"open","sticky":false,"template":"","format":"standard","meta":{"_acf_changed":false,"footnotes":""},"categories":[14],"tags":[],"class_list":["post-60896","post","type-post","status-publish","format-standard","has-post-thumbnail","hentry","category-musica"],"acf":[],"yoast_head":"<!-- This site is optimized with the Yoast SEO Premium plugin v24.2 (Yoast SEO v25.6) - https:\/\/yoast.com\/wordpress\/plugins\/seo\/ -->\n<title>A Tempo Reale i maestri e gli innovatori della musica elettronica - intoscana<\/title>\n<meta name=\"robots\" content=\"index, follow, max-snippet:-1, max-image-preview:large, max-video-preview:-1\" \/>\n<link rel=\"canonical\" href=\"https:\/\/www.intoscana.it\/it\/tempo-reale-2019\/\" \/>\n<meta property=\"og:locale\" content=\"it_IT\" \/>\n<meta property=\"og:type\" content=\"article\" \/>\n<meta property=\"og:title\" content=\"A Tempo Reale i maestri e gli innovatori della musica elettronica\" \/>\n<meta property=\"og:description\" content=\"Il festival prende il via il 22 settembre al memoriale di Auschwitz con le musiche di Luigi Nono\" \/>\n<meta property=\"og:url\" content=\"https:\/\/www.intoscana.it\/it\/tempo-reale-2019\/\" \/>\n<meta property=\"og:site_name\" content=\"intoscana\" \/>\n<meta property=\"article:publisher\" content=\"https:\/\/www.facebook.com\/intoscana.it\" \/>\n<meta property=\"article:published_time\" content=\"2019-09-19T15:17:40+00:00\" \/>\n<meta property=\"article:modified_time\" content=\"2020-05-19T13:49:15+00:00\" \/>\n<meta property=\"og:image\" content=\"https:\/\/www.intoscana.it\/wp-content\/uploads\/dthed.jpg\" \/>\n\t<meta property=\"og:image:width\" content=\"2000\" \/>\n\t<meta property=\"og:image:height\" content=\"905\" \/>\n\t<meta property=\"og:image:type\" content=\"image\/jpeg\" \/>\n<meta name=\"author\" content=\"Redazione\" \/>\n<meta name=\"twitter:card\" content=\"summary_large_image\" \/>\n<meta name=\"twitter:creator\" content=\"@intoscana\" \/>\n<meta name=\"twitter:site\" content=\"@intoscana\" \/>\n<meta name=\"twitter:label1\" content=\"Written by\" \/>\n\t<meta name=\"twitter:data1\" content=\"Redazione\" \/>\n\t<meta name=\"twitter:label2\" content=\"Est. reading time\" \/>\n\t<meta name=\"twitter:data2\" content=\"3 minuti\" \/>\n<script type=\"application\/ld+json\" class=\"yoast-schema-graph\">{\"@context\":\"https:\/\/schema.org\",\"@graph\":[{\"@type\":\"WebPage\",\"@id\":\"https:\/\/www.intoscana.it\/it\/tempo-reale-2019\/\",\"url\":\"https:\/\/www.intoscana.it\/it\/tempo-reale-2019\/\",\"name\":\"A Tempo Reale i maestri e gli innovatori della musica elettronica - intoscana\",\"isPartOf\":{\"@id\":\"https:\/\/www.intoscana.it\/it\/#website\"},\"primaryImageOfPage\":{\"@id\":\"https:\/\/www.intoscana.it\/it\/tempo-reale-2019\/#primaryimage\"},\"image\":{\"@id\":\"https:\/\/www.intoscana.it\/it\/tempo-reale-2019\/#primaryimage\"},\"thumbnailUrl\":\"https:\/\/www.intoscana.it\/wp-content\/uploads\/dthed.jpg\",\"datePublished\":\"2019-09-19T15:17:40+00:00\",\"dateModified\":\"2020-05-19T13:49:15+00:00\",\"author\":{\"@id\":\"https:\/\/www.intoscana.it\/it\/#\/schema\/person\/9223810753230f20bd670fdd322661f8\"},\"breadcrumb\":{\"@id\":\"https:\/\/www.intoscana.it\/it\/tempo-reale-2019\/#breadcrumb\"},\"inLanguage\":\"it-IT\",\"potentialAction\":[{\"@type\":\"ReadAction\",\"target\":[\"https:\/\/www.intoscana.it\/it\/tempo-reale-2019\/\"]}]},{\"@type\":\"ImageObject\",\"inLanguage\":\"it-IT\",\"@id\":\"https:\/\/www.intoscana.it\/it\/tempo-reale-2019\/#primaryimage\",\"url\":\"https:\/\/www.intoscana.it\/wp-content\/uploads\/dthed.jpg\",\"contentUrl\":\"https:\/\/www.intoscana.it\/wp-content\/uploads\/dthed.jpg\",\"width\":2000,\"height\":905,\"caption\":\"A Tempo Reale i maestri e gli innovatori della musica elettronica\"},{\"@type\":\"BreadcrumbList\",\"@id\":\"https:\/\/www.intoscana.it\/it\/tempo-reale-2019\/#breadcrumb\",\"itemListElement\":[{\"@type\":\"ListItem\",\"position\":1,\"name\":\"Home\",\"item\":\"https:\/\/www.intoscana.it\/it\/\"},{\"@type\":\"ListItem\",\"position\":2,\"name\":\"A Tempo Reale i maestri e gli innovatori della musica elettronica\"}]},{\"@type\":\"WebSite\",\"@id\":\"https:\/\/www.intoscana.it\/it\/#website\",\"url\":\"https:\/\/www.intoscana.it\/it\/\",\"name\":\"intoscana\",\"description\":\"\",\"potentialAction\":[{\"@type\":\"SearchAction\",\"target\":{\"@type\":\"EntryPoint\",\"urlTemplate\":\"https:\/\/www.intoscana.it\/it\/?s={search_term_string}\"},\"query-input\":{\"@type\":\"PropertyValueSpecification\",\"valueRequired\":true,\"valueName\":\"search_term_string\"}}],\"inLanguage\":\"it-IT\"},{\"@type\":\"Person\",\"@id\":\"https:\/\/www.intoscana.it\/it\/#\/schema\/person\/9223810753230f20bd670fdd322661f8\",\"name\":\"Redazione\",\"url\":\"https:\/\/www.intoscana.it\/it\/author\/redazione\/\"}]}<\/script>\n<!-- \/ Yoast SEO Premium plugin. -->","yoast_head_json":{"title":"A Tempo Reale i maestri e gli innovatori della musica elettronica - intoscana","robots":{"index":"index","follow":"follow","max-snippet":"max-snippet:-1","max-image-preview":"max-image-preview:large","max-video-preview":"max-video-preview:-1"},"canonical":"https:\/\/www.intoscana.it\/it\/tempo-reale-2019\/","og_locale":"it_IT","og_type":"article","og_title":"A Tempo Reale i maestri e gli innovatori della musica elettronica","og_description":"Il festival prende il via il 22 settembre al memoriale di Auschwitz con le musiche di Luigi Nono","og_url":"https:\/\/www.intoscana.it\/it\/tempo-reale-2019\/","og_site_name":"intoscana","article_publisher":"https:\/\/www.facebook.com\/intoscana.it","article_published_time":"2019-09-19T15:17:40+00:00","article_modified_time":"2020-05-19T13:49:15+00:00","og_image":[{"width":2000,"height":905,"url":"https:\/\/www.intoscana.it\/wp-content\/uploads\/dthed.jpg","type":"image\/jpeg"}],"author":"Redazione","twitter_card":"summary_large_image","twitter_creator":"@intoscana","twitter_site":"@intoscana","twitter_misc":{"Written by":"Redazione","Est. reading time":"3 minuti"},"schema":{"@context":"https:\/\/schema.org","@graph":[{"@type":"WebPage","@id":"https:\/\/www.intoscana.it\/it\/tempo-reale-2019\/","url":"https:\/\/www.intoscana.it\/it\/tempo-reale-2019\/","name":"A Tempo Reale i maestri e gli innovatori della musica elettronica - intoscana","isPartOf":{"@id":"https:\/\/www.intoscana.it\/it\/#website"},"primaryImageOfPage":{"@id":"https:\/\/www.intoscana.it\/it\/tempo-reale-2019\/#primaryimage"},"image":{"@id":"https:\/\/www.intoscana.it\/it\/tempo-reale-2019\/#primaryimage"},"thumbnailUrl":"https:\/\/www.intoscana.it\/wp-content\/uploads\/dthed.jpg","datePublished":"2019-09-19T15:17:40+00:00","dateModified":"2020-05-19T13:49:15+00:00","author":{"@id":"https:\/\/www.intoscana.it\/it\/#\/schema\/person\/9223810753230f20bd670fdd322661f8"},"breadcrumb":{"@id":"https:\/\/www.intoscana.it\/it\/tempo-reale-2019\/#breadcrumb"},"inLanguage":"it-IT","potentialAction":[{"@type":"ReadAction","target":["https:\/\/www.intoscana.it\/it\/tempo-reale-2019\/"]}]},{"@type":"ImageObject","inLanguage":"it-IT","@id":"https:\/\/www.intoscana.it\/it\/tempo-reale-2019\/#primaryimage","url":"https:\/\/www.intoscana.it\/wp-content\/uploads\/dthed.jpg","contentUrl":"https:\/\/www.intoscana.it\/wp-content\/uploads\/dthed.jpg","width":2000,"height":905,"caption":"A Tempo Reale i maestri e gli innovatori della musica elettronica"},{"@type":"BreadcrumbList","@id":"https:\/\/www.intoscana.it\/it\/tempo-reale-2019\/#breadcrumb","itemListElement":[{"@type":"ListItem","position":1,"name":"Home","item":"https:\/\/www.intoscana.it\/it\/"},{"@type":"ListItem","position":2,"name":"A Tempo Reale i maestri e gli innovatori della musica elettronica"}]},{"@type":"WebSite","@id":"https:\/\/www.intoscana.it\/it\/#website","url":"https:\/\/www.intoscana.it\/it\/","name":"intoscana","description":"","potentialAction":[{"@type":"SearchAction","target":{"@type":"EntryPoint","urlTemplate":"https:\/\/www.intoscana.it\/it\/?s={search_term_string}"},"query-input":{"@type":"PropertyValueSpecification","valueRequired":true,"valueName":"search_term_string"}}],"inLanguage":"it-IT"},{"@type":"Person","@id":"https:\/\/www.intoscana.it\/it\/#\/schema\/person\/9223810753230f20bd670fdd322661f8","name":"Redazione","url":"https:\/\/www.intoscana.it\/it\/author\/redazione\/"}]}},"_links":{"self":[{"href":"https:\/\/www.intoscana.it\/it\/wp-json\/wp\/v2\/posts\/60896","targetHints":{"allow":["GET"]}}],"collection":[{"href":"https:\/\/www.intoscana.it\/it\/wp-json\/wp\/v2\/posts"}],"about":[{"href":"https:\/\/www.intoscana.it\/it\/wp-json\/wp\/v2\/types\/post"}],"author":[{"embeddable":true,"href":"https:\/\/www.intoscana.it\/it\/wp-json\/wp\/v2\/users\/525"}],"replies":[{"embeddable":true,"href":"https:\/\/www.intoscana.it\/it\/wp-json\/wp\/v2\/comments?post=60896"}],"version-history":[{"count":0,"href":"https:\/\/www.intoscana.it\/it\/wp-json\/wp\/v2\/posts\/60896\/revisions"}],"wp:featuredmedia":[{"embeddable":true,"href":"https:\/\/www.intoscana.it\/it\/wp-json\/wp\/v2\/media\/98202"}],"wp:attachment":[{"href":"https:\/\/www.intoscana.it\/it\/wp-json\/wp\/v2\/media?parent=60896"}],"wp:term":[{"taxonomy":"category","embeddable":true,"href":"https:\/\/www.intoscana.it\/it\/wp-json\/wp\/v2\/categories?post=60896"},{"taxonomy":"post_tag","embeddable":true,"href":"https:\/\/www.intoscana.it\/it\/wp-json\/wp\/v2\/tags?post=60896"}],"curies":[{"name":"wp","href":"https:\/\/api.w.org\/{rel}","templated":true}]}}