{"id":60900,"date":"2020-02-12T09:58:39","date_gmt":"2020-02-12T08:58:39","guid":{"rendered":"http:\/\/www.intoscana.it\/il-mondo-fantasy-di-lucio-corsi-la-maremma-il-glam-e-la-musica\/"},"modified":"2020-09-24T14:44:04","modified_gmt":"2020-09-24T12:44:04","slug":"lucio-corsi-intervista","status":"publish","type":"post","link":"https:\/\/www.intoscana.it\/it\/lucio-corsi-intervista\/","title":{"rendered":"Il mondo fantasy di Lucio Corsi: la Maremma, il Glam e la musica"},"content":{"rendered":"<p><strong>Lucio Corsi<\/strong> e\u0300 un cantautore toscano di ventisei anni, proveniente da <strong>Vetulonia un piccolo paese nella Maremma grossetana<\/strong>, dove ha vissuto libero e selvaggio in mezzo alla natura e agli animali. Nel 2012 sconfigge la <strong>matematica<\/strong> e dopo varie esperienze con gruppi della zona ed altrettante esplorazioni di <strong>tombe etrusche<\/strong> si trasferisce a Milano. Nella citta\u0300 tentacolare fonda un duo musicale con il quale inizia a suonare sia nei locali che in strada. Con una buona dose di <strong>cocomeri, dinosauri, farfalle e sigarette<\/strong> per la testa decide di intraprendere la carriera solista proponendo brani propri in italiano. Ha all\u2019attivo due CD, <em><strong>Altalena Boy\/VetuloniaDakar<\/strong> <\/em>e <em><strong>Bestiario Musicale<\/strong><\/em>, entrambi pubblicati da <strong>Picicca Dischi.<\/strong> Nel 2017 ha aperto i concerti del tour teatrale dei <strong>Baustelle <\/strong>e di <strong>Brunori Sas.<\/strong> <br \/>Il suo terzo disco appena uscito,<em><strong>&nbsp;Cosa faremo da grandi?<\/strong><\/em>&nbsp;realizzato con <strong>Francesco Bianconi dei Baustelle e Antonio Cupertino<\/strong> \u00e8 un\u2019opera rock segnata da una totale fascinazione per le <strong>sonorit\u00e0 glam degli anni Settanta,<\/strong> e per cantautori come <strong>Paolo Conte, Ivan Graziani, Renato Zero, Lou Reed e David Bowie<\/strong>. Il disco ha dato vita anche a un progetto video pi\u00f9 ampio in collaborazione con <strong>Tommaso Ottomano,<\/strong> che \u00e8 a poco a poco diventato un <strong>docu-fanta-music-film<\/strong> che stiamo scoprendo giorno dopo giorno. <strong>Ecco la nostra intervista.<\/strong><\/p>\n<p><strong>Ciao Lucio! Nel tuo ultimo disco<em> Bestiario musicale<\/em> parlavi della tua terra, la Maremma e i suoi animali, in questo invece ti sei dedicato al mare, cosa ti affascina di questo elemento?<\/strong><br \/>Come diceva <strong>Ivan Graziani in \u2018Firenze canzone triste\u2019<\/strong>: <em>\u201cLa mia casa \u00e8 il mare con un fiume no, non la posso cambiare\u201d<\/em>, si fa riferimento al fatto che se nasci in un posto di mare te lo porti sempre dentro, ti serve quello.&nbsp;\u00c8 cos\u00ec anche per me, sono nato e cresciuto in Maremma, il mare \u00e8 un elemento importante di questa terra. Questo disco non lo vedo tanto incentrato principalmente sul mare, \u00e8 un elemento fondamentale che ritorna in tante canzoni, ma anche il vento \u00e8 molto presente. Non l\u2019ho pensato come un concept album, come \u00e8 stato per il Bestiario, volevo approcciarmi alla scrittura in modo classico, volevo che ogni canzone avesse una storia sua e un suo stile sonoro. Sono felice del risultato.<\/p>\n<p><strong>Ti chiedevo del mare perch\u00e9 legato al tuo disco c\u2019\u00e8 anche un progetto video, che stiamo scoprendo proprio in questi giorni, insieme a Tommaso Ottomano, un piccolo film che va avanti canzone dopo canzone, che si svolge proprio su una barca, in mezzo ai pescatori<\/strong><br \/>Tommaso \u00e8 di Porto Ercole e poi si \u00e8 trasferito a Milano come me. Portiamo avanti da anni una sorta di \u2018fratellanza artistica\u2019 la chiamiamo cos\u00ec. Era un po\u2019 di tempo che pensavamo di realizzare una cosa del genere, una sorta di fanta-music-docu-film ambientato tutto in maremma. A settembre abbiamo girato questa sorta di mediometraggio che uscir\u00e0 col tempo, vorremmo farlo passare per qualche festival, quindi deve rimanere inedito ancora per un po\u2019. All\u2019interno del film sono presenti i videoclip che sono gi\u00e0 usciti, pi\u00f9 altre parti di racconto, di poesie e situazioni surreali tutte ambientate in Maremma. <\/p>\n<p><strong>Per il disco hai collaborato con Francesco Bianconi, tutti ti chiedono come e quanto lui ti ha influenzato, ma a me sembra pi\u00f9 probabile il viceversa, quindi volevo chiederti quanto tu lo hai influenzato, dato che tra poco esca anche il suo disco solista?<\/strong><br \/>Con Francesco \u00e8 da un po\u2019 di anni anche siamo amici, abbiamo tante passioni in comune, anche a livello di gusti, riferimento al folk, Dylan, il Glam, Bianciardi, la Maremma stessa. Anche l&#8217;amore per un certo tipo di strumenti vecchi che abbiamo usato per il disco. Sono tante le cose che ci legano. Mi sono trovato bene anche con Cupertino, siamo un bel trio.&nbsp;\u00c8 stato bello lavorare insieme.<\/p>\n<p><strong>In Italia in questo momento vedo due correnti musicali molto forti, da un lato la Trap, i rapper, dall\u2019altro il ritorno al cantautorato che per\u00f2 sta producendo musica sempre pi\u00f9 omologata. Tu mi sembri particolarmente originale, forse proprio perch\u00e9 non ascolti la musica pi\u00f9 recente, ma ti rivolgi al passato per trovare ispirazione?<\/strong><br \/>S\u00ec, \u00e8 una questione di gusto, i miei cantati preferiti sono questi: Dalla, Paolo Conte, Ivan Graziani, il Glam, Lou Reed, Roxy Music, David Bowie, T Rex. Anch\u2019io oggi trovo un grande appiattimento di qualit\u00e0 e profondit\u00e0 nei testi. Pi\u00f9 una canzone \u00e8 leggera, pi\u00f9 \u00e8 un sacchetto di plastica volante pi\u00f9 viene preso bene. L\u2019unico modo giusto secondo me \u00e8 procedere per una via propria senza trovare nessun punto di contatto in una cosa che non mi stimola non mi da emozioni e non mi interessa. Non avrebbe nessun senso per me incrociare quella via per avere pi\u00f9 visibilit\u00e0, son o mode che cambieranno nel corso negli anni, l\u2019importante \u00e8 fare la propria strada, per essere soddisfatti.<\/p>\n<a class=\"fotogallery\" href=\"#modalgallery\" rel=\"modal:open\">sfoglia la gallery <i class=\"fas fa-chevron-right\"><\/i><\/a>\n    <div class=\"modal\" id=\"modalgallery\">\n        <div class=\"gallery\">\n          <div class=\"galleryimg\">\n            <div class=\"slidegallerybig\"> <div class=\"itemimg\">\n            <div class=\"wrapimg\">\n            <img decoding=\"async\" src=\"https:\/\/www.intoscana.it\/wp-content\/uploads\/81520850_2831930403496066_4737679292077441024_n.jpg\">\n            <\/div>\n            <\/div> <div class=\"itemimg\">\n            <div class=\"wrapimg\">\n            <img decoding=\"async\" src=\"https:\/\/www.intoscana.it\/wp-content\/uploads\/82002989_2840898872599219_3847566320916758528_n-2.jpg\">\n            <\/div>\n            <\/div> <div class=\"itemimg\">\n            <div class=\"wrapimg\">\n            <img decoding=\"async\" src=\"https:\/\/www.intoscana.it\/wp-content\/uploads\/73183693_2659444834077958_4625028484656267264_n.jpg\">\n            <\/div>\n            <\/div>\n            <\/div>\n          <\/div>\n          <div class=\"asidemenu\">\n            <div class=\"action\">\n              <div class=\"countlidegallery\"><\/div>\n              <div class=\"closegallery\" href=\"#modalgallery\" rel=\"modal:close\"><i class=\"far fa-times\"><\/i><\/div>\n            <\/div>\n            <div class=\"title\">\n              <h2>Il mondo fantasy di Lucio Corsi: la Maremma, il Glam e la musica<\/h2>\n              <div class=\"socialarticolo\"> \n            <div class=\"contsocialico\">\n              <ul>\n                <li><a target=\"_blank\" href=\"https:\/\/www.facebook.com\/sharer\/sharer.php?u=https:\/\/www.intoscana.it\/it\/lucio-corsi-intervista\/\"> <i class=\"fab fa-facebook-f\"><\/i><\/a><\/li>\n                <li><a target=\"_blank\" href=\"https:\/\/twitter.com\/home?status=https:\/\/www.intoscana.it\/it\/lucio-corsi-intervista\/\"> <i class=\"fab fa-twitter\"><\/i><\/a><\/li>\n                <li>\n                  <div class=\"shareall\" target=\"_blank\" href=\"\"> <i class=\"fas fa-share-alt\"><\/i><\/div>\n                  <div class=\"sharemore\">\n                    <ul>\n                      <li><a target=\"_blank\" href=\"https:\/\/www.linkedin.com\/shareArticle?url=https:\/\/www.intoscana.it\/it\/lucio-corsi-intervista\/\"> <i class=\"fab fa-linkedin\"><\/i><\/a><\/li>\n                      <li><a target=\"_blank\" href=\"http:\/\/www.pinterest.com\/pin\/create\/bookmarklet\/?url=https:\/\/www.intoscana.it\/it\/lucio-corsi-intervista\/\"> <i class=\"fab fa-pinterest\"><\/i><\/a><\/li>\n                      <li><a target=\"_blank\" href=\"mailto?subject=Il mondo fantasy di Lucio Corsi: la Maremma, il Glam e la musica&body=https:\/\/www.intoscana.it\/it\/lucio-corsi-intervista\/\"> <i class=\"fas fa-envelope\"><\/i><\/a><\/li>\n                    <\/ul>\n                    <div class=\"closesharemore\">\n                    <i class=\"fas fa-times\"><\/i>\n                    <\/div>\n                  <\/div>\n                <\/li>\n              <\/ul>\n            <\/div>\n          <\/div>\n        <\/div>\n          <\/div>\n        <\/div>\n      <\/div>\n<p><strong>Mi sembra che nel tuo percorso artistico abbia una grande importanza anche il travestimento, il proporsi in un certo modo, con determinati costumi. Non ti vorrei paragonare ad Achille Lauro, perch\u00e9 fate musica molto diversa, ma anche lui a Sanremo ha rispolverato i costumi di David Bowie e viene spesso criticato perch\u00e9 si dice che usa un involucro senza riempirlo di contenuti. Si critica cio\u00e8 il fatto che cita Bowie ma solo per la sua estetica, non per la sua musica, svuotandolo in un certo senso. Cosa ne pensi?<\/strong><br \/>Oggi pi\u00f9 un cantante \u00e8 normale, pi\u00f9 ci puoi andare a mangiare una pizza e pi\u00f9 \u00e8 capito e apprezzato. Invece un tempo il bello era proprio il fatto che Peter Gabriel appariva sul palco come una divinit\u00e0, un\u2019apparizione mitologica. Questo fa parte, secondo me, della musica e ci deve essere intorno del lavoro tanto quanto sulle canzoni. A me piace vederla cos\u00ec, non devo pensare solo alle canzoni, ma anche all\u2019estetica, a come la canzoni verranno portate sul palco, anche la copertina del disco deve essere un quadro e deve vivere anche senza le canzoni.&nbsp;\u00c8 una cosa che secondo me d\u00e0 spessore al tutto, mi piace vederla cos\u00ec. Il gesto di Achille Lauro io lo condivido, anch\u2019io amo quel tipo di estetica, poi dipende da quello che una persona vuole fare. In quel caso \u00e8 pi\u00f9 una performance, magari la canzone non mi ha preso, non ci trovo molto a livello musicale, lo vedo pi\u00f9 come il gesto di un performer e va bene cos\u00ec. Ovviamente per me il top \u00e8 quando una cosa \u00e8 curata esteticamente, ma c\u2019\u00e8 anche una base di poesia e di musica importante, a quel punto tutto si regge.<\/p>\n<p><strong>Come sempre i tuoi testi mi colpiscono molto e mi sono segnata tante frasi. Per esempio quella che da il titolo al primo singolo \u201cNeanche da vecchi si sa cosa faremo da grandi\u201d, mi sembra quasi che questo sia il segreto per rimanere sempre giovani<\/strong><br \/>Mi piace che tu la veda cos\u00ec, torna il ragionamento.&nbsp;\u00c8 ci\u00f2 che mi ha passato la mia famiglia, \u00e8 l\u2019idea di un modo di vivere, in cui non ci si muove per essere ricordati o per ottenere chiss\u00e0 quale risultato. A me piace la musica, cerco di farlo al meglio, ma se tra qualche anno far\u00f2 qualcosa di diverso va bene lo stesso. Si festeggiano le linee di partenza e non i traguardi.<\/p>\n","protected":false},"excerpt":{"rendered":"<p>Il cantautore originario del grossetano sar\u00e0 in concerto il 15 febbraio al Lumiere a Pisa e il 20 marzo al BUH di Firenze<\/p>\n","protected":false},"author":518,"featured_media":98206,"comment_status":"open","ping_status":"open","sticky":false,"template":"","format":"standard","meta":{"_acf_changed":false,"footnotes":""},"categories":[14],"tags":[216,167],"class_list":["post-60900","post","type-post","status-publish","format-standard","has-post-thumbnail","hentry","category-musica","tag-concerti","tag-musica"],"acf":[],"yoast_head":"<!-- This site is optimized with the Yoast SEO Premium plugin v24.2 (Yoast SEO v25.6) - https:\/\/yoast.com\/wordpress\/plugins\/seo\/ -->\n<title>Il mondo fantasy di Lucio Corsi: la Maremma, il Glam e la musica - intoscana<\/title>\n<meta name=\"robots\" content=\"index, follow, max-snippet:-1, max-image-preview:large, max-video-preview:-1\" \/>\n<link rel=\"canonical\" href=\"https:\/\/www.intoscana.it\/it\/lucio-corsi-intervista\/\" \/>\n<meta property=\"og:locale\" content=\"it_IT\" \/>\n<meta property=\"og:type\" content=\"article\" \/>\n<meta property=\"og:title\" content=\"Il mondo fantasy di Lucio Corsi: la Maremma, il Glam e la musica\" \/>\n<meta property=\"og:description\" content=\"Il cantautore originario del grossetano sar\u00e0 in concerto il 15 febbraio al Lumiere a Pisa e il 20 marzo al BUH di Firenze\" \/>\n<meta property=\"og:url\" content=\"https:\/\/www.intoscana.it\/it\/lucio-corsi-intervista\/\" \/>\n<meta property=\"og:site_name\" content=\"intoscana\" \/>\n<meta property=\"article:publisher\" content=\"https:\/\/www.facebook.com\/intoscana.it\" \/>\n<meta property=\"article:published_time\" content=\"2020-02-12T08:58:39+00:00\" \/>\n<meta property=\"article:modified_time\" content=\"2020-09-24T12:44:04+00:00\" \/>\n<meta property=\"og:image\" content=\"https:\/\/www.intoscana.it\/wp-content\/uploads\/schermata-2020-02-12-alle-10.07.13.jpg\" \/>\n\t<meta property=\"og:image:width\" content=\"475\" \/>\n\t<meta property=\"og:image:height\" content=\"338\" \/>\n\t<meta property=\"og:image:type\" content=\"image\/jpeg\" \/>\n<meta name=\"author\" content=\"Costanza Baldini\" \/>\n<meta name=\"twitter:card\" content=\"summary_large_image\" \/>\n<meta name=\"twitter:creator\" content=\"@intoscana\" \/>\n<meta name=\"twitter:site\" content=\"@intoscana\" \/>\n<meta name=\"twitter:label1\" content=\"Written by\" \/>\n\t<meta name=\"twitter:data1\" content=\"Costanza Baldini\" \/>\n\t<meta name=\"twitter:label2\" content=\"Est. reading time\" \/>\n\t<meta name=\"twitter:data2\" content=\"6 minuti\" \/>\n<script type=\"application\/ld+json\" class=\"yoast-schema-graph\">{\"@context\":\"https:\/\/schema.org\",\"@graph\":[{\"@type\":\"WebPage\",\"@id\":\"https:\/\/www.intoscana.it\/it\/lucio-corsi-intervista\/\",\"url\":\"https:\/\/www.intoscana.it\/it\/lucio-corsi-intervista\/\",\"name\":\"Il mondo fantasy di Lucio Corsi: la Maremma, il Glam e la musica - intoscana\",\"isPartOf\":{\"@id\":\"https:\/\/www.intoscana.it\/it\/#website\"},\"primaryImageOfPage\":{\"@id\":\"https:\/\/www.intoscana.it\/it\/lucio-corsi-intervista\/#primaryimage\"},\"image\":{\"@id\":\"https:\/\/www.intoscana.it\/it\/lucio-corsi-intervista\/#primaryimage\"},\"thumbnailUrl\":\"https:\/\/www.intoscana.it\/wp-content\/uploads\/schermata-2020-02-12-alle-10.07.13.jpg\",\"datePublished\":\"2020-02-12T08:58:39+00:00\",\"dateModified\":\"2020-09-24T12:44:04+00:00\",\"author\":{\"@id\":\"https:\/\/www.intoscana.it\/it\/#\/schema\/person\/d469f35f09739bdf00bf5dd3f0647a82\"},\"breadcrumb\":{\"@id\":\"https:\/\/www.intoscana.it\/it\/lucio-corsi-intervista\/#breadcrumb\"},\"inLanguage\":\"it-IT\",\"potentialAction\":[{\"@type\":\"ReadAction\",\"target\":[\"https:\/\/www.intoscana.it\/it\/lucio-corsi-intervista\/\"]}]},{\"@type\":\"ImageObject\",\"inLanguage\":\"it-IT\",\"@id\":\"https:\/\/www.intoscana.it\/it\/lucio-corsi-intervista\/#primaryimage\",\"url\":\"https:\/\/www.intoscana.it\/wp-content\/uploads\/schermata-2020-02-12-alle-10.07.13.jpg\",\"contentUrl\":\"https:\/\/www.intoscana.it\/wp-content\/uploads\/schermata-2020-02-12-alle-10.07.13.jpg\",\"width\":475,\"height\":338,\"caption\":\"Lucio Corsi\"},{\"@type\":\"BreadcrumbList\",\"@id\":\"https:\/\/www.intoscana.it\/it\/lucio-corsi-intervista\/#breadcrumb\",\"itemListElement\":[{\"@type\":\"ListItem\",\"position\":1,\"name\":\"Home\",\"item\":\"https:\/\/www.intoscana.it\/it\/\"},{\"@type\":\"ListItem\",\"position\":2,\"name\":\"Il mondo fantasy di Lucio Corsi: la Maremma, il Glam e la musica\"}]},{\"@type\":\"WebSite\",\"@id\":\"https:\/\/www.intoscana.it\/it\/#website\",\"url\":\"https:\/\/www.intoscana.it\/it\/\",\"name\":\"intoscana\",\"description\":\"\",\"potentialAction\":[{\"@type\":\"SearchAction\",\"target\":{\"@type\":\"EntryPoint\",\"urlTemplate\":\"https:\/\/www.intoscana.it\/it\/?s={search_term_string}\"},\"query-input\":{\"@type\":\"PropertyValueSpecification\",\"valueRequired\":true,\"valueName\":\"search_term_string\"}}],\"inLanguage\":\"it-IT\"},{\"@type\":\"Person\",\"@id\":\"https:\/\/www.intoscana.it\/it\/#\/schema\/person\/d469f35f09739bdf00bf5dd3f0647a82\",\"name\":\"Costanza Baldini\",\"url\":\"https:\/\/www.intoscana.it\/it\/author\/costanza-baldini\/\"}]}<\/script>\n<!-- \/ Yoast SEO Premium plugin. -->","yoast_head_json":{"title":"Il mondo fantasy di Lucio Corsi: la Maremma, il Glam e la musica - intoscana","robots":{"index":"index","follow":"follow","max-snippet":"max-snippet:-1","max-image-preview":"max-image-preview:large","max-video-preview":"max-video-preview:-1"},"canonical":"https:\/\/www.intoscana.it\/it\/lucio-corsi-intervista\/","og_locale":"it_IT","og_type":"article","og_title":"Il mondo fantasy di Lucio Corsi: la Maremma, il Glam e la musica","og_description":"Il cantautore originario del grossetano sar\u00e0 in concerto il 15 febbraio al Lumiere a Pisa e il 20 marzo al BUH di Firenze","og_url":"https:\/\/www.intoscana.it\/it\/lucio-corsi-intervista\/","og_site_name":"intoscana","article_publisher":"https:\/\/www.facebook.com\/intoscana.it","article_published_time":"2020-02-12T08:58:39+00:00","article_modified_time":"2020-09-24T12:44:04+00:00","og_image":[{"width":475,"height":338,"url":"https:\/\/www.intoscana.it\/wp-content\/uploads\/schermata-2020-02-12-alle-10.07.13.jpg","type":"image\/jpeg"}],"author":"Costanza Baldini","twitter_card":"summary_large_image","twitter_creator":"@intoscana","twitter_site":"@intoscana","twitter_misc":{"Written by":"Costanza Baldini","Est. reading time":"6 minuti"},"schema":{"@context":"https:\/\/schema.org","@graph":[{"@type":"WebPage","@id":"https:\/\/www.intoscana.it\/it\/lucio-corsi-intervista\/","url":"https:\/\/www.intoscana.it\/it\/lucio-corsi-intervista\/","name":"Il mondo fantasy di Lucio Corsi: la Maremma, il Glam e la musica - intoscana","isPartOf":{"@id":"https:\/\/www.intoscana.it\/it\/#website"},"primaryImageOfPage":{"@id":"https:\/\/www.intoscana.it\/it\/lucio-corsi-intervista\/#primaryimage"},"image":{"@id":"https:\/\/www.intoscana.it\/it\/lucio-corsi-intervista\/#primaryimage"},"thumbnailUrl":"https:\/\/www.intoscana.it\/wp-content\/uploads\/schermata-2020-02-12-alle-10.07.13.jpg","datePublished":"2020-02-12T08:58:39+00:00","dateModified":"2020-09-24T12:44:04+00:00","author":{"@id":"https:\/\/www.intoscana.it\/it\/#\/schema\/person\/d469f35f09739bdf00bf5dd3f0647a82"},"breadcrumb":{"@id":"https:\/\/www.intoscana.it\/it\/lucio-corsi-intervista\/#breadcrumb"},"inLanguage":"it-IT","potentialAction":[{"@type":"ReadAction","target":["https:\/\/www.intoscana.it\/it\/lucio-corsi-intervista\/"]}]},{"@type":"ImageObject","inLanguage":"it-IT","@id":"https:\/\/www.intoscana.it\/it\/lucio-corsi-intervista\/#primaryimage","url":"https:\/\/www.intoscana.it\/wp-content\/uploads\/schermata-2020-02-12-alle-10.07.13.jpg","contentUrl":"https:\/\/www.intoscana.it\/wp-content\/uploads\/schermata-2020-02-12-alle-10.07.13.jpg","width":475,"height":338,"caption":"Lucio Corsi"},{"@type":"BreadcrumbList","@id":"https:\/\/www.intoscana.it\/it\/lucio-corsi-intervista\/#breadcrumb","itemListElement":[{"@type":"ListItem","position":1,"name":"Home","item":"https:\/\/www.intoscana.it\/it\/"},{"@type":"ListItem","position":2,"name":"Il mondo fantasy di Lucio Corsi: la Maremma, il Glam e la musica"}]},{"@type":"WebSite","@id":"https:\/\/www.intoscana.it\/it\/#website","url":"https:\/\/www.intoscana.it\/it\/","name":"intoscana","description":"","potentialAction":[{"@type":"SearchAction","target":{"@type":"EntryPoint","urlTemplate":"https:\/\/www.intoscana.it\/it\/?s={search_term_string}"},"query-input":{"@type":"PropertyValueSpecification","valueRequired":true,"valueName":"search_term_string"}}],"inLanguage":"it-IT"},{"@type":"Person","@id":"https:\/\/www.intoscana.it\/it\/#\/schema\/person\/d469f35f09739bdf00bf5dd3f0647a82","name":"Costanza Baldini","url":"https:\/\/www.intoscana.it\/it\/author\/costanza-baldini\/"}]}},"_links":{"self":[{"href":"https:\/\/www.intoscana.it\/it\/wp-json\/wp\/v2\/posts\/60900","targetHints":{"allow":["GET"]}}],"collection":[{"href":"https:\/\/www.intoscana.it\/it\/wp-json\/wp\/v2\/posts"}],"about":[{"href":"https:\/\/www.intoscana.it\/it\/wp-json\/wp\/v2\/types\/post"}],"author":[{"embeddable":true,"href":"https:\/\/www.intoscana.it\/it\/wp-json\/wp\/v2\/users\/518"}],"replies":[{"embeddable":true,"href":"https:\/\/www.intoscana.it\/it\/wp-json\/wp\/v2\/comments?post=60900"}],"version-history":[{"count":0,"href":"https:\/\/www.intoscana.it\/it\/wp-json\/wp\/v2\/posts\/60900\/revisions"}],"wp:featuredmedia":[{"embeddable":true,"href":"https:\/\/www.intoscana.it\/it\/wp-json\/wp\/v2\/media\/98206"}],"wp:attachment":[{"href":"https:\/\/www.intoscana.it\/it\/wp-json\/wp\/v2\/media?parent=60900"}],"wp:term":[{"taxonomy":"category","embeddable":true,"href":"https:\/\/www.intoscana.it\/it\/wp-json\/wp\/v2\/categories?post=60900"},{"taxonomy":"post_tag","embeddable":true,"href":"https:\/\/www.intoscana.it\/it\/wp-json\/wp\/v2\/tags?post=60900"}],"curies":[{"name":"wp","href":"https:\/\/api.w.org\/{rel}","templated":true}]}}