{"id":60901,"date":"2020-02-13T14:45:15","date_gmt":"2020-02-13T14:45:15","guid":{"rendered":"http:\/\/www.intoscana.it\/il-festival-puccini-2020-di-torre-del-lago-celebra-il-suo-genius-loci\/"},"modified":"2024-06-21T09:50:00","modified_gmt":"2024-06-21T07:50:00","slug":"festival-puccini-2020","status":"publish","type":"post","link":"https:\/\/www.intoscana.it\/it\/festival-puccini-2020\/","title":{"rendered":"Il Festival Puccini 2020 di Torre del Lago celebra il suo &#8216;genius loci&#8217;"},"content":{"rendered":"<p>\u00c8 stato presentato il prossimo <strong>Festival Puccini Torre del Lago<\/strong>, sotto la nuova direzione di <strong>Giorgio Battistelli<\/strong>. In cartellone<strong> tra luglio e agosto <\/strong>cinque titoli pucciniani<strong> Tosca, Turandot Manon Lescaut, La Boh\u00e8me, Madama Butterfly<\/strong>, per <strong>15 recite nel Gran Teatro all\u2019aperto<\/strong> a cui faranno da corollario, attivit\u00e0 e rassegne che ancora una volta avranno come palcoscenico i luoghi pi\u00f9 rappresentativi della Citt\u00e0 di Viareggio. Nuove proposte artistiche che sotto il titolo di <em><strong>\u201cLa musica e il teatro di Giacomo Puccini\u201d<\/strong> <\/em>saranno sempre al centro dell\u2019attivit\u00e0 del Festival, per offrire anche spunti di riflessione estetica, artistica e filosofica sul pensiero del teatro musicale del nostro tempo.<\/p>\n<p>Il festival parte subito con <strong>una grande novit\u00e0,<\/strong> l&#8217;attrice <strong>Stefania Sandrelli per la prima volta firma la regia di uno spettacolo teatrale: &#8216;Tosca&#8217;<\/strong> in calendario il 14 e 24 luglio e il 2 e 21 agosto.&nbsp;La musa di tanti registi da <strong>Pietro Germi a Bernardo Bertolucci, a Ettore Scola e stella del cinema italiano<\/strong>, viareggina di nascita ma romana di adozione si cimenter\u00e0 in un ruolo per lei inedito, accompagnata dall\u2019<strong>allestimento di Carlo Centolavigna e i costumi della Fondazione Cerratelli<\/strong>.&nbsp;Sul podio dell\u2019Orchestra Regionale della Toscana la bacchetta esperta di <strong>Alberto Veronesi,<\/strong> che del Festival Puccini \u00e8 anche direttore musicale. Nel ruolo del titolo si alterneranno due bravissimi soprani <strong>la spagnola Ainhoa Artetae la giapponese Hiromi Omura<\/strong> mentre nei panni del pittore Cavaradossi troviamo il <strong>grande tenore argentino Marcelo Alvarez<\/strong> e un altro bravo tenore amatissimo dal pubblico di torre del lago <strong>Amadi Lagha.<\/strong> Nel ruolo di Scarpia il debutto sul palcoscenico di Torre del Lago del baritono catalano <strong>Angel Odena<\/strong>. <\/p>\n<p>Il secondo titolo in ordine di debutto nel cartellone del Festival Puccini sar\u00e0 <strong>Turandot<\/strong> (18, 31 luglio e 8, 16 agosto) la cui regia \u00e8 affidata a <strong>Manu Lalli,<\/strong> regista, animatrice culturale e docente teatrale. Toscana di nascita, il suo amore per il teatro nasce a 6 anni; a 26 anni fonda Venti Lucenti, una compagnia di teatro e animazione culturale con cui lavora nelle scuole e nei Comuni dell\u2019area metropolitana per poi espandersi su tutto il territorio nazionale. <strong>L\u2019allestimento \u00e8 di Ezio Frigerio e i costumi Franca Squarciapino.<\/strong> Sul podio il <strong>giovane direttore d\u2019orchestra australiano Daniel Smith<\/strong> diriger\u00e0 l\u2019Orchestra del Festival Puccini. Tra gli interpreti spiccano nel ruolo del titolo, <strong>Amarilli Nizza e Silvana Froli<\/strong> mentre Li\u00f9 sar\u00e0 <strong>Coolen Claire e Calaf Alejandro Roy.<\/strong><\/p>\n<p>Terzo titolo in cartellone <strong>Manon Lescaut<\/strong> (il 25 luglio e il 7 agosto) <strong>l\u2019opera che rivel\u00f2 al mondo il genio di Giacomo Puccini. <\/strong>L&#8217;opera narra la storia&nbsp;tragica e struggente la storia d\u2019amore tra Manon ed il Cavaliere Renato Des Grieux in cui lei attratta dalla ricchezza sfrutta il vecchio Geronte, si fa corteggiare, ma poi, sorpresa a tradirlo viene arrestata e accusata di prostituzione e deportata verso l\u2019America dove morir\u00e0, stroncata dalla sete e dalla febbre nel deserto di New Orleans. L\u2019allestimento in scena sar\u00e0 una nuova produzione con il Teatro del Giglio di Lucca e altri teatri nazionali per la <strong>regia di Aldo Tarabella<\/strong>, mentre sul podio ritroviamo la<strong> talentuosa direttrice d\u2019orchestra Gianna Fratta<\/strong>. Nel ruolo di Manon Lescaut, <strong>Donata D\u2019Annunzio Lombardi,<\/strong> di Renato Des Grieux<strong> Sheshaberidze Michail<\/strong>, <strong>Luca Bruno<\/strong> sar\u00e0 Lescaut mentre <strong>Bruno De Simone<\/strong> sar\u00e0 Geronte di Ravoir. <\/p>\n<p>Al 66\u00b0 Festival Puccini di Torre del Lago torna in scena la <strong>Boh\u00e8me<\/strong> di Puccini (il 1, 9 e 22 agosto) nel testamento artistico di<strong> Ettore Scola<\/strong> che nel 2014 ha firmato per il Festival di Torre del Lago il suo ultimo lavoro per il teatro lirico. Un allestimento tradizionale con le suggestive scene firmate da un altro grande scenografo italiano <strong>Luciano Riccieri<\/strong> recentemente scomparso. <strong>Il lavoro di Ettore Scola sar\u00e0 ripreso da Marco Scola di Mambro,<\/strong> <strong>nipote del grande regista<\/strong> e che gi\u00e0 nel 2014 nella veste di assistente ha ideato con suo nonno la regia dello spettacolo. Interpreti della struggente storia d\u2019amore, Mim\u00ec, <strong>Vittoria Yeo<\/strong> soprano coreano di nascita ma italiana di adozione, Rodolfo il giovanissimo tenore peruviano <strong>Iv\u00e0n Ay\u00f2n Rivas<\/strong>, la bielorussa <strong>Chabounia Maria<\/strong> Musetta, <strong>Kartal Karagedik<\/strong> Marcello. Sul podio di Orchestra e Coro del Festival Puccini il giovane trevigiano Enrico Calesso, gi\u00e0 direttore musicale del Festival Operklosterneuburg.<\/p>\n<p>Il 14 e 23 agosto va in scena <strong>Madama Buttlerfly il capolavoro romantico di Giacomo Puccini,&nbsp;<\/strong>nell\u2019allestimento frutto della coproduzione l\u2019Opera Royal di Liegi, <strong>scene di Jean-Guy Lecat<\/strong> per la regia di <strong>Stefano Mazzonis di Pralafera<\/strong> ripresa da Luca Ramacciotti. Un allestimento raffinato e tradizionale che vede in scena tutti i riferimenti della cultura giapponese e ambienta la vicenda di <strong>Cio Cio San<\/strong> nell&#8217;immediato secondo dopoguerra. I <strong>bellissimi costumi, dipinti a mano, sono di Fernando Ruiz<\/strong>. Gli interpreti: nel ruolo della geisha<strong> Karine Babajanyan,<\/strong> gi\u00e0 applaudita nella scorsa edizione nel ruolo e il tenore <strong>Stefan Pop<\/strong> mentre <strong>Annunziata Vestri<\/strong> sar\u00e0 Suzuki e <strong>Bruno Taddia<\/strong> Sharpless. Sul podio il canadese <strong>Yves Abel<\/strong> riconosciuto interprete dell&#8217;opera italiana e francese gi\u00e0 apprezzato nei maggiori teatri d&#8217;opera in Europa e negli Stati Uniti<\/p>\n<p>Tra gli eventi collaterali vi segnaliamo <strong>il 12 luglio<\/strong> lo spettacolo <strong>&#8220;Le voci della luna sulla spiaggia&#8221; di Stefano Massini<\/strong> che racconter\u00e0 i personaggi delle cinque opere presenti in calendario. Il <strong>13 agosto<\/strong> si terr\u00e0 un omaggio al genio di Fellini con il balletto &#8220;<strong>Fellini la dolce vita di Federico&#8221; con la Compagnia del Balletto di Siena.&nbsp;<\/strong>Infine, il <strong>20 agosto<\/strong>&nbsp;in occasione dei cento anni dalla nascita omaggio al compositore <strong>Bruno Maderna<\/strong> con l&#8217;opera &#8220;<strong>Satyricon&#8221;<\/strong> per la regia di <strong>Johannes Polzgutter<\/strong>.<\/p>\n<p><strong>Per informazioni:<\/strong><br \/><strong><a href=\"https:\/\/www.puccinifestival.it\/\" class=\"broken_link\">https:\/\/www.puccinifestival.it\/<\/a><\/strong><\/p>\n<p>&nbsp;<\/p>\n","protected":false},"excerpt":{"rendered":"<p>Cinque opere in calendario dal 14 luglio a fine agosto, l&#8217;attrice Stefania Sandrelli per la prima volta alla regia<\/p>\n","protected":false},"author":525,"featured_media":98207,"comment_status":"open","ping_status":"open","sticky":false,"template":"","format":"standard","meta":{"_acf_changed":false,"footnotes":""},"categories":[14],"tags":[5796,6024],"class_list":["post-60901","post","type-post","status-publish","format-standard","has-post-thumbnail","hentry","category-musica","tag-festival-puccini","tag-puccini"],"acf":[],"yoast_head":"<!-- This site is optimized with the Yoast SEO Premium plugin v24.2 (Yoast SEO v25.6) - https:\/\/yoast.com\/wordpress\/plugins\/seo\/ -->\n<title>Il Festival Puccini 2020 di Torre del Lago celebra il suo &#039;genius loci&#039; - intoscana<\/title>\n<meta name=\"robots\" content=\"index, follow, max-snippet:-1, max-image-preview:large, max-video-preview:-1\" \/>\n<link rel=\"canonical\" href=\"https:\/\/www.intoscana.it\/it\/festival-puccini-2020\/\" \/>\n<meta property=\"og:locale\" content=\"it_IT\" \/>\n<meta property=\"og:type\" content=\"article\" \/>\n<meta property=\"og:title\" content=\"Il Festival Puccini 2020 di Torre del Lago celebra il suo &#039;genius loci&#039;\" \/>\n<meta property=\"og:description\" content=\"Cinque opere in calendario dal 14 luglio a fine agosto, l&#039;attrice Stefania Sandrelli per la prima volta alla regia\" \/>\n<meta property=\"og:url\" content=\"https:\/\/www.intoscana.it\/it\/festival-puccini-2020\/\" \/>\n<meta property=\"og:site_name\" content=\"intoscana\" \/>\n<meta property=\"article:publisher\" content=\"https:\/\/www.facebook.com\/intoscana.it\" \/>\n<meta property=\"article:published_time\" content=\"2020-02-13T14:45:15+00:00\" \/>\n<meta property=\"article:modified_time\" content=\"2024-06-21T07:50:00+00:00\" \/>\n<meta property=\"og:image\" content=\"https:\/\/www.intoscana.it\/wp-content\/uploads\/Teatro-Puccini-2-2.jpg\" \/>\n\t<meta property=\"og:image:width\" content=\"800\" \/>\n\t<meta property=\"og:image:height\" content=\"607\" \/>\n\t<meta property=\"og:image:type\" content=\"image\/jpeg\" \/>\n<meta name=\"author\" content=\"Redazione\" \/>\n<meta name=\"twitter:card\" content=\"summary_large_image\" \/>\n<meta name=\"twitter:creator\" content=\"@intoscana\" \/>\n<meta name=\"twitter:site\" content=\"@intoscana\" \/>\n<meta name=\"twitter:label1\" content=\"Written by\" \/>\n\t<meta name=\"twitter:data1\" content=\"Redazione\" \/>\n\t<meta name=\"twitter:label2\" content=\"Est. reading time\" \/>\n\t<meta name=\"twitter:data2\" content=\"5 minuti\" \/>\n<script type=\"application\/ld+json\" class=\"yoast-schema-graph\">{\"@context\":\"https:\/\/schema.org\",\"@graph\":[{\"@type\":\"WebPage\",\"@id\":\"https:\/\/www.intoscana.it\/it\/festival-puccini-2020\/\",\"url\":\"https:\/\/www.intoscana.it\/it\/festival-puccini-2020\/\",\"name\":\"Il Festival Puccini 2020 di Torre del Lago celebra il suo 'genius loci' - intoscana\",\"isPartOf\":{\"@id\":\"https:\/\/www.intoscana.it\/it\/#website\"},\"primaryImageOfPage\":{\"@id\":\"https:\/\/www.intoscana.it\/it\/festival-puccini-2020\/#primaryimage\"},\"image\":{\"@id\":\"https:\/\/www.intoscana.it\/it\/festival-puccini-2020\/#primaryimage\"},\"thumbnailUrl\":\"https:\/\/www.intoscana.it\/wp-content\/uploads\/Teatro-Puccini-2-2.jpg\",\"datePublished\":\"2020-02-13T14:45:15+00:00\",\"dateModified\":\"2024-06-21T07:50:00+00:00\",\"author\":{\"@id\":\"https:\/\/www.intoscana.it\/it\/#\/schema\/person\/9223810753230f20bd670fdd322661f8\"},\"breadcrumb\":{\"@id\":\"https:\/\/www.intoscana.it\/it\/festival-puccini-2020\/#breadcrumb\"},\"inLanguage\":\"it-IT\",\"potentialAction\":[{\"@type\":\"ReadAction\",\"target\":[\"https:\/\/www.intoscana.it\/it\/festival-puccini-2020\/\"]}]},{\"@type\":\"ImageObject\",\"inLanguage\":\"it-IT\",\"@id\":\"https:\/\/www.intoscana.it\/it\/festival-puccini-2020\/#primaryimage\",\"url\":\"https:\/\/www.intoscana.it\/wp-content\/uploads\/Teatro-Puccini-2-2.jpg\",\"contentUrl\":\"https:\/\/www.intoscana.it\/wp-content\/uploads\/Teatro-Puccini-2-2.jpg\",\"width\":800,\"height\":607,\"caption\":\"Il Festival Puccini 2020 di Torre del Lago celebra il suo 'genius loci'\"},{\"@type\":\"BreadcrumbList\",\"@id\":\"https:\/\/www.intoscana.it\/it\/festival-puccini-2020\/#breadcrumb\",\"itemListElement\":[{\"@type\":\"ListItem\",\"position\":1,\"name\":\"Home\",\"item\":\"https:\/\/www.intoscana.it\/it\/\"},{\"@type\":\"ListItem\",\"position\":2,\"name\":\"Il Festival Puccini 2020 di Torre del Lago celebra il suo &#8216;genius loci&#8217;\"}]},{\"@type\":\"WebSite\",\"@id\":\"https:\/\/www.intoscana.it\/it\/#website\",\"url\":\"https:\/\/www.intoscana.it\/it\/\",\"name\":\"intoscana\",\"description\":\"\",\"potentialAction\":[{\"@type\":\"SearchAction\",\"target\":{\"@type\":\"EntryPoint\",\"urlTemplate\":\"https:\/\/www.intoscana.it\/it\/?s={search_term_string}\"},\"query-input\":{\"@type\":\"PropertyValueSpecification\",\"valueRequired\":true,\"valueName\":\"search_term_string\"}}],\"inLanguage\":\"it-IT\"},{\"@type\":\"Person\",\"@id\":\"https:\/\/www.intoscana.it\/it\/#\/schema\/person\/9223810753230f20bd670fdd322661f8\",\"name\":\"Redazione\",\"url\":\"https:\/\/www.intoscana.it\/it\/author\/redazione\/\"}]}<\/script>\n<!-- \/ Yoast SEO Premium plugin. -->","yoast_head_json":{"title":"Il Festival Puccini 2020 di Torre del Lago celebra il suo 'genius loci' - intoscana","robots":{"index":"index","follow":"follow","max-snippet":"max-snippet:-1","max-image-preview":"max-image-preview:large","max-video-preview":"max-video-preview:-1"},"canonical":"https:\/\/www.intoscana.it\/it\/festival-puccini-2020\/","og_locale":"it_IT","og_type":"article","og_title":"Il Festival Puccini 2020 di Torre del Lago celebra il suo 'genius loci'","og_description":"Cinque opere in calendario dal 14 luglio a fine agosto, l'attrice Stefania Sandrelli per la prima volta alla regia","og_url":"https:\/\/www.intoscana.it\/it\/festival-puccini-2020\/","og_site_name":"intoscana","article_publisher":"https:\/\/www.facebook.com\/intoscana.it","article_published_time":"2020-02-13T14:45:15+00:00","article_modified_time":"2024-06-21T07:50:00+00:00","og_image":[{"width":800,"height":607,"url":"https:\/\/www.intoscana.it\/wp-content\/uploads\/Teatro-Puccini-2-2.jpg","type":"image\/jpeg"}],"author":"Redazione","twitter_card":"summary_large_image","twitter_creator":"@intoscana","twitter_site":"@intoscana","twitter_misc":{"Written by":"Redazione","Est. reading time":"5 minuti"},"schema":{"@context":"https:\/\/schema.org","@graph":[{"@type":"WebPage","@id":"https:\/\/www.intoscana.it\/it\/festival-puccini-2020\/","url":"https:\/\/www.intoscana.it\/it\/festival-puccini-2020\/","name":"Il Festival Puccini 2020 di Torre del Lago celebra il suo 'genius loci' - intoscana","isPartOf":{"@id":"https:\/\/www.intoscana.it\/it\/#website"},"primaryImageOfPage":{"@id":"https:\/\/www.intoscana.it\/it\/festival-puccini-2020\/#primaryimage"},"image":{"@id":"https:\/\/www.intoscana.it\/it\/festival-puccini-2020\/#primaryimage"},"thumbnailUrl":"https:\/\/www.intoscana.it\/wp-content\/uploads\/Teatro-Puccini-2-2.jpg","datePublished":"2020-02-13T14:45:15+00:00","dateModified":"2024-06-21T07:50:00+00:00","author":{"@id":"https:\/\/www.intoscana.it\/it\/#\/schema\/person\/9223810753230f20bd670fdd322661f8"},"breadcrumb":{"@id":"https:\/\/www.intoscana.it\/it\/festival-puccini-2020\/#breadcrumb"},"inLanguage":"it-IT","potentialAction":[{"@type":"ReadAction","target":["https:\/\/www.intoscana.it\/it\/festival-puccini-2020\/"]}]},{"@type":"ImageObject","inLanguage":"it-IT","@id":"https:\/\/www.intoscana.it\/it\/festival-puccini-2020\/#primaryimage","url":"https:\/\/www.intoscana.it\/wp-content\/uploads\/Teatro-Puccini-2-2.jpg","contentUrl":"https:\/\/www.intoscana.it\/wp-content\/uploads\/Teatro-Puccini-2-2.jpg","width":800,"height":607,"caption":"Il Festival Puccini 2020 di Torre del Lago celebra il suo 'genius loci'"},{"@type":"BreadcrumbList","@id":"https:\/\/www.intoscana.it\/it\/festival-puccini-2020\/#breadcrumb","itemListElement":[{"@type":"ListItem","position":1,"name":"Home","item":"https:\/\/www.intoscana.it\/it\/"},{"@type":"ListItem","position":2,"name":"Il Festival Puccini 2020 di Torre del Lago celebra il suo &#8216;genius loci&#8217;"}]},{"@type":"WebSite","@id":"https:\/\/www.intoscana.it\/it\/#website","url":"https:\/\/www.intoscana.it\/it\/","name":"intoscana","description":"","potentialAction":[{"@type":"SearchAction","target":{"@type":"EntryPoint","urlTemplate":"https:\/\/www.intoscana.it\/it\/?s={search_term_string}"},"query-input":{"@type":"PropertyValueSpecification","valueRequired":true,"valueName":"search_term_string"}}],"inLanguage":"it-IT"},{"@type":"Person","@id":"https:\/\/www.intoscana.it\/it\/#\/schema\/person\/9223810753230f20bd670fdd322661f8","name":"Redazione","url":"https:\/\/www.intoscana.it\/it\/author\/redazione\/"}]}},"_links":{"self":[{"href":"https:\/\/www.intoscana.it\/it\/wp-json\/wp\/v2\/posts\/60901","targetHints":{"allow":["GET"]}}],"collection":[{"href":"https:\/\/www.intoscana.it\/it\/wp-json\/wp\/v2\/posts"}],"about":[{"href":"https:\/\/www.intoscana.it\/it\/wp-json\/wp\/v2\/types\/post"}],"author":[{"embeddable":true,"href":"https:\/\/www.intoscana.it\/it\/wp-json\/wp\/v2\/users\/525"}],"replies":[{"embeddable":true,"href":"https:\/\/www.intoscana.it\/it\/wp-json\/wp\/v2\/comments?post=60901"}],"version-history":[{"count":0,"href":"https:\/\/www.intoscana.it\/it\/wp-json\/wp\/v2\/posts\/60901\/revisions"}],"wp:featuredmedia":[{"embeddable":true,"href":"https:\/\/www.intoscana.it\/it\/wp-json\/wp\/v2\/media\/98207"}],"wp:attachment":[{"href":"https:\/\/www.intoscana.it\/it\/wp-json\/wp\/v2\/media?parent=60901"}],"wp:term":[{"taxonomy":"category","embeddable":true,"href":"https:\/\/www.intoscana.it\/it\/wp-json\/wp\/v2\/categories?post=60901"},{"taxonomy":"post_tag","embeddable":true,"href":"https:\/\/www.intoscana.it\/it\/wp-json\/wp\/v2\/tags?post=60901"}],"curies":[{"name":"wp","href":"https:\/\/api.w.org\/{rel}","templated":true}]}}