{"id":60903,"date":"2020-02-13T09:43:31","date_gmt":"2020-02-13T09:43:31","guid":{"rendered":"http:\/\/www.intoscana.it\/sesto-jazz-festival-tre-giorni-di-concerti-con-grandi-musicisti\/"},"modified":"2020-05-19T15:49:17","modified_gmt":"2020-05-19T13:49:17","slug":"sesto-jazz-festival-2020","status":"publish","type":"post","link":"https:\/\/www.intoscana.it\/it\/sesto-jazz-festival-2020\/","title":{"rendered":"Sesto Jazz Festival: tre giorni di concerti con grandi musicisti"},"content":{"rendered":"<p><strong>Dal 21 al 23 febbraio<\/strong> 2020 torna<strong> Sesto Jazz Festival,<\/strong> la rassegna dedicata alla <strong>musica afroamericana che la Scuola di Musica di Sesto Fiorentino \u201cBruno Bartoletti\u201d<\/strong> organizza annualmente in collaborazione con Music Pool. Anche questa nuova edizione si propone di offrire uno sguardo panoramico su quanto avviene nel mondo del jazz <strong>sia in ambito europeo che statunitense.<\/strong><\/p>\n<p><strong>Venerd\u00ec 21 febbraio al Teatro della Limonaia di Sesto Fiorentino<\/strong> si esibir\u00e0 <strong>Julian Sartorius.<\/strong> Artista, batterista e percussionista, Julian Sartorius, crea suoni in forme mai viste prima. I suoi pattern ritmici sono inedite escursioni alla ricerca di suoni nascosti che eliminano la distanza fra il timbro naturale degli strumenti e la musica elettronica sperimentale. I suoi numerosi album solisti e le opere audiovisive seguono il suo approccio musicale originale, cos\u00ec come le collaborazioni con musicisti, scrittori, artisti con i quali si \u00e8 esibito dal vivo nei contesti pi\u00f9 diversi, dalle location intime e suggestive ai palchi dei grandi festival di America, Asia ed Europa. Fra i musicisti con i quali ha condiviso i suoi progetti, <strong>Marc Ribot, Deerhoof, Faust, Jaki Liebezeit, Arto Lindsay.<\/strong><\/p>\n<p><strong>Sabato 22 febbraio a Villa Gerini, a Colonnata&nbsp;<\/strong>arriva il trio formato da<strong> Ralph Alessi alla tromba, Thomas Morgan al contrabbasso e Ziv Ravitz alla batteria.<\/strong> Un trio che unisce sullo stesso palco <strong>tre importanti nomi dell\u2019attuale scena jazz internazionale.<\/strong> La musica sofisticata del trombettista Ralph Alessi si unisce al carisma e al talento del contrabbassista Thomas Morgan e del compositore e batterista israeliano Ziv Ravitz. Ralph Alessi, dopo la laurea in tromba jazz e basso \u00e8 diventato una presenza costante nella vita musicale di New York. Ha inciso nove album e collaborato con musicisti come Steve Coleman, Don Byron, Ravi Coltrane. Thomas Morgan \u00e8 uno dei contrabbassisti pi\u00f9 talentuosi al mondo. Ha iniziato a suonare il violoncello e il contrabbasso da giovanissimo. \u00c8 assiduo collaboratore di musicisti come Steve Coleman, Craig Taborn; ha partecipato all\u2019album Small Town (ECM) con il chitarrista Bill Frisell. Ziv Ravitz, batterista dalla personalit\u00e0 unica, gi\u00e0 dall\u2019et\u00e0 di tredici anni suonava musica rock, jazz e d\u2019avanguardia in vari club di Be\u2019er Sheva e Tel Aviv. Nel 2000 si \u00e8 trasferito negli Stati Uniti dove ha studiato jazz e ha formato il suo trio Minsarah. Il suo ultimo lavoro da leader \u00e8 No Man Is an Island.<\/p>\n<p><strong>Domenica 23 febbraio al Teatro della Limonaia di Sesto Fiorentino<\/strong> sale sul palco il chitarrista <strong>Francesco Diodati,<\/strong> accompagnato dalla voce di <strong>Oliphantre Le\u00efla Martial<\/strong> e la batteria di <strong>Stefano Tamborrino.<\/strong> Esplosivo, conturbante e romantico, testi e musica si fondono per disegnare un paesaggio astratto ma saldamente ancorato alla terra. Suggestioni Hip Hop, sferzanti linee rock e punk, groove funky e melodici lirismi si mescolano allo spirito improvvisativo del jazz per dare vita a una musica nuova e coinvolgente, che ha il sapore dello sconosciuto. I tre musicisti si muovono agevolmente nel terreno del jazz e delle sue piu\u0300 imprevedibili contaminazioni e sono fra i pi\u00f9\u0300 richiesti leader e sideman in ambito Europeo. Francesco Diodati oltre a condurre i propri progetti e\u0301 membro stabile del quartetto di Enrico Rava e ha collaborato in molti ambiti suonando in tutto il mondo con musicisti del calibro di Jim Black, Fabrizio Bosso, Bobby Previte, Shane Endsley e Avishai Cohen. Stefano Tamborrino, leader e richiestissimo sideman annovera fra le sue collaborazioni Gianluca Petrella, Louis Cole (Knower), Dave Binney, Stefano Bollani. Leila Martial, astro nascente del Jazz Francese, spazia con collaborazioni che vanno dalla musica Inuit a progetti di musica contemporanea ed e\u0301 leader del progetto Baa Box oltre alle molte collaborazioni fra cui quella con Valentin Ceccaldi.<\/p>\n<p>I concerti di venerd\u00ec e sabato saranno come di consueto preceduti<strong> alle ore 19 dai concerti-aperitivo:<\/strong> sar\u00e0 il gruppo jazz della Scuola di Musica di Sesto Fiorentino <strong>SkJamAZZi<\/strong> ad animare l\u2019aperitivo venerd\u00ec 21 presso il ristorante \u201cPappafico\u201d (via P. Azzarri 8) e sabato 22 presso il bar del ristorante \u201cGrotta\u201d (Via A. Gramsci 393).<\/p>\n<p>Infine, <strong>domenica 23 pomeriggio alle 17 presso il salone di Villa San Lorenzo<\/strong> si esibir\u00e0 la <strong>Big Band della Scuola di Musica di Sesto Fiorentino Bruno Bartoletti<\/strong> diretta dal Maestro Valerio Mazzoni, in un concerto che avr\u00e0 come graditissimo ospite uno dei pi\u00f9 apprezzati jazzisti della toscana, <strong>il pianista Leonardo Pieri<\/strong>. Musicista dall\u2019atipico background, Leonardo Pieri ha suonato nei contesti pi\u00f9 disparati che comprendono la musica classica sia da solista che in orchestra, la musica contemporanea, il rock, il pop e la canzone, il jazz, il funk, il reggae e il classic-pop. Come arrangiatore e compositore ha scritto per numerosi tipi di organici e stili musicali differenti: gruppo pop e rock, combo jazz, big band jazz, orchestra jazz, quartetto di sassofoni, gruppo vocale a cappella, coro classico, coro gospel, coro e banda militare, quintetto di ottoni, orchestra d\u2019archi, orchestra classica, ensemble musica contemporanea.<\/p>\n<p><strong>Per informazioni:<\/strong><br \/><strong>Music Pool 055 240397<\/strong><br \/><strong><a href=\"mailto:info@eventimusicpool.it\">info@eventimusicpool.it<\/a><\/strong><br \/><strong><a href=\"http:\/\/www.eventimusicpool.it\">www.eventimusicpool.it<\/a><\/strong><br \/><strong>Scuola di Musica di Sesto Fiorentino 055 4200859<\/strong><br \/><strong><a href=\"mailto:info@scuoladimusicadisesto.it\">info@scuoladimusicadisesto.it<\/a><\/strong><br \/><strong><a href=\"http:\/\/www.scuoladimusicasesto.it\" class=\"broken_link\">http:\/\/www.scuoladimusicasesto.it<\/a><\/strong><\/p>\n<p>&nbsp;<\/p>\n<p>&nbsp;<\/p>\n","protected":false},"excerpt":{"rendered":"<p>Dal 21 al 23 febbraio grandi interpreti europei e statunitensi arrivano in Toscana<\/p>\n","protected":false},"author":525,"featured_media":98209,"comment_status":"open","ping_status":"open","sticky":false,"template":"","format":"standard","meta":{"_acf_changed":false,"footnotes":""},"categories":[14],"tags":[216,167],"class_list":["post-60903","post","type-post","status-publish","format-standard","has-post-thumbnail","hentry","category-musica","tag-concerti","tag-musica"],"acf":[],"yoast_head":"<!-- This site is optimized with the Yoast SEO Premium plugin v24.2 (Yoast SEO v25.6) - https:\/\/yoast.com\/wordpress\/plugins\/seo\/ -->\n<title>Sesto Jazz Festival: tre giorni di concerti con grandi musicisti - intoscana<\/title>\n<meta name=\"robots\" content=\"index, follow, max-snippet:-1, max-image-preview:large, max-video-preview:-1\" \/>\n<link rel=\"canonical\" href=\"https:\/\/www.intoscana.it\/it\/sesto-jazz-festival-2020\/\" \/>\n<meta property=\"og:locale\" content=\"it_IT\" \/>\n<meta property=\"og:type\" content=\"article\" \/>\n<meta property=\"og:title\" content=\"Sesto Jazz Festival: tre giorni di concerti con grandi musicisti\" \/>\n<meta property=\"og:description\" content=\"Dal 21 al 23 febbraio grandi interpreti europei e statunitensi arrivano in Toscana\" \/>\n<meta property=\"og:url\" content=\"https:\/\/www.intoscana.it\/it\/sesto-jazz-festival-2020\/\" \/>\n<meta property=\"og:site_name\" content=\"intoscana\" \/>\n<meta property=\"article:publisher\" content=\"https:\/\/www.facebook.com\/intoscana.it\" \/>\n<meta property=\"article:published_time\" content=\"2020-02-13T09:43:31+00:00\" \/>\n<meta property=\"article:modified_time\" content=\"2020-05-19T13:49:17+00:00\" \/>\n<meta property=\"og:image\" content=\"https:\/\/www.intoscana.it\/wp-content\/uploads\/alessi.png\" \/>\n\t<meta property=\"og:image:width\" content=\"700\" \/>\n\t<meta property=\"og:image:height\" content=\"316\" \/>\n\t<meta property=\"og:image:type\" content=\"image\/png\" \/>\n<meta name=\"author\" content=\"Redazione\" \/>\n<meta name=\"twitter:card\" content=\"summary_large_image\" \/>\n<meta name=\"twitter:creator\" content=\"@intoscana\" \/>\n<meta name=\"twitter:site\" content=\"@intoscana\" \/>\n<meta name=\"twitter:label1\" content=\"Written by\" \/>\n\t<meta name=\"twitter:data1\" content=\"Redazione\" \/>\n\t<meta name=\"twitter:label2\" content=\"Est. reading time\" \/>\n\t<meta name=\"twitter:data2\" content=\"4 minuti\" \/>\n<script type=\"application\/ld+json\" class=\"yoast-schema-graph\">{\"@context\":\"https:\/\/schema.org\",\"@graph\":[{\"@type\":\"WebPage\",\"@id\":\"https:\/\/www.intoscana.it\/it\/sesto-jazz-festival-2020\/\",\"url\":\"https:\/\/www.intoscana.it\/it\/sesto-jazz-festival-2020\/\",\"name\":\"Sesto Jazz Festival: tre giorni di concerti con grandi musicisti - intoscana\",\"isPartOf\":{\"@id\":\"https:\/\/www.intoscana.it\/it\/#website\"},\"primaryImageOfPage\":{\"@id\":\"https:\/\/www.intoscana.it\/it\/sesto-jazz-festival-2020\/#primaryimage\"},\"image\":{\"@id\":\"https:\/\/www.intoscana.it\/it\/sesto-jazz-festival-2020\/#primaryimage\"},\"thumbnailUrl\":\"https:\/\/www.intoscana.it\/wp-content\/uploads\/alessi.png\",\"datePublished\":\"2020-02-13T09:43:31+00:00\",\"dateModified\":\"2020-05-19T13:49:17+00:00\",\"author\":{\"@id\":\"https:\/\/www.intoscana.it\/it\/#\/schema\/person\/9223810753230f20bd670fdd322661f8\"},\"breadcrumb\":{\"@id\":\"https:\/\/www.intoscana.it\/it\/sesto-jazz-festival-2020\/#breadcrumb\"},\"inLanguage\":\"it-IT\",\"potentialAction\":[{\"@type\":\"ReadAction\",\"target\":[\"https:\/\/www.intoscana.it\/it\/sesto-jazz-festival-2020\/\"]}]},{\"@type\":\"ImageObject\",\"inLanguage\":\"it-IT\",\"@id\":\"https:\/\/www.intoscana.it\/it\/sesto-jazz-festival-2020\/#primaryimage\",\"url\":\"https:\/\/www.intoscana.it\/wp-content\/uploads\/alessi.png\",\"contentUrl\":\"https:\/\/www.intoscana.it\/wp-content\/uploads\/alessi.png\",\"width\":700,\"height\":316,\"caption\":\"Sesto Jazz Festival 2020\"},{\"@type\":\"BreadcrumbList\",\"@id\":\"https:\/\/www.intoscana.it\/it\/sesto-jazz-festival-2020\/#breadcrumb\",\"itemListElement\":[{\"@type\":\"ListItem\",\"position\":1,\"name\":\"Home\",\"item\":\"https:\/\/www.intoscana.it\/it\/\"},{\"@type\":\"ListItem\",\"position\":2,\"name\":\"Sesto Jazz Festival: tre giorni di concerti con grandi musicisti\"}]},{\"@type\":\"WebSite\",\"@id\":\"https:\/\/www.intoscana.it\/it\/#website\",\"url\":\"https:\/\/www.intoscana.it\/it\/\",\"name\":\"intoscana\",\"description\":\"\",\"potentialAction\":[{\"@type\":\"SearchAction\",\"target\":{\"@type\":\"EntryPoint\",\"urlTemplate\":\"https:\/\/www.intoscana.it\/it\/?s={search_term_string}\"},\"query-input\":{\"@type\":\"PropertyValueSpecification\",\"valueRequired\":true,\"valueName\":\"search_term_string\"}}],\"inLanguage\":\"it-IT\"},{\"@type\":\"Person\",\"@id\":\"https:\/\/www.intoscana.it\/it\/#\/schema\/person\/9223810753230f20bd670fdd322661f8\",\"name\":\"Redazione\",\"url\":\"https:\/\/www.intoscana.it\/it\/author\/redazione\/\"}]}<\/script>\n<!-- \/ Yoast SEO Premium plugin. -->","yoast_head_json":{"title":"Sesto Jazz Festival: tre giorni di concerti con grandi musicisti - intoscana","robots":{"index":"index","follow":"follow","max-snippet":"max-snippet:-1","max-image-preview":"max-image-preview:large","max-video-preview":"max-video-preview:-1"},"canonical":"https:\/\/www.intoscana.it\/it\/sesto-jazz-festival-2020\/","og_locale":"it_IT","og_type":"article","og_title":"Sesto Jazz Festival: tre giorni di concerti con grandi musicisti","og_description":"Dal 21 al 23 febbraio grandi interpreti europei e statunitensi arrivano in Toscana","og_url":"https:\/\/www.intoscana.it\/it\/sesto-jazz-festival-2020\/","og_site_name":"intoscana","article_publisher":"https:\/\/www.facebook.com\/intoscana.it","article_published_time":"2020-02-13T09:43:31+00:00","article_modified_time":"2020-05-19T13:49:17+00:00","og_image":[{"width":700,"height":316,"url":"https:\/\/www.intoscana.it\/wp-content\/uploads\/alessi.png","type":"image\/png"}],"author":"Redazione","twitter_card":"summary_large_image","twitter_creator":"@intoscana","twitter_site":"@intoscana","twitter_misc":{"Written by":"Redazione","Est. reading time":"4 minuti"},"schema":{"@context":"https:\/\/schema.org","@graph":[{"@type":"WebPage","@id":"https:\/\/www.intoscana.it\/it\/sesto-jazz-festival-2020\/","url":"https:\/\/www.intoscana.it\/it\/sesto-jazz-festival-2020\/","name":"Sesto Jazz Festival: tre giorni di concerti con grandi musicisti - intoscana","isPartOf":{"@id":"https:\/\/www.intoscana.it\/it\/#website"},"primaryImageOfPage":{"@id":"https:\/\/www.intoscana.it\/it\/sesto-jazz-festival-2020\/#primaryimage"},"image":{"@id":"https:\/\/www.intoscana.it\/it\/sesto-jazz-festival-2020\/#primaryimage"},"thumbnailUrl":"https:\/\/www.intoscana.it\/wp-content\/uploads\/alessi.png","datePublished":"2020-02-13T09:43:31+00:00","dateModified":"2020-05-19T13:49:17+00:00","author":{"@id":"https:\/\/www.intoscana.it\/it\/#\/schema\/person\/9223810753230f20bd670fdd322661f8"},"breadcrumb":{"@id":"https:\/\/www.intoscana.it\/it\/sesto-jazz-festival-2020\/#breadcrumb"},"inLanguage":"it-IT","potentialAction":[{"@type":"ReadAction","target":["https:\/\/www.intoscana.it\/it\/sesto-jazz-festival-2020\/"]}]},{"@type":"ImageObject","inLanguage":"it-IT","@id":"https:\/\/www.intoscana.it\/it\/sesto-jazz-festival-2020\/#primaryimage","url":"https:\/\/www.intoscana.it\/wp-content\/uploads\/alessi.png","contentUrl":"https:\/\/www.intoscana.it\/wp-content\/uploads\/alessi.png","width":700,"height":316,"caption":"Sesto Jazz Festival 2020"},{"@type":"BreadcrumbList","@id":"https:\/\/www.intoscana.it\/it\/sesto-jazz-festival-2020\/#breadcrumb","itemListElement":[{"@type":"ListItem","position":1,"name":"Home","item":"https:\/\/www.intoscana.it\/it\/"},{"@type":"ListItem","position":2,"name":"Sesto Jazz Festival: tre giorni di concerti con grandi musicisti"}]},{"@type":"WebSite","@id":"https:\/\/www.intoscana.it\/it\/#website","url":"https:\/\/www.intoscana.it\/it\/","name":"intoscana","description":"","potentialAction":[{"@type":"SearchAction","target":{"@type":"EntryPoint","urlTemplate":"https:\/\/www.intoscana.it\/it\/?s={search_term_string}"},"query-input":{"@type":"PropertyValueSpecification","valueRequired":true,"valueName":"search_term_string"}}],"inLanguage":"it-IT"},{"@type":"Person","@id":"https:\/\/www.intoscana.it\/it\/#\/schema\/person\/9223810753230f20bd670fdd322661f8","name":"Redazione","url":"https:\/\/www.intoscana.it\/it\/author\/redazione\/"}]}},"_links":{"self":[{"href":"https:\/\/www.intoscana.it\/it\/wp-json\/wp\/v2\/posts\/60903","targetHints":{"allow":["GET"]}}],"collection":[{"href":"https:\/\/www.intoscana.it\/it\/wp-json\/wp\/v2\/posts"}],"about":[{"href":"https:\/\/www.intoscana.it\/it\/wp-json\/wp\/v2\/types\/post"}],"author":[{"embeddable":true,"href":"https:\/\/www.intoscana.it\/it\/wp-json\/wp\/v2\/users\/525"}],"replies":[{"embeddable":true,"href":"https:\/\/www.intoscana.it\/it\/wp-json\/wp\/v2\/comments?post=60903"}],"version-history":[{"count":0,"href":"https:\/\/www.intoscana.it\/it\/wp-json\/wp\/v2\/posts\/60903\/revisions"}],"wp:featuredmedia":[{"embeddable":true,"href":"https:\/\/www.intoscana.it\/it\/wp-json\/wp\/v2\/media\/98209"}],"wp:attachment":[{"href":"https:\/\/www.intoscana.it\/it\/wp-json\/wp\/v2\/media?parent=60903"}],"wp:term":[{"taxonomy":"category","embeddable":true,"href":"https:\/\/www.intoscana.it\/it\/wp-json\/wp\/v2\/categories?post=60903"},{"taxonomy":"post_tag","embeddable":true,"href":"https:\/\/www.intoscana.it\/it\/wp-json\/wp\/v2\/tags?post=60903"}],"curies":[{"name":"wp","href":"https:\/\/api.w.org\/{rel}","templated":true}]}}