{"id":60919,"date":"2019-08-06T11:32:14","date_gmt":"2019-08-06T11:32:14","guid":{"rendered":"http:\/\/www.intoscana.it\/a-settembre-firenze-capitale-della-musica-elettronica-con-il-nextech\/"},"modified":"2020-05-19T15:49:18","modified_gmt":"2020-05-19T13:49:18","slug":"nextech-2019-firenze","status":"publish","type":"post","link":"https:\/\/www.intoscana.it\/it\/nextech-2019-firenze\/","title":{"rendered":"A settembre Firenze capitale della musica elettronica con il Nextech"},"content":{"rendered":"<p>Svelato il programma completo della <strong>XIII edizione di Nextech<\/strong>, il festival che <strong>da 13 anni porta a Firenze la migliore musica elettronica internazionale<\/strong>.<\/p>\n<p>Nella serata inaugurale <strong>gioved\u00ec 19 al Cinema La Compagnia<\/strong> protagonista la live performance di <strong>Max Cooper<\/strong>: certamente uno dei personaggi pi\u00f9 interessanti in circolazione, abile a fuggire le definizioni di genere e le etichette con cui spesso, erroneamente, viene identificata la musica. Cooper mischia il suo talento e la sua ispirazione musicale con gli studi scientifici, la matematica e la biologia (ha ottenuto un dottorato di ricerca nel 2008 come biologo computazionale e ha lavorato come scienziato genetista prima di dedicarsi totalmente alla musica). In un&#8217;intervista racconta di aver sempre amato le arti visive e spesso ha sperimentato con visual e video artist, cercando il modo giusto di presentare il suo interesse scientifico in questo formato. Del 2018 \u201cOne Hundred Billion Sparks\u201d, il suo nuovo album e quindi il nuovo live, sicuramente il pi\u00f9 ambizioso mai fatto, che dopo aver calcato i palchi di Sonar e Glastonbury arriver\u00e0 sul maestoso schermo del Cinema La Compagnia. <strong>In apertura il live del senese Giulio Aldinucci,<\/strong> classe 1981 e\u0300 attivo da anni come compositore negli ambiti della sperimentazione musicale elettroacustica e della ricerca sul paesaggio sonoro. Il suo nuovo album \u201cDisappearing in a Mirror\u201d e\u0300 uscito per Karlrecords lo scorso settembre.<\/p>\n<p><strong>Venerd\u00ec 20<\/strong> il festival si sposta al <strong>Club 21,<\/strong> stavolta su sonorit\u00e0 decisamente pi\u00f9 ballabili, grazie alla presenza dei <strong>Digitalism,<\/strong> il duo tedesco nato nel 2004 dall&#8217;incontro tra Jens Moelle e Ismail \u201cIsi\u201d Tuefekci in un negozio di dischi di Amburgo. Oggi le loro produzioni sono apprezzatissime da tutta la scena dance internazionale. In passato sono stati pi\u00f9 volte paragonati ai Daft Punk, ma nelle loro tracce richiamano spesso e volentieri sonorit\u00e0 e sapori dell\u2019indie rock contemporaneo. Altre affinit\u00e0 sono percepibili nei confronti dei belgi Soulwax e del francese Cassius. In generale, le loro produzioni sono vicine a tutta l\u2019onda French Touch, nonostante mantengano un suono di maniera che li rende difficilmente ascrivibili a un genere preciso. In pi\u00f9 di 14 anni di carriera musicale hanno prodotto remix per Depeche Mode, Cure, White Stripes, Daft Punk, e hanno partecipato ai festival pi\u00f9 prestigiosi di tutto il mondo. A fare gli onori di casa spetter\u00e0 al <strong>fiorentino Teo Naddi,<\/strong> il cui dj set spazia attraverso sonorit\u00e0 broken beat, house e techno. \u00c8 tra i co-fondatori di Oltrarno Recordings, un&#8217;etichetta discografica che produce dischi di musica \u201csperimentale\u201d e da \u201cclub\u201d tra Firenze e Berlino.<\/p>\n<p><strong>Sabato 21 gran finale in Fortezza Da Basso<\/strong> con <strong>Radio Slave, Dj Rush, Raffaele Attanasio e Wooden Crate.<\/strong> Il primo, all&#8217;anagrafe <strong>Matt Edwards<\/strong>, ha probabilmente suonato in ogni angolo della terra, ma ci sono dei luoghi che considera come casa sua, ed uno di questi \u00e8 il mitico Panorama Bar di Berlino dove si esibisce regolarmente proponendo anche showcase esclusivi della sua label, la Rekids, tra le pi\u00f9 seguite e recensite da appassionati e addetti ai lavori. I suoi dj set spaziano con maestria dalla house alla techno, dall\u2019acido al tribale senza soluzione di continuit\u00e0.<strong> Dj Rush<\/strong> \u00e8 originario di Chicago ma ha fatto di Berlino il suo quartier generale. La sua musica smuove fan da ogni angolo del globo e ha avuto un notevole impatto sul mercato dell&#8217;elettronica grazie ai singoli \u201cMutha Fucking Bass\u201d, \u201cGet On Up\u201d, \u201cI Believe\u201d. Ha conquistato il cuore di molti promoter in giro per l&#8217;Europa e si \u00e8 guadagnato il rispetto di molti festival prestigiosi quali Tomorrowland (Belgio), Dance Valley (Olanda), Summer Spirit (Germania). Durante la sua carriera ha dato vita anche ad un suo propria rassegna musicale conosciuta con l&#8217;accattivante nome di Mystery Wonderland. <strong>Raffaele Attanasio,<\/strong> conosciuto anche come X-501 e X501, nasce invece in una famiglia di musicisti e appena dodicenne fa i primi passi nel mondo del djing, realizzando dopo pochi anni la sua prima produzione. Oggi \u00e8 un artista a tutto tondo: pianista, arrangiatore e produttore. Grazie ai suoi potenti live si \u00e8 affermato a pieno titolo tra i big della techno contemporanea e nel corso della sua carriera si \u00e8 esibito a fianco di nomi come Len Faki, Ben Sims, Marcel Dettmann, Ben Klock, Chris Liebing, Oscar Mulero e molti altri.<\/p>\n<p><strong>Per informazioni:<\/strong><br \/><strong><a href=\"http:\/\/www.nextechfestival.com\/\" target=\"_blank\" rel=\"noopener noreferrer\">http:\/\/www.nextechfestival.com\/<\/a><\/strong><\/p>\n<p>&nbsp;<\/p>\n","protected":false},"excerpt":{"rendered":"<p>Dal 19 al 21 settembre ospiti Digitalism, Dj Rush, Giulio Aldinucci, Max Cooper, Radio Slave, Raffaele Attanasio, Teo Naddi e Wooden Crate<\/p>\n","protected":false},"author":525,"featured_media":98223,"comment_status":"open","ping_status":"open","sticky":false,"template":"","format":"standard","meta":{"_acf_changed":false,"footnotes":""},"categories":[14],"tags":[],"class_list":["post-60919","post","type-post","status-publish","format-standard","has-post-thumbnail","hentry","category-musica"],"acf":[],"yoast_head":"<!-- This site is optimized with the Yoast SEO Premium plugin v24.2 (Yoast SEO v25.6) - https:\/\/yoast.com\/wordpress\/plugins\/seo\/ -->\n<title>A settembre Firenze capitale della musica elettronica con il Nextech - intoscana<\/title>\n<meta name=\"robots\" content=\"index, follow, max-snippet:-1, max-image-preview:large, max-video-preview:-1\" \/>\n<link rel=\"canonical\" href=\"https:\/\/www.intoscana.it\/it\/nextech-2019-firenze\/\" \/>\n<meta property=\"og:locale\" content=\"it_IT\" \/>\n<meta property=\"og:type\" content=\"article\" \/>\n<meta property=\"og:title\" content=\"A settembre Firenze capitale della musica elettronica con il Nextech\" \/>\n<meta property=\"og:description\" content=\"Dal 19 al 21 settembre ospiti Digitalism, Dj Rush, Giulio Aldinucci, Max Cooper, Radio Slave, Raffaele Attanasio, Teo Naddi e Wooden Crate\" \/>\n<meta property=\"og:url\" content=\"https:\/\/www.intoscana.it\/it\/nextech-2019-firenze\/\" \/>\n<meta property=\"og:site_name\" content=\"intoscana\" \/>\n<meta property=\"article:publisher\" content=\"https:\/\/www.facebook.com\/intoscana.it\" \/>\n<meta property=\"article:published_time\" content=\"2019-08-06T11:32:14+00:00\" \/>\n<meta property=\"article:modified_time\" content=\"2020-05-19T13:49:18+00:00\" \/>\n<meta property=\"og:image\" content=\"https:\/\/www.intoscana.it\/wp-content\/uploads\/max-cooper-1.jpg\" \/>\n\t<meta property=\"og:image:width\" content=\"2000\" \/>\n\t<meta property=\"og:image:height\" content=\"1333\" \/>\n\t<meta property=\"og:image:type\" content=\"image\/jpeg\" \/>\n<meta name=\"author\" content=\"Redazione\" \/>\n<meta name=\"twitter:card\" content=\"summary_large_image\" \/>\n<meta name=\"twitter:creator\" content=\"@intoscana\" \/>\n<meta name=\"twitter:site\" content=\"@intoscana\" \/>\n<meta name=\"twitter:label1\" content=\"Written by\" \/>\n\t<meta name=\"twitter:data1\" content=\"Redazione\" \/>\n\t<meta name=\"twitter:label2\" content=\"Est. reading time\" \/>\n\t<meta name=\"twitter:data2\" content=\"3 minuti\" \/>\n<script type=\"application\/ld+json\" class=\"yoast-schema-graph\">{\"@context\":\"https:\/\/schema.org\",\"@graph\":[{\"@type\":\"WebPage\",\"@id\":\"https:\/\/www.intoscana.it\/it\/nextech-2019-firenze\/\",\"url\":\"https:\/\/www.intoscana.it\/it\/nextech-2019-firenze\/\",\"name\":\"A settembre Firenze capitale della musica elettronica con il Nextech - intoscana\",\"isPartOf\":{\"@id\":\"https:\/\/www.intoscana.it\/it\/#website\"},\"primaryImageOfPage\":{\"@id\":\"https:\/\/www.intoscana.it\/it\/nextech-2019-firenze\/#primaryimage\"},\"image\":{\"@id\":\"https:\/\/www.intoscana.it\/it\/nextech-2019-firenze\/#primaryimage\"},\"thumbnailUrl\":\"https:\/\/www.intoscana.it\/wp-content\/uploads\/max-cooper-1.jpg\",\"datePublished\":\"2019-08-06T11:32:14+00:00\",\"dateModified\":\"2020-05-19T13:49:18+00:00\",\"author\":{\"@id\":\"https:\/\/www.intoscana.it\/it\/#\/schema\/person\/9223810753230f20bd670fdd322661f8\"},\"breadcrumb\":{\"@id\":\"https:\/\/www.intoscana.it\/it\/nextech-2019-firenze\/#breadcrumb\"},\"inLanguage\":\"it-IT\",\"potentialAction\":[{\"@type\":\"ReadAction\",\"target\":[\"https:\/\/www.intoscana.it\/it\/nextech-2019-firenze\/\"]}]},{\"@type\":\"ImageObject\",\"inLanguage\":\"it-IT\",\"@id\":\"https:\/\/www.intoscana.it\/it\/nextech-2019-firenze\/#primaryimage\",\"url\":\"https:\/\/www.intoscana.it\/wp-content\/uploads\/max-cooper-1.jpg\",\"contentUrl\":\"https:\/\/www.intoscana.it\/wp-content\/uploads\/max-cooper-1.jpg\",\"width\":2000,\"height\":1333,\"caption\":\"Max Cooper\"},{\"@type\":\"BreadcrumbList\",\"@id\":\"https:\/\/www.intoscana.it\/it\/nextech-2019-firenze\/#breadcrumb\",\"itemListElement\":[{\"@type\":\"ListItem\",\"position\":1,\"name\":\"Home\",\"item\":\"https:\/\/www.intoscana.it\/it\/\"},{\"@type\":\"ListItem\",\"position\":2,\"name\":\"A settembre Firenze capitale della musica elettronica con il Nextech\"}]},{\"@type\":\"WebSite\",\"@id\":\"https:\/\/www.intoscana.it\/it\/#website\",\"url\":\"https:\/\/www.intoscana.it\/it\/\",\"name\":\"intoscana\",\"description\":\"\",\"potentialAction\":[{\"@type\":\"SearchAction\",\"target\":{\"@type\":\"EntryPoint\",\"urlTemplate\":\"https:\/\/www.intoscana.it\/it\/?s={search_term_string}\"},\"query-input\":{\"@type\":\"PropertyValueSpecification\",\"valueRequired\":true,\"valueName\":\"search_term_string\"}}],\"inLanguage\":\"it-IT\"},{\"@type\":\"Person\",\"@id\":\"https:\/\/www.intoscana.it\/it\/#\/schema\/person\/9223810753230f20bd670fdd322661f8\",\"name\":\"Redazione\",\"url\":\"https:\/\/www.intoscana.it\/it\/author\/redazione\/\"}]}<\/script>\n<!-- \/ Yoast SEO Premium plugin. -->","yoast_head_json":{"title":"A settembre Firenze capitale della musica elettronica con il Nextech - intoscana","robots":{"index":"index","follow":"follow","max-snippet":"max-snippet:-1","max-image-preview":"max-image-preview:large","max-video-preview":"max-video-preview:-1"},"canonical":"https:\/\/www.intoscana.it\/it\/nextech-2019-firenze\/","og_locale":"it_IT","og_type":"article","og_title":"A settembre Firenze capitale della musica elettronica con il Nextech","og_description":"Dal 19 al 21 settembre ospiti Digitalism, Dj Rush, Giulio Aldinucci, Max Cooper, Radio Slave, Raffaele Attanasio, Teo Naddi e Wooden Crate","og_url":"https:\/\/www.intoscana.it\/it\/nextech-2019-firenze\/","og_site_name":"intoscana","article_publisher":"https:\/\/www.facebook.com\/intoscana.it","article_published_time":"2019-08-06T11:32:14+00:00","article_modified_time":"2020-05-19T13:49:18+00:00","og_image":[{"width":2000,"height":1333,"url":"https:\/\/www.intoscana.it\/wp-content\/uploads\/max-cooper-1.jpg","type":"image\/jpeg"}],"author":"Redazione","twitter_card":"summary_large_image","twitter_creator":"@intoscana","twitter_site":"@intoscana","twitter_misc":{"Written by":"Redazione","Est. reading time":"3 minuti"},"schema":{"@context":"https:\/\/schema.org","@graph":[{"@type":"WebPage","@id":"https:\/\/www.intoscana.it\/it\/nextech-2019-firenze\/","url":"https:\/\/www.intoscana.it\/it\/nextech-2019-firenze\/","name":"A settembre Firenze capitale della musica elettronica con il Nextech - intoscana","isPartOf":{"@id":"https:\/\/www.intoscana.it\/it\/#website"},"primaryImageOfPage":{"@id":"https:\/\/www.intoscana.it\/it\/nextech-2019-firenze\/#primaryimage"},"image":{"@id":"https:\/\/www.intoscana.it\/it\/nextech-2019-firenze\/#primaryimage"},"thumbnailUrl":"https:\/\/www.intoscana.it\/wp-content\/uploads\/max-cooper-1.jpg","datePublished":"2019-08-06T11:32:14+00:00","dateModified":"2020-05-19T13:49:18+00:00","author":{"@id":"https:\/\/www.intoscana.it\/it\/#\/schema\/person\/9223810753230f20bd670fdd322661f8"},"breadcrumb":{"@id":"https:\/\/www.intoscana.it\/it\/nextech-2019-firenze\/#breadcrumb"},"inLanguage":"it-IT","potentialAction":[{"@type":"ReadAction","target":["https:\/\/www.intoscana.it\/it\/nextech-2019-firenze\/"]}]},{"@type":"ImageObject","inLanguage":"it-IT","@id":"https:\/\/www.intoscana.it\/it\/nextech-2019-firenze\/#primaryimage","url":"https:\/\/www.intoscana.it\/wp-content\/uploads\/max-cooper-1.jpg","contentUrl":"https:\/\/www.intoscana.it\/wp-content\/uploads\/max-cooper-1.jpg","width":2000,"height":1333,"caption":"Max Cooper"},{"@type":"BreadcrumbList","@id":"https:\/\/www.intoscana.it\/it\/nextech-2019-firenze\/#breadcrumb","itemListElement":[{"@type":"ListItem","position":1,"name":"Home","item":"https:\/\/www.intoscana.it\/it\/"},{"@type":"ListItem","position":2,"name":"A settembre Firenze capitale della musica elettronica con il Nextech"}]},{"@type":"WebSite","@id":"https:\/\/www.intoscana.it\/it\/#website","url":"https:\/\/www.intoscana.it\/it\/","name":"intoscana","description":"","potentialAction":[{"@type":"SearchAction","target":{"@type":"EntryPoint","urlTemplate":"https:\/\/www.intoscana.it\/it\/?s={search_term_string}"},"query-input":{"@type":"PropertyValueSpecification","valueRequired":true,"valueName":"search_term_string"}}],"inLanguage":"it-IT"},{"@type":"Person","@id":"https:\/\/www.intoscana.it\/it\/#\/schema\/person\/9223810753230f20bd670fdd322661f8","name":"Redazione","url":"https:\/\/www.intoscana.it\/it\/author\/redazione\/"}]}},"_links":{"self":[{"href":"https:\/\/www.intoscana.it\/it\/wp-json\/wp\/v2\/posts\/60919","targetHints":{"allow":["GET"]}}],"collection":[{"href":"https:\/\/www.intoscana.it\/it\/wp-json\/wp\/v2\/posts"}],"about":[{"href":"https:\/\/www.intoscana.it\/it\/wp-json\/wp\/v2\/types\/post"}],"author":[{"embeddable":true,"href":"https:\/\/www.intoscana.it\/it\/wp-json\/wp\/v2\/users\/525"}],"replies":[{"embeddable":true,"href":"https:\/\/www.intoscana.it\/it\/wp-json\/wp\/v2\/comments?post=60919"}],"version-history":[{"count":0,"href":"https:\/\/www.intoscana.it\/it\/wp-json\/wp\/v2\/posts\/60919\/revisions"}],"wp:featuredmedia":[{"embeddable":true,"href":"https:\/\/www.intoscana.it\/it\/wp-json\/wp\/v2\/media\/98223"}],"wp:attachment":[{"href":"https:\/\/www.intoscana.it\/it\/wp-json\/wp\/v2\/media?parent=60919"}],"wp:term":[{"taxonomy":"category","embeddable":true,"href":"https:\/\/www.intoscana.it\/it\/wp-json\/wp\/v2\/categories?post=60919"},{"taxonomy":"post_tag","embeddable":true,"href":"https:\/\/www.intoscana.it\/it\/wp-json\/wp\/v2\/tags?post=60919"}],"curies":[{"name":"wp","href":"https:\/\/api.w.org\/{rel}","templated":true}]}}