{"id":60922,"date":"2019-08-05T10:19:48","date_gmt":"2019-08-05T10:19:48","guid":{"rendered":"http:\/\/www.intoscana.it\/bargajazz-il-festival-omaggia-il-trombettista-dave-douglas\/"},"modified":"2020-05-19T15:49:19","modified_gmt":"2020-05-19T13:49:19","slug":"bargajazz-2019","status":"publish","type":"post","link":"https:\/\/www.intoscana.it\/it\/bargajazz-2019\/","title":{"rendered":"BargaJazz, il festival omaggia il trombettista Dave Douglas"},"content":{"rendered":"<p><strong>Come ogni anno, ecco che torna l&#8217;atteso appuntamento con BargaJazz Festival<\/strong>. Moltissimi gli appuntamenti in programma nell&#8217;edizione 2019 (dall&#8217;8 al 31 di agosto), tra concerti, seminari ed eventi collaterali.<\/p>\n<p><strong>Nucleo centrale del festival rimane il concorso internazionale di composizione e arrangiamento per orchestra jazz, quest&#8217;anno dedicato alla musica del trombettista statunitense Dave Douglas.<\/strong> Ospite del festival e della BargaJazz Orchestra sar\u00e0 lo stesso Douglas, che si esibir\u00e0 al Teatro dei Differenti il 23 e 24 agosto.<\/p>\n<p><strong>Riprende, dopo due anni di stop, anche il &#8220;BargaJazz Contest&#8221; (19 e 20 agosto)<\/strong>, il concorso dedicato ai gruppi emergenti che vede la partecipazione di gruppi provenienti da tutta Italia e dall&#8217;estero. Particolare attenzione \u00e8 dedicata all&#8217;originalit\u00e0 dei progetti presentati. Nell\u2019ambito del contest, ogni anno viene assegnato un premio al miglior gruppo emergente e un premio speciale al miglior solista dedicato a Luca Flores (pianista scomparso nel 1995, militante nell&#8217;orchestra di Barga Jazz nelle prime edizioni del festival).<\/p>\n<p><strong>Confermata per il 18 di agosto &#8220;Barga IN Jazz&#8221; (la festa del jazz), che vedr\u00e0 il centro storico di Barga invaso da tantissimi musicisti di jazz.<\/strong> La giornata, che si \u00e8 ormai trasformata nel pi\u00f9 coinvolgente appuntamento dell&#8217;estate di Barga, sar\u00e0 inaugurata alle ore 17 dalla Large Street Band, che guider\u00e0 il pubblico tra le strade e le piazze del centro storico.<\/p>\n<p><strong>In ogni piazzetta si esibir\u00e0 un gruppo di jazz di diverso stile, dal dixieland alla fusion passando per il bebop e il modale.<\/strong> Una vera e propria vetrina dei giovani gruppi di jazz provenienti da Siena Jazz e dai conservatori a indirizzo jazzistico. Alle ore 18, il concerto di Vittorio Alinari in solo presso la Chiesa di S. Elisabetta, in una cornice suggestiva e spirituale. La manifestazione si concluder\u00e0 poi in serata con una grande jam session in piazza del Teatro con la resident band del BargaJazz Club: Simone Venturi, Leonardo Gnesi e Federico Cardelli.<\/p>\n<p><strong>Per i concerti si alterneranno sui palchi alcuni nomi importanti del jazz italiano.<\/strong> Partenza l&#8217;8 e il 9 agosto con due concerti nei Giardini di Villa Moorings: Diana Torto &amp; Trio Ammentos e Roberto Cecchetto Core Trio. Frutto di un&#8217;ormai consolidata collaborazione con Aldes di Roberto Castello, l&#8217;evento a Casa Pascoli dell&#8217;11 agosto dal titolo \u201cMbira\u201d, con la partecipazione di musicisti e danzatori in un progetto originale dedicato all&#8217;Africa.<\/p>\n<p><strong>Un trio d&#8217;eccellenza quello che si esibir\u00e0 il 12 agosto al Teatro dei Differenti: Dado Moroni, Rosario Bonaccorso e Roberto Gatto.<\/strong> Mentre il 13 agosto Michela Lombardi presenter\u00e0 il suo nuovo progetto dedicato alla musica di Sting rivisitata in chiave jazzistica. Il Teatro dei Differenti ospiter\u00e0 il 22 di agosto la Lydian Sound Orchestra di Riccardo Brazzale, eletta dalla rivista MusicaJazz miglior formazione dell&#8217;anno.<\/p>\n<p><strong>Collaborazioni importanti anche con il mondo dell&#8217;arte per il concerto del 17 agosto<\/strong>, che vedr\u00e0 protagonista il gruppo Note Noire in Piazza Salvo Salvi in occasione della mostra \u201cStare\u201d di Fabio Maestrelli presso OXO Collection \u2013 The Gallery.<\/p>\n<p><strong>Dal 26 al 31 agosto, nel nuovo spazio all&#8217;aperto del Parco S.Elisabetta, si terr\u00e0 una serie di concerti basati su produzioni originali e presentazione di recenti lavori discografici:<\/strong> Alessandro Fabbri Five WInds con ospite Pietro Tonolo, il duo di Stefano Battaglia e Mirco Mariottini, Tony Cattano \u201cNaca\u201d Quartet, Andrea Garibaldi trio, il progetto \u201cHerm\u00e9tico\u201d del sassofonista Rossano Emili sulla musica di Hermeto Pascoal e la produzione \u201cEn Clave de Serrat\u201d del pianista Louis Gonz\u00e0lez dedicata alla musica di Joan Manuel Serrat.<\/p>\n<p><strong>Non mancher\u00e0 un momento di riflessione sul difficile ruolo del musicista jazz in Italia<\/strong>, ma anche sui 34 anni dalla nascita del festival, affidato a Bruno Tommaso e Francesco Martinelli in una conferenza dal titolo &#8220;Mission Impossible, il musicista jazz in Italia&#8221;, che si terr\u00e0 il 24 agosto alle ore 18 a Palazzo Pancrazi a Barga.<\/p>\n<p><strong>Info e programma<\/strong><br \/><a href=\"http:\/\/bargajazz.it\/\" target=\"_blank\" rel=\"noopener noreferrer\">www.bargajazz.it<\/a><\/p>\n","protected":false},"excerpt":{"rendered":"<p>Seminari, eventi, contest. Ma soprattutto concerti, tanti concerti. Musicisti di tutto il mondo animeranno non solo il teatro, ma anche le piazze di Barga. Dall&#8217;8 al 31 agosto<\/p>\n","protected":false},"author":525,"featured_media":98226,"comment_status":"open","ping_status":"open","sticky":false,"template":"","format":"standard","meta":{"_acf_changed":false,"footnotes":""},"categories":[14],"tags":[216,228,167],"class_list":["post-60922","post","type-post","status-publish","format-standard","has-post-thumbnail","hentry","category-musica","tag-concerti","tag-festival","tag-musica"],"acf":[],"yoast_head":"<!-- This site is optimized with the Yoast SEO Premium plugin v24.2 (Yoast SEO v25.6) - https:\/\/yoast.com\/wordpress\/plugins\/seo\/ -->\n<title>BargaJazz, il festival omaggia il trombettista Dave Douglas - intoscana<\/title>\n<meta name=\"robots\" content=\"index, follow, max-snippet:-1, max-image-preview:large, max-video-preview:-1\" \/>\n<link rel=\"canonical\" href=\"https:\/\/www.intoscana.it\/it\/bargajazz-2019\/\" \/>\n<meta property=\"og:locale\" content=\"it_IT\" \/>\n<meta property=\"og:type\" content=\"article\" \/>\n<meta property=\"og:title\" content=\"BargaJazz, il festival omaggia il trombettista Dave Douglas\" \/>\n<meta property=\"og:description\" content=\"Seminari, eventi, contest. Ma soprattutto concerti, tanti concerti. Musicisti di tutto il mondo animeranno non solo il teatro, ma anche le piazze di Barga. Dall&#039;8 al 31 agosto\" \/>\n<meta property=\"og:url\" content=\"https:\/\/www.intoscana.it\/it\/bargajazz-2019\/\" \/>\n<meta property=\"og:site_name\" content=\"intoscana\" \/>\n<meta property=\"article:publisher\" content=\"https:\/\/www.facebook.com\/intoscana.it\" \/>\n<meta property=\"article:published_time\" content=\"2019-08-05T10:19:48+00:00\" \/>\n<meta property=\"article:modified_time\" content=\"2020-05-19T13:49:19+00:00\" \/>\n<meta property=\"og:image\" content=\"https:\/\/www.intoscana.it\/wp-content\/uploads\/dave-douglas-photo-by-austin-nelson-1.jpg\" \/>\n\t<meta property=\"og:image:width\" content=\"1000\" \/>\n\t<meta property=\"og:image:height\" content=\"667\" \/>\n\t<meta property=\"og:image:type\" content=\"image\/jpeg\" \/>\n<meta name=\"author\" content=\"Redazione\" \/>\n<meta name=\"twitter:card\" content=\"summary_large_image\" \/>\n<meta name=\"twitter:creator\" content=\"@intoscana\" \/>\n<meta name=\"twitter:site\" content=\"@intoscana\" \/>\n<meta name=\"twitter:label1\" content=\"Written by\" \/>\n\t<meta name=\"twitter:data1\" content=\"Redazione\" \/>\n\t<meta name=\"twitter:label2\" content=\"Est. reading time\" \/>\n\t<meta name=\"twitter:data2\" content=\"3 minuti\" \/>\n<script type=\"application\/ld+json\" class=\"yoast-schema-graph\">{\"@context\":\"https:\/\/schema.org\",\"@graph\":[{\"@type\":\"WebPage\",\"@id\":\"https:\/\/www.intoscana.it\/it\/bargajazz-2019\/\",\"url\":\"https:\/\/www.intoscana.it\/it\/bargajazz-2019\/\",\"name\":\"BargaJazz, il festival omaggia il trombettista Dave Douglas - intoscana\",\"isPartOf\":{\"@id\":\"https:\/\/www.intoscana.it\/it\/#website\"},\"primaryImageOfPage\":{\"@id\":\"https:\/\/www.intoscana.it\/it\/bargajazz-2019\/#primaryimage\"},\"image\":{\"@id\":\"https:\/\/www.intoscana.it\/it\/bargajazz-2019\/#primaryimage\"},\"thumbnailUrl\":\"https:\/\/www.intoscana.it\/wp-content\/uploads\/dave-douglas-photo-by-austin-nelson-1.jpg\",\"datePublished\":\"2019-08-05T10:19:48+00:00\",\"dateModified\":\"2020-05-19T13:49:19+00:00\",\"author\":{\"@id\":\"https:\/\/www.intoscana.it\/it\/#\/schema\/person\/9223810753230f20bd670fdd322661f8\"},\"breadcrumb\":{\"@id\":\"https:\/\/www.intoscana.it\/it\/bargajazz-2019\/#breadcrumb\"},\"inLanguage\":\"it-IT\",\"potentialAction\":[{\"@type\":\"ReadAction\",\"target\":[\"https:\/\/www.intoscana.it\/it\/bargajazz-2019\/\"]}]},{\"@type\":\"ImageObject\",\"inLanguage\":\"it-IT\",\"@id\":\"https:\/\/www.intoscana.it\/it\/bargajazz-2019\/#primaryimage\",\"url\":\"https:\/\/www.intoscana.it\/wp-content\/uploads\/dave-douglas-photo-by-austin-nelson-1.jpg\",\"contentUrl\":\"https:\/\/www.intoscana.it\/wp-content\/uploads\/dave-douglas-photo-by-austin-nelson-1.jpg\",\"width\":1000,\"height\":667,\"caption\":\"Dave Douglas\"},{\"@type\":\"BreadcrumbList\",\"@id\":\"https:\/\/www.intoscana.it\/it\/bargajazz-2019\/#breadcrumb\",\"itemListElement\":[{\"@type\":\"ListItem\",\"position\":1,\"name\":\"Home\",\"item\":\"https:\/\/www.intoscana.it\/it\/\"},{\"@type\":\"ListItem\",\"position\":2,\"name\":\"BargaJazz, il festival omaggia il trombettista Dave Douglas\"}]},{\"@type\":\"WebSite\",\"@id\":\"https:\/\/www.intoscana.it\/it\/#website\",\"url\":\"https:\/\/www.intoscana.it\/it\/\",\"name\":\"intoscana\",\"description\":\"\",\"potentialAction\":[{\"@type\":\"SearchAction\",\"target\":{\"@type\":\"EntryPoint\",\"urlTemplate\":\"https:\/\/www.intoscana.it\/it\/?s={search_term_string}\"},\"query-input\":{\"@type\":\"PropertyValueSpecification\",\"valueRequired\":true,\"valueName\":\"search_term_string\"}}],\"inLanguage\":\"it-IT\"},{\"@type\":\"Person\",\"@id\":\"https:\/\/www.intoscana.it\/it\/#\/schema\/person\/9223810753230f20bd670fdd322661f8\",\"name\":\"Redazione\",\"url\":\"https:\/\/www.intoscana.it\/it\/author\/redazione\/\"}]}<\/script>\n<!-- \/ Yoast SEO Premium plugin. -->","yoast_head_json":{"title":"BargaJazz, il festival omaggia il trombettista Dave Douglas - intoscana","robots":{"index":"index","follow":"follow","max-snippet":"max-snippet:-1","max-image-preview":"max-image-preview:large","max-video-preview":"max-video-preview:-1"},"canonical":"https:\/\/www.intoscana.it\/it\/bargajazz-2019\/","og_locale":"it_IT","og_type":"article","og_title":"BargaJazz, il festival omaggia il trombettista Dave Douglas","og_description":"Seminari, eventi, contest. Ma soprattutto concerti, tanti concerti. Musicisti di tutto il mondo animeranno non solo il teatro, ma anche le piazze di Barga. Dall'8 al 31 agosto","og_url":"https:\/\/www.intoscana.it\/it\/bargajazz-2019\/","og_site_name":"intoscana","article_publisher":"https:\/\/www.facebook.com\/intoscana.it","article_published_time":"2019-08-05T10:19:48+00:00","article_modified_time":"2020-05-19T13:49:19+00:00","og_image":[{"width":1000,"height":667,"url":"https:\/\/www.intoscana.it\/wp-content\/uploads\/dave-douglas-photo-by-austin-nelson-1.jpg","type":"image\/jpeg"}],"author":"Redazione","twitter_card":"summary_large_image","twitter_creator":"@intoscana","twitter_site":"@intoscana","twitter_misc":{"Written by":"Redazione","Est. reading time":"3 minuti"},"schema":{"@context":"https:\/\/schema.org","@graph":[{"@type":"WebPage","@id":"https:\/\/www.intoscana.it\/it\/bargajazz-2019\/","url":"https:\/\/www.intoscana.it\/it\/bargajazz-2019\/","name":"BargaJazz, il festival omaggia il trombettista Dave Douglas - intoscana","isPartOf":{"@id":"https:\/\/www.intoscana.it\/it\/#website"},"primaryImageOfPage":{"@id":"https:\/\/www.intoscana.it\/it\/bargajazz-2019\/#primaryimage"},"image":{"@id":"https:\/\/www.intoscana.it\/it\/bargajazz-2019\/#primaryimage"},"thumbnailUrl":"https:\/\/www.intoscana.it\/wp-content\/uploads\/dave-douglas-photo-by-austin-nelson-1.jpg","datePublished":"2019-08-05T10:19:48+00:00","dateModified":"2020-05-19T13:49:19+00:00","author":{"@id":"https:\/\/www.intoscana.it\/it\/#\/schema\/person\/9223810753230f20bd670fdd322661f8"},"breadcrumb":{"@id":"https:\/\/www.intoscana.it\/it\/bargajazz-2019\/#breadcrumb"},"inLanguage":"it-IT","potentialAction":[{"@type":"ReadAction","target":["https:\/\/www.intoscana.it\/it\/bargajazz-2019\/"]}]},{"@type":"ImageObject","inLanguage":"it-IT","@id":"https:\/\/www.intoscana.it\/it\/bargajazz-2019\/#primaryimage","url":"https:\/\/www.intoscana.it\/wp-content\/uploads\/dave-douglas-photo-by-austin-nelson-1.jpg","contentUrl":"https:\/\/www.intoscana.it\/wp-content\/uploads\/dave-douglas-photo-by-austin-nelson-1.jpg","width":1000,"height":667,"caption":"Dave Douglas"},{"@type":"BreadcrumbList","@id":"https:\/\/www.intoscana.it\/it\/bargajazz-2019\/#breadcrumb","itemListElement":[{"@type":"ListItem","position":1,"name":"Home","item":"https:\/\/www.intoscana.it\/it\/"},{"@type":"ListItem","position":2,"name":"BargaJazz, il festival omaggia il trombettista Dave Douglas"}]},{"@type":"WebSite","@id":"https:\/\/www.intoscana.it\/it\/#website","url":"https:\/\/www.intoscana.it\/it\/","name":"intoscana","description":"","potentialAction":[{"@type":"SearchAction","target":{"@type":"EntryPoint","urlTemplate":"https:\/\/www.intoscana.it\/it\/?s={search_term_string}"},"query-input":{"@type":"PropertyValueSpecification","valueRequired":true,"valueName":"search_term_string"}}],"inLanguage":"it-IT"},{"@type":"Person","@id":"https:\/\/www.intoscana.it\/it\/#\/schema\/person\/9223810753230f20bd670fdd322661f8","name":"Redazione","url":"https:\/\/www.intoscana.it\/it\/author\/redazione\/"}]}},"_links":{"self":[{"href":"https:\/\/www.intoscana.it\/it\/wp-json\/wp\/v2\/posts\/60922","targetHints":{"allow":["GET"]}}],"collection":[{"href":"https:\/\/www.intoscana.it\/it\/wp-json\/wp\/v2\/posts"}],"about":[{"href":"https:\/\/www.intoscana.it\/it\/wp-json\/wp\/v2\/types\/post"}],"author":[{"embeddable":true,"href":"https:\/\/www.intoscana.it\/it\/wp-json\/wp\/v2\/users\/525"}],"replies":[{"embeddable":true,"href":"https:\/\/www.intoscana.it\/it\/wp-json\/wp\/v2\/comments?post=60922"}],"version-history":[{"count":0,"href":"https:\/\/www.intoscana.it\/it\/wp-json\/wp\/v2\/posts\/60922\/revisions"}],"wp:featuredmedia":[{"embeddable":true,"href":"https:\/\/www.intoscana.it\/it\/wp-json\/wp\/v2\/media\/98226"}],"wp:attachment":[{"href":"https:\/\/www.intoscana.it\/it\/wp-json\/wp\/v2\/media?parent=60922"}],"wp:term":[{"taxonomy":"category","embeddable":true,"href":"https:\/\/www.intoscana.it\/it\/wp-json\/wp\/v2\/categories?post=60922"},{"taxonomy":"post_tag","embeddable":true,"href":"https:\/\/www.intoscana.it\/it\/wp-json\/wp\/v2\/tags?post=60922"}],"curies":[{"name":"wp","href":"https:\/\/api.w.org\/{rel}","templated":true}]}}