{"id":60923,"date":"2019-08-01T09:09:27","date_gmt":"2019-08-01T09:09:27","guid":{"rendered":"http:\/\/www.intoscana.it\/alle-cascine-un-nuovo-teatro-modulare-per-il-lattexplus-festival\/"},"modified":"2020-05-19T15:49:19","modified_gmt":"2020-05-19T13:49:19","slug":"lattex-festival-2019","status":"publish","type":"post","link":"https:\/\/www.intoscana.it\/it\/lattex-festival-2019\/","title":{"rendered":"Alle Cascine un nuovo &#8216;teatro modulare&#8217; per il Lattexplus Festival"},"content":{"rendered":"<p><strong>Uno scrigno tecnologico immerso nel verde in grado di ospitare 2000 persone<\/strong> che balleranno al ritmo della musica elettronica di artisti di livello mondiale. Tutto questo sar\u00e0 il <strong>Lattexplus Festival<\/strong> che torna dopo il grande successo dell&#8217;anno scorso <strong>a Firenze nel parco delle Cascine il 7 e 8 settembre<\/strong> prossimi.<\/p>\n<p><strong>&#8216;Q1 Arena&#8217; questo \u00e8 il nome della struttura<\/strong>&nbsp;<strong>innovativa<\/strong> che sorger\u00e0 intorno al prato del Quercione. Uno spazio polivalente mobile ideato e realizzato dallo<strong> studio fiorentino ND Creative.<\/strong> L&#8217;arena sar\u00e0 suddivisa in <strong>due aree principali:<\/strong> quella interna che ospiter\u00e0 palco, area tecnica e backstage, e quella esterna, con tutti i servizi che si possono trovare all\u2019interno di un festival come<strong> l\u2019area relax e l&#8217;area ristoro<\/strong>. I due spazi saranno collegati da <strong>un percorso esperienziale tra architettura sostenibile e materiali hi-tech<\/strong>.<\/p>\n<a class=\"fotogallery\" href=\"#modalgallery\" rel=\"modal:open\">sfoglia la gallery <i class=\"fas fa-chevron-right\"><\/i><\/a>\n    <div class=\"modal\" id=\"modalgallery\">\n        <div class=\"gallery\">\n          <div class=\"galleryimg\">\n            <div class=\"slidegallerybig\"> <div class=\"itemimg\">\n            <div class=\"wrapimg\">\n            <img decoding=\"async\" src=\"https:\/\/www.intoscana.it\/wp-content\/uploads\/rendering-q1-arena-dentro_copertura.jpg\">\n            <\/div>\n            <\/div> <div class=\"itemimg\">\n            <div class=\"wrapimg\">\n            <img decoding=\"async\" src=\"https:\/\/www.intoscana.it\/wp-content\/uploads\/rendering-q1-arena-ingresso.jpg\">\n            <\/div>\n            <\/div> <div class=\"itemimg\">\n            <div class=\"wrapimg\">\n            <img decoding=\"async\" src=\"https:\/\/www.intoscana.it\/wp-content\/uploads\/lattexplus-festival-2018-2.jpg\">\n            <\/div>\n            <\/div> <div class=\"itemimg\">\n            <div class=\"wrapimg\">\n            <img decoding=\"async\" src=\"https:\/\/www.intoscana.it\/wp-content\/uploads\/peggy-gou_-ph-credits_mok-jungwook-guest-lattexplus-festival-2019.jpg\">\n            <\/div>\n            <\/div> <div class=\"itemimg\">\n            <div class=\"wrapimg\">\n            <img decoding=\"async\" src=\"https:\/\/www.intoscana.it\/wp-content\/uploads\/louise-chen-rid-guest-lattexplus-festival-2019.jpg\">\n            <\/div>\n            <\/div> <div class=\"itemimg\">\n            <div class=\"wrapimg\">\n            <img decoding=\"async\" src=\"https:\/\/www.intoscana.it\/wp-content\/uploads\/laurent-garnier-1-guest-lattexplus-festival.jpg\">\n            <\/div>\n            <\/div> <div class=\"itemimg\">\n            <div class=\"wrapimg\">\n            <img decoding=\"async\" src=\"https:\/\/www.intoscana.it\/wp-content\/uploads\/avalon-emerson-by-joseph-wolfgang-ohlert-guest-lattexplus-festival-2019.jpg\">\n            <\/div>\n            <\/div>\n            <\/div>\n          <\/div>\n          <div class=\"asidemenu\">\n            <div class=\"action\">\n              <div class=\"countlidegallery\"><\/div>\n              <div class=\"closegallery\" href=\"#modalgallery\" rel=\"modal:close\"><i class=\"far fa-times\"><\/i><\/div>\n            <\/div>\n            <div class=\"title\">\n              <h2>Alle Cascine un nuovo 'teatro modulare' per il Lattexplus Festival<\/h2><p style=\"display:none;\" class=\"gallery_credit\" id=\"gallery_credit_4\">Photo &copy; Mok Jungwook<\/p><p style=\"display:none;\" class=\"gallery_credit\" id=\"gallery_credit_7\">Photo &copy; Joseph Wolfgang Ohlert<\/p>\n              <div class=\"socialarticolo\"> \n            <div class=\"contsocialico\">\n              <ul>\n                <li><a target=\"_blank\" href=\"https:\/\/www.facebook.com\/sharer\/sharer.php?u=https:\/\/www.intoscana.it\/it\/lattex-festival-2019\/\"> <i class=\"fab fa-facebook-f\"><\/i><\/a><\/li>\n                <li><a target=\"_blank\" href=\"https:\/\/twitter.com\/home?status=https:\/\/www.intoscana.it\/it\/lattex-festival-2019\/\"> <i class=\"fab fa-twitter\"><\/i><\/a><\/li>\n                <li>\n                  <div class=\"shareall\" target=\"_blank\" href=\"\"> <i class=\"fas fa-share-alt\"><\/i><\/div>\n                  <div class=\"sharemore\">\n                    <ul>\n                      <li><a target=\"_blank\" href=\"https:\/\/www.linkedin.com\/shareArticle?url=https:\/\/www.intoscana.it\/it\/lattex-festival-2019\/\"> <i class=\"fab fa-linkedin\"><\/i><\/a><\/li>\n                      <li><a target=\"_blank\" href=\"http:\/\/www.pinterest.com\/pin\/create\/bookmarklet\/?url=https:\/\/www.intoscana.it\/it\/lattex-festival-2019\/\"> <i class=\"fab fa-pinterest\"><\/i><\/a><\/li>\n                      <li><a target=\"_blank\" href=\"mailto?subject=Alle Cascine un nuovo &#039;teatro modulare&#039; per il Lattexplus Festival&body=https:\/\/www.intoscana.it\/it\/lattex-festival-2019\/\"> <i class=\"fas fa-envelope\"><\/i><\/a><\/li>\n                    <\/ul>\n                    <div class=\"closesharemore\">\n                    <i class=\"fas fa-times\"><\/i>\n                    <\/div>\n                  <\/div>\n                <\/li>\n              <\/ul>\n            <\/div>\n          <\/div>\n        <\/div>\n          <\/div>\n        <\/div>\n      <\/div>\n<p>Il<strong> Lattexplus Festival<\/strong> ospiter\u00e0 per due giorni il meglio della musica elettronica e delle arti digitali. Piatto &#8216;forte&#8217; della manifestazione \u00e8&nbsp;<strong>Laurent Garnier<\/strong>, ormai considerato uno dei pi\u00f9 grandi dj e produttori europei a livello internazionale, che ha lavorato con nomi del calibro di <strong>Cassius, i Daft Punk, St Germain e DJ DEEP<\/strong>.<\/p>\n<p>Saliranno in consolle anche&nbsp;la dj coreana di appena 28 anni&nbsp;<strong>Peggy Gou, <\/strong>la dj <strong>Avalon Emerson<\/strong>, direttamente dal deserto dell\u2019Arizona, il dj&nbsp;<strong>Job Jobse<\/strong>&nbsp;di Amsterdam e&nbsp;<strong>Louise Chen<\/strong>&nbsp;la dj francese, dal background taiwanese, che ha fondato il party parigino \u201cGirls, Girls, Girls\u201d nel 2012.<\/p>\n<p>Altro nome importante della manifestazione il duo britannico di&nbsp;<strong>Dominic Maker e Kai Campos in arte Mount Kimbie<\/strong>&nbsp;nato nel 2008 in uno studio nel quartiere di Peckham a Londra. Da l\u00ec il loro successo &#8211; fatto di esibizioni live con sonorit\u00e0 post-dubstep, campionamenti e tracce ambient &#8211; \u00e8 tutto in discesa e arriva a collaborazioni con<strong> The XX e James Blake.<\/strong><\/p>\n<p><strong>Nel programma del Lattexplus <\/strong>ci saranno anche gli italiani<strong> DJ Tennis<\/strong> al secolo Manfredi Romano fondatore e l\u2019A&amp;R dell\u2019etichetta Life And Death,&nbsp;<strong>Samuele Pagliai<\/strong> \u00e8 attivo come DJ a Firenze dal 2009 sotto lo pseudonimo di Bakerboy e&nbsp;<strong>Speaking Minds<\/strong>&nbsp;Simone Sinatti un produttore e dj italiano.<\/p>\n<p>Attesissimo inoltre il live di <strong>Ross From Friends,<\/strong> nickname e progetto del produttore DJ Felix Clary Weatherall, arricchito in studio e live da altri due membri della sua band (Jed Hampson alla chitarra elettrica e John Dunk synth tastiera e sassofono), e dal sud di Londra ha inciso sulla Brainfeeder di Flying Lotus e pubblicato il suo primo album \u201cFamily Portrait\u201d nel 2018, esibendosi accanto a band del calibro di Little Dragon.&nbsp;<\/p>\n<p><strong>Lattexplus tiene molto alla sostenibilit\u00e0 ambientale e la riduzione della plastica mono uso,<\/strong> sraanno infatti usati bicchieri riutilizzabili per i cocktail e posate e contenitori per il cibo biodegradabili. Tre le altre iniziative intraprese anche l&#8217;installazione dell&#8217;<strong>isola ecologica PAANDAA<\/strong> <strong>per la raccolta di bottiglie e bicchieri di plastica:<\/strong> consegnando i propri vuoti presso questo spazio gli spettatori saranno premiati con dei <strong>Token<\/strong> che potranno essere spendibili in cibo e bevande. Un&#8217;operazione virtuosa che consentir\u00e0 di <strong>ridurre in tempo reale l&#8217;impatto ambientale della manifestazione.<\/strong><\/p>\n<p><strong>Per informazioni:<\/strong><br \/><a title=\"https:\/\/www.lattexplus.com\/\" href=\"https:\/\/www.lattexplus.com\/\" target=\"_blank\" rel=\"noopener noreferrer\"><strong>https:\/\/www.lattexplus.com\/<\/strong><\/a><\/p>\n","protected":false},"excerpt":{"rendered":"<p>Sabato 7 e domenica 8 settembre due giorni di musica elettronica in uno spazio altamente innovativo nel polmone verde della citt\u00e0<\/p>\n","protected":false},"author":525,"featured_media":98227,"comment_status":"open","ping_status":"open","sticky":false,"template":"","format":"standard","meta":{"_acf_changed":false,"footnotes":""},"categories":[14],"tags":[],"class_list":["post-60923","post","type-post","status-publish","format-standard","has-post-thumbnail","hentry","category-musica"],"acf":[],"yoast_head":"<!-- This site is optimized with the Yoast SEO Premium plugin v24.2 (Yoast SEO v25.6) - https:\/\/yoast.com\/wordpress\/plugins\/seo\/ -->\n<title>Alle Cascine un nuovo &#039;teatro modulare&#039; per il Lattexplus Festival - intoscana<\/title>\n<meta name=\"robots\" content=\"index, follow, max-snippet:-1, max-image-preview:large, max-video-preview:-1\" \/>\n<link rel=\"canonical\" href=\"https:\/\/www.intoscana.it\/it\/lattex-festival-2019\/\" \/>\n<meta property=\"og:locale\" content=\"it_IT\" \/>\n<meta property=\"og:type\" content=\"article\" \/>\n<meta property=\"og:title\" content=\"Alle Cascine un nuovo &#039;teatro modulare&#039; per il Lattexplus Festival\" \/>\n<meta property=\"og:description\" content=\"Sabato 7 e domenica 8 settembre due giorni di musica elettronica in uno spazio altamente innovativo nel polmone verde della citt\u00e0\" \/>\n<meta property=\"og:url\" content=\"https:\/\/www.intoscana.it\/it\/lattex-festival-2019\/\" \/>\n<meta property=\"og:site_name\" content=\"intoscana\" \/>\n<meta property=\"article:publisher\" content=\"https:\/\/www.facebook.com\/intoscana.it\" \/>\n<meta property=\"article:published_time\" content=\"2019-08-01T09:09:27+00:00\" \/>\n<meta property=\"article:modified_time\" content=\"2020-05-19T13:49:19+00:00\" \/>\n<meta property=\"og:image\" content=\"https:\/\/www.intoscana.it\/wp-content\/uploads\/lattexplus-festival-2018.jpg\" \/>\n\t<meta property=\"og:image:width\" content=\"1481\" \/>\n\t<meta property=\"og:image:height\" content=\"989\" \/>\n\t<meta property=\"og:image:type\" content=\"image\/jpeg\" \/>\n<meta name=\"author\" content=\"Redazione\" \/>\n<meta name=\"twitter:card\" content=\"summary_large_image\" \/>\n<meta name=\"twitter:creator\" content=\"@intoscana\" \/>\n<meta name=\"twitter:site\" content=\"@intoscana\" \/>\n<meta name=\"twitter:label1\" content=\"Written by\" \/>\n\t<meta name=\"twitter:data1\" content=\"Redazione\" \/>\n\t<meta name=\"twitter:label2\" content=\"Est. reading time\" \/>\n\t<meta name=\"twitter:data2\" content=\"3 minuti\" \/>\n<script type=\"application\/ld+json\" class=\"yoast-schema-graph\">{\"@context\":\"https:\/\/schema.org\",\"@graph\":[{\"@type\":\"WebPage\",\"@id\":\"https:\/\/www.intoscana.it\/it\/lattex-festival-2019\/\",\"url\":\"https:\/\/www.intoscana.it\/it\/lattex-festival-2019\/\",\"name\":\"Alle Cascine un nuovo 'teatro modulare' per il Lattexplus Festival - intoscana\",\"isPartOf\":{\"@id\":\"https:\/\/www.intoscana.it\/it\/#website\"},\"primaryImageOfPage\":{\"@id\":\"https:\/\/www.intoscana.it\/it\/lattex-festival-2019\/#primaryimage\"},\"image\":{\"@id\":\"https:\/\/www.intoscana.it\/it\/lattex-festival-2019\/#primaryimage\"},\"thumbnailUrl\":\"https:\/\/www.intoscana.it\/wp-content\/uploads\/lattexplus-festival-2018.jpg\",\"datePublished\":\"2019-08-01T09:09:27+00:00\",\"dateModified\":\"2020-05-19T13:49:19+00:00\",\"author\":{\"@id\":\"https:\/\/www.intoscana.it\/it\/#\/schema\/person\/9223810753230f20bd670fdd322661f8\"},\"breadcrumb\":{\"@id\":\"https:\/\/www.intoscana.it\/it\/lattex-festival-2019\/#breadcrumb\"},\"inLanguage\":\"it-IT\",\"potentialAction\":[{\"@type\":\"ReadAction\",\"target\":[\"https:\/\/www.intoscana.it\/it\/lattex-festival-2019\/\"]}]},{\"@type\":\"ImageObject\",\"inLanguage\":\"it-IT\",\"@id\":\"https:\/\/www.intoscana.it\/it\/lattex-festival-2019\/#primaryimage\",\"url\":\"https:\/\/www.intoscana.it\/wp-content\/uploads\/lattexplus-festival-2018.jpg\",\"contentUrl\":\"https:\/\/www.intoscana.it\/wp-content\/uploads\/lattexplus-festival-2018.jpg\",\"width\":1481,\"height\":989,\"caption\":\"Lattex Plus Festival\"},{\"@type\":\"BreadcrumbList\",\"@id\":\"https:\/\/www.intoscana.it\/it\/lattex-festival-2019\/#breadcrumb\",\"itemListElement\":[{\"@type\":\"ListItem\",\"position\":1,\"name\":\"Home\",\"item\":\"https:\/\/www.intoscana.it\/it\/\"},{\"@type\":\"ListItem\",\"position\":2,\"name\":\"Alle Cascine un nuovo &#8216;teatro modulare&#8217; per il Lattexplus Festival\"}]},{\"@type\":\"WebSite\",\"@id\":\"https:\/\/www.intoscana.it\/it\/#website\",\"url\":\"https:\/\/www.intoscana.it\/it\/\",\"name\":\"intoscana\",\"description\":\"\",\"potentialAction\":[{\"@type\":\"SearchAction\",\"target\":{\"@type\":\"EntryPoint\",\"urlTemplate\":\"https:\/\/www.intoscana.it\/it\/?s={search_term_string}\"},\"query-input\":{\"@type\":\"PropertyValueSpecification\",\"valueRequired\":true,\"valueName\":\"search_term_string\"}}],\"inLanguage\":\"it-IT\"},{\"@type\":\"Person\",\"@id\":\"https:\/\/www.intoscana.it\/it\/#\/schema\/person\/9223810753230f20bd670fdd322661f8\",\"name\":\"Redazione\",\"url\":\"https:\/\/www.intoscana.it\/it\/author\/redazione\/\"}]}<\/script>\n<!-- \/ Yoast SEO Premium plugin. -->","yoast_head_json":{"title":"Alle Cascine un nuovo 'teatro modulare' per il Lattexplus Festival - intoscana","robots":{"index":"index","follow":"follow","max-snippet":"max-snippet:-1","max-image-preview":"max-image-preview:large","max-video-preview":"max-video-preview:-1"},"canonical":"https:\/\/www.intoscana.it\/it\/lattex-festival-2019\/","og_locale":"it_IT","og_type":"article","og_title":"Alle Cascine un nuovo 'teatro modulare' per il Lattexplus Festival","og_description":"Sabato 7 e domenica 8 settembre due giorni di musica elettronica in uno spazio altamente innovativo nel polmone verde della citt\u00e0","og_url":"https:\/\/www.intoscana.it\/it\/lattex-festival-2019\/","og_site_name":"intoscana","article_publisher":"https:\/\/www.facebook.com\/intoscana.it","article_published_time":"2019-08-01T09:09:27+00:00","article_modified_time":"2020-05-19T13:49:19+00:00","og_image":[{"width":1481,"height":989,"url":"https:\/\/www.intoscana.it\/wp-content\/uploads\/lattexplus-festival-2018.jpg","type":"image\/jpeg"}],"author":"Redazione","twitter_card":"summary_large_image","twitter_creator":"@intoscana","twitter_site":"@intoscana","twitter_misc":{"Written by":"Redazione","Est. reading time":"3 minuti"},"schema":{"@context":"https:\/\/schema.org","@graph":[{"@type":"WebPage","@id":"https:\/\/www.intoscana.it\/it\/lattex-festival-2019\/","url":"https:\/\/www.intoscana.it\/it\/lattex-festival-2019\/","name":"Alle Cascine un nuovo 'teatro modulare' per il Lattexplus Festival - intoscana","isPartOf":{"@id":"https:\/\/www.intoscana.it\/it\/#website"},"primaryImageOfPage":{"@id":"https:\/\/www.intoscana.it\/it\/lattex-festival-2019\/#primaryimage"},"image":{"@id":"https:\/\/www.intoscana.it\/it\/lattex-festival-2019\/#primaryimage"},"thumbnailUrl":"https:\/\/www.intoscana.it\/wp-content\/uploads\/lattexplus-festival-2018.jpg","datePublished":"2019-08-01T09:09:27+00:00","dateModified":"2020-05-19T13:49:19+00:00","author":{"@id":"https:\/\/www.intoscana.it\/it\/#\/schema\/person\/9223810753230f20bd670fdd322661f8"},"breadcrumb":{"@id":"https:\/\/www.intoscana.it\/it\/lattex-festival-2019\/#breadcrumb"},"inLanguage":"it-IT","potentialAction":[{"@type":"ReadAction","target":["https:\/\/www.intoscana.it\/it\/lattex-festival-2019\/"]}]},{"@type":"ImageObject","inLanguage":"it-IT","@id":"https:\/\/www.intoscana.it\/it\/lattex-festival-2019\/#primaryimage","url":"https:\/\/www.intoscana.it\/wp-content\/uploads\/lattexplus-festival-2018.jpg","contentUrl":"https:\/\/www.intoscana.it\/wp-content\/uploads\/lattexplus-festival-2018.jpg","width":1481,"height":989,"caption":"Lattex Plus Festival"},{"@type":"BreadcrumbList","@id":"https:\/\/www.intoscana.it\/it\/lattex-festival-2019\/#breadcrumb","itemListElement":[{"@type":"ListItem","position":1,"name":"Home","item":"https:\/\/www.intoscana.it\/it\/"},{"@type":"ListItem","position":2,"name":"Alle Cascine un nuovo &#8216;teatro modulare&#8217; per il Lattexplus Festival"}]},{"@type":"WebSite","@id":"https:\/\/www.intoscana.it\/it\/#website","url":"https:\/\/www.intoscana.it\/it\/","name":"intoscana","description":"","potentialAction":[{"@type":"SearchAction","target":{"@type":"EntryPoint","urlTemplate":"https:\/\/www.intoscana.it\/it\/?s={search_term_string}"},"query-input":{"@type":"PropertyValueSpecification","valueRequired":true,"valueName":"search_term_string"}}],"inLanguage":"it-IT"},{"@type":"Person","@id":"https:\/\/www.intoscana.it\/it\/#\/schema\/person\/9223810753230f20bd670fdd322661f8","name":"Redazione","url":"https:\/\/www.intoscana.it\/it\/author\/redazione\/"}]}},"_links":{"self":[{"href":"https:\/\/www.intoscana.it\/it\/wp-json\/wp\/v2\/posts\/60923","targetHints":{"allow":["GET"]}}],"collection":[{"href":"https:\/\/www.intoscana.it\/it\/wp-json\/wp\/v2\/posts"}],"about":[{"href":"https:\/\/www.intoscana.it\/it\/wp-json\/wp\/v2\/types\/post"}],"author":[{"embeddable":true,"href":"https:\/\/www.intoscana.it\/it\/wp-json\/wp\/v2\/users\/525"}],"replies":[{"embeddable":true,"href":"https:\/\/www.intoscana.it\/it\/wp-json\/wp\/v2\/comments?post=60923"}],"version-history":[{"count":0,"href":"https:\/\/www.intoscana.it\/it\/wp-json\/wp\/v2\/posts\/60923\/revisions"}],"wp:featuredmedia":[{"embeddable":true,"href":"https:\/\/www.intoscana.it\/it\/wp-json\/wp\/v2\/media\/98227"}],"wp:attachment":[{"href":"https:\/\/www.intoscana.it\/it\/wp-json\/wp\/v2\/media?parent=60923"}],"wp:term":[{"taxonomy":"category","embeddable":true,"href":"https:\/\/www.intoscana.it\/it\/wp-json\/wp\/v2\/categories?post=60923"},{"taxonomy":"post_tag","embeddable":true,"href":"https:\/\/www.intoscana.it\/it\/wp-json\/wp\/v2\/tags?post=60923"}],"curies":[{"name":"wp","href":"https:\/\/api.w.org\/{rel}","templated":true}]}}