{"id":60931,"date":"2019-11-21T13:33:23","date_gmt":"2019-11-21T13:33:23","guid":{"rendered":"http:\/\/www.intoscana.it\/piero-pelu-chiude-nella-sua-firenze-il-benvenuto-al-mondo-tour\/"},"modified":"2020-05-19T15:49:21","modified_gmt":"2020-05-19T13:49:21","slug":"piero-pelu-concerto-firenze","status":"publish","type":"post","link":"https:\/\/www.intoscana.it\/it\/piero-pelu-concerto-firenze\/","title":{"rendered":"Piero Pel\u00f9 chiude nella sua Firenze il &#8216;Benvenuto al Mondo Tour&#8217;"},"content":{"rendered":"<p>Si chiude<strong> venerd\u00ec 22 novembre al TuscanyHall di Firenze<\/strong>&nbsp;il \u201c<strong>Benvenuto al Mondo Tour\u201d di Piero Pel\u00f9<\/strong>. A sorpresa, sul palco con <strong>Piero<\/strong>, ci saranno <strong>Ghigo Renzulli, Antonio Aiazzi e Gianni Maroccolo,<\/strong> oltre ai gi\u00e0 annunciati <strong>Erriquez e Finaz della Bandabard\u00f3<\/strong>, aprono la serata i <strong>Life in The Woods.<\/strong> Pel\u00f9 ha dichiarato: \u201cSono felice e orgoglioso di condividere il palco di questo tour di riscaldamento, oltre che con<strong> i miei magnifici Bandidos<\/strong>, anche con artisti di grande calibro\u201d.<\/p>\n<p>L\u2019arista sar\u00e0 accompagnato dai <strong>Bandidos<\/strong>&nbsp;Giacomo Castellano \u201cJames Castillo\u201d &#8211; chitarra, Luca Martelli \u201cLuc Mitraglia\u201d &#8211; batteria, cori e sequenze, Dado Neri \u201cBlack Dado\u201d &#8211; basso, doppia chitarra e cori, pronti ad infiammare il pubblico in un live show che si preannuncia sorprendente, grazie anche alla potenza del sound di Piero.<\/p>\n<p>Sul palco Piero porter\u00e0 <strong>tutto il repertorio da solista e dei Litfiba, da \u201cLa Preda\u201d<\/strong> (1983) fino al recente singolo \u201c<strong>Picnic all\u2019inferno\u201d<\/strong> (2019). Prodotto con grande armonia e intesa da Piero Pel\u00f9 e Luca Chiaravalli.<\/p>\n<p><iframe loading=\"lazy\" src=\"https:\/\/www.youtube.com\/embed\/3x_A9RjBqJI\" width=\"560\" height=\"315\" frameborder=\"0\" allowfullscreen=\"allowfullscreen\"><\/iframe><\/p>\n<p>Da sempre <strong>sensibile alle tematiche dell\u2019ambiente e del clima<\/strong> (Peste 1988, Woda Woda 1990, Stesso Futuro 2002, Trib\u00f9 2006, Intossicato 2016, Eut\u00f2pia 2016), <strong>Piero Pel\u00f9 riprende in modo musicalmente inaspettato il discorso che Greta Thunberg fece nel dicembre 2018 a Katowice<\/strong> (Polonia) in occasione della <strong>COP24<\/strong>, elaborando un brano in cui la sua eclettica voce si incontra e si alterna con quella della giovane attivista svedese, in una sorta di \u201coriginalissimo duetto\u201d. La potenza e il ritmo del rock, del blues e del gospel si fondono per creare <strong>un brano assolutamente innovativo,<\/strong> in cui il rocker conferma la sua eterna voglia di sperimentare e di allargare gli orizzonti della sua musica, senza mai perdere il suo marchio di fabbrica.<\/p>\n<p><strong>I biglietti \u2013 galleria numerata 50 euro, parterre in piedi 37,50 euro \u2013 sono disponibili nei punti vendita di Box Office Toscana<\/strong> (www.boxofficetoscana.it\/punti-vendita tel. 055.210804) e online su www.ticketone.it. I portatori di handicap possono acquistare un biglietto specifico su prenotazione telefonica al numero 055\/667566.<\/p>\n","protected":false},"excerpt":{"rendered":"<p>Venerd\u00ec 22 novembre grande festa sul palco fiorentino con Ghigo Renzulli, Antonio Aiazzi, Gianni Maroccolo, Erriquez e Finaz della Bandabard\u00f2<\/p>\n","protected":false},"author":525,"featured_media":98235,"comment_status":"open","ping_status":"open","sticky":false,"template":"","format":"standard","meta":{"_acf_changed":false,"footnotes":""},"categories":[14],"tags":[],"class_list":["post-60931","post","type-post","status-publish","format-standard","has-post-thumbnail","hentry","category-musica"],"acf":[],"yoast_head":"<!-- This site is optimized with the Yoast SEO Premium plugin v24.2 (Yoast SEO v25.6) - https:\/\/yoast.com\/wordpress\/plugins\/seo\/ -->\n<title>Piero Pel\u00f9 chiude nella sua Firenze il &#039;Benvenuto al Mondo Tour&#039; - intoscana<\/title>\n<meta name=\"robots\" content=\"index, follow, max-snippet:-1, max-image-preview:large, max-video-preview:-1\" \/>\n<link rel=\"canonical\" href=\"https:\/\/www.intoscana.it\/it\/piero-pelu-concerto-firenze\/\" \/>\n<meta property=\"og:locale\" content=\"it_IT\" \/>\n<meta property=\"og:type\" content=\"article\" \/>\n<meta property=\"og:title\" content=\"Piero Pel\u00f9 chiude nella sua Firenze il &#039;Benvenuto al Mondo Tour&#039;\" \/>\n<meta property=\"og:description\" content=\"Venerd\u00ec 22 novembre grande festa sul palco fiorentino con Ghigo Renzulli, Antonio Aiazzi, Gianni Maroccolo, Erriquez e Finaz della Bandabard\u00f2\" \/>\n<meta property=\"og:url\" content=\"https:\/\/www.intoscana.it\/it\/piero-pelu-concerto-firenze\/\" \/>\n<meta property=\"og:site_name\" content=\"intoscana\" \/>\n<meta property=\"article:publisher\" content=\"https:\/\/www.facebook.com\/intoscana.it\" \/>\n<meta property=\"article:published_time\" content=\"2019-11-21T13:33:23+00:00\" \/>\n<meta property=\"article:modified_time\" content=\"2020-05-19T13:49:21+00:00\" \/>\n<meta property=\"og:image\" content=\"https:\/\/www.intoscana.it\/wp-content\/uploads\/piero-pelu_foto-di-riccardo-bagnoli_b-1-1.jpg\" \/>\n\t<meta property=\"og:image:width\" content=\"2000\" \/>\n\t<meta property=\"og:image:height\" content=\"1249\" \/>\n\t<meta property=\"og:image:type\" content=\"image\/jpeg\" \/>\n<meta name=\"author\" content=\"Redazione\" \/>\n<meta name=\"twitter:card\" content=\"summary_large_image\" \/>\n<meta name=\"twitter:creator\" content=\"@intoscana\" \/>\n<meta name=\"twitter:site\" content=\"@intoscana\" \/>\n<meta name=\"twitter:label1\" content=\"Written by\" \/>\n\t<meta name=\"twitter:data1\" content=\"Redazione\" \/>\n\t<meta name=\"twitter:label2\" content=\"Est. reading time\" \/>\n\t<meta name=\"twitter:data2\" content=\"2 minuti\" \/>\n<script type=\"application\/ld+json\" class=\"yoast-schema-graph\">{\"@context\":\"https:\/\/schema.org\",\"@graph\":[{\"@type\":\"WebPage\",\"@id\":\"https:\/\/www.intoscana.it\/it\/piero-pelu-concerto-firenze\/\",\"url\":\"https:\/\/www.intoscana.it\/it\/piero-pelu-concerto-firenze\/\",\"name\":\"Piero Pel\u00f9 chiude nella sua Firenze il 'Benvenuto al Mondo Tour' - intoscana\",\"isPartOf\":{\"@id\":\"https:\/\/www.intoscana.it\/it\/#website\"},\"primaryImageOfPage\":{\"@id\":\"https:\/\/www.intoscana.it\/it\/piero-pelu-concerto-firenze\/#primaryimage\"},\"image\":{\"@id\":\"https:\/\/www.intoscana.it\/it\/piero-pelu-concerto-firenze\/#primaryimage\"},\"thumbnailUrl\":\"https:\/\/www.intoscana.it\/wp-content\/uploads\/piero-pelu_foto-di-riccardo-bagnoli_b-1-1.jpg\",\"datePublished\":\"2019-11-21T13:33:23+00:00\",\"dateModified\":\"2020-05-19T13:49:21+00:00\",\"author\":{\"@id\":\"https:\/\/www.intoscana.it\/it\/#\/schema\/person\/9223810753230f20bd670fdd322661f8\"},\"breadcrumb\":{\"@id\":\"https:\/\/www.intoscana.it\/it\/piero-pelu-concerto-firenze\/#breadcrumb\"},\"inLanguage\":\"it-IT\",\"potentialAction\":[{\"@type\":\"ReadAction\",\"target\":[\"https:\/\/www.intoscana.it\/it\/piero-pelu-concerto-firenze\/\"]}]},{\"@type\":\"ImageObject\",\"inLanguage\":\"it-IT\",\"@id\":\"https:\/\/www.intoscana.it\/it\/piero-pelu-concerto-firenze\/#primaryimage\",\"url\":\"https:\/\/www.intoscana.it\/wp-content\/uploads\/piero-pelu_foto-di-riccardo-bagnoli_b-1-1.jpg\",\"contentUrl\":\"https:\/\/www.intoscana.it\/wp-content\/uploads\/piero-pelu_foto-di-riccardo-bagnoli_b-1-1.jpg\",\"width\":2000,\"height\":1249,\"caption\":\"Piero Pel\u00f9\"},{\"@type\":\"BreadcrumbList\",\"@id\":\"https:\/\/www.intoscana.it\/it\/piero-pelu-concerto-firenze\/#breadcrumb\",\"itemListElement\":[{\"@type\":\"ListItem\",\"position\":1,\"name\":\"Home\",\"item\":\"https:\/\/www.intoscana.it\/it\/\"},{\"@type\":\"ListItem\",\"position\":2,\"name\":\"Piero Pel\u00f9 chiude nella sua Firenze il &#8216;Benvenuto al Mondo Tour&#8217;\"}]},{\"@type\":\"WebSite\",\"@id\":\"https:\/\/www.intoscana.it\/it\/#website\",\"url\":\"https:\/\/www.intoscana.it\/it\/\",\"name\":\"intoscana\",\"description\":\"\",\"potentialAction\":[{\"@type\":\"SearchAction\",\"target\":{\"@type\":\"EntryPoint\",\"urlTemplate\":\"https:\/\/www.intoscana.it\/it\/?s={search_term_string}\"},\"query-input\":{\"@type\":\"PropertyValueSpecification\",\"valueRequired\":true,\"valueName\":\"search_term_string\"}}],\"inLanguage\":\"it-IT\"},{\"@type\":\"Person\",\"@id\":\"https:\/\/www.intoscana.it\/it\/#\/schema\/person\/9223810753230f20bd670fdd322661f8\",\"name\":\"Redazione\",\"url\":\"https:\/\/www.intoscana.it\/it\/author\/redazione\/\"}]}<\/script>\n<!-- \/ Yoast SEO Premium plugin. -->","yoast_head_json":{"title":"Piero Pel\u00f9 chiude nella sua Firenze il 'Benvenuto al Mondo Tour' - intoscana","robots":{"index":"index","follow":"follow","max-snippet":"max-snippet:-1","max-image-preview":"max-image-preview:large","max-video-preview":"max-video-preview:-1"},"canonical":"https:\/\/www.intoscana.it\/it\/piero-pelu-concerto-firenze\/","og_locale":"it_IT","og_type":"article","og_title":"Piero Pel\u00f9 chiude nella sua Firenze il 'Benvenuto al Mondo Tour'","og_description":"Venerd\u00ec 22 novembre grande festa sul palco fiorentino con Ghigo Renzulli, Antonio Aiazzi, Gianni Maroccolo, Erriquez e Finaz della Bandabard\u00f2","og_url":"https:\/\/www.intoscana.it\/it\/piero-pelu-concerto-firenze\/","og_site_name":"intoscana","article_publisher":"https:\/\/www.facebook.com\/intoscana.it","article_published_time":"2019-11-21T13:33:23+00:00","article_modified_time":"2020-05-19T13:49:21+00:00","og_image":[{"width":2000,"height":1249,"url":"https:\/\/www.intoscana.it\/wp-content\/uploads\/piero-pelu_foto-di-riccardo-bagnoli_b-1-1.jpg","type":"image\/jpeg"}],"author":"Redazione","twitter_card":"summary_large_image","twitter_creator":"@intoscana","twitter_site":"@intoscana","twitter_misc":{"Written by":"Redazione","Est. reading time":"2 minuti"},"schema":{"@context":"https:\/\/schema.org","@graph":[{"@type":"WebPage","@id":"https:\/\/www.intoscana.it\/it\/piero-pelu-concerto-firenze\/","url":"https:\/\/www.intoscana.it\/it\/piero-pelu-concerto-firenze\/","name":"Piero Pel\u00f9 chiude nella sua Firenze il 'Benvenuto al Mondo Tour' - intoscana","isPartOf":{"@id":"https:\/\/www.intoscana.it\/it\/#website"},"primaryImageOfPage":{"@id":"https:\/\/www.intoscana.it\/it\/piero-pelu-concerto-firenze\/#primaryimage"},"image":{"@id":"https:\/\/www.intoscana.it\/it\/piero-pelu-concerto-firenze\/#primaryimage"},"thumbnailUrl":"https:\/\/www.intoscana.it\/wp-content\/uploads\/piero-pelu_foto-di-riccardo-bagnoli_b-1-1.jpg","datePublished":"2019-11-21T13:33:23+00:00","dateModified":"2020-05-19T13:49:21+00:00","author":{"@id":"https:\/\/www.intoscana.it\/it\/#\/schema\/person\/9223810753230f20bd670fdd322661f8"},"breadcrumb":{"@id":"https:\/\/www.intoscana.it\/it\/piero-pelu-concerto-firenze\/#breadcrumb"},"inLanguage":"it-IT","potentialAction":[{"@type":"ReadAction","target":["https:\/\/www.intoscana.it\/it\/piero-pelu-concerto-firenze\/"]}]},{"@type":"ImageObject","inLanguage":"it-IT","@id":"https:\/\/www.intoscana.it\/it\/piero-pelu-concerto-firenze\/#primaryimage","url":"https:\/\/www.intoscana.it\/wp-content\/uploads\/piero-pelu_foto-di-riccardo-bagnoli_b-1-1.jpg","contentUrl":"https:\/\/www.intoscana.it\/wp-content\/uploads\/piero-pelu_foto-di-riccardo-bagnoli_b-1-1.jpg","width":2000,"height":1249,"caption":"Piero Pel\u00f9"},{"@type":"BreadcrumbList","@id":"https:\/\/www.intoscana.it\/it\/piero-pelu-concerto-firenze\/#breadcrumb","itemListElement":[{"@type":"ListItem","position":1,"name":"Home","item":"https:\/\/www.intoscana.it\/it\/"},{"@type":"ListItem","position":2,"name":"Piero Pel\u00f9 chiude nella sua Firenze il &#8216;Benvenuto al Mondo Tour&#8217;"}]},{"@type":"WebSite","@id":"https:\/\/www.intoscana.it\/it\/#website","url":"https:\/\/www.intoscana.it\/it\/","name":"intoscana","description":"","potentialAction":[{"@type":"SearchAction","target":{"@type":"EntryPoint","urlTemplate":"https:\/\/www.intoscana.it\/it\/?s={search_term_string}"},"query-input":{"@type":"PropertyValueSpecification","valueRequired":true,"valueName":"search_term_string"}}],"inLanguage":"it-IT"},{"@type":"Person","@id":"https:\/\/www.intoscana.it\/it\/#\/schema\/person\/9223810753230f20bd670fdd322661f8","name":"Redazione","url":"https:\/\/www.intoscana.it\/it\/author\/redazione\/"}]}},"_links":{"self":[{"href":"https:\/\/www.intoscana.it\/it\/wp-json\/wp\/v2\/posts\/60931","targetHints":{"allow":["GET"]}}],"collection":[{"href":"https:\/\/www.intoscana.it\/it\/wp-json\/wp\/v2\/posts"}],"about":[{"href":"https:\/\/www.intoscana.it\/it\/wp-json\/wp\/v2\/types\/post"}],"author":[{"embeddable":true,"href":"https:\/\/www.intoscana.it\/it\/wp-json\/wp\/v2\/users\/525"}],"replies":[{"embeddable":true,"href":"https:\/\/www.intoscana.it\/it\/wp-json\/wp\/v2\/comments?post=60931"}],"version-history":[{"count":0,"href":"https:\/\/www.intoscana.it\/it\/wp-json\/wp\/v2\/posts\/60931\/revisions"}],"wp:featuredmedia":[{"embeddable":true,"href":"https:\/\/www.intoscana.it\/it\/wp-json\/wp\/v2\/media\/98235"}],"wp:attachment":[{"href":"https:\/\/www.intoscana.it\/it\/wp-json\/wp\/v2\/media?parent=60931"}],"wp:term":[{"taxonomy":"category","embeddable":true,"href":"https:\/\/www.intoscana.it\/it\/wp-json\/wp\/v2\/categories?post=60931"},{"taxonomy":"post_tag","embeddable":true,"href":"https:\/\/www.intoscana.it\/it\/wp-json\/wp\/v2\/tags?post=60931"}],"curies":[{"name":"wp","href":"https:\/\/api.w.org\/{rel}","templated":true}]}}