{"id":60942,"date":"2020-01-23T09:49:20","date_gmt":"2020-01-23T09:49:20","guid":{"rendered":"http:\/\/www.intoscana.it\/per-quattro-giorni-firenze-sara-la-capitale-internazionale-dello-swing\/"},"modified":"2020-05-19T15:49:23","modified_gmt":"2020-05-19T13:49:23","slug":"florence-swing-festival","status":"publish","type":"post","link":"https:\/\/www.intoscana.it\/it\/florence-swing-festival\/","title":{"rendered":"Per quattro giorni Firenze sar\u00e0 la capitale internazionale dello swing"},"content":{"rendered":"<p><strong>Da gioved\u00ec 23 a domenica 26 gennaio 2020<\/strong> arriva la quarta edizione del<strong> \u201cFlorence Swing Camp\u201d,<\/strong> appuntamento organizzato da <strong>Tuballoswing<\/strong> con il Patrocinio del Consiglio Regionale della Toscana e del Comune di Firenze e che richiama nel capoluogo toscano <strong>appassionati di swing per ballare Lindy Hop, Charleston, Solo Jazz, Balboa e Shag<\/strong>. Il <strong>Florence Swing Camp<\/strong> vedr\u00e0 <strong>un intero weekend di lezioni durante il giorno con insegnanti internazionali e quattro serate con esibizioni, show, musica dal vivo e special guest.<\/strong> Luogo delle lezioni<strong> la sede di Tuballoswing <\/strong>in via Francesco Baracca a Firenze: il <strong>\u201cRenassance Firenze \u2013 Renny\u201d.<\/strong><\/p>\n<p>\u201cFirenze negli anni &#8217;50 fu un punto di riferimento per questo mondo a livello nazionale \u2013 ricorda la <strong>vice presidente del Consiglio comunale di Firenze Maria Federica Giuliani<\/strong> \u2013 e ci piacerebbe tornasse ad esserlo coinvolgendo sempre pi\u00f9 persone e valorizzando spazi della citt\u00e0 che ricreando quell\u2019atmosfera vintage possono ritrovare nuove identit\u00e0 e sono perfettamente adatti a manifestazioni come queste. Dopo il featival jazz dell&#8217;Estate Fiorentina, caratterizzare Firenze anche come luogo conosciuto per il ballo e farne sede di un festival sarebbe importante anche dal punto di vista culturale e turistico. <strong>Gli organizzatori hanno infatti pensato anche a chi viene per la prima volta a Firenze e hanno organizzato una passeggiata per le strade di Firenze<\/strong> la domenica mattina seguendo un percorso e un racconto che si snoda tra i principali monumenti, si sofferma anche sui dettagli di facciate, palazzi e chiese, a volte trascurati da una visita tradizionale della citt\u00e0. Un\u2019occasione \u2013 conclude la vice presidente del Consiglio comunale di Firenze Maria Federica Giuliani \u2013 per far rivivere quelle atmosfere ed un veicolo di conoscenza della nostra citt\u00e0\u201d.<\/p>\n<p><strong>Una manifestazione anche attenta anche natura e alla sostenibilit\u00e0<\/strong>, in linea con quanto stabilito da comune e regione in tema di protezione dell&#8217;ambiente ed ecosostenibilit\u00e0,<strong> ai partecipanti sar\u00e0 regalata una borraccia in alluminio e tutti i cocktail saranno serviti con cannucce biodegradabili.<\/strong> Anche per le bottigliette di acqua servite saranno tutte in vetro e riconsegnando la bottiglia vuota verr\u00e0 reso un euro come si faceva una volta. Altra particolarit\u00e0 della manifestazione \u00e8 il coinvolgimento degli allievi allo spettacolo finale:<strong> le lezioni del sabato e della domenica saranno finalizzati anche all&#8217;imparare una coreografia da inserire nello show preparato dagli insegnanti venuti dalla Svezia.<\/strong><\/p>\n","protected":false},"excerpt":{"rendered":"<p>Nel prossimo fine settimana da gioved\u00ec 23 a domenica 26 nel capoluogo toscano insegnanti e ballerini da tutto il mondo per il Florence Swing Festival<\/p>\n","protected":false},"author":525,"featured_media":98245,"comment_status":"open","ping_status":"open","sticky":false,"template":"","format":"standard","meta":{"_acf_changed":false,"footnotes":""},"categories":[14],"tags":[],"class_list":["post-60942","post","type-post","status-publish","format-standard","has-post-thumbnail","hentry","category-musica"],"acf":[],"yoast_head":"<!-- This site is optimized with the Yoast SEO Premium plugin v24.2 (Yoast SEO v25.6) - https:\/\/yoast.com\/wordpress\/plugins\/seo\/ -->\n<title>Per quattro giorni Firenze sar\u00e0 la capitale internazionale dello swing - intoscana<\/title>\n<meta name=\"robots\" content=\"index, follow, max-snippet:-1, max-image-preview:large, max-video-preview:-1\" \/>\n<link rel=\"canonical\" href=\"https:\/\/www.intoscana.it\/it\/florence-swing-festival\/\" \/>\n<meta property=\"og:locale\" content=\"it_IT\" \/>\n<meta property=\"og:type\" content=\"article\" \/>\n<meta property=\"og:title\" content=\"Per quattro giorni Firenze sar\u00e0 la capitale internazionale dello swing\" \/>\n<meta property=\"og:description\" content=\"Nel prossimo fine settimana da gioved\u00ec 23 a domenica 26 nel capoluogo toscano insegnanti e ballerini da tutto il mondo per il Florence Swing Festival\" \/>\n<meta property=\"og:url\" content=\"https:\/\/www.intoscana.it\/it\/florence-swing-festival\/\" \/>\n<meta property=\"og:site_name\" content=\"intoscana\" \/>\n<meta property=\"article:publisher\" content=\"https:\/\/www.facebook.com\/intoscana.it\" \/>\n<meta property=\"article:published_time\" content=\"2020-01-23T09:49:20+00:00\" \/>\n<meta property=\"article:modified_time\" content=\"2020-05-19T13:49:23+00:00\" \/>\n<meta property=\"og:image\" content=\"https:\/\/www.intoscana.it\/wp-content\/uploads\/swing-kids_low2-1.jpg\" \/>\n\t<meta property=\"og:image:width\" content=\"2000\" \/>\n\t<meta property=\"og:image:height\" content=\"1329\" \/>\n\t<meta property=\"og:image:type\" content=\"image\/jpeg\" \/>\n<meta name=\"author\" content=\"Redazione\" \/>\n<meta name=\"twitter:card\" content=\"summary_large_image\" \/>\n<meta name=\"twitter:creator\" content=\"@intoscana\" \/>\n<meta name=\"twitter:site\" content=\"@intoscana\" \/>\n<meta name=\"twitter:label1\" content=\"Written by\" \/>\n\t<meta name=\"twitter:data1\" content=\"Redazione\" \/>\n\t<meta name=\"twitter:label2\" content=\"Est. reading time\" \/>\n\t<meta name=\"twitter:data2\" content=\"2 minuti\" \/>\n<script type=\"application\/ld+json\" class=\"yoast-schema-graph\">{\"@context\":\"https:\/\/schema.org\",\"@graph\":[{\"@type\":\"WebPage\",\"@id\":\"https:\/\/www.intoscana.it\/it\/florence-swing-festival\/\",\"url\":\"https:\/\/www.intoscana.it\/it\/florence-swing-festival\/\",\"name\":\"Per quattro giorni Firenze sar\u00e0 la capitale internazionale dello swing - intoscana\",\"isPartOf\":{\"@id\":\"https:\/\/www.intoscana.it\/it\/#website\"},\"primaryImageOfPage\":{\"@id\":\"https:\/\/www.intoscana.it\/it\/florence-swing-festival\/#primaryimage\"},\"image\":{\"@id\":\"https:\/\/www.intoscana.it\/it\/florence-swing-festival\/#primaryimage\"},\"thumbnailUrl\":\"https:\/\/www.intoscana.it\/wp-content\/uploads\/swing-kids_low2-1.jpg\",\"datePublished\":\"2020-01-23T09:49:20+00:00\",\"dateModified\":\"2020-05-19T13:49:23+00:00\",\"author\":{\"@id\":\"https:\/\/www.intoscana.it\/it\/#\/schema\/person\/9223810753230f20bd670fdd322661f8\"},\"breadcrumb\":{\"@id\":\"https:\/\/www.intoscana.it\/it\/florence-swing-festival\/#breadcrumb\"},\"inLanguage\":\"it-IT\",\"potentialAction\":[{\"@type\":\"ReadAction\",\"target\":[\"https:\/\/www.intoscana.it\/it\/florence-swing-festival\/\"]}]},{\"@type\":\"ImageObject\",\"inLanguage\":\"it-IT\",\"@id\":\"https:\/\/www.intoscana.it\/it\/florence-swing-festival\/#primaryimage\",\"url\":\"https:\/\/www.intoscana.it\/wp-content\/uploads\/swing-kids_low2-1.jpg\",\"contentUrl\":\"https:\/\/www.intoscana.it\/wp-content\/uploads\/swing-kids_low2-1.jpg\",\"width\":2000,\"height\":1329,\"caption\":\"Florence Swing Festival\"},{\"@type\":\"BreadcrumbList\",\"@id\":\"https:\/\/www.intoscana.it\/it\/florence-swing-festival\/#breadcrumb\",\"itemListElement\":[{\"@type\":\"ListItem\",\"position\":1,\"name\":\"Home\",\"item\":\"https:\/\/www.intoscana.it\/it\/\"},{\"@type\":\"ListItem\",\"position\":2,\"name\":\"Per quattro giorni Firenze sar\u00e0 la capitale internazionale dello swing\"}]},{\"@type\":\"WebSite\",\"@id\":\"https:\/\/www.intoscana.it\/it\/#website\",\"url\":\"https:\/\/www.intoscana.it\/it\/\",\"name\":\"intoscana\",\"description\":\"\",\"potentialAction\":[{\"@type\":\"SearchAction\",\"target\":{\"@type\":\"EntryPoint\",\"urlTemplate\":\"https:\/\/www.intoscana.it\/it\/?s={search_term_string}\"},\"query-input\":{\"@type\":\"PropertyValueSpecification\",\"valueRequired\":true,\"valueName\":\"search_term_string\"}}],\"inLanguage\":\"it-IT\"},{\"@type\":\"Person\",\"@id\":\"https:\/\/www.intoscana.it\/it\/#\/schema\/person\/9223810753230f20bd670fdd322661f8\",\"name\":\"Redazione\",\"url\":\"https:\/\/www.intoscana.it\/it\/author\/redazione\/\"}]}<\/script>\n<!-- \/ Yoast SEO Premium plugin. -->","yoast_head_json":{"title":"Per quattro giorni Firenze sar\u00e0 la capitale internazionale dello swing - intoscana","robots":{"index":"index","follow":"follow","max-snippet":"max-snippet:-1","max-image-preview":"max-image-preview:large","max-video-preview":"max-video-preview:-1"},"canonical":"https:\/\/www.intoscana.it\/it\/florence-swing-festival\/","og_locale":"it_IT","og_type":"article","og_title":"Per quattro giorni Firenze sar\u00e0 la capitale internazionale dello swing","og_description":"Nel prossimo fine settimana da gioved\u00ec 23 a domenica 26 nel capoluogo toscano insegnanti e ballerini da tutto il mondo per il Florence Swing Festival","og_url":"https:\/\/www.intoscana.it\/it\/florence-swing-festival\/","og_site_name":"intoscana","article_publisher":"https:\/\/www.facebook.com\/intoscana.it","article_published_time":"2020-01-23T09:49:20+00:00","article_modified_time":"2020-05-19T13:49:23+00:00","og_image":[{"width":2000,"height":1329,"url":"https:\/\/www.intoscana.it\/wp-content\/uploads\/swing-kids_low2-1.jpg","type":"image\/jpeg"}],"author":"Redazione","twitter_card":"summary_large_image","twitter_creator":"@intoscana","twitter_site":"@intoscana","twitter_misc":{"Written by":"Redazione","Est. reading time":"2 minuti"},"schema":{"@context":"https:\/\/schema.org","@graph":[{"@type":"WebPage","@id":"https:\/\/www.intoscana.it\/it\/florence-swing-festival\/","url":"https:\/\/www.intoscana.it\/it\/florence-swing-festival\/","name":"Per quattro giorni Firenze sar\u00e0 la capitale internazionale dello swing - intoscana","isPartOf":{"@id":"https:\/\/www.intoscana.it\/it\/#website"},"primaryImageOfPage":{"@id":"https:\/\/www.intoscana.it\/it\/florence-swing-festival\/#primaryimage"},"image":{"@id":"https:\/\/www.intoscana.it\/it\/florence-swing-festival\/#primaryimage"},"thumbnailUrl":"https:\/\/www.intoscana.it\/wp-content\/uploads\/swing-kids_low2-1.jpg","datePublished":"2020-01-23T09:49:20+00:00","dateModified":"2020-05-19T13:49:23+00:00","author":{"@id":"https:\/\/www.intoscana.it\/it\/#\/schema\/person\/9223810753230f20bd670fdd322661f8"},"breadcrumb":{"@id":"https:\/\/www.intoscana.it\/it\/florence-swing-festival\/#breadcrumb"},"inLanguage":"it-IT","potentialAction":[{"@type":"ReadAction","target":["https:\/\/www.intoscana.it\/it\/florence-swing-festival\/"]}]},{"@type":"ImageObject","inLanguage":"it-IT","@id":"https:\/\/www.intoscana.it\/it\/florence-swing-festival\/#primaryimage","url":"https:\/\/www.intoscana.it\/wp-content\/uploads\/swing-kids_low2-1.jpg","contentUrl":"https:\/\/www.intoscana.it\/wp-content\/uploads\/swing-kids_low2-1.jpg","width":2000,"height":1329,"caption":"Florence Swing Festival"},{"@type":"BreadcrumbList","@id":"https:\/\/www.intoscana.it\/it\/florence-swing-festival\/#breadcrumb","itemListElement":[{"@type":"ListItem","position":1,"name":"Home","item":"https:\/\/www.intoscana.it\/it\/"},{"@type":"ListItem","position":2,"name":"Per quattro giorni Firenze sar\u00e0 la capitale internazionale dello swing"}]},{"@type":"WebSite","@id":"https:\/\/www.intoscana.it\/it\/#website","url":"https:\/\/www.intoscana.it\/it\/","name":"intoscana","description":"","potentialAction":[{"@type":"SearchAction","target":{"@type":"EntryPoint","urlTemplate":"https:\/\/www.intoscana.it\/it\/?s={search_term_string}"},"query-input":{"@type":"PropertyValueSpecification","valueRequired":true,"valueName":"search_term_string"}}],"inLanguage":"it-IT"},{"@type":"Person","@id":"https:\/\/www.intoscana.it\/it\/#\/schema\/person\/9223810753230f20bd670fdd322661f8","name":"Redazione","url":"https:\/\/www.intoscana.it\/it\/author\/redazione\/"}]}},"_links":{"self":[{"href":"https:\/\/www.intoscana.it\/it\/wp-json\/wp\/v2\/posts\/60942","targetHints":{"allow":["GET"]}}],"collection":[{"href":"https:\/\/www.intoscana.it\/it\/wp-json\/wp\/v2\/posts"}],"about":[{"href":"https:\/\/www.intoscana.it\/it\/wp-json\/wp\/v2\/types\/post"}],"author":[{"embeddable":true,"href":"https:\/\/www.intoscana.it\/it\/wp-json\/wp\/v2\/users\/525"}],"replies":[{"embeddable":true,"href":"https:\/\/www.intoscana.it\/it\/wp-json\/wp\/v2\/comments?post=60942"}],"version-history":[{"count":0,"href":"https:\/\/www.intoscana.it\/it\/wp-json\/wp\/v2\/posts\/60942\/revisions"}],"wp:featuredmedia":[{"embeddable":true,"href":"https:\/\/www.intoscana.it\/it\/wp-json\/wp\/v2\/media\/98245"}],"wp:attachment":[{"href":"https:\/\/www.intoscana.it\/it\/wp-json\/wp\/v2\/media?parent=60942"}],"wp:term":[{"taxonomy":"category","embeddable":true,"href":"https:\/\/www.intoscana.it\/it\/wp-json\/wp\/v2\/categories?post=60942"},{"taxonomy":"post_tag","embeddable":true,"href":"https:\/\/www.intoscana.it\/it\/wp-json\/wp\/v2\/tags?post=60942"}],"curies":[{"name":"wp","href":"https:\/\/api.w.org\/{rel}","templated":true}]}}