{"id":60948,"date":"2019-03-05T12:41:38","date_gmt":"2019-03-05T12:41:38","guid":{"rendered":"http:\/\/www.intoscana.it\/anna-rakitina-sul-podio-del-maggio-per-la-festa-della-donna\/"},"modified":"2020-05-18T10:08:55","modified_gmt":"2020-05-18T08:08:55","slug":"anna-rakitina-sul-podio-del-maggio-per-la-festa-della-donna","status":"publish","type":"post","link":"https:\/\/www.intoscana.it\/it\/anna-rakitina-sul-podio-del-maggio-per-la-festa-della-donna\/","title":{"rendered":"Anna Rakitina sul podio del Maggio per la Festa della donna"},"content":{"rendered":"<p>Una giovane e talentuosa direttrice d\u2019orchestra sul podio del Maggio in occasione della Festa della donna. Sar\u00e0 <strong>Anna Rakitina a dirigere l\u2019Orchestra del Maggio Musicale Fiorentino l\u20198 marzo<\/strong> in un concerto durante il quale verr\u00e0 eseguito <em><strong>D\u2019un matin de printemps<\/strong> <\/em>per orchestra di Lili Boulanger, la <em><strong>Sinfonia del mare<\/strong><\/em> di Gian Francesco Malipiero e la <em><strong>Sinfonia n. 6 in do maggiore D. 589<\/strong> <\/em>di Franz Schubert.<\/p>\n<p>C\u2019\u00e8 un filo rosso che unisce i brani in programma, <strong>tutte le composizioni sono frutto di autori ventenni:<\/strong> la Boulanger aveva 24 anni all&#8217;epoca, Malipiero altrettanto, Schubert invece venti<strong>. Giovani musicisti interpretati da un giovane direttore donna<\/strong> che &#8211; come Lorenzo Viotti appena salito sul podio del Maggio &#8211; \u00e8 a pochi giorni dal festeggiare il trentesimo compleanno. <strong>Alle signore che parteciperanno alla serata, verranno riservati dei biglietti a prezzo ridotto e un omaggio del brand Teatro Fragranze Uniche. <\/strong><\/p>\n<p><strong>Anna Rakitina nata a Mosca, \u00e8 uno dei pi\u00f9 promettenti direttori della sua generazione<\/strong> e si \u00e8 distinta in vari concorsi di direzione d\u2019orchestra, vincendo il 3\u00b0 premio alla TCO International Conducting Competition di Taipei (2015) e al Deutscher Dirigentenpreis di Colonia (2017) e il 2\u00b0 premio alla Malko Competition di Copenhagen (2018). Ha iniziato la sua carriera come violinista, per studiare poi direzione d\u2019orchestra al Conservatorio \u010cajkovskij di Mosca con Stanislav Dyachenko (assistente di Gennadij Ro\u017edestvenskij) e, dal 2016 al 2018, alla Hochschule f\u00fcr Musik und Theater di Amburgo con Ulrich Windfuhr, partecipando inoltre a masterclasses di Alan Gilbert (2016) e Bernard Haitink (2017) a Lucerna, nonch\u00e9 di Gennadij Ro\u017edestvenskij, Vladimir Jurowski e Johannes Schlaefli. Nel giugno 2018 Anna Rakitina \u00e8 finalista del Workshop with Critical Orchestra di Berlino e, durante gli anni di studio, dirige, fra l\u2019altro, Evgenij Onegin e Iolanta di \u010cajkovskij, Aleko di Rachmaninov e The Rape of Lucretia di Britten. In ambito sinfonico ha guidato celebri orchestre quali: WDR Sinfonieorchester, G\u00fcrzenich-Orchester K\u00f6ln, Frankfurter Opern- und Museumsorchester, Danish National Symphony, Lucerne Festival Strings e Festival Academy Orchestra, George Enescu Philharmonic di Bucarest, Symphoniker Hamburg, Meininger Hofkapelle, National Philharmonic Orchestra di Russia, Concert Symphony Orchestra del Conservatorio \u010cajkovskij di Mosca, Taipei Symphony, National Taiwan Symphony, Royal Northern College of Music Chamber Orchestra. Nel 2017 \u00e8 stata direttore ospite della Taiwan National Orchestra e nel 2018 dell\u2019Orchestra Sinfonica di Stato di Mosca, nonch\u00e9 membro dell\u2019Orchestra Filarmonica Nazionale Russa. Insieme al direttore Sergei Akimov Anna Rakitina ha fondato l\u2019orchestra da camera \u201cAffrettando\u201d, divenuta in breve ben nota a Mosca, grazie all\u2019alta professionalit\u00e0 dei musicisti, che eseguono programmi di grande interesse.<\/p>\n<p><strong>Per informazioni:<\/strong><br \/><a href=\"https:\/\/www.maggiofiorentino.com\" target=\"_blank\" rel=\"noopener noreferrer\"><strong>https:\/\/www.maggiofiorentino.com<\/strong><\/a><\/p>\n<a class=\"googlemapbutton\" href=\"https:\/\/www.google.com\/maps\/search\/?api=1&#038;query=Teatro%20del%20Maggio%20Musicale+piazza%20Vittorio%20Gui,%201+Firenze\" target=\"_blank\">Vedi mappa <i class=\"fas fa-map-marker-alt\"><\/i><\/a>\n","protected":false},"excerpt":{"rendered":"<p>La giovane direttrice russa diriger\u00e0 l\u2019Orchestra del Maggio in occasione dell\u20198 marzo, promozioni e un omaggio riservato a tutte le signore che parteciperanno alla serata<\/p>\n","protected":false},"author":525,"featured_media":98250,"comment_status":"open","ping_status":"open","sticky":false,"template":"","format":"standard","meta":{"_acf_changed":false,"footnotes":""},"categories":[14],"tags":[],"class_list":["post-60948","post","type-post","status-publish","format-standard","has-post-thumbnail","hentry","category-musica"],"acf":[],"yoast_head":"<!-- This site is optimized with the Yoast SEO Premium plugin v24.2 (Yoast SEO v25.6) - https:\/\/yoast.com\/wordpress\/plugins\/seo\/ -->\n<title>Anna Rakitina sul podio del Maggio per la Festa della donna - intoscana<\/title>\n<meta name=\"description\" content=\"Anna Rakitina sul podio del Maggio per la Festa della donna\" \/>\n<meta name=\"robots\" content=\"index, follow, max-snippet:-1, max-image-preview:large, max-video-preview:-1\" \/>\n<link rel=\"canonical\" href=\"https:\/\/www.intoscana.it\/it\/anna-rakitina-sul-podio-del-maggio-per-la-festa-della-donna\/\" \/>\n<meta property=\"og:locale\" content=\"it_IT\" \/>\n<meta property=\"og:type\" content=\"article\" \/>\n<meta property=\"og:title\" content=\"Anna Rakitina sul podio del Maggio per la Festa della donna\" \/>\n<meta property=\"og:description\" content=\"Anna Rakitina sul podio del Maggio per la Festa della donna\" \/>\n<meta property=\"og:url\" content=\"https:\/\/www.intoscana.it\/it\/anna-rakitina-sul-podio-del-maggio-per-la-festa-della-donna\/\" \/>\n<meta property=\"og:site_name\" content=\"intoscana\" \/>\n<meta property=\"article:publisher\" content=\"https:\/\/www.facebook.com\/intoscana.it\" \/>\n<meta property=\"article:published_time\" content=\"2019-03-05T12:41:38+00:00\" \/>\n<meta property=\"article:modified_time\" content=\"2020-05-18T08:08:55+00:00\" \/>\n<meta property=\"og:image\" content=\"https:\/\/www.intoscana.it\/wp-content\/uploads\/anna-rakitina-3-julia-piven.jpg\" \/>\n\t<meta property=\"og:image:width\" content=\"2000\" \/>\n\t<meta property=\"og:image:height\" content=\"1334\" \/>\n\t<meta property=\"og:image:type\" content=\"image\/jpeg\" \/>\n<meta name=\"author\" content=\"Redazione\" \/>\n<meta name=\"twitter:card\" content=\"summary_large_image\" \/>\n<meta name=\"twitter:creator\" content=\"@intoscana\" \/>\n<meta name=\"twitter:site\" content=\"@intoscana\" \/>\n<meta name=\"twitter:label1\" content=\"Written by\" \/>\n\t<meta name=\"twitter:data1\" content=\"Redazione\" \/>\n\t<meta name=\"twitter:label2\" content=\"Est. reading time\" \/>\n\t<meta name=\"twitter:data2\" content=\"2 minuti\" \/>\n<script type=\"application\/ld+json\" class=\"yoast-schema-graph\">{\"@context\":\"https:\/\/schema.org\",\"@graph\":[{\"@type\":\"WebPage\",\"@id\":\"https:\/\/www.intoscana.it\/it\/anna-rakitina-sul-podio-del-maggio-per-la-festa-della-donna\/\",\"url\":\"https:\/\/www.intoscana.it\/it\/anna-rakitina-sul-podio-del-maggio-per-la-festa-della-donna\/\",\"name\":\"Anna Rakitina sul podio del Maggio per la Festa della donna - intoscana\",\"isPartOf\":{\"@id\":\"https:\/\/www.intoscana.it\/it\/#website\"},\"primaryImageOfPage\":{\"@id\":\"https:\/\/www.intoscana.it\/it\/anna-rakitina-sul-podio-del-maggio-per-la-festa-della-donna\/#primaryimage\"},\"image\":{\"@id\":\"https:\/\/www.intoscana.it\/it\/anna-rakitina-sul-podio-del-maggio-per-la-festa-della-donna\/#primaryimage\"},\"thumbnailUrl\":\"https:\/\/www.intoscana.it\/wp-content\/uploads\/anna-rakitina-3-julia-piven.jpg\",\"datePublished\":\"2019-03-05T12:41:38+00:00\",\"dateModified\":\"2020-05-18T08:08:55+00:00\",\"author\":{\"@id\":\"https:\/\/www.intoscana.it\/it\/#\/schema\/person\/9223810753230f20bd670fdd322661f8\"},\"description\":\"Anna Rakitina sul podio del Maggio per la Festa della donna\",\"breadcrumb\":{\"@id\":\"https:\/\/www.intoscana.it\/it\/anna-rakitina-sul-podio-del-maggio-per-la-festa-della-donna\/#breadcrumb\"},\"inLanguage\":\"it-IT\",\"potentialAction\":[{\"@type\":\"ReadAction\",\"target\":[\"https:\/\/www.intoscana.it\/it\/anna-rakitina-sul-podio-del-maggio-per-la-festa-della-donna\/\"]}]},{\"@type\":\"ImageObject\",\"inLanguage\":\"it-IT\",\"@id\":\"https:\/\/www.intoscana.it\/it\/anna-rakitina-sul-podio-del-maggio-per-la-festa-della-donna\/#primaryimage\",\"url\":\"https:\/\/www.intoscana.it\/wp-content\/uploads\/anna-rakitina-3-julia-piven.jpg\",\"contentUrl\":\"https:\/\/www.intoscana.it\/wp-content\/uploads\/anna-rakitina-3-julia-piven.jpg\",\"width\":2000,\"height\":1334},{\"@type\":\"BreadcrumbList\",\"@id\":\"https:\/\/www.intoscana.it\/it\/anna-rakitina-sul-podio-del-maggio-per-la-festa-della-donna\/#breadcrumb\",\"itemListElement\":[{\"@type\":\"ListItem\",\"position\":1,\"name\":\"Home\",\"item\":\"https:\/\/www.intoscana.it\/it\/\"},{\"@type\":\"ListItem\",\"position\":2,\"name\":\"Anna Rakitina sul podio del Maggio per la Festa della donna\"}]},{\"@type\":\"WebSite\",\"@id\":\"https:\/\/www.intoscana.it\/it\/#website\",\"url\":\"https:\/\/www.intoscana.it\/it\/\",\"name\":\"intoscana\",\"description\":\"\",\"potentialAction\":[{\"@type\":\"SearchAction\",\"target\":{\"@type\":\"EntryPoint\",\"urlTemplate\":\"https:\/\/www.intoscana.it\/it\/?s={search_term_string}\"},\"query-input\":{\"@type\":\"PropertyValueSpecification\",\"valueRequired\":true,\"valueName\":\"search_term_string\"}}],\"inLanguage\":\"it-IT\"},{\"@type\":\"Person\",\"@id\":\"https:\/\/www.intoscana.it\/it\/#\/schema\/person\/9223810753230f20bd670fdd322661f8\",\"name\":\"Redazione\",\"url\":\"https:\/\/www.intoscana.it\/it\/author\/redazione\/\"}]}<\/script>\n<!-- \/ Yoast SEO Premium plugin. -->","yoast_head_json":{"title":"Anna Rakitina sul podio del Maggio per la Festa della donna - intoscana","description":"Anna Rakitina sul podio del Maggio per la Festa della donna","robots":{"index":"index","follow":"follow","max-snippet":"max-snippet:-1","max-image-preview":"max-image-preview:large","max-video-preview":"max-video-preview:-1"},"canonical":"https:\/\/www.intoscana.it\/it\/anna-rakitina-sul-podio-del-maggio-per-la-festa-della-donna\/","og_locale":"it_IT","og_type":"article","og_title":"Anna Rakitina sul podio del Maggio per la Festa della donna","og_description":"Anna Rakitina sul podio del Maggio per la Festa della donna","og_url":"https:\/\/www.intoscana.it\/it\/anna-rakitina-sul-podio-del-maggio-per-la-festa-della-donna\/","og_site_name":"intoscana","article_publisher":"https:\/\/www.facebook.com\/intoscana.it","article_published_time":"2019-03-05T12:41:38+00:00","article_modified_time":"2020-05-18T08:08:55+00:00","og_image":[{"width":2000,"height":1334,"url":"https:\/\/www.intoscana.it\/wp-content\/uploads\/anna-rakitina-3-julia-piven.jpg","type":"image\/jpeg"}],"author":"Redazione","twitter_card":"summary_large_image","twitter_creator":"@intoscana","twitter_site":"@intoscana","twitter_misc":{"Written by":"Redazione","Est. reading time":"2 minuti"},"schema":{"@context":"https:\/\/schema.org","@graph":[{"@type":"WebPage","@id":"https:\/\/www.intoscana.it\/it\/anna-rakitina-sul-podio-del-maggio-per-la-festa-della-donna\/","url":"https:\/\/www.intoscana.it\/it\/anna-rakitina-sul-podio-del-maggio-per-la-festa-della-donna\/","name":"Anna Rakitina sul podio del Maggio per la Festa della donna - intoscana","isPartOf":{"@id":"https:\/\/www.intoscana.it\/it\/#website"},"primaryImageOfPage":{"@id":"https:\/\/www.intoscana.it\/it\/anna-rakitina-sul-podio-del-maggio-per-la-festa-della-donna\/#primaryimage"},"image":{"@id":"https:\/\/www.intoscana.it\/it\/anna-rakitina-sul-podio-del-maggio-per-la-festa-della-donna\/#primaryimage"},"thumbnailUrl":"https:\/\/www.intoscana.it\/wp-content\/uploads\/anna-rakitina-3-julia-piven.jpg","datePublished":"2019-03-05T12:41:38+00:00","dateModified":"2020-05-18T08:08:55+00:00","author":{"@id":"https:\/\/www.intoscana.it\/it\/#\/schema\/person\/9223810753230f20bd670fdd322661f8"},"description":"Anna Rakitina sul podio del Maggio per la Festa della donna","breadcrumb":{"@id":"https:\/\/www.intoscana.it\/it\/anna-rakitina-sul-podio-del-maggio-per-la-festa-della-donna\/#breadcrumb"},"inLanguage":"it-IT","potentialAction":[{"@type":"ReadAction","target":["https:\/\/www.intoscana.it\/it\/anna-rakitina-sul-podio-del-maggio-per-la-festa-della-donna\/"]}]},{"@type":"ImageObject","inLanguage":"it-IT","@id":"https:\/\/www.intoscana.it\/it\/anna-rakitina-sul-podio-del-maggio-per-la-festa-della-donna\/#primaryimage","url":"https:\/\/www.intoscana.it\/wp-content\/uploads\/anna-rakitina-3-julia-piven.jpg","contentUrl":"https:\/\/www.intoscana.it\/wp-content\/uploads\/anna-rakitina-3-julia-piven.jpg","width":2000,"height":1334},{"@type":"BreadcrumbList","@id":"https:\/\/www.intoscana.it\/it\/anna-rakitina-sul-podio-del-maggio-per-la-festa-della-donna\/#breadcrumb","itemListElement":[{"@type":"ListItem","position":1,"name":"Home","item":"https:\/\/www.intoscana.it\/it\/"},{"@type":"ListItem","position":2,"name":"Anna Rakitina sul podio del Maggio per la Festa della donna"}]},{"@type":"WebSite","@id":"https:\/\/www.intoscana.it\/it\/#website","url":"https:\/\/www.intoscana.it\/it\/","name":"intoscana","description":"","potentialAction":[{"@type":"SearchAction","target":{"@type":"EntryPoint","urlTemplate":"https:\/\/www.intoscana.it\/it\/?s={search_term_string}"},"query-input":{"@type":"PropertyValueSpecification","valueRequired":true,"valueName":"search_term_string"}}],"inLanguage":"it-IT"},{"@type":"Person","@id":"https:\/\/www.intoscana.it\/it\/#\/schema\/person\/9223810753230f20bd670fdd322661f8","name":"Redazione","url":"https:\/\/www.intoscana.it\/it\/author\/redazione\/"}]}},"_links":{"self":[{"href":"https:\/\/www.intoscana.it\/it\/wp-json\/wp\/v2\/posts\/60948","targetHints":{"allow":["GET"]}}],"collection":[{"href":"https:\/\/www.intoscana.it\/it\/wp-json\/wp\/v2\/posts"}],"about":[{"href":"https:\/\/www.intoscana.it\/it\/wp-json\/wp\/v2\/types\/post"}],"author":[{"embeddable":true,"href":"https:\/\/www.intoscana.it\/it\/wp-json\/wp\/v2\/users\/525"}],"replies":[{"embeddable":true,"href":"https:\/\/www.intoscana.it\/it\/wp-json\/wp\/v2\/comments?post=60948"}],"version-history":[{"count":0,"href":"https:\/\/www.intoscana.it\/it\/wp-json\/wp\/v2\/posts\/60948\/revisions"}],"wp:featuredmedia":[{"embeddable":true,"href":"https:\/\/www.intoscana.it\/it\/wp-json\/wp\/v2\/media\/98250"}],"wp:attachment":[{"href":"https:\/\/www.intoscana.it\/it\/wp-json\/wp\/v2\/media?parent=60948"}],"wp:term":[{"taxonomy":"category","embeddable":true,"href":"https:\/\/www.intoscana.it\/it\/wp-json\/wp\/v2\/categories?post=60948"},{"taxonomy":"post_tag","embeddable":true,"href":"https:\/\/www.intoscana.it\/it\/wp-json\/wp\/v2\/tags?post=60948"}],"curies":[{"name":"wp","href":"https:\/\/api.w.org\/{rel}","templated":true}]}}