{"id":60965,"date":"2019-10-28T08:44:00","date_gmt":"2019-10-28T08:44:00","guid":{"rendered":"http:\/\/www.intoscana.it\/il-ritorno-del-samurai-senza-padrone-i-ronin-in-concerto-al-glue\/"},"modified":"2020-05-19T15:49:26","modified_gmt":"2020-05-19T13:49:26","slug":"ronin-glue-concerto","status":"publish","type":"post","link":"https:\/\/www.intoscana.it\/it\/ronin-glue-concerto\/","title":{"rendered":"Il ritorno del samurai senza padrone: i Ronin in concerto al Glue"},"content":{"rendered":"<p><strong>Dalle steppe della Mongolia ai canyon dei western americani,<\/strong> i Ronin attraversano senza paura con la loro musica gli spazi aperti. Fondati nel <strong>1999<\/strong> hanno dato alla luce il primo disco omonimo nel <strong>2003,<\/strong> e da allora non si sono pi\u00f9 fermati con il loro sound che unisce il<strong> western morriconiano, l&#8217;isolazionismo chitarristico e certo folk mediterraneo<\/strong>. Dopo l&#8217;ossimorico disco precedente &#8216;<strong>Adagio furioso&#8217;<\/strong> la band formata da <strong>Bruno Dorella e Nicola Manzan<\/strong> alle chitarre, <strong>Roberto Villa<\/strong> al basso ed <strong>Alessandro Vagnoni<\/strong> alla batteria ha dato vita a &#8216;<strong>Bruto Minore&#8217;,<\/strong> un disco che&nbsp;deve il suo nome a uno dei <strong>Canti di Giacomo Leopardi<\/strong>, composto nel dicembre 1821.&nbsp;<strong>I Ronin saranno in concerto al Glue Alternative Concept Space sabato 2 novembre. <\/strong>Ecco la nostra <strong>intervista a Bruno Dorella.<\/strong><\/p>\n<p><strong>Ciao Bruno! Mi sembra incredibile che nel 2019 una band come la vostra vada a riscoprire una poesia di Giacomo Leopardi, tra l\u2019altro bellissima, che io non avevo mai letto. Si parla sempre troppo poco di questo grandissimo poeta italiano secondo me, invece voi avete scelto proprio \u2018Bruto minore\u2019 per dare il titolo al vostro disco, come mai avete scelto questa \u2018canzone\u2019 in particolare?<\/strong><br \/>Io frequento Leopardi regolarmente sin dall\u2019infanzia. In quinta elementare ho portato agli esami \u2018Alla luna\u2019 di Leopardi recitandola davanti alla maestra e alla commissione. Sono legato al poeta da sempre.&nbsp;Bruto Minore fa parte della serie cos\u00ec detta delle canzoni che \u00e8 molto complessa, sono testi di non facile fruizione. In realt\u00e0 questa canzone che ho ripreso in mano casualmente quest\u2019anno mi ha colpito perch\u00e9 affronta dei temi che sono molto cari ai Ronin da sempre. Proprio nel momento in cui stavo lavorando al disco mi capit\u00f2 di leggere questa canzone che, con la scusa di parlare della disfatta di Bruto, va ad esplorare temi come la sconfitta, il fallimento, la bassezza dell\u2019essere umano e il divino dipinto come capriccioso e insensibile al valore dell\u2019uomo. E soprattutto il tema del suicidio visto in modo quasi rituale di libera scelta dell\u2019uomo valoroso, una scelta eroica in contrapposizione alla bassezza, come una via d\u2019uscita liberamente scelta. Mi piace molto questo gesto estremo, tragico, drammatico ma estremamente nobile, al contrario di come viene visto comunemente il suicidio e cio\u00e8 una fuga codarda dalle difficolt\u00e0 della vita. Ho deciso dunque di farne il tema del disco.<\/p>\n<a class=\"fotogallery\" href=\"#modalgallery\" rel=\"modal:open\">sfoglia la gallery <i class=\"fas fa-chevron-right\"><\/i><\/a>\n    <div class=\"modal\" id=\"modalgallery\">\n        <div class=\"gallery\">\n          <div class=\"galleryimg\">\n            <div class=\"slidegallerybig\"> <div class=\"itemimg\">\n            <div class=\"wrapimg\">\n            <img decoding=\"async\" src=\"https:\/\/www.intoscana.it\/wp-content\/uploads\/65573653_10157694728150992_8939893973296611328_n.jpg\">\n            <\/div>\n            <\/div>\n            <\/div>\n          <\/div>\n          <div class=\"asidemenu\">\n            <div class=\"action\">\n              <div class=\"countlidegallery\"><\/div>\n              <div class=\"closegallery\" href=\"#modalgallery\" rel=\"modal:close\"><i class=\"far fa-times\"><\/i><\/div>\n            <\/div>\n            <div class=\"title\">\n              <h2>Il ritorno del samurai senza padrone: i Ronin in concerto al Glue<\/h2>\n              <div class=\"socialarticolo\"> \n            <div class=\"contsocialico\">\n              <ul>\n                <li><a target=\"_blank\" href=\"https:\/\/www.facebook.com\/sharer\/sharer.php?u=https:\/\/www.intoscana.it\/it\/ronin-glue-concerto\/\"> <i class=\"fab fa-facebook-f\"><\/i><\/a><\/li>\n                <li><a target=\"_blank\" href=\"https:\/\/twitter.com\/home?status=https:\/\/www.intoscana.it\/it\/ronin-glue-concerto\/\"> <i class=\"fab fa-twitter\"><\/i><\/a><\/li>\n                <li>\n                  <div class=\"shareall\" target=\"_blank\" href=\"\"> <i class=\"fas fa-share-alt\"><\/i><\/div>\n                  <div class=\"sharemore\">\n                    <ul>\n                      <li><a target=\"_blank\" href=\"https:\/\/www.linkedin.com\/shareArticle?url=https:\/\/www.intoscana.it\/it\/ronin-glue-concerto\/\"> <i class=\"fab fa-linkedin\"><\/i><\/a><\/li>\n                      <li><a target=\"_blank\" href=\"http:\/\/www.pinterest.com\/pin\/create\/bookmarklet\/?url=https:\/\/www.intoscana.it\/it\/ronin-glue-concerto\/\"> <i class=\"fab fa-pinterest\"><\/i><\/a><\/li>\n                      <li><a target=\"_blank\" href=\"mailto?subject=Il ritorno del samurai senza padrone: i Ronin in concerto al Glue&body=https:\/\/www.intoscana.it\/it\/ronin-glue-concerto\/\"> <i class=\"fas fa-envelope\"><\/i><\/a><\/li>\n                    <\/ul>\n                    <div class=\"closesharemore\">\n                    <i class=\"fas fa-times\"><\/i>\n                    <\/div>\n                  <\/div>\n                <\/li>\n              <\/ul>\n            <\/div>\n          <\/div>\n        <\/div>\n          <\/div>\n        <\/div>\n      <\/div>\n<p><strong>Mi sembra che questo disco contenga tutti quelli che sono i vostri grandi amori, come per esempio il pezzo &#8216;Oregon&#8217; di cui c\u2019\u00e8 un bellissimo video tra l\u2019altro girato in Toscana, ricorda un po\u2019 le atmosfere western che voi avete gi\u00e0 frequentato anche nel disco prima \u2018Adagio Furioso\u2019.<\/strong><br \/>Siamo partiti sin dal primo album nel 2002 con queste suggestioni western, l\u2019ispirazione principale erano i film di Morricone, negli anni ci siamo evoluti anche verso altre cose ma le colonne sonore sono sempre state alla base della musica dei Ronin. All\u2019inizio erano soprattutto Morricone e Badalamenti a ispirarci, poi nel corso degli anni sono arrivate altre influenze tramite i miei ascolti, in particolare le colonne sonore dei film di arti marziali cinesi. Inoltre non dimentichiamo mai la colonna sonora di Neil Young per Dead Man di Jarmush. In Oregon ho buttato dentro anche altre due mie ossessioni, che forse sembreranno buffe: ovvero gli Iron Maiden e i Big Country. Gli Iron Maiden immagino che pur essendo nel 2019 qualcuno ancora se li ricordi, mentre i Big Country sono un gruppo scozzese degli anni \u201880, pi\u00f9 o meno dimenticato, hanno fatto tre album veramente buoni e qualche altro meno buono. Il cantante poi si \u00e8 suicidato quindi il gruppo ha chiuso. Hanno la caratteristica di avere queste chitarre che suonano spessissimo in assolo per gran parte dei pezzi, fino a raggiungere un effetto che sembra quello delle cornamuse. In Scozia questo li ha resi quasi degli eroi nazionali, infatti sono ancora molto amati. Qui in Italia hanno avuto un momento di gloria, poi sono stati dimenticati, invece io li mantengo come una piccola ossessione.<\/p>\n<p><strong>Nel disco c\u2019\u00e8 anche una cover di una band cinese che fa una sorta di throat -singing \u201cTuvan Internationale\u201d degli Hun-Huur-Tu, come mai questa scelta cos\u00ec esotica?<\/strong> <br \/>Per la precisione loro sono tuvani cio\u00e8 vengono dal centro della parte asiatica della Russia. A me interessa tutta la musica indipendentemente dalla provenienza e dalla bizzarria. La musica degli Hun-Huur-Tu \u00e8 particolarmente vicina alla sensibilit\u00e0 dei Ronin. I loro temi sono bufali, cavalli e grandi spazi aperti della steppa, non cos\u00ec lontani da quelli dei cowboy. Ma essendo dalla parte opposta dell\u2019atlante sono vicini anche alla musica cinese. Io vedo veramente una grande affinit\u00e0 tra il nostro linguaggio e questo tipo di musica. Inoltre \u00e8 anche curioso sapere come ho scoperto questa musica, cio\u00e8 negli anni \u201990 tramite una recensione su Rumore di un altro gruppo tuvano, che veniva presentato come il grindcore della Mongolia. Mi ci sono avvicinato perch\u00e9 ho pensato cos\u2019\u00e8 sta roba? Andiamo a sentire\u2026Allora non c\u2019era Spotify e neanche Internet cos\u00ec sono andato in un negozio a comprarmi il disco e da l\u00ec ho tenuto d\u2019occhio tutta quella scena che si \u00e8 evoluta negli anni.<\/p>\n<p><strong>Mi sembra che dai vostri dischi traspaia un grande amore per gli spazi aperti, non riesco ad immaginarmi i Ronin che compongono e registrano al chiuso di una stanza in una citt\u00e0, anche se in realt\u00e0 probabilmente \u00e8 proprio cos\u00ec che \u00e8 avvenuto.<\/strong><br \/>Beh dove si registra pu\u00f2 suggestionare fino a un certo punto, spesso siamo stati associati anche all\u2019acqua, al mare. Mi ci ritrovo abbastanza anche se volevo che questo disco suonasse pi\u00f9 terroso, una terra da steppa, brulla, non deserto. Ma sempre di grandi spazi stiamo parlando.<\/p>\n<p><strong>L\u2019ultimo pezzo Bryson porta il nome di un antico matematico greco Brisone di Eraclea, chi era costui?<\/strong><br \/>All\u2019epoca in realt\u00e0 non c\u2019era una distinzione tra matematici, filosofi e altro. Lui era un sapiente che pretendeva di aver trovato la formula della famosa quadratura del cerchio. La cosa che mi ha fatto incuriosire di questo personaggio \u00e8 che le uniche fonti scritte che abbiamo su di lui sono quelle di Aristotele che fondamentalmente lo prende per il culo perch\u00e9 la sua formula si \u00e8 poi rivelata sbagliata. Veniva da lui dipinto come un ciarlatano, mentre in realt\u00e0 nella sua epoca era un uomo molto rispettato. Lui con le migliori intenzioni ha cercato la quadratura del cerchio, ha pensato di averla trovata ma poi \u00e8 passato alla storia come un ciarlatano. Mi sembrava un destino cos\u00ec bizzarro e a suo modo tragico, cos\u00ec ho voluto celebrarlo.<\/p>\n<p><strong>Prima parlavi dell\u2019acqua che \u00e8 la protagonista del tuo ultimo disco solista \u2018Concerto per chitarra solitaria\u2019 che racconta in musica la storia di un naufragio, un elemento altamente simbolico<\/strong><br \/>Quando mi metto alla chitarra vado sempre a parare narrativamente in queste questioni. Fondamentalmente tragedia, sconfitta e fallimento, come un naufragio appunto, sono gli argomenti che volente o nolente mi toccano nel profondo e non riesco a fare a meno di andare ad esplorarli. <\/p>\n<p><strong>Tempo fa rivedevo il film \u2018Ghost Dog\u2019 che ogni tanto regala delle \u2018pillole\u2019 dal Bushido, la filosofia del samurai. Una delle pi\u00f9 importanti \u00e8 quella che dice che il samurai deve pensare alla morte tutti i giorni, cos\u00ec da abituarsi e non averne pi\u00f9 paura. Mi ha fatto pensare ai Ronin.<\/strong><br \/>Assolutamente, tanto \u00e8 vero che una delle cose pi\u00f9 belle che mi sono mai state dette me l\u2019ha detta Luca Del Pia un fotografo toscano. Mi ha fotografato abbastanza spesso negli anni, ma non ho mai pensato di essere un soggetto interessante per lui perch\u00e9 non ho una vocazione estetica forte. Per\u00f2 mi ha detto questa cosa sulla mia musica: \u2018Tu quando componi vedi il sepolcro\u2019. Io non capivo cosa volesse dire questa frase, lui me l\u2019ha spiegata dicendo che quando compongo io non penso a cosa la mia musica possa darmi nell\u2019immediato, ma penso a quello che lascio per l\u2019eternit\u00e0. Devo dire che oltre a essere talmente vera, che non pensavo che potessero esserci altri approcci, mi \u00e8 sembrato anche un complimento estremo. Assolutamente vedo e penso costantemente alla morte. Vedo il decadimento del mio corpo con consapevolezza e anche curiosit\u00e0, ma certo non con felicit\u00e0 e vedo la morte come qualcosa a cui, pur col poco che ho fatto, in qualche modo sopravviver\u00f2.<\/p>\n<p><strong>Ti capisco, per\u00f2 mi stupisce molto anche questo tuo ragionamento. A me che non sono una compositrice, il processo creativo di un musicista sembra una cosa magica e misteriosa. Osservando la tua attivit\u00e0 degli ultimi anni, ti cito solo alcuni dei progetti in cui sei coinvolto: Ronin, OvO, Jack Cannon, GDG Modern Trio, Sigillum S, Tiresia, Bachi da Pietra, Byzantium Experimental Orchestra, senza contare il tuo progetto solista per cui hai recentemente pubblicato \u2018Concerto per chitarra solitaria\u2019. Ho come l\u2019impressione che da te il processo creativo sgorghi come una fontana, come fai? Cosa ti manca ancora da fare?<\/strong><br \/>Per\u00f2 \u00e8 anche l\u2019unica cosa che mi riesce nella vita, per tutto il resto sono totalmente inutile. In realt\u00e0 non sto facendo altro che quello che mi viene facile, poi pu\u00f2 darsi che un giorno la vena si chiuder\u00e0 e mi toccher\u00e0 imparare a cambiare le lampadine, per il momento non mi sembra che sia questo il problema.<\/p>\n<p><strong>Ronin &#8211; Glue Alternative Concept Space<\/strong><br \/><strong>Sabato 2 novembre<\/strong><br \/><strong>viale Manfredo Fanti, 20, Firenze<br \/>Ingresso gratuito con tessera del locale<\/strong><\/p>\n","protected":false},"excerpt":{"rendered":"<p>Intervista a Bruno Dorella cuore pulsante della band che sar\u00e0 in concerto sabato 2 novembre a Firenze<\/p>\n","protected":false},"author":518,"featured_media":98267,"comment_status":"open","ping_status":"open","sticky":false,"template":"","format":"standard","meta":{"_acf_changed":false,"footnotes":""},"categories":[14],"tags":[360],"class_list":["post-60965","post","type-post","status-publish","format-standard","has-post-thumbnail","hentry","category-musica","tag-glue"],"acf":[],"yoast_head":"<!-- This site is optimized with the Yoast SEO Premium plugin v24.2 (Yoast SEO v25.6) - https:\/\/yoast.com\/wordpress\/plugins\/seo\/ -->\n<title>Il ritorno del samurai senza padrone: i Ronin in concerto al Glue - intoscana<\/title>\n<meta name=\"robots\" content=\"index, follow, max-snippet:-1, max-image-preview:large, max-video-preview:-1\" \/>\n<link rel=\"canonical\" href=\"https:\/\/www.intoscana.it\/it\/ronin-glue-concerto\/\" \/>\n<meta property=\"og:locale\" content=\"it_IT\" \/>\n<meta property=\"og:type\" content=\"article\" \/>\n<meta property=\"og:title\" content=\"Il ritorno del samurai senza padrone: i Ronin in concerto al Glue\" \/>\n<meta property=\"og:description\" content=\"Intervista a Bruno Dorella cuore pulsante della band che sar\u00e0 in concerto sabato 2 novembre a Firenze\" \/>\n<meta property=\"og:url\" content=\"https:\/\/www.intoscana.it\/it\/ronin-glue-concerto\/\" \/>\n<meta property=\"og:site_name\" content=\"intoscana\" \/>\n<meta property=\"article:publisher\" content=\"https:\/\/www.facebook.com\/intoscana.it\" \/>\n<meta property=\"article:published_time\" content=\"2019-10-28T08:44:00+00:00\" \/>\n<meta property=\"article:modified_time\" content=\"2020-05-19T13:49:26+00:00\" \/>\n<meta property=\"og:image\" content=\"https:\/\/www.intoscana.it\/wp-content\/uploads\/marco-parollo.jpg\" \/>\n\t<meta property=\"og:image:width\" content=\"2000\" \/>\n\t<meta property=\"og:image:height\" content=\"1333\" \/>\n\t<meta property=\"og:image:type\" content=\"image\/jpeg\" \/>\n<meta name=\"author\" content=\"Costanza Baldini\" \/>\n<meta name=\"twitter:card\" content=\"summary_large_image\" \/>\n<meta name=\"twitter:creator\" content=\"@intoscana\" \/>\n<meta name=\"twitter:site\" content=\"@intoscana\" \/>\n<meta name=\"twitter:label1\" content=\"Written by\" \/>\n\t<meta name=\"twitter:data1\" content=\"Costanza Baldini\" \/>\n\t<meta name=\"twitter:label2\" content=\"Est. reading time\" \/>\n\t<meta name=\"twitter:data2\" content=\"8 minuti\" \/>\n<script type=\"application\/ld+json\" class=\"yoast-schema-graph\">{\"@context\":\"https:\/\/schema.org\",\"@graph\":[{\"@type\":\"WebPage\",\"@id\":\"https:\/\/www.intoscana.it\/it\/ronin-glue-concerto\/\",\"url\":\"https:\/\/www.intoscana.it\/it\/ronin-glue-concerto\/\",\"name\":\"Il ritorno del samurai senza padrone: i Ronin in concerto al Glue - intoscana\",\"isPartOf\":{\"@id\":\"https:\/\/www.intoscana.it\/it\/#website\"},\"primaryImageOfPage\":{\"@id\":\"https:\/\/www.intoscana.it\/it\/ronin-glue-concerto\/#primaryimage\"},\"image\":{\"@id\":\"https:\/\/www.intoscana.it\/it\/ronin-glue-concerto\/#primaryimage\"},\"thumbnailUrl\":\"https:\/\/www.intoscana.it\/wp-content\/uploads\/marco-parollo.jpg\",\"datePublished\":\"2019-10-28T08:44:00+00:00\",\"dateModified\":\"2020-05-19T13:49:26+00:00\",\"author\":{\"@id\":\"https:\/\/www.intoscana.it\/it\/#\/schema\/person\/d469f35f09739bdf00bf5dd3f0647a82\"},\"breadcrumb\":{\"@id\":\"https:\/\/www.intoscana.it\/it\/ronin-glue-concerto\/#breadcrumb\"},\"inLanguage\":\"it-IT\",\"potentialAction\":[{\"@type\":\"ReadAction\",\"target\":[\"https:\/\/www.intoscana.it\/it\/ronin-glue-concerto\/\"]}]},{\"@type\":\"ImageObject\",\"inLanguage\":\"it-IT\",\"@id\":\"https:\/\/www.intoscana.it\/it\/ronin-glue-concerto\/#primaryimage\",\"url\":\"https:\/\/www.intoscana.it\/wp-content\/uploads\/marco-parollo.jpg\",\"contentUrl\":\"https:\/\/www.intoscana.it\/wp-content\/uploads\/marco-parollo.jpg\",\"width\":2000,\"height\":1333,\"caption\":\"Ronin\"},{\"@type\":\"BreadcrumbList\",\"@id\":\"https:\/\/www.intoscana.it\/it\/ronin-glue-concerto\/#breadcrumb\",\"itemListElement\":[{\"@type\":\"ListItem\",\"position\":1,\"name\":\"Home\",\"item\":\"https:\/\/www.intoscana.it\/it\/\"},{\"@type\":\"ListItem\",\"position\":2,\"name\":\"Il ritorno del samurai senza padrone: i Ronin in concerto al Glue\"}]},{\"@type\":\"WebSite\",\"@id\":\"https:\/\/www.intoscana.it\/it\/#website\",\"url\":\"https:\/\/www.intoscana.it\/it\/\",\"name\":\"intoscana\",\"description\":\"\",\"potentialAction\":[{\"@type\":\"SearchAction\",\"target\":{\"@type\":\"EntryPoint\",\"urlTemplate\":\"https:\/\/www.intoscana.it\/it\/?s={search_term_string}\"},\"query-input\":{\"@type\":\"PropertyValueSpecification\",\"valueRequired\":true,\"valueName\":\"search_term_string\"}}],\"inLanguage\":\"it-IT\"},{\"@type\":\"Person\",\"@id\":\"https:\/\/www.intoscana.it\/it\/#\/schema\/person\/d469f35f09739bdf00bf5dd3f0647a82\",\"name\":\"Costanza Baldini\",\"url\":\"https:\/\/www.intoscana.it\/it\/author\/costanza-baldini\/\"}]}<\/script>\n<!-- \/ Yoast SEO Premium plugin. -->","yoast_head_json":{"title":"Il ritorno del samurai senza padrone: i Ronin in concerto al Glue - intoscana","robots":{"index":"index","follow":"follow","max-snippet":"max-snippet:-1","max-image-preview":"max-image-preview:large","max-video-preview":"max-video-preview:-1"},"canonical":"https:\/\/www.intoscana.it\/it\/ronin-glue-concerto\/","og_locale":"it_IT","og_type":"article","og_title":"Il ritorno del samurai senza padrone: i Ronin in concerto al Glue","og_description":"Intervista a Bruno Dorella cuore pulsante della band che sar\u00e0 in concerto sabato 2 novembre a Firenze","og_url":"https:\/\/www.intoscana.it\/it\/ronin-glue-concerto\/","og_site_name":"intoscana","article_publisher":"https:\/\/www.facebook.com\/intoscana.it","article_published_time":"2019-10-28T08:44:00+00:00","article_modified_time":"2020-05-19T13:49:26+00:00","og_image":[{"width":2000,"height":1333,"url":"https:\/\/www.intoscana.it\/wp-content\/uploads\/marco-parollo.jpg","type":"image\/jpeg"}],"author":"Costanza Baldini","twitter_card":"summary_large_image","twitter_creator":"@intoscana","twitter_site":"@intoscana","twitter_misc":{"Written by":"Costanza Baldini","Est. reading time":"8 minuti"},"schema":{"@context":"https:\/\/schema.org","@graph":[{"@type":"WebPage","@id":"https:\/\/www.intoscana.it\/it\/ronin-glue-concerto\/","url":"https:\/\/www.intoscana.it\/it\/ronin-glue-concerto\/","name":"Il ritorno del samurai senza padrone: i Ronin in concerto al Glue - intoscana","isPartOf":{"@id":"https:\/\/www.intoscana.it\/it\/#website"},"primaryImageOfPage":{"@id":"https:\/\/www.intoscana.it\/it\/ronin-glue-concerto\/#primaryimage"},"image":{"@id":"https:\/\/www.intoscana.it\/it\/ronin-glue-concerto\/#primaryimage"},"thumbnailUrl":"https:\/\/www.intoscana.it\/wp-content\/uploads\/marco-parollo.jpg","datePublished":"2019-10-28T08:44:00+00:00","dateModified":"2020-05-19T13:49:26+00:00","author":{"@id":"https:\/\/www.intoscana.it\/it\/#\/schema\/person\/d469f35f09739bdf00bf5dd3f0647a82"},"breadcrumb":{"@id":"https:\/\/www.intoscana.it\/it\/ronin-glue-concerto\/#breadcrumb"},"inLanguage":"it-IT","potentialAction":[{"@type":"ReadAction","target":["https:\/\/www.intoscana.it\/it\/ronin-glue-concerto\/"]}]},{"@type":"ImageObject","inLanguage":"it-IT","@id":"https:\/\/www.intoscana.it\/it\/ronin-glue-concerto\/#primaryimage","url":"https:\/\/www.intoscana.it\/wp-content\/uploads\/marco-parollo.jpg","contentUrl":"https:\/\/www.intoscana.it\/wp-content\/uploads\/marco-parollo.jpg","width":2000,"height":1333,"caption":"Ronin"},{"@type":"BreadcrumbList","@id":"https:\/\/www.intoscana.it\/it\/ronin-glue-concerto\/#breadcrumb","itemListElement":[{"@type":"ListItem","position":1,"name":"Home","item":"https:\/\/www.intoscana.it\/it\/"},{"@type":"ListItem","position":2,"name":"Il ritorno del samurai senza padrone: i Ronin in concerto al Glue"}]},{"@type":"WebSite","@id":"https:\/\/www.intoscana.it\/it\/#website","url":"https:\/\/www.intoscana.it\/it\/","name":"intoscana","description":"","potentialAction":[{"@type":"SearchAction","target":{"@type":"EntryPoint","urlTemplate":"https:\/\/www.intoscana.it\/it\/?s={search_term_string}"},"query-input":{"@type":"PropertyValueSpecification","valueRequired":true,"valueName":"search_term_string"}}],"inLanguage":"it-IT"},{"@type":"Person","@id":"https:\/\/www.intoscana.it\/it\/#\/schema\/person\/d469f35f09739bdf00bf5dd3f0647a82","name":"Costanza Baldini","url":"https:\/\/www.intoscana.it\/it\/author\/costanza-baldini\/"}]}},"_links":{"self":[{"href":"https:\/\/www.intoscana.it\/it\/wp-json\/wp\/v2\/posts\/60965","targetHints":{"allow":["GET"]}}],"collection":[{"href":"https:\/\/www.intoscana.it\/it\/wp-json\/wp\/v2\/posts"}],"about":[{"href":"https:\/\/www.intoscana.it\/it\/wp-json\/wp\/v2\/types\/post"}],"author":[{"embeddable":true,"href":"https:\/\/www.intoscana.it\/it\/wp-json\/wp\/v2\/users\/518"}],"replies":[{"embeddable":true,"href":"https:\/\/www.intoscana.it\/it\/wp-json\/wp\/v2\/comments?post=60965"}],"version-history":[{"count":0,"href":"https:\/\/www.intoscana.it\/it\/wp-json\/wp\/v2\/posts\/60965\/revisions"}],"wp:featuredmedia":[{"embeddable":true,"href":"https:\/\/www.intoscana.it\/it\/wp-json\/wp\/v2\/media\/98267"}],"wp:attachment":[{"href":"https:\/\/www.intoscana.it\/it\/wp-json\/wp\/v2\/media?parent=60965"}],"wp:term":[{"taxonomy":"category","embeddable":true,"href":"https:\/\/www.intoscana.it\/it\/wp-json\/wp\/v2\/categories?post=60965"},{"taxonomy":"post_tag","embeddable":true,"href":"https:\/\/www.intoscana.it\/it\/wp-json\/wp\/v2\/tags?post=60965"}],"curies":[{"name":"wp","href":"https:\/\/api.w.org\/{rel}","templated":true}]}}