{"id":60968,"date":"2019-10-23T09:15:46","date_gmt":"2019-10-23T09:15:46","guid":{"rendered":"http:\/\/www.intoscana.it\/la-musica-africana-alla-flog-con-sun-ra-arkestra-e-gli-akale-wube\/"},"modified":"2020-05-19T15:49:27","modified_gmt":"2020-05-19T13:49:27","slug":"sun-ra-arkestra-flog","status":"publish","type":"post","link":"https:\/\/www.intoscana.it\/it\/sun-ra-arkestra-flog\/","title":{"rendered":"La musica africana alla Flog con Sun Ra Arkestra e gli Akal\u00e9 Wub\u00e9"},"content":{"rendered":"<p>Arriva a Firenze <strong>venerd\u00ec 25 ottobre<\/strong> <strong>un gruppo spaziale fatto di<\/strong> <strong>musica, costumi, swing irresistibile, dolci melodie e dissonanze improvvise, danze<\/strong> e un po\u2019 di circo. <strong>Il suo fondatore diceva di arrivare dallo spazio<\/strong>, e cosi\u0300 era la sua musica. &#8220;Un sacco di cose che alcuni uomini fanno&#8230;provengono da qualche altra parte&#8221;, diceva Sun Ra, &#8220;o sono ispirati da qualcosa che non e\u0300 di questo pianeta. E il jazz era sicuramente ispirato, perche\u0301 non c\u2019era qui prima&#8221;.<\/p>\n<p><strong>&#8220;L&#8217;Arkestra\u201d, che dal 1995 \u00e8 diretta da Marshall Belford Allen<\/strong> (sassofonista e flautista, membro storico dei gruppi di Sun Ra), torna ad ad esibirsi sul palco dell&#8217;Auditorium Flog <strong>in occasione dei 40 anni della rassegna Musica dei Popoli<\/strong> (apertura porte ore 20.45). Memorabile il concerto che la <strong>Sun Ra Arkestra fece a Musica dei Popoli nel 1986<\/strong>, anno della mitica edizione \u201cAmericamusica\u201d, <strong>nel Salone dei 500 a Palazzo Vecchio<\/strong>. Oggi l&#8217;ensemble continua ad essere impegnato in studio, nella ricerca e nello sviluppo dei precetti musicali del suo fondatore, lanciando l&#8217;Arkestra in una dimensione sempre originale ed innovativa che riprende le composizioni musicali di Sun Ra, oltre a comporre nuove musiche e arrangiamenti.<\/p>\n<p><strong>In apertura uno dei migliori nuovi talenti del jazz internazionale<\/strong>: il sassofonista<strong> James Brandon Lewis<\/strong> e il suo gruppo James Brandon Lewis 5th. Punta di diamante della nuova scena afroamericana tra avanguardia, jazz, soul e funk, Lewis d\u00e0 <strong>una lettura personale e coinvolgente dell\u2019anima della black music degli ultimi 30 anni,<\/strong> fuori da schemi ed etichette convenzionali. Secondo il referendum dell&#8217;autorevole rivista Down Beat, James Brandon Lewis \u00e8 un sassofonista con profonde radici nel free jazz, ma anche nel soul e nell\u2019hip hop old school, e che naturalmente ama anche il jazz futuribile di Sun Ra e della sua Arkestra. Si presenta alla testa del suo nuovo quintetto, insieme alla talentuosa trombettista Jamie Branch, con cui ha registrato uno dei migliori album usciti quest\u2019anno, \u201cAn Unruly Manifesto&#8221;, dedicato a Ornette Coleman, Charlie Haden e al movimento surrealista.<\/p>\n<p><strong>Sabato 26 ottobre<\/strong> a <strong>Musica dei Popoli<\/strong> arriva <em><strong>Ethiopiques night<\/strong><\/em>: di scena il leggendario <strong>Girma B\u00e8y\u00e8n\u00e8 con gli Akal\u00e9 Wub\u00e9<\/strong>. Dopo 25 anni di silenzio la leggenda della musica etiope ha accettato l&#8217;invito del gruppo francese Akal\u00e9 Wub\u00e9 per tornare ad esibirsi (apertura porte ore 21.00).<\/p>\n<p>La band, gi\u00e0 devota alla musica etiope e spesso impegnata con i grandi interpreti della musica africana <strong>da Manu Dibango a Cheick Tidiane Seck,<\/strong> presenta una formazione con al basso elettrico Oliver Degabriele e alla batteria David Georgelet, a sostenere un trio di improvvisatori d\u2019eccezione: <strong>Loi\u0308c Re\u0301chard alla chitarra elettrica, Etienne de la Sayette ai sax e al flauto, Paul Bouclier alla tromba e al krar<\/strong>, la lira del Corno d\u2019Africa. Un quintetto capace di assecondare la voce di Girma B\u00e8y\u00e8n\u00e8 cosi\u0300 come di improvvise fiammate psichedeliche e ampi spazi di improvvisazione.<\/p>\n<p>Sul palco della Flog Girma B\u00e8y\u00e8n\u00e8 e gli Akal\u00e9 Wub\u00e9 proporranno anche <strong>\u201cEthiopiques vol.30\u201d,<\/strong> album che sintetizza abilmente piani orchestrali a melodie solari e romantiche, in cui B\u00e8y\u00e8n\u00e8 \u00e8 protagonista con con le sue incursioni al piano.<\/p>\n","protected":false},"excerpt":{"rendered":"<p>Doppio appuntamento a Firenze con &#8216;Musica dei Popoli&#8217; venerd\u00ec 25 arrivano le musiche spaziali di Sun Ra Arkestra introdotte da James Brandon Lewis e sabato 26 per la &#8216;Ethiopiques Night&#8217; il leggendario Girma B\u00e8y\u00e8n\u00e8 con gli Akal\u00e9 Wub\u00e9<\/p>\n","protected":false},"author":525,"featured_media":98270,"comment_status":"open","ping_status":"open","sticky":false,"template":"","format":"standard","meta":{"_acf_changed":false,"footnotes":""},"categories":[14],"tags":[216,167],"class_list":["post-60968","post","type-post","status-publish","format-standard","has-post-thumbnail","hentry","category-musica","tag-concerti","tag-musica"],"acf":[],"yoast_head":"<!-- This site is optimized with the Yoast SEO Premium plugin v24.2 (Yoast SEO v25.6) - https:\/\/yoast.com\/wordpress\/plugins\/seo\/ -->\n<title>La musica africana alla Flog con Sun Ra Arkestra e gli Akal\u00e9 Wub\u00e9 - intoscana<\/title>\n<meta name=\"robots\" content=\"index, follow, max-snippet:-1, max-image-preview:large, max-video-preview:-1\" \/>\n<link rel=\"canonical\" href=\"https:\/\/www.intoscana.it\/it\/sun-ra-arkestra-flog\/\" \/>\n<meta property=\"og:locale\" content=\"it_IT\" \/>\n<meta property=\"og:type\" content=\"article\" \/>\n<meta property=\"og:title\" content=\"La musica africana alla Flog con Sun Ra Arkestra e gli Akal\u00e9 Wub\u00e9\" \/>\n<meta property=\"og:description\" content=\"Doppio appuntamento a Firenze con &#039;Musica dei Popoli&#039; venerd\u00ec 25 arrivano le musiche spaziali di Sun Ra Arkestra introdotte da James Brandon Lewis e sabato 26 per la &#039;Ethiopiques Night&#039; il leggendario Girma B\u00e8y\u00e8n\u00e8 con gli Akal\u00e9 Wub\u00e9\" \/>\n<meta property=\"og:url\" content=\"https:\/\/www.intoscana.it\/it\/sun-ra-arkestra-flog\/\" \/>\n<meta property=\"og:site_name\" content=\"intoscana\" \/>\n<meta property=\"article:publisher\" content=\"https:\/\/www.facebook.com\/intoscana.it\" \/>\n<meta property=\"article:published_time\" content=\"2019-10-23T09:15:46+00:00\" \/>\n<meta property=\"article:modified_time\" content=\"2020-05-19T13:49:27+00:00\" \/>\n<meta property=\"og:image\" content=\"https:\/\/www.intoscana.it\/wp-content\/uploads\/sun-ra-arkestra-copia.jpg\" \/>\n\t<meta property=\"og:image:width\" content=\"1772\" \/>\n\t<meta property=\"og:image:height\" content=\"1176\" \/>\n\t<meta property=\"og:image:type\" content=\"image\/jpeg\" \/>\n<meta name=\"author\" content=\"Redazione\" \/>\n<meta name=\"twitter:card\" content=\"summary_large_image\" \/>\n<meta name=\"twitter:creator\" content=\"@intoscana\" \/>\n<meta name=\"twitter:site\" content=\"@intoscana\" \/>\n<meta name=\"twitter:label1\" content=\"Written by\" \/>\n\t<meta name=\"twitter:data1\" content=\"Redazione\" \/>\n\t<meta name=\"twitter:label2\" content=\"Est. reading time\" \/>\n\t<meta name=\"twitter:data2\" content=\"3 minuti\" \/>\n<script type=\"application\/ld+json\" class=\"yoast-schema-graph\">{\"@context\":\"https:\/\/schema.org\",\"@graph\":[{\"@type\":\"WebPage\",\"@id\":\"https:\/\/www.intoscana.it\/it\/sun-ra-arkestra-flog\/\",\"url\":\"https:\/\/www.intoscana.it\/it\/sun-ra-arkestra-flog\/\",\"name\":\"La musica africana alla Flog con Sun Ra Arkestra e gli Akal\u00e9 Wub\u00e9 - intoscana\",\"isPartOf\":{\"@id\":\"https:\/\/www.intoscana.it\/it\/#website\"},\"primaryImageOfPage\":{\"@id\":\"https:\/\/www.intoscana.it\/it\/sun-ra-arkestra-flog\/#primaryimage\"},\"image\":{\"@id\":\"https:\/\/www.intoscana.it\/it\/sun-ra-arkestra-flog\/#primaryimage\"},\"thumbnailUrl\":\"https:\/\/www.intoscana.it\/wp-content\/uploads\/sun-ra-arkestra-copia.jpg\",\"datePublished\":\"2019-10-23T09:15:46+00:00\",\"dateModified\":\"2020-05-19T13:49:27+00:00\",\"author\":{\"@id\":\"https:\/\/www.intoscana.it\/it\/#\/schema\/person\/9223810753230f20bd670fdd322661f8\"},\"breadcrumb\":{\"@id\":\"https:\/\/www.intoscana.it\/it\/sun-ra-arkestra-flog\/#breadcrumb\"},\"inLanguage\":\"it-IT\",\"potentialAction\":[{\"@type\":\"ReadAction\",\"target\":[\"https:\/\/www.intoscana.it\/it\/sun-ra-arkestra-flog\/\"]}]},{\"@type\":\"ImageObject\",\"inLanguage\":\"it-IT\",\"@id\":\"https:\/\/www.intoscana.it\/it\/sun-ra-arkestra-flog\/#primaryimage\",\"url\":\"https:\/\/www.intoscana.it\/wp-content\/uploads\/sun-ra-arkestra-copia.jpg\",\"contentUrl\":\"https:\/\/www.intoscana.it\/wp-content\/uploads\/sun-ra-arkestra-copia.jpg\",\"width\":1772,\"height\":1176,\"caption\":\"Sun Ra Arkestra\"},{\"@type\":\"BreadcrumbList\",\"@id\":\"https:\/\/www.intoscana.it\/it\/sun-ra-arkestra-flog\/#breadcrumb\",\"itemListElement\":[{\"@type\":\"ListItem\",\"position\":1,\"name\":\"Home\",\"item\":\"https:\/\/www.intoscana.it\/it\/\"},{\"@type\":\"ListItem\",\"position\":2,\"name\":\"La musica africana alla Flog con Sun Ra Arkestra e gli Akal\u00e9 Wub\u00e9\"}]},{\"@type\":\"WebSite\",\"@id\":\"https:\/\/www.intoscana.it\/it\/#website\",\"url\":\"https:\/\/www.intoscana.it\/it\/\",\"name\":\"intoscana\",\"description\":\"\",\"potentialAction\":[{\"@type\":\"SearchAction\",\"target\":{\"@type\":\"EntryPoint\",\"urlTemplate\":\"https:\/\/www.intoscana.it\/it\/?s={search_term_string}\"},\"query-input\":{\"@type\":\"PropertyValueSpecification\",\"valueRequired\":true,\"valueName\":\"search_term_string\"}}],\"inLanguage\":\"it-IT\"},{\"@type\":\"Person\",\"@id\":\"https:\/\/www.intoscana.it\/it\/#\/schema\/person\/9223810753230f20bd670fdd322661f8\",\"name\":\"Redazione\",\"url\":\"https:\/\/www.intoscana.it\/it\/author\/redazione\/\"}]}<\/script>\n<!-- \/ Yoast SEO Premium plugin. -->","yoast_head_json":{"title":"La musica africana alla Flog con Sun Ra Arkestra e gli Akal\u00e9 Wub\u00e9 - intoscana","robots":{"index":"index","follow":"follow","max-snippet":"max-snippet:-1","max-image-preview":"max-image-preview:large","max-video-preview":"max-video-preview:-1"},"canonical":"https:\/\/www.intoscana.it\/it\/sun-ra-arkestra-flog\/","og_locale":"it_IT","og_type":"article","og_title":"La musica africana alla Flog con Sun Ra Arkestra e gli Akal\u00e9 Wub\u00e9","og_description":"Doppio appuntamento a Firenze con 'Musica dei Popoli' venerd\u00ec 25 arrivano le musiche spaziali di Sun Ra Arkestra introdotte da James Brandon Lewis e sabato 26 per la 'Ethiopiques Night' il leggendario Girma B\u00e8y\u00e8n\u00e8 con gli Akal\u00e9 Wub\u00e9","og_url":"https:\/\/www.intoscana.it\/it\/sun-ra-arkestra-flog\/","og_site_name":"intoscana","article_publisher":"https:\/\/www.facebook.com\/intoscana.it","article_published_time":"2019-10-23T09:15:46+00:00","article_modified_time":"2020-05-19T13:49:27+00:00","og_image":[{"width":1772,"height":1176,"url":"https:\/\/www.intoscana.it\/wp-content\/uploads\/sun-ra-arkestra-copia.jpg","type":"image\/jpeg"}],"author":"Redazione","twitter_card":"summary_large_image","twitter_creator":"@intoscana","twitter_site":"@intoscana","twitter_misc":{"Written by":"Redazione","Est. reading time":"3 minuti"},"schema":{"@context":"https:\/\/schema.org","@graph":[{"@type":"WebPage","@id":"https:\/\/www.intoscana.it\/it\/sun-ra-arkestra-flog\/","url":"https:\/\/www.intoscana.it\/it\/sun-ra-arkestra-flog\/","name":"La musica africana alla Flog con Sun Ra Arkestra e gli Akal\u00e9 Wub\u00e9 - intoscana","isPartOf":{"@id":"https:\/\/www.intoscana.it\/it\/#website"},"primaryImageOfPage":{"@id":"https:\/\/www.intoscana.it\/it\/sun-ra-arkestra-flog\/#primaryimage"},"image":{"@id":"https:\/\/www.intoscana.it\/it\/sun-ra-arkestra-flog\/#primaryimage"},"thumbnailUrl":"https:\/\/www.intoscana.it\/wp-content\/uploads\/sun-ra-arkestra-copia.jpg","datePublished":"2019-10-23T09:15:46+00:00","dateModified":"2020-05-19T13:49:27+00:00","author":{"@id":"https:\/\/www.intoscana.it\/it\/#\/schema\/person\/9223810753230f20bd670fdd322661f8"},"breadcrumb":{"@id":"https:\/\/www.intoscana.it\/it\/sun-ra-arkestra-flog\/#breadcrumb"},"inLanguage":"it-IT","potentialAction":[{"@type":"ReadAction","target":["https:\/\/www.intoscana.it\/it\/sun-ra-arkestra-flog\/"]}]},{"@type":"ImageObject","inLanguage":"it-IT","@id":"https:\/\/www.intoscana.it\/it\/sun-ra-arkestra-flog\/#primaryimage","url":"https:\/\/www.intoscana.it\/wp-content\/uploads\/sun-ra-arkestra-copia.jpg","contentUrl":"https:\/\/www.intoscana.it\/wp-content\/uploads\/sun-ra-arkestra-copia.jpg","width":1772,"height":1176,"caption":"Sun Ra Arkestra"},{"@type":"BreadcrumbList","@id":"https:\/\/www.intoscana.it\/it\/sun-ra-arkestra-flog\/#breadcrumb","itemListElement":[{"@type":"ListItem","position":1,"name":"Home","item":"https:\/\/www.intoscana.it\/it\/"},{"@type":"ListItem","position":2,"name":"La musica africana alla Flog con Sun Ra Arkestra e gli Akal\u00e9 Wub\u00e9"}]},{"@type":"WebSite","@id":"https:\/\/www.intoscana.it\/it\/#website","url":"https:\/\/www.intoscana.it\/it\/","name":"intoscana","description":"","potentialAction":[{"@type":"SearchAction","target":{"@type":"EntryPoint","urlTemplate":"https:\/\/www.intoscana.it\/it\/?s={search_term_string}"},"query-input":{"@type":"PropertyValueSpecification","valueRequired":true,"valueName":"search_term_string"}}],"inLanguage":"it-IT"},{"@type":"Person","@id":"https:\/\/www.intoscana.it\/it\/#\/schema\/person\/9223810753230f20bd670fdd322661f8","name":"Redazione","url":"https:\/\/www.intoscana.it\/it\/author\/redazione\/"}]}},"_links":{"self":[{"href":"https:\/\/www.intoscana.it\/it\/wp-json\/wp\/v2\/posts\/60968","targetHints":{"allow":["GET"]}}],"collection":[{"href":"https:\/\/www.intoscana.it\/it\/wp-json\/wp\/v2\/posts"}],"about":[{"href":"https:\/\/www.intoscana.it\/it\/wp-json\/wp\/v2\/types\/post"}],"author":[{"embeddable":true,"href":"https:\/\/www.intoscana.it\/it\/wp-json\/wp\/v2\/users\/525"}],"replies":[{"embeddable":true,"href":"https:\/\/www.intoscana.it\/it\/wp-json\/wp\/v2\/comments?post=60968"}],"version-history":[{"count":0,"href":"https:\/\/www.intoscana.it\/it\/wp-json\/wp\/v2\/posts\/60968\/revisions"}],"wp:featuredmedia":[{"embeddable":true,"href":"https:\/\/www.intoscana.it\/it\/wp-json\/wp\/v2\/media\/98270"}],"wp:attachment":[{"href":"https:\/\/www.intoscana.it\/it\/wp-json\/wp\/v2\/media?parent=60968"}],"wp:term":[{"taxonomy":"category","embeddable":true,"href":"https:\/\/www.intoscana.it\/it\/wp-json\/wp\/v2\/categories?post=60968"},{"taxonomy":"post_tag","embeddable":true,"href":"https:\/\/www.intoscana.it\/it\/wp-json\/wp\/v2\/tags?post=60968"}],"curies":[{"name":"wp","href":"https:\/\/api.w.org\/{rel}","templated":true}]}}