{"id":60970,"date":"2019-10-23T09:04:25","date_gmt":"2019-10-23T09:04:25","guid":{"rendered":"http:\/\/www.intoscana.it\/the-comet-is-coming-giovedi-24-ottobre-al-lumiere-di-pisa\/"},"modified":"2020-05-19T15:49:27","modified_gmt":"2020-05-19T13:49:27","slug":"the-comet-is-coming-pisa","status":"publish","type":"post","link":"https:\/\/www.intoscana.it\/it\/the-comet-is-coming-pisa\/","title":{"rendered":"The Comet is Coming gioved\u00ec 24 ottobre al Lumi\u00e8re di Pisa"},"content":{"rendered":"<p>Pisa Jazz \u00e8 orgogliosa di ospitare la prima data del nuovo tour italiano del trio londinese <strong>&#8220;The Comet is Coming\u201d,<\/strong> che far\u00e0 tappa al <strong>Lumi\u00e8re di Pisa gioved\u00ec 24 Ottobre<\/strong>.<\/p>\n<p><strong>The Comet is Coming<\/strong> \u00e8 un approccio profetico a quella che potrebbe essere la musica di un nuovo mondo, alla ricerca di una radice primordiale del suono. I tre musicisti londinesi <strong>Shabaka Hutchings<\/strong> (Sons of Kemet, Shabaka &amp; The Ancestors, Melt Yourself Down), <strong>Danalogue e Betamax<\/strong> (Soccer96) \u2013 hanno creato un intreccio linguistico che mette insieme i codici espressivi di <strong>Sun Ra, Frank Zappa e Jimi Hendrix<\/strong>. In occasione del loro primo album \u201cChannel the soirits\u201d nel 2016, the Guardian ha definito il loro stile <strong>\u201cfusion of jazz, Afrobeat and electronica in an improvisational, intergalactic mash-up\u201d.<\/strong><\/p>\n<p>Il debutto in studio per<strong> Impulse! Records<\/strong> (Marzo 2019) di<strong> The Comet is Coming,<\/strong> \u00e8 la colonna sonora di un\u2019apocalisse immaginaria. All\u2019indomani della diffusa distruzione sonora, quali suoni rimangono? Chi guider\u00e0 i sopravvissuti a nuovi mondi? Chi traccer\u00e0 la nuova frontiera?<\/p>\n<p>Queste domande trovano una risposta<strong> in una sala prove da qualche parte non definita di Londra nel 2013,<\/strong> dove si sarebbe tenuto un incontro tra tre cosmonauti musicali che uniscono le loro energie per costruire una navicella abbastanza potente da potersi trasportare da qualsiasi parte nello spazio. Ed \u00e8 proprio dopo la fine del mondo che il palco diventa il pianeta dove la navicella spaziale si manifesta, e il microfono ne fa da acceleratore.<\/p>\n<p><strong>Per informazioni:<\/strong><br \/><strong>055 240397<\/strong><br \/><strong><a href=\"mailto:info@eventimusicpool.it\">info@eventimusicpool.it<\/a><\/strong><br \/><strong><a href=\"mailto:info@pisajazz.it\">info@pisajazz.it<\/a><\/strong><\/p>\n<p><strong>Posto unico in piedi:<\/strong><br \/><strong>\u20ac 15 intero \/ \u20ac 10 ridotto studenti<\/strong><\/p>\n<p>&nbsp;<\/p>\n","protected":false},"excerpt":{"rendered":"<p>A Pisa Jazz arriva lo straordinario sassofono di King Shabaka Hutchings<\/p>\n","protected":false},"author":525,"featured_media":98272,"comment_status":"open","ping_status":"open","sticky":false,"template":"","format":"standard","meta":{"_acf_changed":false,"footnotes":""},"categories":[14],"tags":[203],"class_list":["post-60970","post","type-post","status-publish","format-standard","has-post-thumbnail","hentry","category-musica","tag-pisa"],"acf":[],"yoast_head":"<!-- This site is optimized with the Yoast SEO Premium plugin v24.2 (Yoast SEO v25.6) - https:\/\/yoast.com\/wordpress\/plugins\/seo\/ -->\n<title>The Comet is Coming gioved\u00ec 24 ottobre al Lumi\u00e8re di Pisa - intoscana<\/title>\n<meta name=\"robots\" content=\"index, follow, max-snippet:-1, max-image-preview:large, max-video-preview:-1\" \/>\n<link rel=\"canonical\" href=\"https:\/\/www.intoscana.it\/it\/the-comet-is-coming-pisa\/\" \/>\n<meta property=\"og:locale\" content=\"it_IT\" \/>\n<meta property=\"og:type\" content=\"article\" \/>\n<meta property=\"og:title\" content=\"The Comet is Coming gioved\u00ec 24 ottobre al Lumi\u00e8re di Pisa\" \/>\n<meta property=\"og:description\" content=\"A Pisa Jazz arriva lo straordinario sassofono di King Shabaka Hutchings\" \/>\n<meta property=\"og:url\" content=\"https:\/\/www.intoscana.it\/it\/the-comet-is-coming-pisa\/\" \/>\n<meta property=\"og:site_name\" content=\"intoscana\" \/>\n<meta property=\"article:publisher\" content=\"https:\/\/www.facebook.com\/intoscana.it\" \/>\n<meta property=\"article:published_time\" content=\"2019-10-23T09:04:25+00:00\" \/>\n<meta property=\"article:modified_time\" content=\"2020-05-19T13:49:27+00:00\" \/>\n<meta property=\"og:image\" content=\"https:\/\/www.intoscana.it\/wp-content\/uploads\/comet-is-coming-e1555669615371.jpg\" \/>\n\t<meta property=\"og:image:width\" content=\"985\" \/>\n\t<meta property=\"og:image:height\" content=\"733\" \/>\n\t<meta property=\"og:image:type\" content=\"image\/jpeg\" \/>\n<meta name=\"author\" content=\"Redazione\" \/>\n<meta name=\"twitter:card\" content=\"summary_large_image\" \/>\n<meta name=\"twitter:creator\" content=\"@intoscana\" \/>\n<meta name=\"twitter:site\" content=\"@intoscana\" \/>\n<meta name=\"twitter:label1\" content=\"Written by\" \/>\n\t<meta name=\"twitter:data1\" content=\"Redazione\" \/>\n\t<meta name=\"twitter:label2\" content=\"Est. reading time\" \/>\n\t<meta name=\"twitter:data2\" content=\"1 minuto\" \/>\n<script type=\"application\/ld+json\" class=\"yoast-schema-graph\">{\"@context\":\"https:\/\/schema.org\",\"@graph\":[{\"@type\":\"WebPage\",\"@id\":\"https:\/\/www.intoscana.it\/it\/the-comet-is-coming-pisa\/\",\"url\":\"https:\/\/www.intoscana.it\/it\/the-comet-is-coming-pisa\/\",\"name\":\"The Comet is Coming gioved\u00ec 24 ottobre al Lumi\u00e8re di Pisa - intoscana\",\"isPartOf\":{\"@id\":\"https:\/\/www.intoscana.it\/it\/#website\"},\"primaryImageOfPage\":{\"@id\":\"https:\/\/www.intoscana.it\/it\/the-comet-is-coming-pisa\/#primaryimage\"},\"image\":{\"@id\":\"https:\/\/www.intoscana.it\/it\/the-comet-is-coming-pisa\/#primaryimage\"},\"thumbnailUrl\":\"https:\/\/www.intoscana.it\/wp-content\/uploads\/comet-is-coming-e1555669615371.jpg\",\"datePublished\":\"2019-10-23T09:04:25+00:00\",\"dateModified\":\"2020-05-19T13:49:27+00:00\",\"author\":{\"@id\":\"https:\/\/www.intoscana.it\/it\/#\/schema\/person\/9223810753230f20bd670fdd322661f8\"},\"breadcrumb\":{\"@id\":\"https:\/\/www.intoscana.it\/it\/the-comet-is-coming-pisa\/#breadcrumb\"},\"inLanguage\":\"it-IT\",\"potentialAction\":[{\"@type\":\"ReadAction\",\"target\":[\"https:\/\/www.intoscana.it\/it\/the-comet-is-coming-pisa\/\"]}]},{\"@type\":\"ImageObject\",\"inLanguage\":\"it-IT\",\"@id\":\"https:\/\/www.intoscana.it\/it\/the-comet-is-coming-pisa\/#primaryimage\",\"url\":\"https:\/\/www.intoscana.it\/wp-content\/uploads\/comet-is-coming-e1555669615371.jpg\",\"contentUrl\":\"https:\/\/www.intoscana.it\/wp-content\/uploads\/comet-is-coming-e1555669615371.jpg\",\"width\":985,\"height\":733,\"caption\":\"The Comet is Coming\"},{\"@type\":\"BreadcrumbList\",\"@id\":\"https:\/\/www.intoscana.it\/it\/the-comet-is-coming-pisa\/#breadcrumb\",\"itemListElement\":[{\"@type\":\"ListItem\",\"position\":1,\"name\":\"Home\",\"item\":\"https:\/\/www.intoscana.it\/it\/\"},{\"@type\":\"ListItem\",\"position\":2,\"name\":\"The Comet is Coming gioved\u00ec 24 ottobre al Lumi\u00e8re di Pisa\"}]},{\"@type\":\"WebSite\",\"@id\":\"https:\/\/www.intoscana.it\/it\/#website\",\"url\":\"https:\/\/www.intoscana.it\/it\/\",\"name\":\"intoscana\",\"description\":\"\",\"potentialAction\":[{\"@type\":\"SearchAction\",\"target\":{\"@type\":\"EntryPoint\",\"urlTemplate\":\"https:\/\/www.intoscana.it\/it\/?s={search_term_string}\"},\"query-input\":{\"@type\":\"PropertyValueSpecification\",\"valueRequired\":true,\"valueName\":\"search_term_string\"}}],\"inLanguage\":\"it-IT\"},{\"@type\":\"Person\",\"@id\":\"https:\/\/www.intoscana.it\/it\/#\/schema\/person\/9223810753230f20bd670fdd322661f8\",\"name\":\"Redazione\",\"url\":\"https:\/\/www.intoscana.it\/it\/author\/redazione\/\"}]}<\/script>\n<!-- \/ Yoast SEO Premium plugin. -->","yoast_head_json":{"title":"The Comet is Coming gioved\u00ec 24 ottobre al Lumi\u00e8re di Pisa - intoscana","robots":{"index":"index","follow":"follow","max-snippet":"max-snippet:-1","max-image-preview":"max-image-preview:large","max-video-preview":"max-video-preview:-1"},"canonical":"https:\/\/www.intoscana.it\/it\/the-comet-is-coming-pisa\/","og_locale":"it_IT","og_type":"article","og_title":"The Comet is Coming gioved\u00ec 24 ottobre al Lumi\u00e8re di Pisa","og_description":"A Pisa Jazz arriva lo straordinario sassofono di King Shabaka Hutchings","og_url":"https:\/\/www.intoscana.it\/it\/the-comet-is-coming-pisa\/","og_site_name":"intoscana","article_publisher":"https:\/\/www.facebook.com\/intoscana.it","article_published_time":"2019-10-23T09:04:25+00:00","article_modified_time":"2020-05-19T13:49:27+00:00","og_image":[{"width":985,"height":733,"url":"https:\/\/www.intoscana.it\/wp-content\/uploads\/comet-is-coming-e1555669615371.jpg","type":"image\/jpeg"}],"author":"Redazione","twitter_card":"summary_large_image","twitter_creator":"@intoscana","twitter_site":"@intoscana","twitter_misc":{"Written by":"Redazione","Est. reading time":"1 minuto"},"schema":{"@context":"https:\/\/schema.org","@graph":[{"@type":"WebPage","@id":"https:\/\/www.intoscana.it\/it\/the-comet-is-coming-pisa\/","url":"https:\/\/www.intoscana.it\/it\/the-comet-is-coming-pisa\/","name":"The Comet is Coming gioved\u00ec 24 ottobre al Lumi\u00e8re di Pisa - intoscana","isPartOf":{"@id":"https:\/\/www.intoscana.it\/it\/#website"},"primaryImageOfPage":{"@id":"https:\/\/www.intoscana.it\/it\/the-comet-is-coming-pisa\/#primaryimage"},"image":{"@id":"https:\/\/www.intoscana.it\/it\/the-comet-is-coming-pisa\/#primaryimage"},"thumbnailUrl":"https:\/\/www.intoscana.it\/wp-content\/uploads\/comet-is-coming-e1555669615371.jpg","datePublished":"2019-10-23T09:04:25+00:00","dateModified":"2020-05-19T13:49:27+00:00","author":{"@id":"https:\/\/www.intoscana.it\/it\/#\/schema\/person\/9223810753230f20bd670fdd322661f8"},"breadcrumb":{"@id":"https:\/\/www.intoscana.it\/it\/the-comet-is-coming-pisa\/#breadcrumb"},"inLanguage":"it-IT","potentialAction":[{"@type":"ReadAction","target":["https:\/\/www.intoscana.it\/it\/the-comet-is-coming-pisa\/"]}]},{"@type":"ImageObject","inLanguage":"it-IT","@id":"https:\/\/www.intoscana.it\/it\/the-comet-is-coming-pisa\/#primaryimage","url":"https:\/\/www.intoscana.it\/wp-content\/uploads\/comet-is-coming-e1555669615371.jpg","contentUrl":"https:\/\/www.intoscana.it\/wp-content\/uploads\/comet-is-coming-e1555669615371.jpg","width":985,"height":733,"caption":"The Comet is Coming"},{"@type":"BreadcrumbList","@id":"https:\/\/www.intoscana.it\/it\/the-comet-is-coming-pisa\/#breadcrumb","itemListElement":[{"@type":"ListItem","position":1,"name":"Home","item":"https:\/\/www.intoscana.it\/it\/"},{"@type":"ListItem","position":2,"name":"The Comet is Coming gioved\u00ec 24 ottobre al Lumi\u00e8re di Pisa"}]},{"@type":"WebSite","@id":"https:\/\/www.intoscana.it\/it\/#website","url":"https:\/\/www.intoscana.it\/it\/","name":"intoscana","description":"","potentialAction":[{"@type":"SearchAction","target":{"@type":"EntryPoint","urlTemplate":"https:\/\/www.intoscana.it\/it\/?s={search_term_string}"},"query-input":{"@type":"PropertyValueSpecification","valueRequired":true,"valueName":"search_term_string"}}],"inLanguage":"it-IT"},{"@type":"Person","@id":"https:\/\/www.intoscana.it\/it\/#\/schema\/person\/9223810753230f20bd670fdd322661f8","name":"Redazione","url":"https:\/\/www.intoscana.it\/it\/author\/redazione\/"}]}},"_links":{"self":[{"href":"https:\/\/www.intoscana.it\/it\/wp-json\/wp\/v2\/posts\/60970","targetHints":{"allow":["GET"]}}],"collection":[{"href":"https:\/\/www.intoscana.it\/it\/wp-json\/wp\/v2\/posts"}],"about":[{"href":"https:\/\/www.intoscana.it\/it\/wp-json\/wp\/v2\/types\/post"}],"author":[{"embeddable":true,"href":"https:\/\/www.intoscana.it\/it\/wp-json\/wp\/v2\/users\/525"}],"replies":[{"embeddable":true,"href":"https:\/\/www.intoscana.it\/it\/wp-json\/wp\/v2\/comments?post=60970"}],"version-history":[{"count":0,"href":"https:\/\/www.intoscana.it\/it\/wp-json\/wp\/v2\/posts\/60970\/revisions"}],"wp:featuredmedia":[{"embeddable":true,"href":"https:\/\/www.intoscana.it\/it\/wp-json\/wp\/v2\/media\/98272"}],"wp:attachment":[{"href":"https:\/\/www.intoscana.it\/it\/wp-json\/wp\/v2\/media?parent=60970"}],"wp:term":[{"taxonomy":"category","embeddable":true,"href":"https:\/\/www.intoscana.it\/it\/wp-json\/wp\/v2\/categories?post=60970"},{"taxonomy":"post_tag","embeddable":true,"href":"https:\/\/www.intoscana.it\/it\/wp-json\/wp\/v2\/tags?post=60970"}],"curies":[{"name":"wp","href":"https:\/\/api.w.org\/{rel}","templated":true}]}}