{"id":61825,"date":"2019-02-15T14:03:44","date_gmt":"2019-02-15T14:03:44","guid":{"rendered":"http:\/\/www.intoscana.it\/anche-per-lestate-2019-rinnovato-il-progetto-dialisi-in-vacanza\/"},"modified":"2020-05-18T10:03:03","modified_gmt":"2020-05-18T08:03:03","slug":"anche-per-lestate-2019-rinnovato-il-progetto-dialisi-in-vacanza","status":"publish","type":"post","link":"https:\/\/www.intoscana.it\/it\/anche-per-lestate-2019-rinnovato-il-progetto-dialisi-in-vacanza\/","title":{"rendered":"Anche per l&#8217;estate 2019 rinnovato il progetto &#8216;Dialisi in vacanza&#8217;"},"content":{"rendered":"<p>Anche per l&#8217;<strong>estate 2019,<\/strong> come ormai fa da oltre 20 anni, torna <strong>il progetto finanziato dalla Regione Toscana &#8220;Dialisi vacanza&#8221;,<\/strong> che consente ai pazienti nefropatici cronici che vivono in Toscana, nelle altre regioni e anche all&#8217;estero, di andare tranquillamente in vacanza, con la sicurezza di trovare il servizio di dialisi nelle localit\u00e0 di villeggiatura toscane. Per il 2019 il finanziamento complessivo sar\u00e0 di 160.000 euro.<\/p>\n<p><strong>Le persone affette da insufficienza renale cronica sono il 3-4% della popolazione.<\/strong> Di questa percentuale, i pazienti che effettuano la<strong> dialisi sono circa il 13%<\/strong>. I cittadini in dialisi sono circa il 7 per 1.000 della popolazione, e ogni anno i nuovi casi che entrano in dialisi sono circa l&#8217;1,3 per 1.000, e risultano in costante aumento.<\/p>\n<p>Il trattamento dialitico \u00e8 continuo e<strong> spesso il cittadino in trattamento \u00e8 legato al luogo di residenza abituale per le sedute che si svolgono nel corso della settimana<\/strong>. Diventa quindi difficile per la persona in dialisi potersi spostare in luoghi per vacanza e per altre necessit\u00e0, se prima non viene fatta una programmazione del viaggio e soggiorno, con la messa in rete del vari <strong>Centri dialisi.<\/strong><\/p>\n<p> <strong>La Toscana ha avuto sempre una sensibilit\u00e0 particolare nei confronti delle esigenze dei soggetti pi\u00f9 fragili,<\/strong> che altrimenti non troverebbero risposte in altre realt\u00e0 italiane. Fin dal 1998 ha incentivato le aziende sanitarie a organizzare progetti mirati a<strong> garantire l&#8217;attivit\u00e0 di dialisi ai cittadini toscani, italiani e ai turisti stranieri nei luoghi di villeggiatura della nostra regione,<\/strong> come pure fuori regione e all&#8217;estero. <strong>Ogni anno usufruiscono del servizio &#8220;Dialisi vacanze&#8221; circa 600\/700 persone,<\/strong> ma il numero \u00e8 in costante crescita. <strong>Le prestazioni riguardano anche cittadini americani, russi, tedeschi, olandesi, svizzeri<\/strong>.<\/p>\n<p>Il servizio coinvolge soprattutto le <strong>aziende sanitarie della costa: Viareggio, Livorno, Massa Carrara (Azienda sanitaria Toscana nord ovest) e Grosseto (Azienda sanitaria Toscana sud est).<\/strong> Nel 2018 i progetti mirati organizzati dalla Asl toscane hanno consentito a 856 sog getti nefropatici cronici in trattamento (per un totale di 6.200 tratamenti) di organizzare un periodo di vacanze in posti diversi da quelli di regolare assistenza.<\/p>\n<p>&#8220;Dialisi vacanza \u00e8 un progetto che la Regione Toscana porta avanti dal 1998 &#8211; <strong>ha dichiarato l&#8217;assessore al diritto alla salute Stefania Saccardi<\/strong> &#8211; Visti i risultati positivi delle precedenti esperienze, e dato anche il costante aumento del numero di cittadini dializzati cronici, vogliamo continuare a garantire il finanziamento che ogni anno la Regione destina a questo progetto. Le cure si evolvono, ma per i pazienti che devono fare dialisi ci sono comunque oggettive difficolt\u00e0 nel trovare centri dialisi vicino ai luoghi di villeggiatura. <strong>\u00c8&nbsp;giusto che a tutti siano garantiti gli stessi servizi, e che chi \u00e8 in dialisi possa scegliere quando e dove andare in vacanza,<\/strong> con la certezza di poter dare continuit\u00e0 alle sedute&#8221;.<\/p>\n","protected":false},"excerpt":{"rendered":"<p>Le persone affette da insufficienza renale cronica sono il 3-4% della popolazione, ogni anno usufruiscono del servizio Dialisi vacanze circa 6-700 persone<\/p>\n","protected":false},"author":525,"featured_media":99888,"comment_status":"open","ping_status":"open","sticky":false,"template":"","format":"standard","meta":{"_acf_changed":false,"footnotes":""},"categories":[18],"tags":[151],"class_list":["post-61825","post","type-post","status-publish","format-standard","has-post-thumbnail","hentry","category-salute","tag-regione-toscana"],"acf":[],"yoast_head":"<!-- This site is optimized with the Yoast SEO Premium plugin v24.2 (Yoast SEO v25.6) - https:\/\/yoast.com\/wordpress\/plugins\/seo\/ -->\n<title>Anche per l&#039;estate 2019 rinnovato il progetto &#039;Dialisi in vacanza&#039; - intoscana<\/title>\n<meta name=\"description\" content=\"Anche per l&#039;estate 2019 rinnovato il progetto &#039;Dialisi in vacanza&#039;\" \/>\n<meta name=\"robots\" content=\"index, follow, max-snippet:-1, max-image-preview:large, max-video-preview:-1\" \/>\n<link rel=\"canonical\" href=\"https:\/\/www.intoscana.it\/it\/anche-per-lestate-2019-rinnovato-il-progetto-dialisi-in-vacanza\/\" \/>\n<meta property=\"og:locale\" content=\"it_IT\" \/>\n<meta property=\"og:type\" content=\"article\" \/>\n<meta property=\"og:title\" content=\"Anche per l&#039;estate 2019 rinnovato il progetto &#039;Dialisi in vacanza&#039;\" \/>\n<meta property=\"og:description\" content=\"Anche per l&#039;estate 2019 rinnovato il progetto &#039;Dialisi in vacanza&#039;\" \/>\n<meta property=\"og:url\" content=\"https:\/\/www.intoscana.it\/it\/anche-per-lestate-2019-rinnovato-il-progetto-dialisi-in-vacanza\/\" \/>\n<meta property=\"og:site_name\" content=\"intoscana\" \/>\n<meta property=\"article:publisher\" content=\"https:\/\/www.facebook.com\/intoscana.it\" \/>\n<meta property=\"article:published_time\" content=\"2019-02-15T14:03:44+00:00\" \/>\n<meta property=\"article:modified_time\" content=\"2020-05-18T08:03:03+00:00\" \/>\n<meta property=\"og:image\" content=\"https:\/\/www.intoscana.it\/wp-content\/uploads\/dialisi.jpg\" \/>\n\t<meta property=\"og:image:width\" content=\"2000\" \/>\n\t<meta property=\"og:image:height\" content=\"1333\" \/>\n\t<meta property=\"og:image:type\" content=\"image\/jpeg\" \/>\n<meta name=\"author\" content=\"Redazione\" \/>\n<meta name=\"twitter:card\" content=\"summary_large_image\" \/>\n<meta name=\"twitter:creator\" content=\"@intoscana\" \/>\n<meta name=\"twitter:site\" content=\"@intoscana\" \/>\n<meta name=\"twitter:label1\" content=\"Written by\" \/>\n\t<meta name=\"twitter:data1\" content=\"Redazione\" \/>\n\t<meta name=\"twitter:label2\" content=\"Est. reading time\" \/>\n\t<meta name=\"twitter:data2\" content=\"2 minuti\" \/>\n<script type=\"application\/ld+json\" class=\"yoast-schema-graph\">{\"@context\":\"https:\/\/schema.org\",\"@graph\":[{\"@type\":\"WebPage\",\"@id\":\"https:\/\/www.intoscana.it\/it\/anche-per-lestate-2019-rinnovato-il-progetto-dialisi-in-vacanza\/\",\"url\":\"https:\/\/www.intoscana.it\/it\/anche-per-lestate-2019-rinnovato-il-progetto-dialisi-in-vacanza\/\",\"name\":\"Anche per l'estate 2019 rinnovato il progetto 'Dialisi in vacanza' - intoscana\",\"isPartOf\":{\"@id\":\"https:\/\/www.intoscana.it\/it\/#website\"},\"primaryImageOfPage\":{\"@id\":\"https:\/\/www.intoscana.it\/it\/anche-per-lestate-2019-rinnovato-il-progetto-dialisi-in-vacanza\/#primaryimage\"},\"image\":{\"@id\":\"https:\/\/www.intoscana.it\/it\/anche-per-lestate-2019-rinnovato-il-progetto-dialisi-in-vacanza\/#primaryimage\"},\"thumbnailUrl\":\"https:\/\/www.intoscana.it\/wp-content\/uploads\/dialisi.jpg\",\"datePublished\":\"2019-02-15T14:03:44+00:00\",\"dateModified\":\"2020-05-18T08:03:03+00:00\",\"author\":{\"@id\":\"https:\/\/www.intoscana.it\/it\/#\/schema\/person\/9223810753230f20bd670fdd322661f8\"},\"description\":\"Anche per l'estate 2019 rinnovato il progetto 'Dialisi in vacanza'\",\"breadcrumb\":{\"@id\":\"https:\/\/www.intoscana.it\/it\/anche-per-lestate-2019-rinnovato-il-progetto-dialisi-in-vacanza\/#breadcrumb\"},\"inLanguage\":\"it-IT\",\"potentialAction\":[{\"@type\":\"ReadAction\",\"target\":[\"https:\/\/www.intoscana.it\/it\/anche-per-lestate-2019-rinnovato-il-progetto-dialisi-in-vacanza\/\"]}]},{\"@type\":\"ImageObject\",\"inLanguage\":\"it-IT\",\"@id\":\"https:\/\/www.intoscana.it\/it\/anche-per-lestate-2019-rinnovato-il-progetto-dialisi-in-vacanza\/#primaryimage\",\"url\":\"https:\/\/www.intoscana.it\/wp-content\/uploads\/dialisi.jpg\",\"contentUrl\":\"https:\/\/www.intoscana.it\/wp-content\/uploads\/dialisi.jpg\",\"width\":2000,\"height\":1333},{\"@type\":\"BreadcrumbList\",\"@id\":\"https:\/\/www.intoscana.it\/it\/anche-per-lestate-2019-rinnovato-il-progetto-dialisi-in-vacanza\/#breadcrumb\",\"itemListElement\":[{\"@type\":\"ListItem\",\"position\":1,\"name\":\"Home\",\"item\":\"https:\/\/www.intoscana.it\/it\/\"},{\"@type\":\"ListItem\",\"position\":2,\"name\":\"Anche per l&#8217;estate 2019 rinnovato il progetto &#8216;Dialisi in vacanza&#8217;\"}]},{\"@type\":\"WebSite\",\"@id\":\"https:\/\/www.intoscana.it\/it\/#website\",\"url\":\"https:\/\/www.intoscana.it\/it\/\",\"name\":\"intoscana\",\"description\":\"\",\"potentialAction\":[{\"@type\":\"SearchAction\",\"target\":{\"@type\":\"EntryPoint\",\"urlTemplate\":\"https:\/\/www.intoscana.it\/it\/?s={search_term_string}\"},\"query-input\":{\"@type\":\"PropertyValueSpecification\",\"valueRequired\":true,\"valueName\":\"search_term_string\"}}],\"inLanguage\":\"it-IT\"},{\"@type\":\"Person\",\"@id\":\"https:\/\/www.intoscana.it\/it\/#\/schema\/person\/9223810753230f20bd670fdd322661f8\",\"name\":\"Redazione\",\"url\":\"https:\/\/www.intoscana.it\/it\/author\/redazione\/\"}]}<\/script>\n<!-- \/ Yoast SEO Premium plugin. -->","yoast_head_json":{"title":"Anche per l'estate 2019 rinnovato il progetto 'Dialisi in vacanza' - intoscana","description":"Anche per l'estate 2019 rinnovato il progetto 'Dialisi in vacanza'","robots":{"index":"index","follow":"follow","max-snippet":"max-snippet:-1","max-image-preview":"max-image-preview:large","max-video-preview":"max-video-preview:-1"},"canonical":"https:\/\/www.intoscana.it\/it\/anche-per-lestate-2019-rinnovato-il-progetto-dialisi-in-vacanza\/","og_locale":"it_IT","og_type":"article","og_title":"Anche per l'estate 2019 rinnovato il progetto 'Dialisi in vacanza'","og_description":"Anche per l'estate 2019 rinnovato il progetto 'Dialisi in vacanza'","og_url":"https:\/\/www.intoscana.it\/it\/anche-per-lestate-2019-rinnovato-il-progetto-dialisi-in-vacanza\/","og_site_name":"intoscana","article_publisher":"https:\/\/www.facebook.com\/intoscana.it","article_published_time":"2019-02-15T14:03:44+00:00","article_modified_time":"2020-05-18T08:03:03+00:00","og_image":[{"width":2000,"height":1333,"url":"https:\/\/www.intoscana.it\/wp-content\/uploads\/dialisi.jpg","type":"image\/jpeg"}],"author":"Redazione","twitter_card":"summary_large_image","twitter_creator":"@intoscana","twitter_site":"@intoscana","twitter_misc":{"Written by":"Redazione","Est. reading time":"2 minuti"},"schema":{"@context":"https:\/\/schema.org","@graph":[{"@type":"WebPage","@id":"https:\/\/www.intoscana.it\/it\/anche-per-lestate-2019-rinnovato-il-progetto-dialisi-in-vacanza\/","url":"https:\/\/www.intoscana.it\/it\/anche-per-lestate-2019-rinnovato-il-progetto-dialisi-in-vacanza\/","name":"Anche per l'estate 2019 rinnovato il progetto 'Dialisi in vacanza' - intoscana","isPartOf":{"@id":"https:\/\/www.intoscana.it\/it\/#website"},"primaryImageOfPage":{"@id":"https:\/\/www.intoscana.it\/it\/anche-per-lestate-2019-rinnovato-il-progetto-dialisi-in-vacanza\/#primaryimage"},"image":{"@id":"https:\/\/www.intoscana.it\/it\/anche-per-lestate-2019-rinnovato-il-progetto-dialisi-in-vacanza\/#primaryimage"},"thumbnailUrl":"https:\/\/www.intoscana.it\/wp-content\/uploads\/dialisi.jpg","datePublished":"2019-02-15T14:03:44+00:00","dateModified":"2020-05-18T08:03:03+00:00","author":{"@id":"https:\/\/www.intoscana.it\/it\/#\/schema\/person\/9223810753230f20bd670fdd322661f8"},"description":"Anche per l'estate 2019 rinnovato il progetto 'Dialisi in vacanza'","breadcrumb":{"@id":"https:\/\/www.intoscana.it\/it\/anche-per-lestate-2019-rinnovato-il-progetto-dialisi-in-vacanza\/#breadcrumb"},"inLanguage":"it-IT","potentialAction":[{"@type":"ReadAction","target":["https:\/\/www.intoscana.it\/it\/anche-per-lestate-2019-rinnovato-il-progetto-dialisi-in-vacanza\/"]}]},{"@type":"ImageObject","inLanguage":"it-IT","@id":"https:\/\/www.intoscana.it\/it\/anche-per-lestate-2019-rinnovato-il-progetto-dialisi-in-vacanza\/#primaryimage","url":"https:\/\/www.intoscana.it\/wp-content\/uploads\/dialisi.jpg","contentUrl":"https:\/\/www.intoscana.it\/wp-content\/uploads\/dialisi.jpg","width":2000,"height":1333},{"@type":"BreadcrumbList","@id":"https:\/\/www.intoscana.it\/it\/anche-per-lestate-2019-rinnovato-il-progetto-dialisi-in-vacanza\/#breadcrumb","itemListElement":[{"@type":"ListItem","position":1,"name":"Home","item":"https:\/\/www.intoscana.it\/it\/"},{"@type":"ListItem","position":2,"name":"Anche per l&#8217;estate 2019 rinnovato il progetto &#8216;Dialisi in vacanza&#8217;"}]},{"@type":"WebSite","@id":"https:\/\/www.intoscana.it\/it\/#website","url":"https:\/\/www.intoscana.it\/it\/","name":"intoscana","description":"","potentialAction":[{"@type":"SearchAction","target":{"@type":"EntryPoint","urlTemplate":"https:\/\/www.intoscana.it\/it\/?s={search_term_string}"},"query-input":{"@type":"PropertyValueSpecification","valueRequired":true,"valueName":"search_term_string"}}],"inLanguage":"it-IT"},{"@type":"Person","@id":"https:\/\/www.intoscana.it\/it\/#\/schema\/person\/9223810753230f20bd670fdd322661f8","name":"Redazione","url":"https:\/\/www.intoscana.it\/it\/author\/redazione\/"}]}},"_links":{"self":[{"href":"https:\/\/www.intoscana.it\/it\/wp-json\/wp\/v2\/posts\/61825","targetHints":{"allow":["GET"]}}],"collection":[{"href":"https:\/\/www.intoscana.it\/it\/wp-json\/wp\/v2\/posts"}],"about":[{"href":"https:\/\/www.intoscana.it\/it\/wp-json\/wp\/v2\/types\/post"}],"author":[{"embeddable":true,"href":"https:\/\/www.intoscana.it\/it\/wp-json\/wp\/v2\/users\/525"}],"replies":[{"embeddable":true,"href":"https:\/\/www.intoscana.it\/it\/wp-json\/wp\/v2\/comments?post=61825"}],"version-history":[{"count":0,"href":"https:\/\/www.intoscana.it\/it\/wp-json\/wp\/v2\/posts\/61825\/revisions"}],"wp:featuredmedia":[{"embeddable":true,"href":"https:\/\/www.intoscana.it\/it\/wp-json\/wp\/v2\/media\/99888"}],"wp:attachment":[{"href":"https:\/\/www.intoscana.it\/it\/wp-json\/wp\/v2\/media?parent=61825"}],"wp:term":[{"taxonomy":"category","embeddable":true,"href":"https:\/\/www.intoscana.it\/it\/wp-json\/wp\/v2\/categories?post=61825"},{"taxonomy":"post_tag","embeddable":true,"href":"https:\/\/www.intoscana.it\/it\/wp-json\/wp\/v2\/tags?post=61825"}],"curies":[{"name":"wp","href":"https:\/\/api.w.org\/{rel}","templated":true}]}}