{"id":61829,"date":"2019-04-03T09:16:25","date_gmt":"2019-04-03T09:16:25","guid":{"rendered":"http:\/\/www.intoscana.it\/torna-la-firenze-dei-bambini-allinsegna-del-genio-di-leonardo\/"},"modified":"2020-05-18T10:03:04","modified_gmt":"2020-05-18T08:03:04","slug":"torna-la-firenze-dei-bambini-allinsegna-del-genio-di-leonardo","status":"publish","type":"post","link":"https:\/\/www.intoscana.it\/it\/torna-la-firenze-dei-bambini-allinsegna-del-genio-di-leonardo\/","title":{"rendered":"Torna la &#8216;Firenze dei bambini&#8217; all\u2019insegna del genio di Leonardo"},"content":{"rendered":"<p>Tutto pronto per la nuova edizione di <strong>Firenze dei Bambini. <\/strong>Il festival dedicato ai bambini, ai ragazzi e alle loro famiglie <strong>si svolger\u00e0 il 12, 13 e 14 aprile e sar\u00e0 dedicato a Leonardo da Vinci,<\/strong> in occasione del <strong>cinquecentenario della sua morte.<br \/><\/strong><br \/> Perch\u00e9 Leonardo? Per la sua capacit\u00e0 di osservazione, il suo spirito d\u2019indagine, le sue intuizioni, per trarre ispirazione dal suo<strong> sguardo creativo e libero sul mondo e sulla natura.<\/strong> L\u2019evento interessa tutta la citt\u00e0 di Firenze e si rivolge il venerd\u00ec 12 alle scuole (con alcune anticipazioni gi\u00e0 nel gioved\u00ec) e il sabato e la domenica alle famiglie con bambini e ragazzi dagli 0 ai 12 anni.<\/p>\n<p> Centinaia di <strong>attivit\u00e0, laboratori, iniziative e spettacoli<\/strong>. Si parte con l\u2019evento di venerd\u00ec 12 alle 18 nel Salone dei Cinquecento, con <strong>\u201cLeonardo e le macchine sonore\u201d<\/strong>, uno spettacolo partecipato per stupirsi e scoprire come sono nati gli strumenti musicali, a cura del Conservatorio L. Cherubini; sabato 13 aprile alle 18.30, di nuovo tutti a raccolta a Palazzo Vecchio per <strong>\u201cUna sera con Leonardo. Domande e ricordi di quando ero bambino\u201d<\/strong> tratto dallo spettacolo Essere Leonardo da Vinci, un\u2019intervista impossibile di Massimiliano Finazzer Flory; e si conclude domenica 14 con la lezione del coro pi\u00f9 grande che c\u2019\u00e8 con <strong>\u201cNon \u00e8 mai troppo tardi per cantare\u201d<\/strong> a cura di Venti Lucenti alle ore 17 in Palazzo Vecchio Attesissima, ormai, la notte al museo: \u201c<strong>Sogni d\u2019oro tra soffitti d\u2019oro\u201d<\/strong> torna a grande richiesta, una possibilit\u00e0 unica per bambini e genitori di passare una notte indimenticabile in sacco a pelo, niente meno che nel Salone dei Cinquecento. Sabato 13 alle 21 appuntamento per un percorso speciale nel museo, per poi chiudere gli occhi in compagnia dei grandi personaggi della famiglia Medici. Al risveglio, infine, colazione per tutti grazie a Fondaco Italia e Rigoni. Posti limitati, prenotazione obbligatoria.<\/p>\n<p>In<strong> Palazzo Vecchio, come sempre cuore dell\u2019evento<\/strong>: i cortili saranno animati da giochi e attivit\u00e0, con spazio dedicato ai piccolissimi e un insolito \u201c<strong>leone leonardiano\u201d<\/strong> (a memoria del fantastico leone realizzato da Leonardo per le grandi feste di corte ma anche dei leoni veri che realmente abitavano il palazzo); in Sala d\u2019Arme un laboratorio per reinterpretare il dipinto pi\u00f9 famoso del mondo, la <strong>Monnalisa<\/strong>; nel palazzo percorsi e attivit\u00e0 centrate sulla mitica <strong>Battaglia di Anghiari<\/strong> e sulla grande mostra in corso Leonardo e Firenze. E a pochi metri, in San Firenze, attivit\u00e0 tematiche al Museo Zeffirelli e l\u2019installazione teatrale ispirata al <strong>Codice da Vinci<\/strong> a cura di TPO.<\/p>\n<p> <strong>Al Cinema della Compagnia<\/strong> grandi proiezioni su Leonardo (fra cui la recente produzione RAI) e laboratori tematici; in piazza SS. Annunziata e<strong> Istituto Geografico Militare<\/strong> un focus sull\u2019ingegno militare di Leonardo, a cura del Ministero della Difesa, affiancato dalle attivit\u00e0 del Museo degli Innocenti; alla <strong>Biblioteca delle Oblate<\/strong> letture e laboratori tematici negli spazi della biblioteca per bambini e ragazzi e la spettacolare<strong> installazione sul volo firmata Studio Azzurro<\/strong>, con numerose attivit\u00e0 correlate. Alle <strong>Murate<\/strong> ancora un grande allestimento, ovvero le gru e le macchine da costruzione leonardiane realizzate da <strong>ArtesMechanicae<\/strong>, con l\u2019invito a prendere parte a laboratori sull\u2019argomento, giochi e attivit\u00e0 nelle piazze, un murales che prender\u00e0 vita con il celebre artista Toxic, incontri con grandi pensatori e laboratori con grandi artisti al PAC.<\/p>\n<p> Presso il <strong>giardino dell\u2019Orticoltura<\/strong> percorsi e attivit\u00e0 en plein air a tema natura, flora e fauna, letture animate e iniziative in biblioteca, un giardino delle arance da scoprire, infine l\u2019ormai classico pranzo offerto alle famiglie dalla refezione scolastica nella splendida cornice del <strong>Tepidarium,<\/strong> affiancato da numerose proposte sull\u2019alimentazione.<\/p>\n<p> Ancora, la <strong>Manifattura Tabacchi<\/strong> si offre come inedita location di attivit\u00e0 e laboratori per ogni et\u00e0 e ogni interesse, dalla tecnologia all\u2019arte, dalla scienza al teatro, fino agli spettacoli messi in scena nel cortile. E la mattina di sabato 13 si presentano i futuri nidi che vi avranno sede. La<strong> Biblioteca Thouar e le Leopoldine,<\/strong> quell\u2019incredibile angolo di Oltrarno, presenteranno nel chiostro attivit\u00e0, installazioni e spettacoli senza sosta, in biblioteca letture animate, nella sala monumentale l\u2019opera sonora di Francesco Pellegrino e Anita Barghigiani.<\/p>\n<p> <strong>Tutte le iniziative sono gratuite,<\/strong> alcune ad accesso libero altre su prenotazione. Le prenotazioni si effettuano sul sito firenzebambini.it Per favorire la massima presenza possibile di bambini nelle attivit\u00e0, ogni bambino pu\u00f2 essere accompagnato massimo da un adulto. <strong>Le attivit\u00e0 saranno prenotabili fino alle ore 16 di venerd\u00ec 12 aprile<\/strong>. Si prega di presentarsi con la conferma di prenotazione stampata o visualizzabile su smartphon o tablet.<\/p>\n<p><strong>Per informazioni:<\/strong><br \/><strong><a href=\"mailto:info@firenzebambini.it\">info@firenzebambini.it<\/a><\/strong><\/p>\n<p>&nbsp;<\/p>\n","protected":false},"excerpt":{"rendered":"<p>Il 12, 13 e 14 aprile centinaia di attivit\u00e0, laboratori, iniziative e spettacoli a ingresso gratuito in tutta la citt\u00e0<\/p>\n","protected":false},"author":525,"featured_media":99892,"comment_status":"open","ping_status":"open","sticky":false,"template":"","format":"standard","meta":{"_acf_changed":false,"footnotes":""},"categories":[493,5],"tags":[],"class_list":["post-61829","post","type-post","status-publish","format-standard","has-post-thumbnail","hentry","category-cultura","category-arte-e-cultura"],"acf":[],"yoast_head":"<!-- This site is optimized with the Yoast SEO Premium plugin v24.2 (Yoast SEO v25.6) - https:\/\/yoast.com\/wordpress\/plugins\/seo\/ -->\n<title>Torna la &#039;Firenze dei bambini&#039; all\u2019insegna del genio di Leonardo - intoscana<\/title>\n<meta name=\"description\" content=\"Torna il Firenze dei bambini all\u2019insegna del genio di Leonardo\" \/>\n<meta name=\"robots\" content=\"index, follow, max-snippet:-1, max-image-preview:large, max-video-preview:-1\" \/>\n<link rel=\"canonical\" href=\"https:\/\/www.intoscana.it\/it\/torna-la-firenze-dei-bambini-allinsegna-del-genio-di-leonardo\/\" \/>\n<meta property=\"og:locale\" content=\"it_IT\" \/>\n<meta property=\"og:type\" content=\"article\" \/>\n<meta property=\"og:title\" content=\"Torna la &#039;Firenze dei bambini&#039; all\u2019insegna del genio di Leonardo\" \/>\n<meta property=\"og:description\" content=\"Torna il Firenze dei bambini all\u2019insegna del genio di Leonardo\" \/>\n<meta property=\"og:url\" content=\"https:\/\/www.intoscana.it\/it\/torna-la-firenze-dei-bambini-allinsegna-del-genio-di-leonardo\/\" \/>\n<meta property=\"og:site_name\" content=\"intoscana\" \/>\n<meta property=\"article:publisher\" content=\"https:\/\/www.facebook.com\/intoscana.it\" \/>\n<meta property=\"article:published_time\" content=\"2019-04-03T09:16:25+00:00\" \/>\n<meta property=\"article:modified_time\" content=\"2020-05-18T08:03:04+00:00\" \/>\n<meta property=\"og:image\" content=\"https:\/\/www.intoscana.it\/wp-content\/uploads\/firenzebambinipv.jpg\" \/>\n\t<meta property=\"og:image:width\" content=\"385\" \/>\n\t<meta property=\"og:image:height\" content=\"309\" \/>\n\t<meta property=\"og:image:type\" content=\"image\/jpeg\" \/>\n<meta name=\"author\" content=\"Redazione\" \/>\n<meta name=\"twitter:card\" content=\"summary_large_image\" \/>\n<meta name=\"twitter:creator\" content=\"@intoscana\" \/>\n<meta name=\"twitter:site\" content=\"@intoscana\" \/>\n<meta name=\"twitter:label1\" content=\"Written by\" \/>\n\t<meta name=\"twitter:data1\" content=\"Redazione\" \/>\n\t<meta name=\"twitter:label2\" content=\"Est. reading time\" \/>\n\t<meta name=\"twitter:data2\" content=\"4 minuti\" \/>\n<script type=\"application\/ld+json\" class=\"yoast-schema-graph\">{\"@context\":\"https:\/\/schema.org\",\"@graph\":[{\"@type\":\"WebPage\",\"@id\":\"https:\/\/www.intoscana.it\/it\/torna-la-firenze-dei-bambini-allinsegna-del-genio-di-leonardo\/\",\"url\":\"https:\/\/www.intoscana.it\/it\/torna-la-firenze-dei-bambini-allinsegna-del-genio-di-leonardo\/\",\"name\":\"Torna la 'Firenze dei bambini' all\u2019insegna del genio di Leonardo - intoscana\",\"isPartOf\":{\"@id\":\"https:\/\/www.intoscana.it\/it\/#website\"},\"primaryImageOfPage\":{\"@id\":\"https:\/\/www.intoscana.it\/it\/torna-la-firenze-dei-bambini-allinsegna-del-genio-di-leonardo\/#primaryimage\"},\"image\":{\"@id\":\"https:\/\/www.intoscana.it\/it\/torna-la-firenze-dei-bambini-allinsegna-del-genio-di-leonardo\/#primaryimage\"},\"thumbnailUrl\":\"https:\/\/www.intoscana.it\/wp-content\/uploads\/firenzebambinipv.jpg\",\"datePublished\":\"2019-04-03T09:16:25+00:00\",\"dateModified\":\"2020-05-18T08:03:04+00:00\",\"author\":{\"@id\":\"https:\/\/www.intoscana.it\/it\/#\/schema\/person\/9223810753230f20bd670fdd322661f8\"},\"description\":\"Torna il Firenze dei bambini all\u2019insegna del genio di Leonardo\",\"breadcrumb\":{\"@id\":\"https:\/\/www.intoscana.it\/it\/torna-la-firenze-dei-bambini-allinsegna-del-genio-di-leonardo\/#breadcrumb\"},\"inLanguage\":\"it-IT\",\"potentialAction\":[{\"@type\":\"ReadAction\",\"target\":[\"https:\/\/www.intoscana.it\/it\/torna-la-firenze-dei-bambini-allinsegna-del-genio-di-leonardo\/\"]}]},{\"@type\":\"ImageObject\",\"inLanguage\":\"it-IT\",\"@id\":\"https:\/\/www.intoscana.it\/it\/torna-la-firenze-dei-bambini-allinsegna-del-genio-di-leonardo\/#primaryimage\",\"url\":\"https:\/\/www.intoscana.it\/wp-content\/uploads\/firenzebambinipv.jpg\",\"contentUrl\":\"https:\/\/www.intoscana.it\/wp-content\/uploads\/firenzebambinipv.jpg\",\"width\":385,\"height\":309},{\"@type\":\"BreadcrumbList\",\"@id\":\"https:\/\/www.intoscana.it\/it\/torna-la-firenze-dei-bambini-allinsegna-del-genio-di-leonardo\/#breadcrumb\",\"itemListElement\":[{\"@type\":\"ListItem\",\"position\":1,\"name\":\"Home\",\"item\":\"https:\/\/www.intoscana.it\/it\/\"},{\"@type\":\"ListItem\",\"position\":2,\"name\":\"Torna la &#8216;Firenze dei bambini&#8217; all\u2019insegna del genio di Leonardo\"}]},{\"@type\":\"WebSite\",\"@id\":\"https:\/\/www.intoscana.it\/it\/#website\",\"url\":\"https:\/\/www.intoscana.it\/it\/\",\"name\":\"intoscana\",\"description\":\"\",\"potentialAction\":[{\"@type\":\"SearchAction\",\"target\":{\"@type\":\"EntryPoint\",\"urlTemplate\":\"https:\/\/www.intoscana.it\/it\/?s={search_term_string}\"},\"query-input\":{\"@type\":\"PropertyValueSpecification\",\"valueRequired\":true,\"valueName\":\"search_term_string\"}}],\"inLanguage\":\"it-IT\"},{\"@type\":\"Person\",\"@id\":\"https:\/\/www.intoscana.it\/it\/#\/schema\/person\/9223810753230f20bd670fdd322661f8\",\"name\":\"Redazione\",\"url\":\"https:\/\/www.intoscana.it\/it\/author\/redazione\/\"}]}<\/script>\n<!-- \/ Yoast SEO Premium plugin. -->","yoast_head_json":{"title":"Torna la 'Firenze dei bambini' all\u2019insegna del genio di Leonardo - intoscana","description":"Torna il Firenze dei bambini all\u2019insegna del genio di Leonardo","robots":{"index":"index","follow":"follow","max-snippet":"max-snippet:-1","max-image-preview":"max-image-preview:large","max-video-preview":"max-video-preview:-1"},"canonical":"https:\/\/www.intoscana.it\/it\/torna-la-firenze-dei-bambini-allinsegna-del-genio-di-leonardo\/","og_locale":"it_IT","og_type":"article","og_title":"Torna la 'Firenze dei bambini' all\u2019insegna del genio di Leonardo","og_description":"Torna il Firenze dei bambini all\u2019insegna del genio di Leonardo","og_url":"https:\/\/www.intoscana.it\/it\/torna-la-firenze-dei-bambini-allinsegna-del-genio-di-leonardo\/","og_site_name":"intoscana","article_publisher":"https:\/\/www.facebook.com\/intoscana.it","article_published_time":"2019-04-03T09:16:25+00:00","article_modified_time":"2020-05-18T08:03:04+00:00","og_image":[{"width":385,"height":309,"url":"https:\/\/www.intoscana.it\/wp-content\/uploads\/firenzebambinipv.jpg","type":"image\/jpeg"}],"author":"Redazione","twitter_card":"summary_large_image","twitter_creator":"@intoscana","twitter_site":"@intoscana","twitter_misc":{"Written by":"Redazione","Est. reading time":"4 minuti"},"schema":{"@context":"https:\/\/schema.org","@graph":[{"@type":"WebPage","@id":"https:\/\/www.intoscana.it\/it\/torna-la-firenze-dei-bambini-allinsegna-del-genio-di-leonardo\/","url":"https:\/\/www.intoscana.it\/it\/torna-la-firenze-dei-bambini-allinsegna-del-genio-di-leonardo\/","name":"Torna la 'Firenze dei bambini' all\u2019insegna del genio di Leonardo - intoscana","isPartOf":{"@id":"https:\/\/www.intoscana.it\/it\/#website"},"primaryImageOfPage":{"@id":"https:\/\/www.intoscana.it\/it\/torna-la-firenze-dei-bambini-allinsegna-del-genio-di-leonardo\/#primaryimage"},"image":{"@id":"https:\/\/www.intoscana.it\/it\/torna-la-firenze-dei-bambini-allinsegna-del-genio-di-leonardo\/#primaryimage"},"thumbnailUrl":"https:\/\/www.intoscana.it\/wp-content\/uploads\/firenzebambinipv.jpg","datePublished":"2019-04-03T09:16:25+00:00","dateModified":"2020-05-18T08:03:04+00:00","author":{"@id":"https:\/\/www.intoscana.it\/it\/#\/schema\/person\/9223810753230f20bd670fdd322661f8"},"description":"Torna il Firenze dei bambini all\u2019insegna del genio di Leonardo","breadcrumb":{"@id":"https:\/\/www.intoscana.it\/it\/torna-la-firenze-dei-bambini-allinsegna-del-genio-di-leonardo\/#breadcrumb"},"inLanguage":"it-IT","potentialAction":[{"@type":"ReadAction","target":["https:\/\/www.intoscana.it\/it\/torna-la-firenze-dei-bambini-allinsegna-del-genio-di-leonardo\/"]}]},{"@type":"ImageObject","inLanguage":"it-IT","@id":"https:\/\/www.intoscana.it\/it\/torna-la-firenze-dei-bambini-allinsegna-del-genio-di-leonardo\/#primaryimage","url":"https:\/\/www.intoscana.it\/wp-content\/uploads\/firenzebambinipv.jpg","contentUrl":"https:\/\/www.intoscana.it\/wp-content\/uploads\/firenzebambinipv.jpg","width":385,"height":309},{"@type":"BreadcrumbList","@id":"https:\/\/www.intoscana.it\/it\/torna-la-firenze-dei-bambini-allinsegna-del-genio-di-leonardo\/#breadcrumb","itemListElement":[{"@type":"ListItem","position":1,"name":"Home","item":"https:\/\/www.intoscana.it\/it\/"},{"@type":"ListItem","position":2,"name":"Torna la &#8216;Firenze dei bambini&#8217; all\u2019insegna del genio di Leonardo"}]},{"@type":"WebSite","@id":"https:\/\/www.intoscana.it\/it\/#website","url":"https:\/\/www.intoscana.it\/it\/","name":"intoscana","description":"","potentialAction":[{"@type":"SearchAction","target":{"@type":"EntryPoint","urlTemplate":"https:\/\/www.intoscana.it\/it\/?s={search_term_string}"},"query-input":{"@type":"PropertyValueSpecification","valueRequired":true,"valueName":"search_term_string"}}],"inLanguage":"it-IT"},{"@type":"Person","@id":"https:\/\/www.intoscana.it\/it\/#\/schema\/person\/9223810753230f20bd670fdd322661f8","name":"Redazione","url":"https:\/\/www.intoscana.it\/it\/author\/redazione\/"}]}},"_links":{"self":[{"href":"https:\/\/www.intoscana.it\/it\/wp-json\/wp\/v2\/posts\/61829","targetHints":{"allow":["GET"]}}],"collection":[{"href":"https:\/\/www.intoscana.it\/it\/wp-json\/wp\/v2\/posts"}],"about":[{"href":"https:\/\/www.intoscana.it\/it\/wp-json\/wp\/v2\/types\/post"}],"author":[{"embeddable":true,"href":"https:\/\/www.intoscana.it\/it\/wp-json\/wp\/v2\/users\/525"}],"replies":[{"embeddable":true,"href":"https:\/\/www.intoscana.it\/it\/wp-json\/wp\/v2\/comments?post=61829"}],"version-history":[{"count":0,"href":"https:\/\/www.intoscana.it\/it\/wp-json\/wp\/v2\/posts\/61829\/revisions"}],"wp:featuredmedia":[{"embeddable":true,"href":"https:\/\/www.intoscana.it\/it\/wp-json\/wp\/v2\/media\/99892"}],"wp:attachment":[{"href":"https:\/\/www.intoscana.it\/it\/wp-json\/wp\/v2\/media?parent=61829"}],"wp:term":[{"taxonomy":"category","embeddable":true,"href":"https:\/\/www.intoscana.it\/it\/wp-json\/wp\/v2\/categories?post=61829"},{"taxonomy":"post_tag","embeddable":true,"href":"https:\/\/www.intoscana.it\/it\/wp-json\/wp\/v2\/tags?post=61829"}],"curies":[{"name":"wp","href":"https:\/\/api.w.org\/{rel}","templated":true}]}}