{"id":61848,"date":"2019-10-07T12:43:27","date_gmt":"2019-10-07T12:43:27","guid":{"rendered":"http:\/\/www.intoscana.it\/digital-healt-innovazione-e-ricerca-al-4-forum-sistema-salute\/"},"modified":"2020-05-19T15:50:03","modified_gmt":"2020-05-19T13:50:03","slug":"forum-sistema-salute-stazione-leopolda","status":"publish","type":"post","link":"https:\/\/www.intoscana.it\/it\/forum-sistema-salute-stazione-leopolda\/","title":{"rendered":"&#8216;Digital Healt&#8217;: innovazione e ricerca al 4\u00b0 Forum Sistema Salute"},"content":{"rendered":"<p><strong>Il futuro della sanit\u00e0<\/strong> arriva<strong> dal 10 all&#8217;11 ottobre,<\/strong> alla <strong>Stazione Leopolda di Firenze<\/strong>&nbsp;per il quarto anno consecutivo si terr\u00e0 il <strong>Forum della Sostenibilit\u00e0 e Opportunit\u00e0 nel Settore della Salute<\/strong>, una due giorni di lavoro e confronto sui principali temi che riguardano il benessere dei cittadini, le nuove frontiere della medicina e le sfide che il <strong>Sistema Sanitario<\/strong> \u00e8 chiamato ad affrontare, con un approccio rivolto in maniera costante all&#8217;innovazione e alla sostenibilit\u00e0.<\/p>\n<p><strong>Tra workshop, dibattiti e think tank,<\/strong> il Forum avr\u00e0 in calendario oltre 40 eventi e convoglier\u00e0 a Firenze pi\u00f9 di 500 esperti in campo sanitario: <strong>medici, ricercatori, manager e giornalisti specializzati, ma anche giovani startupper, studenti e associazioni di pazienti.<\/strong> Tra gli altri, saranno presenti <strong>Gianni Amunni<\/strong>&nbsp;Direttore Generale ISPRO Istituto per lo Studio, la Prevenzione e la Rete Oncologica, <strong>Massimo Livi Bacci<\/strong>&nbsp;professore di Demografia dell&#8217;Universit\u00e0 di Firenze, <strong>Nello Martini<\/strong>&nbsp;presidente della Fondazione Ricerca e Salute, ReS,<strong> Pierangelo Geppetti<\/strong>&nbsp;professore di Farmacologia Clinica dell&#8217;Universit\u00e0 di e direttore SOD Centro Cefalee e Farmacologia Clinica Azienda Ospedaliero Universitaria Careggi, Firenze, <strong>Mario Braga<\/strong>&nbsp;direttore ARS \u2013 Agenzia Regionale di Sanit\u00e0 della Toscana. Parteciperanno, inoltre, il <strong>presidente della Regione Toscana, Enrico Rossi, e l&#8217;assessore al Diritto alla Salute della Regione Toscana, Stefania Saccardi.<\/strong><\/p>\n<p><strong>Gioved\u00ec 10 ottobre<\/strong> un&#8217;assemblea plenaria dal titolo <strong>\u201cLo stato di salute dei cittadini e del sistema salute in Italia\u201d<\/strong> inaugurer\u00e0 il Forum e offrir\u00e0 un approfondimento non solo su interessanti aspetti epidemiologici che riguardano la salute di tutti, ma anche sul nodo della spesa pubblica e privata per farmaci e cure, e sulla governance sanitaria. Tra i partecipanti: <strong>il padre dell&#8217;economia sanitaria in Italia, Elio Borgonovi<\/strong> dell&#8217;Universit\u00e0 Bocconi di Milano, e <strong>Francesco Ripa di Meana,<\/strong> presidente FIASO Federazione italiana aziende sanitarie e ospedaliere. <\/p>\n<p>Prenderanno il via, insieme al forum, anche <strong>\u201cLeo contest\u201d<\/strong> e <strong>\u201cRare desease hackathon\u201d,<\/strong> due competizioni che chiamano in causa i <strong>giovani innovatori: designer, esperti di intelligenza artificiale, programmatori<\/strong> si sfideranno per trovare soluzioni di <strong>\u201cdigital health\u201d<\/strong> applicate alle esigenze dei malati cronici e dei pazienti affetti da patologie rare. <\/p>\n<p>Tra gli highliths di questa edizione del Forum, il workshop che si svolger\u00e0 <strong>gioved\u00ec 10<\/strong> dal titolo <strong>\u201cPer un uso appropriato e adeguato degli antibiotici: un nuovo paradigma nel mondo dell&#8217;antibiotico-resistenza\u201d<\/strong>, tema di grande attualit\u00e0 e vera e propria emergenza sanitaria. <\/p>\n<p><strong>Venerd\u00ec 11 ottobre,<\/strong> sar\u00e0 la volta di un interessante approfondimento dal titolo <strong>\u201cLe grandi sfide della medicina e della governance farmaceutica del futuro\u201d<\/strong>. Si parler\u00e0 di Medicina di precisione e Modello Mutazionale in Oncologia, Medicina Rigenerativa e Gene-Therapy, Medicina della Cronicit\u00e0 e delle Multi-Morbidit\u00e0. Sempre venerd\u00ec, una tavola rotonda dedicata alla <strong>Digital Transformation della sanit\u00e0 italiana<\/strong> far\u00e0 il punto sull&#8217;innovazione e sulla rivoluzione digitale applicata al settore dell&#8217;healthcare. <\/p>\n<p>&#8220;In un&#8217;epoca di importanti rivoluzioni sociali, la salute \u00e8 un tema di massima importanza&#8221; ha detto <strong>Giuseppe Orzati, organizzatore del Forum Sistema Salute<\/strong>&nbsp;&#8220;Emerge la necessit\u00e0 di rinnovare programmi e strategie per una sanit\u00e0 pi\u00f9 efficace e per una migliore governance sanitaria. In questo contesto, il Forum Sistema salute offre un&#8217;occasione unica di aggiornamento e di riflessione sui temi di pi\u00f9 stringente attualit\u00e0. Insieme ci interrogheremo su <strong>come offrire risposte sempre pi\u00f9 mirate alle esigenze del cittadino, dei medici e delle aziende sanitarie<\/strong>. E condivideremo idee, progetti e strategie per trasfromare le nuove sfide in opportunit\u00e0&#8221;.<\/p>\n","protected":false},"excerpt":{"rendered":"<p>Gioved\u00ec 10 e venerd\u00ec 11 ottobre la Stazione Leopolda di Firenze ospita il quarto Forum della Sostenibilit\u00e0 e Opportunit\u00e0 nel Settore Salute: workshop, tavole rotonde e due contest per i giovani innovatori<\/p>\n","protected":false},"author":525,"featured_media":99911,"comment_status":"open","ping_status":"open","sticky":false,"template":"","format":"standard","meta":{"_acf_changed":false,"footnotes":""},"categories":[18],"tags":[],"class_list":["post-61848","post","type-post","status-publish","format-standard","has-post-thumbnail","hentry","category-salute"],"acf":[],"yoast_head":"<!-- This site is optimized with the Yoast SEO Premium plugin v24.2 (Yoast SEO v25.6) - https:\/\/yoast.com\/wordpress\/plugins\/seo\/ -->\n<title>&#039;Digital Healt&#039;: innovazione e ricerca al 4\u00b0 Forum Sistema Salute - intoscana<\/title>\n<meta name=\"robots\" content=\"index, follow, max-snippet:-1, max-image-preview:large, max-video-preview:-1\" \/>\n<link rel=\"canonical\" href=\"https:\/\/www.intoscana.it\/it\/forum-sistema-salute-stazione-leopolda\/\" \/>\n<meta property=\"og:locale\" content=\"it_IT\" \/>\n<meta property=\"og:type\" content=\"article\" \/>\n<meta property=\"og:title\" content=\"&#039;Digital Healt&#039;: innovazione e ricerca al 4\u00b0 Forum Sistema Salute\" \/>\n<meta property=\"og:description\" content=\"Gioved\u00ec 10 e venerd\u00ec 11 ottobre la Stazione Leopolda di Firenze ospita il quarto Forum della Sostenibilit\u00e0 e Opportunit\u00e0 nel Settore Salute: workshop, tavole rotonde e due contest per i giovani innovatori\" \/>\n<meta property=\"og:url\" content=\"https:\/\/www.intoscana.it\/it\/forum-sistema-salute-stazione-leopolda\/\" \/>\n<meta property=\"og:site_name\" content=\"intoscana\" \/>\n<meta property=\"article:publisher\" content=\"https:\/\/www.facebook.com\/intoscana.it\" \/>\n<meta property=\"article:published_time\" content=\"2019-10-07T12:43:27+00:00\" \/>\n<meta property=\"article:modified_time\" content=\"2020-05-19T13:50:03+00:00\" \/>\n<meta property=\"og:image\" content=\"https:\/\/www.intoscana.it\/wp-content\/uploads\/sanita-1.jpg\" \/>\n\t<meta property=\"og:image:width\" content=\"2000\" \/>\n\t<meta property=\"og:image:height\" content=\"1333\" \/>\n\t<meta property=\"og:image:type\" content=\"image\/jpeg\" \/>\n<meta name=\"author\" content=\"Redazione\" \/>\n<meta name=\"twitter:card\" content=\"summary_large_image\" \/>\n<meta name=\"twitter:creator\" content=\"@intoscana\" \/>\n<meta name=\"twitter:site\" content=\"@intoscana\" \/>\n<meta name=\"twitter:label1\" content=\"Written by\" \/>\n\t<meta name=\"twitter:data1\" content=\"Redazione\" \/>\n\t<meta name=\"twitter:label2\" content=\"Est. reading time\" \/>\n\t<meta name=\"twitter:data2\" content=\"3 minuti\" \/>\n<script type=\"application\/ld+json\" class=\"yoast-schema-graph\">{\"@context\":\"https:\/\/schema.org\",\"@graph\":[{\"@type\":\"WebPage\",\"@id\":\"https:\/\/www.intoscana.it\/it\/forum-sistema-salute-stazione-leopolda\/\",\"url\":\"https:\/\/www.intoscana.it\/it\/forum-sistema-salute-stazione-leopolda\/\",\"name\":\"'Digital Healt': innovazione e ricerca al 4\u00b0 Forum Sistema Salute - intoscana\",\"isPartOf\":{\"@id\":\"https:\/\/www.intoscana.it\/it\/#website\"},\"primaryImageOfPage\":{\"@id\":\"https:\/\/www.intoscana.it\/it\/forum-sistema-salute-stazione-leopolda\/#primaryimage\"},\"image\":{\"@id\":\"https:\/\/www.intoscana.it\/it\/forum-sistema-salute-stazione-leopolda\/#primaryimage\"},\"thumbnailUrl\":\"https:\/\/www.intoscana.it\/wp-content\/uploads\/sanita-1.jpg\",\"datePublished\":\"2019-10-07T12:43:27+00:00\",\"dateModified\":\"2020-05-19T13:50:03+00:00\",\"author\":{\"@id\":\"https:\/\/www.intoscana.it\/it\/#\/schema\/person\/9223810753230f20bd670fdd322661f8\"},\"breadcrumb\":{\"@id\":\"https:\/\/www.intoscana.it\/it\/forum-sistema-salute-stazione-leopolda\/#breadcrumb\"},\"inLanguage\":\"it-IT\",\"potentialAction\":[{\"@type\":\"ReadAction\",\"target\":[\"https:\/\/www.intoscana.it\/it\/forum-sistema-salute-stazione-leopolda\/\"]}]},{\"@type\":\"ImageObject\",\"inLanguage\":\"it-IT\",\"@id\":\"https:\/\/www.intoscana.it\/it\/forum-sistema-salute-stazione-leopolda\/#primaryimage\",\"url\":\"https:\/\/www.intoscana.it\/wp-content\/uploads\/sanita-1.jpg\",\"contentUrl\":\"https:\/\/www.intoscana.it\/wp-content\/uploads\/sanita-1.jpg\",\"width\":2000,\"height\":1333},{\"@type\":\"BreadcrumbList\",\"@id\":\"https:\/\/www.intoscana.it\/it\/forum-sistema-salute-stazione-leopolda\/#breadcrumb\",\"itemListElement\":[{\"@type\":\"ListItem\",\"position\":1,\"name\":\"Home\",\"item\":\"https:\/\/www.intoscana.it\/it\/\"},{\"@type\":\"ListItem\",\"position\":2,\"name\":\"&#8216;Digital Healt&#8217;: innovazione e ricerca al 4\u00b0 Forum Sistema Salute\"}]},{\"@type\":\"WebSite\",\"@id\":\"https:\/\/www.intoscana.it\/it\/#website\",\"url\":\"https:\/\/www.intoscana.it\/it\/\",\"name\":\"intoscana\",\"description\":\"\",\"potentialAction\":[{\"@type\":\"SearchAction\",\"target\":{\"@type\":\"EntryPoint\",\"urlTemplate\":\"https:\/\/www.intoscana.it\/it\/?s={search_term_string}\"},\"query-input\":{\"@type\":\"PropertyValueSpecification\",\"valueRequired\":true,\"valueName\":\"search_term_string\"}}],\"inLanguage\":\"it-IT\"},{\"@type\":\"Person\",\"@id\":\"https:\/\/www.intoscana.it\/it\/#\/schema\/person\/9223810753230f20bd670fdd322661f8\",\"name\":\"Redazione\",\"url\":\"https:\/\/www.intoscana.it\/it\/author\/redazione\/\"}]}<\/script>\n<!-- \/ Yoast SEO Premium plugin. -->","yoast_head_json":{"title":"'Digital Healt': innovazione e ricerca al 4\u00b0 Forum Sistema Salute - intoscana","robots":{"index":"index","follow":"follow","max-snippet":"max-snippet:-1","max-image-preview":"max-image-preview:large","max-video-preview":"max-video-preview:-1"},"canonical":"https:\/\/www.intoscana.it\/it\/forum-sistema-salute-stazione-leopolda\/","og_locale":"it_IT","og_type":"article","og_title":"'Digital Healt': innovazione e ricerca al 4\u00b0 Forum Sistema Salute","og_description":"Gioved\u00ec 10 e venerd\u00ec 11 ottobre la Stazione Leopolda di Firenze ospita il quarto Forum della Sostenibilit\u00e0 e Opportunit\u00e0 nel Settore Salute: workshop, tavole rotonde e due contest per i giovani innovatori","og_url":"https:\/\/www.intoscana.it\/it\/forum-sistema-salute-stazione-leopolda\/","og_site_name":"intoscana","article_publisher":"https:\/\/www.facebook.com\/intoscana.it","article_published_time":"2019-10-07T12:43:27+00:00","article_modified_time":"2020-05-19T13:50:03+00:00","og_image":[{"width":2000,"height":1333,"url":"https:\/\/www.intoscana.it\/wp-content\/uploads\/sanita-1.jpg","type":"image\/jpeg"}],"author":"Redazione","twitter_card":"summary_large_image","twitter_creator":"@intoscana","twitter_site":"@intoscana","twitter_misc":{"Written by":"Redazione","Est. reading time":"3 minuti"},"schema":{"@context":"https:\/\/schema.org","@graph":[{"@type":"WebPage","@id":"https:\/\/www.intoscana.it\/it\/forum-sistema-salute-stazione-leopolda\/","url":"https:\/\/www.intoscana.it\/it\/forum-sistema-salute-stazione-leopolda\/","name":"'Digital Healt': innovazione e ricerca al 4\u00b0 Forum Sistema Salute - intoscana","isPartOf":{"@id":"https:\/\/www.intoscana.it\/it\/#website"},"primaryImageOfPage":{"@id":"https:\/\/www.intoscana.it\/it\/forum-sistema-salute-stazione-leopolda\/#primaryimage"},"image":{"@id":"https:\/\/www.intoscana.it\/it\/forum-sistema-salute-stazione-leopolda\/#primaryimage"},"thumbnailUrl":"https:\/\/www.intoscana.it\/wp-content\/uploads\/sanita-1.jpg","datePublished":"2019-10-07T12:43:27+00:00","dateModified":"2020-05-19T13:50:03+00:00","author":{"@id":"https:\/\/www.intoscana.it\/it\/#\/schema\/person\/9223810753230f20bd670fdd322661f8"},"breadcrumb":{"@id":"https:\/\/www.intoscana.it\/it\/forum-sistema-salute-stazione-leopolda\/#breadcrumb"},"inLanguage":"it-IT","potentialAction":[{"@type":"ReadAction","target":["https:\/\/www.intoscana.it\/it\/forum-sistema-salute-stazione-leopolda\/"]}]},{"@type":"ImageObject","inLanguage":"it-IT","@id":"https:\/\/www.intoscana.it\/it\/forum-sistema-salute-stazione-leopolda\/#primaryimage","url":"https:\/\/www.intoscana.it\/wp-content\/uploads\/sanita-1.jpg","contentUrl":"https:\/\/www.intoscana.it\/wp-content\/uploads\/sanita-1.jpg","width":2000,"height":1333},{"@type":"BreadcrumbList","@id":"https:\/\/www.intoscana.it\/it\/forum-sistema-salute-stazione-leopolda\/#breadcrumb","itemListElement":[{"@type":"ListItem","position":1,"name":"Home","item":"https:\/\/www.intoscana.it\/it\/"},{"@type":"ListItem","position":2,"name":"&#8216;Digital Healt&#8217;: innovazione e ricerca al 4\u00b0 Forum Sistema Salute"}]},{"@type":"WebSite","@id":"https:\/\/www.intoscana.it\/it\/#website","url":"https:\/\/www.intoscana.it\/it\/","name":"intoscana","description":"","potentialAction":[{"@type":"SearchAction","target":{"@type":"EntryPoint","urlTemplate":"https:\/\/www.intoscana.it\/it\/?s={search_term_string}"},"query-input":{"@type":"PropertyValueSpecification","valueRequired":true,"valueName":"search_term_string"}}],"inLanguage":"it-IT"},{"@type":"Person","@id":"https:\/\/www.intoscana.it\/it\/#\/schema\/person\/9223810753230f20bd670fdd322661f8","name":"Redazione","url":"https:\/\/www.intoscana.it\/it\/author\/redazione\/"}]}},"_links":{"self":[{"href":"https:\/\/www.intoscana.it\/it\/wp-json\/wp\/v2\/posts\/61848","targetHints":{"allow":["GET"]}}],"collection":[{"href":"https:\/\/www.intoscana.it\/it\/wp-json\/wp\/v2\/posts"}],"about":[{"href":"https:\/\/www.intoscana.it\/it\/wp-json\/wp\/v2\/types\/post"}],"author":[{"embeddable":true,"href":"https:\/\/www.intoscana.it\/it\/wp-json\/wp\/v2\/users\/525"}],"replies":[{"embeddable":true,"href":"https:\/\/www.intoscana.it\/it\/wp-json\/wp\/v2\/comments?post=61848"}],"version-history":[{"count":0,"href":"https:\/\/www.intoscana.it\/it\/wp-json\/wp\/v2\/posts\/61848\/revisions"}],"wp:featuredmedia":[{"embeddable":true,"href":"https:\/\/www.intoscana.it\/it\/wp-json\/wp\/v2\/media\/99911"}],"wp:attachment":[{"href":"https:\/\/www.intoscana.it\/it\/wp-json\/wp\/v2\/media?parent=61848"}],"wp:term":[{"taxonomy":"category","embeddable":true,"href":"https:\/\/www.intoscana.it\/it\/wp-json\/wp\/v2\/categories?post=61848"},{"taxonomy":"post_tag","embeddable":true,"href":"https:\/\/www.intoscana.it\/it\/wp-json\/wp\/v2\/tags?post=61848"}],"curies":[{"name":"wp","href":"https:\/\/api.w.org\/{rel}","templated":true}]}}