{"id":61849,"date":"2019-09-26T10:24:35","date_gmt":"2019-09-26T10:24:35","guid":{"rendered":"http:\/\/www.intoscana.it\/obesita-e-stress-ecco-perche-cuore-e-cervello-sono-piu-vulnerabili\/"},"modified":"2020-05-19T15:50:03","modified_gmt":"2020-05-19T13:50:03","slug":"obesita-cuore-cervello","status":"publish","type":"post","link":"https:\/\/www.intoscana.it\/it\/obesita-cuore-cervello\/","title":{"rendered":"Obesit\u00e0 e stress: ecco perch\u00e9 cuore e cervello sono pi\u00f9 vulnerabili"},"content":{"rendered":"<p><strong>Cuore e ippocampo, una piccola regione del cervello, sono strettamente legati e in caso di obesit\u00e0 e di esposizione per lungo tempo allo stress entrambi gli organi vengono danneggiati,<\/strong> essendo privati dell\u2019azione protettiva del fattore neurotrofico cerebrale, o BDNF. A mettere in relazione per la prima volta l\u2019effetto sinergico dell\u2019obesit\u00e0, come quella indotta da una dieta ricca di grassi saturi, e del subentrante <strong>stress psicosociale, come quello correlato al lavoro, alla discriminazione sociale o alla violenza,<\/strong> con la disfunzione dell\u2019asse cuore-cervello da carenza di BDNF \u00e8 uno studio internazionale condotto dai <strong>ricercatori della Scuola Sant\u2019Anna di Pisa<\/strong>.<\/p>\n<p>L\u2019Unit\u00e0 di Medicina Critica Traslazionale dell\u2019Istituto di Scienze della Vita della Sant\u2019Anna, coordinata dal professor Vincenzo Lionetti, ha lavorato in collaborazione con il Cnr di Pisa, la Johns Hopkins University di Baltimora e l\u2019Universit\u00e0 di Udine. I<strong> risultati dello studio recentemente pubblicato su EBioMedicine sono parte del progetto di ricerca<\/strong> svolto dal dottor Jacopo Agrimi, presso l\u2019area di ricerca del Cnr di Pisa che a Baltimora, durante il suo PhD in Medicina Traslazionale presso l\u2019Istituto di Scienze della Vita della Scuola Sant\u2019Anna, grazie ad una borsa di studio finanziata da Telecom Italia.<\/p>\n<p><strong>La ricerca ha rivelato che solo i topi obesi dopo uno stress cronico presentano una maggiore riduzione della funzione cardiaca,<\/strong> sistolica e diastolica, sebbene la densit\u00e0 capillare miocardica non si riduca, e una grave disfunzione ippocampale, caratterizzata da un deterioramento del tono dell\u2019umore e della memoria spaziale. \u00c8 interessante osservare come sia il cuore sia l\u2019ippocampo dello stesso soggetto rispondano, allo stesso modo, ad un crescente stress ossidativo, ovvero con una progressiva perdita di cellule, rese ormai fragili dalla ridotta espressione di BDNF e TrkB, il suo specifico recettore, la cui assenza favorisce livelli tissutali pi\u00f9 alti di radicali liberi dell\u2019ossigeno.<\/p>\n<p><strong>\u201cNell\u2019anno in cui l\u2019Organizzazione Mondiale della Sanit\u00e0 riconosce il burn-out causato dallo stress cronico sul lavoro come una diagnosi medica ufficiale,<\/strong> il nostro studio aiuta a fare chiarezza sui meccanismi \u2013 spiega il professor Vincenzo Lionetti &#8211; si tratta di risultati di grande rilievo perch\u00e9 hanno anche permesso di caratterizzare un modello sperimentale di disfunzione dell\u2019asse cuore-cervello che presenta dei tratti clinici e biochimici sovrapponibili a quelli identificati nell\u2019uomo. Pertanto, il nostro modello potr\u00e0 essere d\u2019aiuto per lo sviluppo di nuove strategie di protezione multiorgano dedicate a chi \u00e8 potenzialmente sano, sebbene ad alto rischio, ma anche al paziente critico.\u201d<\/p>\n","protected":false},"excerpt":{"rendered":"<p>Lo studio internazionale coordinato dalla Sant&#8217;Anna di Pisa per la prima volta mette in relazione l\u2019effetto dell\u2019obesit\u00e0 e dello stress psicosociale, come quello sul lavoro<\/p>\n","protected":false},"author":525,"featured_media":99912,"comment_status":"open","ping_status":"open","sticky":false,"template":"","format":"standard","meta":{"_acf_changed":false,"footnotes":""},"categories":[18],"tags":[],"class_list":["post-61849","post","type-post","status-publish","format-standard","has-post-thumbnail","hentry","category-salute"],"acf":[],"yoast_head":"<!-- This site is optimized with the Yoast SEO Premium plugin v24.2 (Yoast SEO v25.6) - https:\/\/yoast.com\/wordpress\/plugins\/seo\/ -->\n<title>Obesit\u00e0 e stress: ecco perch\u00e9 cuore e cervello sono pi\u00f9 vulnerabili - intoscana<\/title>\n<meta name=\"robots\" content=\"index, follow, max-snippet:-1, max-image-preview:large, max-video-preview:-1\" \/>\n<link rel=\"canonical\" href=\"https:\/\/www.intoscana.it\/it\/obesita-cuore-cervello\/\" \/>\n<meta property=\"og:locale\" content=\"it_IT\" \/>\n<meta property=\"og:type\" content=\"article\" \/>\n<meta property=\"og:title\" content=\"Obesit\u00e0 e stress: ecco perch\u00e9 cuore e cervello sono pi\u00f9 vulnerabili\" \/>\n<meta property=\"og:description\" content=\"Lo studio internazionale coordinato dalla Sant&#039;Anna di Pisa per la prima volta mette in relazione l\u2019effetto dell\u2019obesit\u00e0 e dello stress psicosociale, come quello sul lavoro\" \/>\n<meta property=\"og:url\" content=\"https:\/\/www.intoscana.it\/it\/obesita-cuore-cervello\/\" \/>\n<meta property=\"og:site_name\" content=\"intoscana\" \/>\n<meta property=\"article:publisher\" content=\"https:\/\/www.facebook.com\/intoscana.it\" \/>\n<meta property=\"article:published_time\" content=\"2019-09-26T10:24:35+00:00\" \/>\n<meta property=\"article:modified_time\" content=\"2020-05-19T13:50:03+00:00\" \/>\n<meta property=\"og:image\" content=\"https:\/\/www.intoscana.it\/wp-content\/uploads\/stress-cuore-cervello2.jpeg\" \/>\n\t<meta property=\"og:image:width\" content=\"1731\" \/>\n\t<meta property=\"og:image:height\" content=\"1155\" \/>\n\t<meta property=\"og:image:type\" content=\"image\/jpeg\" \/>\n<meta name=\"author\" content=\"Redazione\" \/>\n<meta name=\"twitter:card\" content=\"summary_large_image\" \/>\n<meta name=\"twitter:creator\" content=\"@intoscana\" \/>\n<meta name=\"twitter:site\" content=\"@intoscana\" \/>\n<meta name=\"twitter:label1\" content=\"Written by\" \/>\n\t<meta name=\"twitter:data1\" content=\"Redazione\" \/>\n\t<meta name=\"twitter:label2\" content=\"Est. reading time\" \/>\n\t<meta name=\"twitter:data2\" content=\"2 minuti\" \/>\n<script type=\"application\/ld+json\" class=\"yoast-schema-graph\">{\"@context\":\"https:\/\/schema.org\",\"@graph\":[{\"@type\":\"WebPage\",\"@id\":\"https:\/\/www.intoscana.it\/it\/obesita-cuore-cervello\/\",\"url\":\"https:\/\/www.intoscana.it\/it\/obesita-cuore-cervello\/\",\"name\":\"Obesit\u00e0 e stress: ecco perch\u00e9 cuore e cervello sono pi\u00f9 vulnerabili - intoscana\",\"isPartOf\":{\"@id\":\"https:\/\/www.intoscana.it\/it\/#website\"},\"primaryImageOfPage\":{\"@id\":\"https:\/\/www.intoscana.it\/it\/obesita-cuore-cervello\/#primaryimage\"},\"image\":{\"@id\":\"https:\/\/www.intoscana.it\/it\/obesita-cuore-cervello\/#primaryimage\"},\"thumbnailUrl\":\"https:\/\/www.intoscana.it\/wp-content\/uploads\/stress-cuore-cervello2.jpeg\",\"datePublished\":\"2019-09-26T10:24:35+00:00\",\"dateModified\":\"2020-05-19T13:50:03+00:00\",\"author\":{\"@id\":\"https:\/\/www.intoscana.it\/it\/#\/schema\/person\/9223810753230f20bd670fdd322661f8\"},\"breadcrumb\":{\"@id\":\"https:\/\/www.intoscana.it\/it\/obesita-cuore-cervello\/#breadcrumb\"},\"inLanguage\":\"it-IT\",\"potentialAction\":[{\"@type\":\"ReadAction\",\"target\":[\"https:\/\/www.intoscana.it\/it\/obesita-cuore-cervello\/\"]}]},{\"@type\":\"ImageObject\",\"inLanguage\":\"it-IT\",\"@id\":\"https:\/\/www.intoscana.it\/it\/obesita-cuore-cervello\/#primaryimage\",\"url\":\"https:\/\/www.intoscana.it\/wp-content\/uploads\/stress-cuore-cervello2.jpeg\",\"contentUrl\":\"https:\/\/www.intoscana.it\/wp-content\/uploads\/stress-cuore-cervello2.jpeg\",\"width\":1731,\"height\":1155},{\"@type\":\"BreadcrumbList\",\"@id\":\"https:\/\/www.intoscana.it\/it\/obesita-cuore-cervello\/#breadcrumb\",\"itemListElement\":[{\"@type\":\"ListItem\",\"position\":1,\"name\":\"Home\",\"item\":\"https:\/\/www.intoscana.it\/it\/\"},{\"@type\":\"ListItem\",\"position\":2,\"name\":\"Obesit\u00e0 e stress: ecco perch\u00e9 cuore e cervello sono pi\u00f9 vulnerabili\"}]},{\"@type\":\"WebSite\",\"@id\":\"https:\/\/www.intoscana.it\/it\/#website\",\"url\":\"https:\/\/www.intoscana.it\/it\/\",\"name\":\"intoscana\",\"description\":\"\",\"potentialAction\":[{\"@type\":\"SearchAction\",\"target\":{\"@type\":\"EntryPoint\",\"urlTemplate\":\"https:\/\/www.intoscana.it\/it\/?s={search_term_string}\"},\"query-input\":{\"@type\":\"PropertyValueSpecification\",\"valueRequired\":true,\"valueName\":\"search_term_string\"}}],\"inLanguage\":\"it-IT\"},{\"@type\":\"Person\",\"@id\":\"https:\/\/www.intoscana.it\/it\/#\/schema\/person\/9223810753230f20bd670fdd322661f8\",\"name\":\"Redazione\",\"url\":\"https:\/\/www.intoscana.it\/it\/author\/redazione\/\"}]}<\/script>\n<!-- \/ Yoast SEO Premium plugin. -->","yoast_head_json":{"title":"Obesit\u00e0 e stress: ecco perch\u00e9 cuore e cervello sono pi\u00f9 vulnerabili - intoscana","robots":{"index":"index","follow":"follow","max-snippet":"max-snippet:-1","max-image-preview":"max-image-preview:large","max-video-preview":"max-video-preview:-1"},"canonical":"https:\/\/www.intoscana.it\/it\/obesita-cuore-cervello\/","og_locale":"it_IT","og_type":"article","og_title":"Obesit\u00e0 e stress: ecco perch\u00e9 cuore e cervello sono pi\u00f9 vulnerabili","og_description":"Lo studio internazionale coordinato dalla Sant'Anna di Pisa per la prima volta mette in relazione l\u2019effetto dell\u2019obesit\u00e0 e dello stress psicosociale, come quello sul lavoro","og_url":"https:\/\/www.intoscana.it\/it\/obesita-cuore-cervello\/","og_site_name":"intoscana","article_publisher":"https:\/\/www.facebook.com\/intoscana.it","article_published_time":"2019-09-26T10:24:35+00:00","article_modified_time":"2020-05-19T13:50:03+00:00","og_image":[{"width":1731,"height":1155,"url":"https:\/\/www.intoscana.it\/wp-content\/uploads\/stress-cuore-cervello2.jpeg","type":"image\/jpeg"}],"author":"Redazione","twitter_card":"summary_large_image","twitter_creator":"@intoscana","twitter_site":"@intoscana","twitter_misc":{"Written by":"Redazione","Est. reading time":"2 minuti"},"schema":{"@context":"https:\/\/schema.org","@graph":[{"@type":"WebPage","@id":"https:\/\/www.intoscana.it\/it\/obesita-cuore-cervello\/","url":"https:\/\/www.intoscana.it\/it\/obesita-cuore-cervello\/","name":"Obesit\u00e0 e stress: ecco perch\u00e9 cuore e cervello sono pi\u00f9 vulnerabili - intoscana","isPartOf":{"@id":"https:\/\/www.intoscana.it\/it\/#website"},"primaryImageOfPage":{"@id":"https:\/\/www.intoscana.it\/it\/obesita-cuore-cervello\/#primaryimage"},"image":{"@id":"https:\/\/www.intoscana.it\/it\/obesita-cuore-cervello\/#primaryimage"},"thumbnailUrl":"https:\/\/www.intoscana.it\/wp-content\/uploads\/stress-cuore-cervello2.jpeg","datePublished":"2019-09-26T10:24:35+00:00","dateModified":"2020-05-19T13:50:03+00:00","author":{"@id":"https:\/\/www.intoscana.it\/it\/#\/schema\/person\/9223810753230f20bd670fdd322661f8"},"breadcrumb":{"@id":"https:\/\/www.intoscana.it\/it\/obesita-cuore-cervello\/#breadcrumb"},"inLanguage":"it-IT","potentialAction":[{"@type":"ReadAction","target":["https:\/\/www.intoscana.it\/it\/obesita-cuore-cervello\/"]}]},{"@type":"ImageObject","inLanguage":"it-IT","@id":"https:\/\/www.intoscana.it\/it\/obesita-cuore-cervello\/#primaryimage","url":"https:\/\/www.intoscana.it\/wp-content\/uploads\/stress-cuore-cervello2.jpeg","contentUrl":"https:\/\/www.intoscana.it\/wp-content\/uploads\/stress-cuore-cervello2.jpeg","width":1731,"height":1155},{"@type":"BreadcrumbList","@id":"https:\/\/www.intoscana.it\/it\/obesita-cuore-cervello\/#breadcrumb","itemListElement":[{"@type":"ListItem","position":1,"name":"Home","item":"https:\/\/www.intoscana.it\/it\/"},{"@type":"ListItem","position":2,"name":"Obesit\u00e0 e stress: ecco perch\u00e9 cuore e cervello sono pi\u00f9 vulnerabili"}]},{"@type":"WebSite","@id":"https:\/\/www.intoscana.it\/it\/#website","url":"https:\/\/www.intoscana.it\/it\/","name":"intoscana","description":"","potentialAction":[{"@type":"SearchAction","target":{"@type":"EntryPoint","urlTemplate":"https:\/\/www.intoscana.it\/it\/?s={search_term_string}"},"query-input":{"@type":"PropertyValueSpecification","valueRequired":true,"valueName":"search_term_string"}}],"inLanguage":"it-IT"},{"@type":"Person","@id":"https:\/\/www.intoscana.it\/it\/#\/schema\/person\/9223810753230f20bd670fdd322661f8","name":"Redazione","url":"https:\/\/www.intoscana.it\/it\/author\/redazione\/"}]}},"_links":{"self":[{"href":"https:\/\/www.intoscana.it\/it\/wp-json\/wp\/v2\/posts\/61849","targetHints":{"allow":["GET"]}}],"collection":[{"href":"https:\/\/www.intoscana.it\/it\/wp-json\/wp\/v2\/posts"}],"about":[{"href":"https:\/\/www.intoscana.it\/it\/wp-json\/wp\/v2\/types\/post"}],"author":[{"embeddable":true,"href":"https:\/\/www.intoscana.it\/it\/wp-json\/wp\/v2\/users\/525"}],"replies":[{"embeddable":true,"href":"https:\/\/www.intoscana.it\/it\/wp-json\/wp\/v2\/comments?post=61849"}],"version-history":[{"count":0,"href":"https:\/\/www.intoscana.it\/it\/wp-json\/wp\/v2\/posts\/61849\/revisions"}],"wp:featuredmedia":[{"embeddable":true,"href":"https:\/\/www.intoscana.it\/it\/wp-json\/wp\/v2\/media\/99912"}],"wp:attachment":[{"href":"https:\/\/www.intoscana.it\/it\/wp-json\/wp\/v2\/media?parent=61849"}],"wp:term":[{"taxonomy":"category","embeddable":true,"href":"https:\/\/www.intoscana.it\/it\/wp-json\/wp\/v2\/categories?post=61849"},{"taxonomy":"post_tag","embeddable":true,"href":"https:\/\/www.intoscana.it\/it\/wp-json\/wp\/v2\/tags?post=61849"}],"curies":[{"name":"wp","href":"https:\/\/api.w.org\/{rel}","templated":true}]}}