{"id":61850,"date":"2019-09-28T09:05:50","date_gmt":"2019-09-28T09:05:50","guid":{"rendered":"http:\/\/www.intoscana.it\/diabete-di-tipo-2-da-pisa-uno-studio-che-cambiera-le-linee-guida\/"},"modified":"2020-05-19T15:50:04","modified_gmt":"2020-05-19T13:50:04","slug":"diabete-pisa-studio","status":"publish","type":"post","link":"https:\/\/www.intoscana.it\/it\/diabete-pisa-studio\/","title":{"rendered":"Diabete di Tipo 2: da Pisa uno studio che cambier\u00e0 le linee guida"},"content":{"rendered":"<p>Si chiama <strong>VERIFY<\/strong> (Vildagliptin Efficacy in combination with metfoRmIn For earlY treatment of type 2 diabetes) e potrebbe portare, nel 2020, a <strong>una revisione delle linee guida di trattamento del diabete di tipo 2. <\/strong><strong>\u00c8&nbsp;il nome dello studio presentato a Barcellona<\/strong> &#8211; in occasione del congresso annuale della EASD-European association for the study of diabetes e pubblicato in simultanea su The Lancet &#8211; e che vede, fra i coordinatori e autori, <strong>il professor Stefano Del Prato, direttore dell\u2019Unit\u00e0 operativa di Malattie del metabolismo e Diabetologia dell\u2019Aoup<\/strong>. <\/p>\n<p>Lo studio clinico multicentrico, di fase IV, propone <strong>un trattamento innovativo rispetto alle attuali linee stilate dalle societ\u00e0 scientifiche di tutto il mondo<\/strong>, che raccomandano di adottare una terapia \u2018a gradini\u2019 che inizi con la metformina, per poi aggiungere in sequenza altre molecole, una volta assodato il fallimento terapeutico. <\/p>\n<p>La ricerca propone invece di iniziare da subito (a meno di intolleranze o controindicazioni) il trattamento del diabete di tipo 2 con <strong>una terapia di combinazione con metformina e un DDP4 inibitore<\/strong> (vildagliptin) perch\u00e9 d\u00e0 risultati migliori e pi\u00f9 durevoli sul compenso metabolico e sulle complicanze cardiovascolari. <\/p>\n<p><strong>Cinque anni la durata dello studio, che ha arruolato 2001 pazienti con diabete di tipo 2 neo-diagnosticato e lieve iperglicemia<\/strong> (emoglobina glicata all\u2019ingresso compresa tra 6,5 e 7,5 %), suddivisi in due gruppi trattati l\u2019uno con la terapia combinata di cui sopra e l\u2019altro con la sola metformina+placebo. Sono stati effettuati controlli a distanza di 3 mesi e <strong>i risultati dimostrano che adottare da subito una terapia di combinazione riduce del 49% il rischio relativo dell\u2019intervallo di tempo prima del fallimento terapeutico<\/strong> e della terapia insulinica, rispetto alla monoterapia con metformina. In sostanza questa scelta aiuta i pazienti a mantenere valori di emoglobina glicata inferiori rispetto a quelli trattati inizialmente con la sola metformina e poi passati alla terapia di associazione. <\/p>\n<p>\u201cIniziare subito il trattamento del diabete con una terapia di associazione \u2013 commenta il <strong>professor Del Prato, ordinario di Endocrinologia all\u2019Universit\u00e0 di Pisa e presidente dell\u2019EFSD<\/strong> (European foundation for the study of diabetes) \u2013 permette ai pazienti di <strong>raggiungere gli obiettivi glicemici prima, meglio e di mantenerli pi\u00f9 a lungo<\/strong>. Significa agire in maniera proattiva, senza dover \u2018correre dietro\u2019 alle persone che perdono il compenso metabolico. Questo contribuisce inoltre a <strong>migliorare l\u2019adesione terapeutica del paziente e a uscire dall\u2019empasse dell\u2019inerzia curativa.<\/strong> Sul fronte del miglioramento delle complicanze \u2013 prosegue &#8211; questo studio non pu\u00f2 ancora dare risposte definitive perch\u00e9, trattandosi di <strong>pazienti con diabete neo diagnosticato, non ha \u2018catturato\u2019, durante i 5 anni di follow up, un gran numero di eventi.<\/strong> I dati raccolti per\u00f2, per quanto esigui e dunque privi di significativit\u00e0 statistica \u2013 conclude Del Prato &#8211; suggeriscono che la terapia di combinazione precoce potrebbe dare benefici anche in termini di risparmio delle complicanze cardiovascolari\u201d.<\/p>\n","protected":false},"excerpt":{"rendered":"<p>Uscito sulla rivista The Lancet, il professor Stefano Del Prato dell\u2019ateneo pisano fra i coordinatori<\/p>\n","protected":false},"author":525,"featured_media":99913,"comment_status":"open","ping_status":"open","sticky":false,"template":"","format":"standard","meta":{"_acf_changed":false,"footnotes":""},"categories":[18],"tags":[203,134],"class_list":["post-61850","post","type-post","status-publish","format-standard","has-post-thumbnail","hentry","category-salute","tag-pisa","tag-salute"],"acf":[],"yoast_head":"<!-- This site is optimized with the Yoast SEO Premium plugin v24.2 (Yoast SEO v25.6) - https:\/\/yoast.com\/wordpress\/plugins\/seo\/ -->\n<title>Diabete di Tipo 2: da Pisa uno studio che cambier\u00e0 le linee guida - intoscana<\/title>\n<meta name=\"robots\" content=\"index, follow, max-snippet:-1, max-image-preview:large, max-video-preview:-1\" \/>\n<link rel=\"canonical\" href=\"https:\/\/www.intoscana.it\/it\/diabete-pisa-studio\/\" \/>\n<meta property=\"og:locale\" content=\"it_IT\" \/>\n<meta property=\"og:type\" content=\"article\" \/>\n<meta property=\"og:title\" content=\"Diabete di Tipo 2: da Pisa uno studio che cambier\u00e0 le linee guida\" \/>\n<meta property=\"og:description\" content=\"Uscito sulla rivista The Lancet, il professor Stefano Del Prato dell\u2019ateneo pisano fra i coordinatori\" \/>\n<meta property=\"og:url\" content=\"https:\/\/www.intoscana.it\/it\/diabete-pisa-studio\/\" \/>\n<meta property=\"og:site_name\" content=\"intoscana\" \/>\n<meta property=\"article:publisher\" content=\"https:\/\/www.facebook.com\/intoscana.it\" \/>\n<meta property=\"article:published_time\" content=\"2019-09-28T09:05:50+00:00\" \/>\n<meta property=\"article:modified_time\" content=\"2020-05-19T13:50:04+00:00\" \/>\n<meta property=\"og:image\" content=\"https:\/\/www.intoscana.it\/wp-content\/uploads\/diabete_thumb_720_480.jpg\" \/>\n\t<meta property=\"og:image:width\" content=\"720\" \/>\n\t<meta property=\"og:image:height\" content=\"480\" \/>\n\t<meta property=\"og:image:type\" content=\"image\/jpeg\" \/>\n<meta name=\"author\" content=\"Redazione\" \/>\n<meta name=\"twitter:card\" content=\"summary_large_image\" \/>\n<meta name=\"twitter:creator\" content=\"@intoscana\" \/>\n<meta name=\"twitter:site\" content=\"@intoscana\" \/>\n<meta name=\"twitter:label1\" content=\"Written by\" \/>\n\t<meta name=\"twitter:data1\" content=\"Redazione\" \/>\n\t<meta name=\"twitter:label2\" content=\"Est. reading time\" \/>\n\t<meta name=\"twitter:data2\" content=\"2 minuti\" \/>\n<script type=\"application\/ld+json\" class=\"yoast-schema-graph\">{\"@context\":\"https:\/\/schema.org\",\"@graph\":[{\"@type\":\"WebPage\",\"@id\":\"https:\/\/www.intoscana.it\/it\/diabete-pisa-studio\/\",\"url\":\"https:\/\/www.intoscana.it\/it\/diabete-pisa-studio\/\",\"name\":\"Diabete di Tipo 2: da Pisa uno studio che cambier\u00e0 le linee guida - intoscana\",\"isPartOf\":{\"@id\":\"https:\/\/www.intoscana.it\/it\/#website\"},\"primaryImageOfPage\":{\"@id\":\"https:\/\/www.intoscana.it\/it\/diabete-pisa-studio\/#primaryimage\"},\"image\":{\"@id\":\"https:\/\/www.intoscana.it\/it\/diabete-pisa-studio\/#primaryimage\"},\"thumbnailUrl\":\"https:\/\/www.intoscana.it\/wp-content\/uploads\/diabete_thumb_720_480.jpg\",\"datePublished\":\"2019-09-28T09:05:50+00:00\",\"dateModified\":\"2020-05-19T13:50:04+00:00\",\"author\":{\"@id\":\"https:\/\/www.intoscana.it\/it\/#\/schema\/person\/9223810753230f20bd670fdd322661f8\"},\"breadcrumb\":{\"@id\":\"https:\/\/www.intoscana.it\/it\/diabete-pisa-studio\/#breadcrumb\"},\"inLanguage\":\"it-IT\",\"potentialAction\":[{\"@type\":\"ReadAction\",\"target\":[\"https:\/\/www.intoscana.it\/it\/diabete-pisa-studio\/\"]}]},{\"@type\":\"ImageObject\",\"inLanguage\":\"it-IT\",\"@id\":\"https:\/\/www.intoscana.it\/it\/diabete-pisa-studio\/#primaryimage\",\"url\":\"https:\/\/www.intoscana.it\/wp-content\/uploads\/diabete_thumb_720_480.jpg\",\"contentUrl\":\"https:\/\/www.intoscana.it\/wp-content\/uploads\/diabete_thumb_720_480.jpg\",\"width\":720,\"height\":480,\"caption\":\"Diabete\"},{\"@type\":\"BreadcrumbList\",\"@id\":\"https:\/\/www.intoscana.it\/it\/diabete-pisa-studio\/#breadcrumb\",\"itemListElement\":[{\"@type\":\"ListItem\",\"position\":1,\"name\":\"Home\",\"item\":\"https:\/\/www.intoscana.it\/it\/\"},{\"@type\":\"ListItem\",\"position\":2,\"name\":\"Diabete di Tipo 2: da Pisa uno studio che cambier\u00e0 le linee guida\"}]},{\"@type\":\"WebSite\",\"@id\":\"https:\/\/www.intoscana.it\/it\/#website\",\"url\":\"https:\/\/www.intoscana.it\/it\/\",\"name\":\"intoscana\",\"description\":\"\",\"potentialAction\":[{\"@type\":\"SearchAction\",\"target\":{\"@type\":\"EntryPoint\",\"urlTemplate\":\"https:\/\/www.intoscana.it\/it\/?s={search_term_string}\"},\"query-input\":{\"@type\":\"PropertyValueSpecification\",\"valueRequired\":true,\"valueName\":\"search_term_string\"}}],\"inLanguage\":\"it-IT\"},{\"@type\":\"Person\",\"@id\":\"https:\/\/www.intoscana.it\/it\/#\/schema\/person\/9223810753230f20bd670fdd322661f8\",\"name\":\"Redazione\",\"url\":\"https:\/\/www.intoscana.it\/it\/author\/redazione\/\"}]}<\/script>\n<!-- \/ Yoast SEO Premium plugin. -->","yoast_head_json":{"title":"Diabete di Tipo 2: da Pisa uno studio che cambier\u00e0 le linee guida - intoscana","robots":{"index":"index","follow":"follow","max-snippet":"max-snippet:-1","max-image-preview":"max-image-preview:large","max-video-preview":"max-video-preview:-1"},"canonical":"https:\/\/www.intoscana.it\/it\/diabete-pisa-studio\/","og_locale":"it_IT","og_type":"article","og_title":"Diabete di Tipo 2: da Pisa uno studio che cambier\u00e0 le linee guida","og_description":"Uscito sulla rivista The Lancet, il professor Stefano Del Prato dell\u2019ateneo pisano fra i coordinatori","og_url":"https:\/\/www.intoscana.it\/it\/diabete-pisa-studio\/","og_site_name":"intoscana","article_publisher":"https:\/\/www.facebook.com\/intoscana.it","article_published_time":"2019-09-28T09:05:50+00:00","article_modified_time":"2020-05-19T13:50:04+00:00","og_image":[{"width":720,"height":480,"url":"https:\/\/www.intoscana.it\/wp-content\/uploads\/diabete_thumb_720_480.jpg","type":"image\/jpeg"}],"author":"Redazione","twitter_card":"summary_large_image","twitter_creator":"@intoscana","twitter_site":"@intoscana","twitter_misc":{"Written by":"Redazione","Est. reading time":"2 minuti"},"schema":{"@context":"https:\/\/schema.org","@graph":[{"@type":"WebPage","@id":"https:\/\/www.intoscana.it\/it\/diabete-pisa-studio\/","url":"https:\/\/www.intoscana.it\/it\/diabete-pisa-studio\/","name":"Diabete di Tipo 2: da Pisa uno studio che cambier\u00e0 le linee guida - intoscana","isPartOf":{"@id":"https:\/\/www.intoscana.it\/it\/#website"},"primaryImageOfPage":{"@id":"https:\/\/www.intoscana.it\/it\/diabete-pisa-studio\/#primaryimage"},"image":{"@id":"https:\/\/www.intoscana.it\/it\/diabete-pisa-studio\/#primaryimage"},"thumbnailUrl":"https:\/\/www.intoscana.it\/wp-content\/uploads\/diabete_thumb_720_480.jpg","datePublished":"2019-09-28T09:05:50+00:00","dateModified":"2020-05-19T13:50:04+00:00","author":{"@id":"https:\/\/www.intoscana.it\/it\/#\/schema\/person\/9223810753230f20bd670fdd322661f8"},"breadcrumb":{"@id":"https:\/\/www.intoscana.it\/it\/diabete-pisa-studio\/#breadcrumb"},"inLanguage":"it-IT","potentialAction":[{"@type":"ReadAction","target":["https:\/\/www.intoscana.it\/it\/diabete-pisa-studio\/"]}]},{"@type":"ImageObject","inLanguage":"it-IT","@id":"https:\/\/www.intoscana.it\/it\/diabete-pisa-studio\/#primaryimage","url":"https:\/\/www.intoscana.it\/wp-content\/uploads\/diabete_thumb_720_480.jpg","contentUrl":"https:\/\/www.intoscana.it\/wp-content\/uploads\/diabete_thumb_720_480.jpg","width":720,"height":480,"caption":"Diabete"},{"@type":"BreadcrumbList","@id":"https:\/\/www.intoscana.it\/it\/diabete-pisa-studio\/#breadcrumb","itemListElement":[{"@type":"ListItem","position":1,"name":"Home","item":"https:\/\/www.intoscana.it\/it\/"},{"@type":"ListItem","position":2,"name":"Diabete di Tipo 2: da Pisa uno studio che cambier\u00e0 le linee guida"}]},{"@type":"WebSite","@id":"https:\/\/www.intoscana.it\/it\/#website","url":"https:\/\/www.intoscana.it\/it\/","name":"intoscana","description":"","potentialAction":[{"@type":"SearchAction","target":{"@type":"EntryPoint","urlTemplate":"https:\/\/www.intoscana.it\/it\/?s={search_term_string}"},"query-input":{"@type":"PropertyValueSpecification","valueRequired":true,"valueName":"search_term_string"}}],"inLanguage":"it-IT"},{"@type":"Person","@id":"https:\/\/www.intoscana.it\/it\/#\/schema\/person\/9223810753230f20bd670fdd322661f8","name":"Redazione","url":"https:\/\/www.intoscana.it\/it\/author\/redazione\/"}]}},"_links":{"self":[{"href":"https:\/\/www.intoscana.it\/it\/wp-json\/wp\/v2\/posts\/61850","targetHints":{"allow":["GET"]}}],"collection":[{"href":"https:\/\/www.intoscana.it\/it\/wp-json\/wp\/v2\/posts"}],"about":[{"href":"https:\/\/www.intoscana.it\/it\/wp-json\/wp\/v2\/types\/post"}],"author":[{"embeddable":true,"href":"https:\/\/www.intoscana.it\/it\/wp-json\/wp\/v2\/users\/525"}],"replies":[{"embeddable":true,"href":"https:\/\/www.intoscana.it\/it\/wp-json\/wp\/v2\/comments?post=61850"}],"version-history":[{"count":0,"href":"https:\/\/www.intoscana.it\/it\/wp-json\/wp\/v2\/posts\/61850\/revisions"}],"wp:featuredmedia":[{"embeddable":true,"href":"https:\/\/www.intoscana.it\/it\/wp-json\/wp\/v2\/media\/99913"}],"wp:attachment":[{"href":"https:\/\/www.intoscana.it\/it\/wp-json\/wp\/v2\/media?parent=61850"}],"wp:term":[{"taxonomy":"category","embeddable":true,"href":"https:\/\/www.intoscana.it\/it\/wp-json\/wp\/v2\/categories?post=61850"},{"taxonomy":"post_tag","embeddable":true,"href":"https:\/\/www.intoscana.it\/it\/wp-json\/wp\/v2\/tags?post=61850"}],"curies":[{"name":"wp","href":"https:\/\/api.w.org\/{rel}","templated":true}]}}