{"id":61855,"date":"2019-10-03T09:13:05","date_gmt":"2019-10-03T09:13:05","guid":{"rendered":"http:\/\/www.intoscana.it\/siena-capitale-dellimmunoncologia-con-un-think-tank-internazionale\/"},"modified":"2020-05-19T15:50:07","modified_gmt":"2020-05-19T13:50:07","slug":"siena-think-thank-immunoncologia","status":"publish","type":"post","link":"https:\/\/www.intoscana.it\/it\/siena-think-thank-immunoncologia\/","title":{"rendered":"Siena capitale dell&#8217;immunoncologia con un &#8216;Think-Tank&#8217; internazionale"},"content":{"rendered":"<p>Siena capitale dell&#8217;immunoncologia del futuro grazie al <strong>Think Tank internazionale, un vero serbatoio di idee, organizzato dal professor Michele Maio<\/strong>, direttore del <strong>CIO \u2013 Centro di Immunoncologia del policlinico Santa Maria alle Scotte<\/strong>. Dal 3 al 5 ottobre, nel corso dell&#8217;evento dal titolo <strong>\u201cThe III Siena Think Tank. A vision of I-O: call for actions\u201d,<\/strong> saranno riuniti all&#8217;Hotel Garden<strong> i pi\u00f9 importanti esponenti del mondo della ricerca, dell&#8217;industria e degli investitori nel settore dell&#8217;oncologia<\/strong> per discutere attivamente insieme delle prospettive dell&#8217;immunoterapia dei prossimi anni. <\/p>\n<p>&#8220;Obiettivo del meeting \u2013 spiega il professor Maio \u2013 \u00e8 condividere idee sui prossimi passi da fare insieme attraverso <strong>collaborazioni internazionali tra i partecipanti al Think Tank.<\/strong> Si tratta di un vero e proprio \u201claboratorio di idee\u201d, come testimonia il nome stesso dell&#8217;evento, \u201cThink Tank\u201d. Un evento possibile grazie al lavoro della <strong>Fondazione NIBIT in collaborazione con il Parker Institute for Cancer Immunotherapy e il World Immunotherapy Council&#8221;.<\/strong><\/p>\n<p>Si parler\u00e0 in particolare di<strong> epigenetica e immunoterapia,<\/strong> ricerca nello sviluppo di nuovi farmaci, <strong>terapie cellulari CAR-T, big data, e si terr\u00e0 un focus su glioblastoma e mesotelioma. <\/strong><\/p>\n<p><strong>&#8220;L&#8217;immunoterapia<\/strong> &#8211; prosegue Maio &#8211;<strong> ha rivoluzionato la lotta al cancro.<\/strong> Oggi, grazie alle scoperte dei meccanismi con i quali il tumore spegne il sistema immunitario, possiamo progettare nuovi farmaci in grado di tenere sempre viva la risposta. <strong>Molte forme di cancro che prima non lasciavano speranza stanno diventando croniche,<\/strong> aumentando significativamente la sopravvivenza dei pazienti. L&#8217;immunoterapia per\u00f2 non porta ancora agli stessi risultati per tutti &#8211; conclude Maio &#8211; e il vero obiettivo per il prossimo futuro, a cui sta gi\u00e0 lavorando la comunit\u00e0 scientifica internazionale, \u00e8 <strong>aumentare la percentuale di persone in grado di rispondere a questo tipo di trattamenti.<\/strong> All&#8217;evento della Fondazione NIBIT si discuter\u00e0 su come raggiungere questo obiettivo&#8221;.<\/p>\n<p>Il meeting sar\u00e0 inaugurato alle 18 del 3 ottobre, all&#8217;Hotel Garden, nel corso di una tavola rotonda dedicata all&#8217;immunoncologia, moderata da <strong>Ramy Ibrahim del Parker Institute for Cancer Immunotherapy,<\/strong> a cui parteciperanno, insieme al <strong>professor Maio, Soldano Ferrone della Harvard Medical School, Asthika Goonewardene di Bloomberg, Kimberly Plessala della Bench International e Bernie Fox del Portland Medical Center.<\/strong><\/p>\n","protected":false},"excerpt":{"rendered":"<p>Al via una collaborazione tra Aou Senese, Fondazione NIBIT, Parker Institute for Cancer Immunotherapy e World Immunotherapy Council<\/p>\n","protected":false},"author":525,"featured_media":99918,"comment_status":"open","ping_status":"open","sticky":false,"template":"","format":"standard","meta":{"_acf_changed":false,"footnotes":""},"categories":[18],"tags":[164],"class_list":["post-61855","post","type-post","status-publish","format-standard","has-post-thumbnail","hentry","category-salute","tag-siena"],"acf":[],"yoast_head":"<!-- This site is optimized with the Yoast SEO Premium plugin v24.2 (Yoast SEO v25.6) - https:\/\/yoast.com\/wordpress\/plugins\/seo\/ -->\n<title>Siena capitale dell&#039;immunoncologia con un &#039;Think-Tank&#039; internazionale - intoscana<\/title>\n<meta name=\"robots\" content=\"index, follow, max-snippet:-1, max-image-preview:large, max-video-preview:-1\" \/>\n<link rel=\"canonical\" href=\"https:\/\/www.intoscana.it\/it\/siena-think-thank-immunoncologia\/\" \/>\n<meta property=\"og:locale\" content=\"it_IT\" \/>\n<meta property=\"og:type\" content=\"article\" \/>\n<meta property=\"og:title\" content=\"Siena capitale dell&#039;immunoncologia con un &#039;Think-Tank&#039; internazionale\" \/>\n<meta property=\"og:description\" content=\"Al via una collaborazione tra Aou Senese, Fondazione NIBIT, Parker Institute for Cancer Immunotherapy e World Immunotherapy Council\" \/>\n<meta property=\"og:url\" content=\"https:\/\/www.intoscana.it\/it\/siena-think-thank-immunoncologia\/\" \/>\n<meta property=\"og:site_name\" content=\"intoscana\" \/>\n<meta property=\"article:publisher\" content=\"https:\/\/www.facebook.com\/intoscana.it\" \/>\n<meta property=\"article:published_time\" content=\"2019-10-03T09:13:05+00:00\" \/>\n<meta property=\"article:modified_time\" content=\"2020-05-19T13:50:07+00:00\" \/>\n<meta property=\"og:image\" content=\"https:\/\/www.intoscana.it\/wp-content\/uploads\/ricerca_medica.jpg\" \/>\n\t<meta property=\"og:image:width\" content=\"2000\" \/>\n\t<meta property=\"og:image:height\" content=\"1333\" \/>\n\t<meta property=\"og:image:type\" content=\"image\/jpeg\" \/>\n<meta name=\"author\" content=\"Redazione\" \/>\n<meta name=\"twitter:card\" content=\"summary_large_image\" \/>\n<meta name=\"twitter:creator\" content=\"@intoscana\" \/>\n<meta name=\"twitter:site\" content=\"@intoscana\" \/>\n<meta name=\"twitter:label1\" content=\"Written by\" \/>\n\t<meta name=\"twitter:data1\" content=\"Redazione\" \/>\n\t<meta name=\"twitter:label2\" content=\"Est. reading time\" \/>\n\t<meta name=\"twitter:data2\" content=\"2 minuti\" \/>\n<script type=\"application\/ld+json\" class=\"yoast-schema-graph\">{\"@context\":\"https:\/\/schema.org\",\"@graph\":[{\"@type\":\"WebPage\",\"@id\":\"https:\/\/www.intoscana.it\/it\/siena-think-thank-immunoncologia\/\",\"url\":\"https:\/\/www.intoscana.it\/it\/siena-think-thank-immunoncologia\/\",\"name\":\"Siena capitale dell'immunoncologia con un 'Think-Tank' internazionale - intoscana\",\"isPartOf\":{\"@id\":\"https:\/\/www.intoscana.it\/it\/#website\"},\"primaryImageOfPage\":{\"@id\":\"https:\/\/www.intoscana.it\/it\/siena-think-thank-immunoncologia\/#primaryimage\"},\"image\":{\"@id\":\"https:\/\/www.intoscana.it\/it\/siena-think-thank-immunoncologia\/#primaryimage\"},\"thumbnailUrl\":\"https:\/\/www.intoscana.it\/wp-content\/uploads\/ricerca_medica.jpg\",\"datePublished\":\"2019-10-03T09:13:05+00:00\",\"dateModified\":\"2020-05-19T13:50:07+00:00\",\"author\":{\"@id\":\"https:\/\/www.intoscana.it\/it\/#\/schema\/person\/9223810753230f20bd670fdd322661f8\"},\"breadcrumb\":{\"@id\":\"https:\/\/www.intoscana.it\/it\/siena-think-thank-immunoncologia\/#breadcrumb\"},\"inLanguage\":\"it-IT\",\"potentialAction\":[{\"@type\":\"ReadAction\",\"target\":[\"https:\/\/www.intoscana.it\/it\/siena-think-thank-immunoncologia\/\"]}]},{\"@type\":\"ImageObject\",\"inLanguage\":\"it-IT\",\"@id\":\"https:\/\/www.intoscana.it\/it\/siena-think-thank-immunoncologia\/#primaryimage\",\"url\":\"https:\/\/www.intoscana.it\/wp-content\/uploads\/ricerca_medica.jpg\",\"contentUrl\":\"https:\/\/www.intoscana.it\/wp-content\/uploads\/ricerca_medica.jpg\",\"width\":2000,\"height\":1333,\"caption\":\"Ricerca medica\"},{\"@type\":\"BreadcrumbList\",\"@id\":\"https:\/\/www.intoscana.it\/it\/siena-think-thank-immunoncologia\/#breadcrumb\",\"itemListElement\":[{\"@type\":\"ListItem\",\"position\":1,\"name\":\"Home\",\"item\":\"https:\/\/www.intoscana.it\/it\/\"},{\"@type\":\"ListItem\",\"position\":2,\"name\":\"Siena capitale dell&#8217;immunoncologia con un &#8216;Think-Tank&#8217; internazionale\"}]},{\"@type\":\"WebSite\",\"@id\":\"https:\/\/www.intoscana.it\/it\/#website\",\"url\":\"https:\/\/www.intoscana.it\/it\/\",\"name\":\"intoscana\",\"description\":\"\",\"potentialAction\":[{\"@type\":\"SearchAction\",\"target\":{\"@type\":\"EntryPoint\",\"urlTemplate\":\"https:\/\/www.intoscana.it\/it\/?s={search_term_string}\"},\"query-input\":{\"@type\":\"PropertyValueSpecification\",\"valueRequired\":true,\"valueName\":\"search_term_string\"}}],\"inLanguage\":\"it-IT\"},{\"@type\":\"Person\",\"@id\":\"https:\/\/www.intoscana.it\/it\/#\/schema\/person\/9223810753230f20bd670fdd322661f8\",\"name\":\"Redazione\",\"url\":\"https:\/\/www.intoscana.it\/it\/author\/redazione\/\"}]}<\/script>\n<!-- \/ Yoast SEO Premium plugin. -->","yoast_head_json":{"title":"Siena capitale dell'immunoncologia con un 'Think-Tank' internazionale - intoscana","robots":{"index":"index","follow":"follow","max-snippet":"max-snippet:-1","max-image-preview":"max-image-preview:large","max-video-preview":"max-video-preview:-1"},"canonical":"https:\/\/www.intoscana.it\/it\/siena-think-thank-immunoncologia\/","og_locale":"it_IT","og_type":"article","og_title":"Siena capitale dell'immunoncologia con un 'Think-Tank' internazionale","og_description":"Al via una collaborazione tra Aou Senese, Fondazione NIBIT, Parker Institute for Cancer Immunotherapy e World Immunotherapy Council","og_url":"https:\/\/www.intoscana.it\/it\/siena-think-thank-immunoncologia\/","og_site_name":"intoscana","article_publisher":"https:\/\/www.facebook.com\/intoscana.it","article_published_time":"2019-10-03T09:13:05+00:00","article_modified_time":"2020-05-19T13:50:07+00:00","og_image":[{"width":2000,"height":1333,"url":"https:\/\/www.intoscana.it\/wp-content\/uploads\/ricerca_medica.jpg","type":"image\/jpeg"}],"author":"Redazione","twitter_card":"summary_large_image","twitter_creator":"@intoscana","twitter_site":"@intoscana","twitter_misc":{"Written by":"Redazione","Est. reading time":"2 minuti"},"schema":{"@context":"https:\/\/schema.org","@graph":[{"@type":"WebPage","@id":"https:\/\/www.intoscana.it\/it\/siena-think-thank-immunoncologia\/","url":"https:\/\/www.intoscana.it\/it\/siena-think-thank-immunoncologia\/","name":"Siena capitale dell'immunoncologia con un 'Think-Tank' internazionale - intoscana","isPartOf":{"@id":"https:\/\/www.intoscana.it\/it\/#website"},"primaryImageOfPage":{"@id":"https:\/\/www.intoscana.it\/it\/siena-think-thank-immunoncologia\/#primaryimage"},"image":{"@id":"https:\/\/www.intoscana.it\/it\/siena-think-thank-immunoncologia\/#primaryimage"},"thumbnailUrl":"https:\/\/www.intoscana.it\/wp-content\/uploads\/ricerca_medica.jpg","datePublished":"2019-10-03T09:13:05+00:00","dateModified":"2020-05-19T13:50:07+00:00","author":{"@id":"https:\/\/www.intoscana.it\/it\/#\/schema\/person\/9223810753230f20bd670fdd322661f8"},"breadcrumb":{"@id":"https:\/\/www.intoscana.it\/it\/siena-think-thank-immunoncologia\/#breadcrumb"},"inLanguage":"it-IT","potentialAction":[{"@type":"ReadAction","target":["https:\/\/www.intoscana.it\/it\/siena-think-thank-immunoncologia\/"]}]},{"@type":"ImageObject","inLanguage":"it-IT","@id":"https:\/\/www.intoscana.it\/it\/siena-think-thank-immunoncologia\/#primaryimage","url":"https:\/\/www.intoscana.it\/wp-content\/uploads\/ricerca_medica.jpg","contentUrl":"https:\/\/www.intoscana.it\/wp-content\/uploads\/ricerca_medica.jpg","width":2000,"height":1333,"caption":"Ricerca medica"},{"@type":"BreadcrumbList","@id":"https:\/\/www.intoscana.it\/it\/siena-think-thank-immunoncologia\/#breadcrumb","itemListElement":[{"@type":"ListItem","position":1,"name":"Home","item":"https:\/\/www.intoscana.it\/it\/"},{"@type":"ListItem","position":2,"name":"Siena capitale dell&#8217;immunoncologia con un &#8216;Think-Tank&#8217; internazionale"}]},{"@type":"WebSite","@id":"https:\/\/www.intoscana.it\/it\/#website","url":"https:\/\/www.intoscana.it\/it\/","name":"intoscana","description":"","potentialAction":[{"@type":"SearchAction","target":{"@type":"EntryPoint","urlTemplate":"https:\/\/www.intoscana.it\/it\/?s={search_term_string}"},"query-input":{"@type":"PropertyValueSpecification","valueRequired":true,"valueName":"search_term_string"}}],"inLanguage":"it-IT"},{"@type":"Person","@id":"https:\/\/www.intoscana.it\/it\/#\/schema\/person\/9223810753230f20bd670fdd322661f8","name":"Redazione","url":"https:\/\/www.intoscana.it\/it\/author\/redazione\/"}]}},"_links":{"self":[{"href":"https:\/\/www.intoscana.it\/it\/wp-json\/wp\/v2\/posts\/61855","targetHints":{"allow":["GET"]}}],"collection":[{"href":"https:\/\/www.intoscana.it\/it\/wp-json\/wp\/v2\/posts"}],"about":[{"href":"https:\/\/www.intoscana.it\/it\/wp-json\/wp\/v2\/types\/post"}],"author":[{"embeddable":true,"href":"https:\/\/www.intoscana.it\/it\/wp-json\/wp\/v2\/users\/525"}],"replies":[{"embeddable":true,"href":"https:\/\/www.intoscana.it\/it\/wp-json\/wp\/v2\/comments?post=61855"}],"version-history":[{"count":0,"href":"https:\/\/www.intoscana.it\/it\/wp-json\/wp\/v2\/posts\/61855\/revisions"}],"wp:featuredmedia":[{"embeddable":true,"href":"https:\/\/www.intoscana.it\/it\/wp-json\/wp\/v2\/media\/99918"}],"wp:attachment":[{"href":"https:\/\/www.intoscana.it\/it\/wp-json\/wp\/v2\/media?parent=61855"}],"wp:term":[{"taxonomy":"category","embeddable":true,"href":"https:\/\/www.intoscana.it\/it\/wp-json\/wp\/v2\/categories?post=61855"},{"taxonomy":"post_tag","embeddable":true,"href":"https:\/\/www.intoscana.it\/it\/wp-json\/wp\/v2\/tags?post=61855"}],"curies":[{"name":"wp","href":"https:\/\/api.w.org\/{rel}","templated":true}]}}