{"id":61858,"date":"2020-02-04T09:18:06","date_gmt":"2020-02-04T09:18:06","guid":{"rendered":"http:\/\/www.intoscana.it\/coronavirus-si-e-insediata-la-task-force-della-regione-toscana\/"},"modified":"2020-05-19T15:50:08","modified_gmt":"2020-05-19T13:50:08","slug":"coronavirus-task-force","status":"publish","type":"post","link":"https:\/\/www.intoscana.it\/it\/coronavirus-task-force\/","title":{"rendered":"Coronavirus: si \u00e8 insediata la task force della Regione Toscana"},"content":{"rendered":"<p>Si \u00e8 insediata, con una riunione nella sede dell&#8217;assessorato al diritto alla salute, <strong>la task force regionale sul coronavirus 2019-nCoV,<\/strong> per definire organizzazione e modalit\u00e0 di lavoro. La task force \u00e8 coordinata da <strong>Emanuela Balocchini, dirigente del settore prevenzione collettiva della Regione.<\/strong> Della task force fanno parte le direzioni sanitarie delle aziende, le competenze di laboratorio, l&#8217;organizzazione del <strong>118<\/strong> e la componente sanitaria della Protezione civile, l&#8217;Ars (Agenzia regionale di sanit\u00e0), l&#8217;igiene pubblica, la rappresentanza di medici di medicina generale e pediatri, un rappresentante delle terapie intensive, malattie infettive, pronto soccorso, servizio prevenzione e protezione, e una componente delle professioni sanitarie, a cui si affiancano le competenze regionali dei settori ospedaliero e territoriale e quello della comunicazione e ufficio stampa. <\/p>\n<p><strong>La task force si riunir\u00e0 una volta la settimana, ma sar\u00e0 comunque operativa H24,<\/strong> e sar\u00e0 in contatto costante con la task force ministeriale.&nbsp;Primo compito della task force,<strong> rendere operative le linee del Ministero<\/strong>. La task force ha recepito e preso in esame tutte le circolari diffuse finora dal Ministero della salute relative alla gestione: degli eventuali casi e contatti; degli studenti e dei docenti di ritorno da aree affette della Cina; e degli operatori che per ragioni lavorative vengono a contatto con il pubblico. Tutte le circolari vengono pubblicate in tempo reale sul sito del Ministero della salute. <\/p>\n<p><strong>Da marted\u00ec 4 febbraio<\/strong>, i campioni degli eventuali casi sospetti saranno inviati, non pi\u00f9 allo Spallanzani di Roma come avvenuto finora, ma al<strong> laboratorio di virologia dell&#8217;azienda ospedaliero universitaria di Siena<\/strong>; nel caso sia necessario, sono pronti a partire anche i laboratori di virologia di Careggi e Aou pisana. <\/p>\n<p>\u201cLa Toscana \u00e8 una terra aperta ed accogliente. L\u2019antica amicizia con il popolo cinese continua e crescer\u00e0 anche in momenti non facili come questo. Siamo loro vicini, convinti che situazioni di crisi globali come questa si superino con la collaborazione e i nervi saldi da parte di tutti. <strong>Ai tantissimi cinesi innamorati della nostra regione auguro di potervi tornare al pi\u00f9 presto<\/strong>. Anche nell\u2019auspicio che si torni quanto prima a condizioni di normalit\u00e0 sotto ogni profilo, non solo quello sanitario, e tornare cos\u00ec a condividere idee e progetti come abbiamo iniziato proficuamente a fare nell\u2019interesse dei nostri due Paesi\u201d.&nbsp; Cos\u00ec l\u2019assessore regionale alle attivit\u00e0 produttive e turismo <strong>Stefano Ciuoffo lancia un messaggio di vicinanza alla comunit\u00e0 cinese<\/strong> che, secondo l&#8217;ultimo rapporto Irpet sul turismo presentato a giugno 2019 e riferito ai flussi 2018,<strong> ha aumentato del 7% in un anno (2018 rispetto al 2017) le presenze in Toscana<\/strong> ed \u00e8 uno dei paesi con il <strong>saldo pi\u00f9 positivo (secondo solo all&#8217;India, +357%) con il suo +302% dal 2007 al 2018.<\/strong> <\/p>\n<p><strong>\u201cLavoriamo con la Cina da molto tempo<\/strong>, a maggior ragione in questo contesto intendiamo intensificare e rendere pi\u00f9 solidi i nostri rapporti di collaborazione, gi\u00e0 avviati con numerose partnership che ci permettono uno scambio continuo e proficuo di attivit\u00e0 e una intensa cooperazione culturale. Un momento difficile che supereremo insieme anche sul fronte dello scenario che potrebbe aprirsi in ambito turistico. <strong>Al popolo cinese inviamo la nostra vicinanza poich\u00e9 la nostra regione \u00e8 e resta un territorio inclusivo e solidale\u201d.<\/strong><\/p>\n<p><strong>Per informazioni:<\/strong><br \/><strong><a href=\"https:\/\/www.regione.toscana.it\/-\/coronavirus\">https:\/\/www.regione.toscana.it\/-\/coronavirus<\/a><\/strong><\/p>\n<p>&nbsp;<\/p>\n","protected":false},"excerpt":{"rendered":"<p>Stefano Ciuoffo: &#8216;Al popolo cinese inviamo la nostra vicinanza poich\u00e9 la nostra regione \u00e8 e resta un territorio inclusivo e solidale&#8217;<\/p>\n","protected":false},"author":525,"featured_media":99921,"comment_status":"open","ping_status":"open","sticky":false,"template":"","format":"standard","meta":{"_acf_changed":false,"footnotes":""},"categories":[18],"tags":[],"class_list":["post-61858","post","type-post","status-publish","format-standard","has-post-thumbnail","hentry","category-salute"],"acf":[],"yoast_head":"<!-- This site is optimized with the Yoast SEO Premium plugin v24.2 (Yoast SEO v25.6) - https:\/\/yoast.com\/wordpress\/plugins\/seo\/ -->\n<title>Coronavirus: si \u00e8 insediata la task force della Regione Toscana - intoscana<\/title>\n<meta name=\"robots\" content=\"index, follow, max-snippet:-1, max-image-preview:large, max-video-preview:-1\" \/>\n<link rel=\"canonical\" href=\"https:\/\/www.intoscana.it\/it\/coronavirus-task-force\/\" \/>\n<meta property=\"og:locale\" content=\"it_IT\" \/>\n<meta property=\"og:type\" content=\"article\" \/>\n<meta property=\"og:title\" content=\"Coronavirus: si \u00e8 insediata la task force della Regione Toscana\" \/>\n<meta property=\"og:description\" content=\"Stefano Ciuoffo: &#039;Al popolo cinese inviamo la nostra vicinanza poich\u00e9 la nostra regione \u00e8 e resta un territorio inclusivo e solidale&#039;\" \/>\n<meta property=\"og:url\" content=\"https:\/\/www.intoscana.it\/it\/coronavirus-task-force\/\" \/>\n<meta property=\"og:site_name\" content=\"intoscana\" \/>\n<meta property=\"article:publisher\" content=\"https:\/\/www.facebook.com\/intoscana.it\" \/>\n<meta property=\"article:published_time\" content=\"2020-02-04T09:18:06+00:00\" \/>\n<meta property=\"article:modified_time\" content=\"2020-05-19T13:50:08+00:00\" \/>\n<meta property=\"og:image\" content=\"https:\/\/www.intoscana.it\/wp-content\/uploads\/corona-virus.jpg\" \/>\n\t<meta property=\"og:image:width\" content=\"2000\" \/>\n\t<meta property=\"og:image:height\" content=\"1492\" \/>\n\t<meta property=\"og:image:type\" content=\"image\/jpeg\" \/>\n<meta name=\"author\" content=\"Redazione\" \/>\n<meta name=\"twitter:card\" content=\"summary_large_image\" \/>\n<meta name=\"twitter:creator\" content=\"@intoscana\" \/>\n<meta name=\"twitter:site\" content=\"@intoscana\" \/>\n<meta name=\"twitter:label1\" content=\"Written by\" \/>\n\t<meta name=\"twitter:data1\" content=\"Redazione\" \/>\n\t<meta name=\"twitter:label2\" content=\"Est. reading time\" \/>\n\t<meta name=\"twitter:data2\" content=\"3 minuti\" \/>\n<script type=\"application\/ld+json\" class=\"yoast-schema-graph\">{\"@context\":\"https:\/\/schema.org\",\"@graph\":[{\"@type\":\"WebPage\",\"@id\":\"https:\/\/www.intoscana.it\/it\/coronavirus-task-force\/\",\"url\":\"https:\/\/www.intoscana.it\/it\/coronavirus-task-force\/\",\"name\":\"Coronavirus: si \u00e8 insediata la task force della Regione Toscana - intoscana\",\"isPartOf\":{\"@id\":\"https:\/\/www.intoscana.it\/it\/#website\"},\"primaryImageOfPage\":{\"@id\":\"https:\/\/www.intoscana.it\/it\/coronavirus-task-force\/#primaryimage\"},\"image\":{\"@id\":\"https:\/\/www.intoscana.it\/it\/coronavirus-task-force\/#primaryimage\"},\"thumbnailUrl\":\"https:\/\/www.intoscana.it\/wp-content\/uploads\/corona-virus.jpg\",\"datePublished\":\"2020-02-04T09:18:06+00:00\",\"dateModified\":\"2020-05-19T13:50:08+00:00\",\"author\":{\"@id\":\"https:\/\/www.intoscana.it\/it\/#\/schema\/person\/9223810753230f20bd670fdd322661f8\"},\"breadcrumb\":{\"@id\":\"https:\/\/www.intoscana.it\/it\/coronavirus-task-force\/#breadcrumb\"},\"inLanguage\":\"it-IT\",\"potentialAction\":[{\"@type\":\"ReadAction\",\"target\":[\"https:\/\/www.intoscana.it\/it\/coronavirus-task-force\/\"]}]},{\"@type\":\"ImageObject\",\"inLanguage\":\"it-IT\",\"@id\":\"https:\/\/www.intoscana.it\/it\/coronavirus-task-force\/#primaryimage\",\"url\":\"https:\/\/www.intoscana.it\/wp-content\/uploads\/corona-virus.jpg\",\"contentUrl\":\"https:\/\/www.intoscana.it\/wp-content\/uploads\/corona-virus.jpg\",\"width\":2000,\"height\":1492,\"caption\":\"Corona virus\"},{\"@type\":\"BreadcrumbList\",\"@id\":\"https:\/\/www.intoscana.it\/it\/coronavirus-task-force\/#breadcrumb\",\"itemListElement\":[{\"@type\":\"ListItem\",\"position\":1,\"name\":\"Home\",\"item\":\"https:\/\/www.intoscana.it\/it\/\"},{\"@type\":\"ListItem\",\"position\":2,\"name\":\"Coronavirus: si \u00e8 insediata la task force della Regione Toscana\"}]},{\"@type\":\"WebSite\",\"@id\":\"https:\/\/www.intoscana.it\/it\/#website\",\"url\":\"https:\/\/www.intoscana.it\/it\/\",\"name\":\"intoscana\",\"description\":\"\",\"potentialAction\":[{\"@type\":\"SearchAction\",\"target\":{\"@type\":\"EntryPoint\",\"urlTemplate\":\"https:\/\/www.intoscana.it\/it\/?s={search_term_string}\"},\"query-input\":{\"@type\":\"PropertyValueSpecification\",\"valueRequired\":true,\"valueName\":\"search_term_string\"}}],\"inLanguage\":\"it-IT\"},{\"@type\":\"Person\",\"@id\":\"https:\/\/www.intoscana.it\/it\/#\/schema\/person\/9223810753230f20bd670fdd322661f8\",\"name\":\"Redazione\",\"url\":\"https:\/\/www.intoscana.it\/it\/author\/redazione\/\"}]}<\/script>\n<!-- \/ Yoast SEO Premium plugin. -->","yoast_head_json":{"title":"Coronavirus: si \u00e8 insediata la task force della Regione Toscana - intoscana","robots":{"index":"index","follow":"follow","max-snippet":"max-snippet:-1","max-image-preview":"max-image-preview:large","max-video-preview":"max-video-preview:-1"},"canonical":"https:\/\/www.intoscana.it\/it\/coronavirus-task-force\/","og_locale":"it_IT","og_type":"article","og_title":"Coronavirus: si \u00e8 insediata la task force della Regione Toscana","og_description":"Stefano Ciuoffo: 'Al popolo cinese inviamo la nostra vicinanza poich\u00e9 la nostra regione \u00e8 e resta un territorio inclusivo e solidale'","og_url":"https:\/\/www.intoscana.it\/it\/coronavirus-task-force\/","og_site_name":"intoscana","article_publisher":"https:\/\/www.facebook.com\/intoscana.it","article_published_time":"2020-02-04T09:18:06+00:00","article_modified_time":"2020-05-19T13:50:08+00:00","og_image":[{"width":2000,"height":1492,"url":"https:\/\/www.intoscana.it\/wp-content\/uploads\/corona-virus.jpg","type":"image\/jpeg"}],"author":"Redazione","twitter_card":"summary_large_image","twitter_creator":"@intoscana","twitter_site":"@intoscana","twitter_misc":{"Written by":"Redazione","Est. reading time":"3 minuti"},"schema":{"@context":"https:\/\/schema.org","@graph":[{"@type":"WebPage","@id":"https:\/\/www.intoscana.it\/it\/coronavirus-task-force\/","url":"https:\/\/www.intoscana.it\/it\/coronavirus-task-force\/","name":"Coronavirus: si \u00e8 insediata la task force della Regione Toscana - intoscana","isPartOf":{"@id":"https:\/\/www.intoscana.it\/it\/#website"},"primaryImageOfPage":{"@id":"https:\/\/www.intoscana.it\/it\/coronavirus-task-force\/#primaryimage"},"image":{"@id":"https:\/\/www.intoscana.it\/it\/coronavirus-task-force\/#primaryimage"},"thumbnailUrl":"https:\/\/www.intoscana.it\/wp-content\/uploads\/corona-virus.jpg","datePublished":"2020-02-04T09:18:06+00:00","dateModified":"2020-05-19T13:50:08+00:00","author":{"@id":"https:\/\/www.intoscana.it\/it\/#\/schema\/person\/9223810753230f20bd670fdd322661f8"},"breadcrumb":{"@id":"https:\/\/www.intoscana.it\/it\/coronavirus-task-force\/#breadcrumb"},"inLanguage":"it-IT","potentialAction":[{"@type":"ReadAction","target":["https:\/\/www.intoscana.it\/it\/coronavirus-task-force\/"]}]},{"@type":"ImageObject","inLanguage":"it-IT","@id":"https:\/\/www.intoscana.it\/it\/coronavirus-task-force\/#primaryimage","url":"https:\/\/www.intoscana.it\/wp-content\/uploads\/corona-virus.jpg","contentUrl":"https:\/\/www.intoscana.it\/wp-content\/uploads\/corona-virus.jpg","width":2000,"height":1492,"caption":"Corona virus"},{"@type":"BreadcrumbList","@id":"https:\/\/www.intoscana.it\/it\/coronavirus-task-force\/#breadcrumb","itemListElement":[{"@type":"ListItem","position":1,"name":"Home","item":"https:\/\/www.intoscana.it\/it\/"},{"@type":"ListItem","position":2,"name":"Coronavirus: si \u00e8 insediata la task force della Regione Toscana"}]},{"@type":"WebSite","@id":"https:\/\/www.intoscana.it\/it\/#website","url":"https:\/\/www.intoscana.it\/it\/","name":"intoscana","description":"","potentialAction":[{"@type":"SearchAction","target":{"@type":"EntryPoint","urlTemplate":"https:\/\/www.intoscana.it\/it\/?s={search_term_string}"},"query-input":{"@type":"PropertyValueSpecification","valueRequired":true,"valueName":"search_term_string"}}],"inLanguage":"it-IT"},{"@type":"Person","@id":"https:\/\/www.intoscana.it\/it\/#\/schema\/person\/9223810753230f20bd670fdd322661f8","name":"Redazione","url":"https:\/\/www.intoscana.it\/it\/author\/redazione\/"}]}},"_links":{"self":[{"href":"https:\/\/www.intoscana.it\/it\/wp-json\/wp\/v2\/posts\/61858","targetHints":{"allow":["GET"]}}],"collection":[{"href":"https:\/\/www.intoscana.it\/it\/wp-json\/wp\/v2\/posts"}],"about":[{"href":"https:\/\/www.intoscana.it\/it\/wp-json\/wp\/v2\/types\/post"}],"author":[{"embeddable":true,"href":"https:\/\/www.intoscana.it\/it\/wp-json\/wp\/v2\/users\/525"}],"replies":[{"embeddable":true,"href":"https:\/\/www.intoscana.it\/it\/wp-json\/wp\/v2\/comments?post=61858"}],"version-history":[{"count":0,"href":"https:\/\/www.intoscana.it\/it\/wp-json\/wp\/v2\/posts\/61858\/revisions"}],"wp:featuredmedia":[{"embeddable":true,"href":"https:\/\/www.intoscana.it\/it\/wp-json\/wp\/v2\/media\/99921"}],"wp:attachment":[{"href":"https:\/\/www.intoscana.it\/it\/wp-json\/wp\/v2\/media?parent=61858"}],"wp:term":[{"taxonomy":"category","embeddable":true,"href":"https:\/\/www.intoscana.it\/it\/wp-json\/wp\/v2\/categories?post=61858"},{"taxonomy":"post_tag","embeddable":true,"href":"https:\/\/www.intoscana.it\/it\/wp-json\/wp\/v2\/tags?post=61858"}],"curies":[{"name":"wp","href":"https:\/\/api.w.org\/{rel}","templated":true}]}}