{"id":61859,"date":"2020-02-03T09:10:34","date_gmt":"2020-02-03T09:10:34","guid":{"rendered":"http:\/\/www.intoscana.it\/al-meyer-arriva-casa-marta-un-nuovo-hospice-pediatrico-regionale\/"},"modified":"2020-05-19T15:50:08","modified_gmt":"2020-05-19T13:50:08","slug":"meyer-casa-marta","status":"publish","type":"post","link":"https:\/\/www.intoscana.it\/it\/meyer-casa-marta\/","title":{"rendered":"Al Meyer arriva &#8216;Casa Marta&#8217; un nuovo Hospice pediatrico regionale"},"content":{"rendered":"<p><strong>Arriva a Firenze &#8216;Casa Marta&#8217;<\/strong> un nuovo hospice pediatrico regionale, con sei posti letto, <strong>per accogliere i bambini che necessitano di cure palliative,<\/strong> ampliando l&#8217;offerta assistenziale della rete pediatrica toscana.&nbsp;Il nuovo hospice pediatrico sorger\u00e0 <strong>all&#8217;interno dell&#8217;attuale Casa Benelli<\/strong>, struttura della <strong>Fondazione Solidariet\u00e0 Caritas onlus<\/strong> che si occuper\u00e0 anche della gestione, ambiente esterno all&#8217;ospedale ma collocato nelle immediate vicinanze. La ristrutturazione sar\u00e0 effettuata dalla Fondazione Martacappelli.<\/p>\n<p>Casa Marta \u00e8 stata progettata e sar\u00e0 allestita in modo da creare<strong> un&#8217;atmosfera caratterizzata da spazi e ritmi pi\u00f9 simili a quelli domestici, garantendo al contempo standard tecnologici, strutturali e di sicurezza.<\/strong> I sei posti letto a disposizione, di recente autorizzati dalla <strong>Regione Toscana,<\/strong> &#8220;saranno preziosi &#8211; si spiega dal Meyer &#8211; sia per gestire la delicata fase della dimissione protetta, che serve a formare i genitori per affrontare le esigenze dei bambini una volta tornati a casa, sia per effettuare ricoveri di sollievo, <strong>volti a offrire alla famiglia un periodo di contenimento del carico assistenziale nei confronti del proprio bambino.<\/strong> Gli operatori potranno accompagnare i bambini e le loro famiglie nelle fasi finali della loro vita nei casi in cui non vi siano le condizioni per poterlo fare a casa e supportare i genitori nell&#8217;elaborazione del lutto&#8221;.<\/p>\n<p>Casa Marta sar\u00e0 anche un punto di riferimento per<strong> attivit\u00e0 di studio, ricerca e pratica clinica per gli studenti universitari i<\/strong>n formazione delle varie professioni sanitarie. Casa Marta, si spiega in una nota del Meyer, &#8220;<strong>potr\u00e0 dare una risposta ai circa 4mila bambini e adolescenti affetti da patologie cronico-complesse<\/strong> e alle loro famiglie che necessitano di un ricovero di sollievo per periodi temporanei e former\u00e0 al meglio i loro genitori per l&#8217;assistenza. Un impegno consistente: si stima la necessit\u00e0 di circa 600 giornate di degenza per la formazione dei genitori e 900 giornate per i ricoveri di sollievo. Potr\u00e0 anche accogliere una parte degli <strong>ottanta minori che ogni anno in Toscana muoiono per patologie croniche non guaribili:<\/strong> tra loro una trentina affetti da patologie oncologiche&#8221;.<\/p>\n<p>&#8220;Il progetto &#8211; spiega Alberto Zanobini, dg del Meyer &#8211; rappresenta<strong> il traguardo di un lungo percorso che il Meyer ha intrapreso per dare la migliore risposta possibile alle famiglie<\/strong> che si trovano ad affrontare una grave malattia del figlio. Questa struttura, cos\u00ec vicina al nostro ospedale, permetter\u00e0 ai nostri operatori di essere vicini alle famiglie con grande professionalit\u00e0 e umanit\u00e0&#8221;.<\/p>\n<p>&#8220;Questo dell&#8217;hospice pediatrico regionale &#8211; ha detto <strong>l&#8217;assessore regionale al diritto alla salute Stefania Saccardi<\/strong> &#8211; \u00e8 un progetto molto importante, su cui stiamo lavorando da tempo. Morte e bambini sono due parole che non dovrebbero mai stare insieme, per\u00f2, quando succede, mi sembra un segno di grande civilt\u00e0 accompagnare i bambini e i loro familiari verso la fine della vita. L&#8217;hospice pediatrico rientra, tra l&#8217;altro, nel programma di<strong> ampliamento dei posti letto che stiamo portando avanti in tutti gli hospice della Toscana&#8221;<\/strong>.<\/p>\n","protected":false},"excerpt":{"rendered":"<p>Avr\u00e0 sei posti letto per accogliere i bambini con patologie cronico-complesse che hanno bisogno di cure palliative&nbsp;<\/p>\n","protected":false},"author":525,"featured_media":99922,"comment_status":"open","ping_status":"open","sticky":false,"template":"","format":"standard","meta":{"_acf_changed":false,"footnotes":""},"categories":[18],"tags":[],"class_list":["post-61859","post","type-post","status-publish","format-standard","has-post-thumbnail","hentry","category-salute"],"acf":[],"yoast_head":"<!-- This site is optimized with the Yoast SEO Premium plugin v24.2 (Yoast SEO v25.6) - https:\/\/yoast.com\/wordpress\/plugins\/seo\/ -->\n<title>Al Meyer arriva &#039;Casa Marta&#039; un nuovo Hospice pediatrico regionale - intoscana<\/title>\n<meta name=\"robots\" content=\"index, follow, max-snippet:-1, max-image-preview:large, max-video-preview:-1\" \/>\n<link rel=\"canonical\" href=\"https:\/\/www.intoscana.it\/it\/meyer-casa-marta\/\" \/>\n<meta property=\"og:locale\" content=\"it_IT\" \/>\n<meta property=\"og:type\" content=\"article\" \/>\n<meta property=\"og:title\" content=\"Al Meyer arriva &#039;Casa Marta&#039; un nuovo Hospice pediatrico regionale\" \/>\n<meta property=\"og:description\" content=\"Avr\u00e0 sei posti letto per accogliere i bambini con patologie cronico-complesse che hanno bisogno di cure palliative&nbsp;\" \/>\n<meta property=\"og:url\" content=\"https:\/\/www.intoscana.it\/it\/meyer-casa-marta\/\" \/>\n<meta property=\"og:site_name\" content=\"intoscana\" \/>\n<meta property=\"article:publisher\" content=\"https:\/\/www.facebook.com\/intoscana.it\" \/>\n<meta property=\"article:published_time\" content=\"2020-02-03T09:10:34+00:00\" \/>\n<meta property=\"article:modified_time\" content=\"2020-05-19T13:50:08+00:00\" \/>\n<meta property=\"og:image\" content=\"https:\/\/www.intoscana.it\/wp-content\/uploads\/ospedale-pediatrico-meyer-4-1.jpg\" \/>\n\t<meta property=\"og:image:width\" content=\"1194\" \/>\n\t<meta property=\"og:image:height\" content=\"793\" \/>\n\t<meta property=\"og:image:type\" content=\"image\/jpeg\" \/>\n<meta name=\"author\" content=\"Redazione\" \/>\n<meta name=\"twitter:card\" content=\"summary_large_image\" \/>\n<meta name=\"twitter:creator\" content=\"@intoscana\" \/>\n<meta name=\"twitter:site\" content=\"@intoscana\" \/>\n<meta name=\"twitter:label1\" content=\"Written by\" \/>\n\t<meta name=\"twitter:data1\" content=\"Redazione\" \/>\n\t<meta name=\"twitter:label2\" content=\"Est. reading time\" \/>\n\t<meta name=\"twitter:data2\" content=\"2 minuti\" \/>\n<script type=\"application\/ld+json\" class=\"yoast-schema-graph\">{\"@context\":\"https:\/\/schema.org\",\"@graph\":[{\"@type\":\"WebPage\",\"@id\":\"https:\/\/www.intoscana.it\/it\/meyer-casa-marta\/\",\"url\":\"https:\/\/www.intoscana.it\/it\/meyer-casa-marta\/\",\"name\":\"Al Meyer arriva 'Casa Marta' un nuovo Hospice pediatrico regionale - intoscana\",\"isPartOf\":{\"@id\":\"https:\/\/www.intoscana.it\/it\/#website\"},\"primaryImageOfPage\":{\"@id\":\"https:\/\/www.intoscana.it\/it\/meyer-casa-marta\/#primaryimage\"},\"image\":{\"@id\":\"https:\/\/www.intoscana.it\/it\/meyer-casa-marta\/#primaryimage\"},\"thumbnailUrl\":\"https:\/\/www.intoscana.it\/wp-content\/uploads\/ospedale-pediatrico-meyer-4-1.jpg\",\"datePublished\":\"2020-02-03T09:10:34+00:00\",\"dateModified\":\"2020-05-19T13:50:08+00:00\",\"author\":{\"@id\":\"https:\/\/www.intoscana.it\/it\/#\/schema\/person\/9223810753230f20bd670fdd322661f8\"},\"breadcrumb\":{\"@id\":\"https:\/\/www.intoscana.it\/it\/meyer-casa-marta\/#breadcrumb\"},\"inLanguage\":\"it-IT\",\"potentialAction\":[{\"@type\":\"ReadAction\",\"target\":[\"https:\/\/www.intoscana.it\/it\/meyer-casa-marta\/\"]}]},{\"@type\":\"ImageObject\",\"inLanguage\":\"it-IT\",\"@id\":\"https:\/\/www.intoscana.it\/it\/meyer-casa-marta\/#primaryimage\",\"url\":\"https:\/\/www.intoscana.it\/wp-content\/uploads\/ospedale-pediatrico-meyer-4-1.jpg\",\"contentUrl\":\"https:\/\/www.intoscana.it\/wp-content\/uploads\/ospedale-pediatrico-meyer-4-1.jpg\",\"width\":1194,\"height\":793,\"caption\":\"Al Meyer arriva 'Casa Marta' un nuovo Hospice pediatrico regionale\"},{\"@type\":\"BreadcrumbList\",\"@id\":\"https:\/\/www.intoscana.it\/it\/meyer-casa-marta\/#breadcrumb\",\"itemListElement\":[{\"@type\":\"ListItem\",\"position\":1,\"name\":\"Home\",\"item\":\"https:\/\/www.intoscana.it\/it\/\"},{\"@type\":\"ListItem\",\"position\":2,\"name\":\"Al Meyer arriva &#8216;Casa Marta&#8217; un nuovo Hospice pediatrico regionale\"}]},{\"@type\":\"WebSite\",\"@id\":\"https:\/\/www.intoscana.it\/it\/#website\",\"url\":\"https:\/\/www.intoscana.it\/it\/\",\"name\":\"intoscana\",\"description\":\"\",\"potentialAction\":[{\"@type\":\"SearchAction\",\"target\":{\"@type\":\"EntryPoint\",\"urlTemplate\":\"https:\/\/www.intoscana.it\/it\/?s={search_term_string}\"},\"query-input\":{\"@type\":\"PropertyValueSpecification\",\"valueRequired\":true,\"valueName\":\"search_term_string\"}}],\"inLanguage\":\"it-IT\"},{\"@type\":\"Person\",\"@id\":\"https:\/\/www.intoscana.it\/it\/#\/schema\/person\/9223810753230f20bd670fdd322661f8\",\"name\":\"Redazione\",\"url\":\"https:\/\/www.intoscana.it\/it\/author\/redazione\/\"}]}<\/script>\n<!-- \/ Yoast SEO Premium plugin. -->","yoast_head_json":{"title":"Al Meyer arriva 'Casa Marta' un nuovo Hospice pediatrico regionale - intoscana","robots":{"index":"index","follow":"follow","max-snippet":"max-snippet:-1","max-image-preview":"max-image-preview:large","max-video-preview":"max-video-preview:-1"},"canonical":"https:\/\/www.intoscana.it\/it\/meyer-casa-marta\/","og_locale":"it_IT","og_type":"article","og_title":"Al Meyer arriva 'Casa Marta' un nuovo Hospice pediatrico regionale","og_description":"Avr\u00e0 sei posti letto per accogliere i bambini con patologie cronico-complesse che hanno bisogno di cure palliative&nbsp;","og_url":"https:\/\/www.intoscana.it\/it\/meyer-casa-marta\/","og_site_name":"intoscana","article_publisher":"https:\/\/www.facebook.com\/intoscana.it","article_published_time":"2020-02-03T09:10:34+00:00","article_modified_time":"2020-05-19T13:50:08+00:00","og_image":[{"width":1194,"height":793,"url":"https:\/\/www.intoscana.it\/wp-content\/uploads\/ospedale-pediatrico-meyer-4-1.jpg","type":"image\/jpeg"}],"author":"Redazione","twitter_card":"summary_large_image","twitter_creator":"@intoscana","twitter_site":"@intoscana","twitter_misc":{"Written by":"Redazione","Est. reading time":"2 minuti"},"schema":{"@context":"https:\/\/schema.org","@graph":[{"@type":"WebPage","@id":"https:\/\/www.intoscana.it\/it\/meyer-casa-marta\/","url":"https:\/\/www.intoscana.it\/it\/meyer-casa-marta\/","name":"Al Meyer arriva 'Casa Marta' un nuovo Hospice pediatrico regionale - intoscana","isPartOf":{"@id":"https:\/\/www.intoscana.it\/it\/#website"},"primaryImageOfPage":{"@id":"https:\/\/www.intoscana.it\/it\/meyer-casa-marta\/#primaryimage"},"image":{"@id":"https:\/\/www.intoscana.it\/it\/meyer-casa-marta\/#primaryimage"},"thumbnailUrl":"https:\/\/www.intoscana.it\/wp-content\/uploads\/ospedale-pediatrico-meyer-4-1.jpg","datePublished":"2020-02-03T09:10:34+00:00","dateModified":"2020-05-19T13:50:08+00:00","author":{"@id":"https:\/\/www.intoscana.it\/it\/#\/schema\/person\/9223810753230f20bd670fdd322661f8"},"breadcrumb":{"@id":"https:\/\/www.intoscana.it\/it\/meyer-casa-marta\/#breadcrumb"},"inLanguage":"it-IT","potentialAction":[{"@type":"ReadAction","target":["https:\/\/www.intoscana.it\/it\/meyer-casa-marta\/"]}]},{"@type":"ImageObject","inLanguage":"it-IT","@id":"https:\/\/www.intoscana.it\/it\/meyer-casa-marta\/#primaryimage","url":"https:\/\/www.intoscana.it\/wp-content\/uploads\/ospedale-pediatrico-meyer-4-1.jpg","contentUrl":"https:\/\/www.intoscana.it\/wp-content\/uploads\/ospedale-pediatrico-meyer-4-1.jpg","width":1194,"height":793,"caption":"Al Meyer arriva 'Casa Marta' un nuovo Hospice pediatrico regionale"},{"@type":"BreadcrumbList","@id":"https:\/\/www.intoscana.it\/it\/meyer-casa-marta\/#breadcrumb","itemListElement":[{"@type":"ListItem","position":1,"name":"Home","item":"https:\/\/www.intoscana.it\/it\/"},{"@type":"ListItem","position":2,"name":"Al Meyer arriva &#8216;Casa Marta&#8217; un nuovo Hospice pediatrico regionale"}]},{"@type":"WebSite","@id":"https:\/\/www.intoscana.it\/it\/#website","url":"https:\/\/www.intoscana.it\/it\/","name":"intoscana","description":"","potentialAction":[{"@type":"SearchAction","target":{"@type":"EntryPoint","urlTemplate":"https:\/\/www.intoscana.it\/it\/?s={search_term_string}"},"query-input":{"@type":"PropertyValueSpecification","valueRequired":true,"valueName":"search_term_string"}}],"inLanguage":"it-IT"},{"@type":"Person","@id":"https:\/\/www.intoscana.it\/it\/#\/schema\/person\/9223810753230f20bd670fdd322661f8","name":"Redazione","url":"https:\/\/www.intoscana.it\/it\/author\/redazione\/"}]}},"_links":{"self":[{"href":"https:\/\/www.intoscana.it\/it\/wp-json\/wp\/v2\/posts\/61859","targetHints":{"allow":["GET"]}}],"collection":[{"href":"https:\/\/www.intoscana.it\/it\/wp-json\/wp\/v2\/posts"}],"about":[{"href":"https:\/\/www.intoscana.it\/it\/wp-json\/wp\/v2\/types\/post"}],"author":[{"embeddable":true,"href":"https:\/\/www.intoscana.it\/it\/wp-json\/wp\/v2\/users\/525"}],"replies":[{"embeddable":true,"href":"https:\/\/www.intoscana.it\/it\/wp-json\/wp\/v2\/comments?post=61859"}],"version-history":[{"count":0,"href":"https:\/\/www.intoscana.it\/it\/wp-json\/wp\/v2\/posts\/61859\/revisions"}],"wp:featuredmedia":[{"embeddable":true,"href":"https:\/\/www.intoscana.it\/it\/wp-json\/wp\/v2\/media\/99922"}],"wp:attachment":[{"href":"https:\/\/www.intoscana.it\/it\/wp-json\/wp\/v2\/media?parent=61859"}],"wp:term":[{"taxonomy":"category","embeddable":true,"href":"https:\/\/www.intoscana.it\/it\/wp-json\/wp\/v2\/categories?post=61859"},{"taxonomy":"post_tag","embeddable":true,"href":"https:\/\/www.intoscana.it\/it\/wp-json\/wp\/v2\/tags?post=61859"}],"curies":[{"name":"wp","href":"https:\/\/api.w.org\/{rel}","templated":true}]}}