{"id":61860,"date":"2020-02-07T10:59:09","date_gmt":"2020-02-07T09:59:09","guid":{"rendered":"http:\/\/www.intoscana.it\/paralisi-cerebrale-infantile-lunipi-scrive-le-linee-guida-europee\/"},"modified":"2023-03-15T15:36:42","modified_gmt":"2023-03-15T14:36:42","slug":"paralisi-cerebrale-infantile-lunipi-scrive-le-linee-guida-europee","status":"publish","type":"post","link":"https:\/\/www.intoscana.it\/it\/paralisi-cerebrale-infantile-lunipi-scrive-le-linee-guida-europee\/","title":{"rendered":"Paralisi cerebrale infantile: l\u2019Unipi scrive le linee guida europee"},"content":{"rendered":"<p><strong>\u00c8 un progetto&nbsp;<\/strong>che ha come obiettivo<strong> costruire una rete europea per la diagnosi e l\u2019intervento precoci nei neonati a rischio di sviluppare una paralisi cerebrale<\/strong>, quali ad esempio i nati pre-termine o i neonati con parto difficoltoso. Si chiama <em><strong>\u201cBornToGetThere &#8211; Implementation of early detection and early intervention service delivery in infants at risk for cerebral palsy to promote infants\u2019 psychomotor development and maternal health\u201d<\/strong><\/em> e sar\u00e0 coordinato <strong>per 4 anni da Andrea Guzzetta<\/strong>, professore associato di Neuropsichiatria infantile presso il <strong>dipartimento di Medicina clinica e sperimentale dell&#8217;Universit\u00e0 di Pisa,<\/strong> con la partecipazione di altri 9 partner provenienti da 3 paesi europei (Italia, Danimarca e Paesi Bassi), da 2 paesi associati (Georgia e Sri Lanka) e dall\u2019Australia. Per la Toscana, insieme all\u2019Universit\u00e0 di Pisa, partecipano la <strong>Fondazione Stella Maris, la Fondazione Toscana Life Sciences e Hubstract srl.<\/strong> Il progetto \u00e8 stato finanziato con<strong> 3.7 milioni di euro<\/strong> nell\u2019ambito della sfida sociale dedicata alla Salute (SC1) del programma <strong>Horizon 2020.<\/strong><\/p>\n<p>\u00ab<strong>\u201cBornToGetThere\u201d<\/strong> si pone l\u2019obiettivo di migliorare i programmi sanitari per la diagnosi e la sorveglianza precoci delle menomazioni associate nei neonati con paralisi cerebrale \u2013 spiega il professor Guzzetta &#8211; Da un lato,<strong> vogliamo favorire l&#8217;erogazione personalizzata di interventi precoci e la prevenzione delle complicanze secondarie<\/strong> per i neonati e, dall\u2019altra, un efficace sostegno ai genitori\u00bb.<\/p>\n<p>Il progetto implementer\u00e0 <strong>la prima International Clinical Practice Guideline in diversi paesi in Europa<\/strong> (Italia, Danimarca, Paesi Bassi), in paesi a reddito medio (Georgia, Sri Lanka) e presso popolazioni difficili da raggiungere (Remote Queensland e Western Australia).<strong> \u201cBornToGetThere\u201d porr\u00e0 inoltre particolare attenzione alla relazione vitale tra il bambino e i suoi genitori<\/strong> (e in particolare con la madre), relazione che viene messa in pericolo quando gli eventi perinatali modificano la salute del bambino e dalla cui salvaguardia dipendono la qualit\u00e0 di vita del bambino e l\u2019armonia della famiglia.<\/p>\n<p><strong>La paralisi cerebrale infantile \u00e8 la disabilit\u00e0 fisica pi\u00f9 comune nell&#8217;infanzia, che colpisce pi\u00f9 di 1 milione di persone in Europa e pi\u00f9 di 17 milioni in tutto il mondo<\/strong>. Mentre la sua incidenza \u00e8 attualmente inferiore a 2 su 1000 nei nati in paesi ad alto reddito, si ritiene che <strong>i tassi siano notevolmente pi\u00f9 elevati nelle economie a medio e basso reddito.<\/p>\n<p><\/strong>Causata da<strong> un danno a carico del sistema nervoso centrale<\/strong> che si origina durante la gravidanza o nelle primissime settimane di vita, essa comporta un&#8217;alterazione persistente delle funzioni motorie e sensoriali con livelli molto diversi di gravit\u00e0 a seconda delle circostanze. <strong>Trattandosi di una condizione che persiste per tutto l&#8217;arco della vita, comporta enormi costi sanitari e sociali con un impatto difficilmente calcolabile sulle famiglie e sulla comunit\u00e0.<\/strong><\/p>\n","protected":false},"excerpt":{"rendered":"<p>\u2018BornToGetThere\u2019 ha ottenuto un finaziamento di 3,7 milioni di euro nell\u2019ambito del programma Horizon 2020<\/p>\n","protected":false},"author":525,"featured_media":99923,"comment_status":"open","ping_status":"open","sticky":false,"template":"","format":"standard","meta":{"_acf_changed":false,"footnotes":""},"categories":[18],"tags":[5567],"class_list":["post-61860","post","type-post","status-publish","format-standard","has-post-thumbnail","hentry","category-salute","tag-horizon-2020"],"acf":[],"yoast_head":"<!-- This site is optimized with the Yoast SEO Premium plugin v24.2 (Yoast SEO v25.6) - https:\/\/yoast.com\/wordpress\/plugins\/seo\/ -->\n<title>Paralisi cerebrale infantile: l\u2019Unipi scrive le linee guida europee - intoscana<\/title>\n<meta name=\"robots\" content=\"index, follow, max-snippet:-1, max-image-preview:large, max-video-preview:-1\" \/>\n<link rel=\"canonical\" href=\"https:\/\/www.intoscana.it\/it\/paralisi-cerebrale-infantile-lunipi-scrive-le-linee-guida-europee\/\" \/>\n<meta property=\"og:locale\" content=\"it_IT\" \/>\n<meta property=\"og:type\" content=\"article\" \/>\n<meta property=\"og:title\" content=\"Paralisi cerebrale infantile: l\u2019Unipi scrive le linee guida europee\" \/>\n<meta property=\"og:description\" content=\"\u2018BornToGetThere\u2019 ha ottenuto un finaziamento di 3,7 milioni di euro nell\u2019ambito del programma Horizon 2020\" \/>\n<meta property=\"og:url\" content=\"https:\/\/www.intoscana.it\/it\/paralisi-cerebrale-infantile-lunipi-scrive-le-linee-guida-europee\/\" \/>\n<meta property=\"og:site_name\" content=\"intoscana\" \/>\n<meta property=\"article:publisher\" content=\"https:\/\/www.facebook.com\/intoscana.it\" \/>\n<meta property=\"article:published_time\" content=\"2020-02-07T09:59:09+00:00\" \/>\n<meta property=\"article:modified_time\" content=\"2023-03-15T14:36:42+00:00\" \/>\n<meta property=\"og:image\" content=\"https:\/\/www.intoscana.it\/wp-content\/uploads\/neonato-3.jpg\" \/>\n\t<meta property=\"og:image:width\" content=\"2000\" \/>\n\t<meta property=\"og:image:height\" content=\"1105\" \/>\n\t<meta property=\"og:image:type\" content=\"image\/jpeg\" \/>\n<meta name=\"author\" content=\"Redazione\" \/>\n<meta name=\"twitter:card\" content=\"summary_large_image\" \/>\n<meta name=\"twitter:creator\" content=\"@intoscana\" \/>\n<meta name=\"twitter:site\" content=\"@intoscana\" \/>\n<meta name=\"twitter:label1\" content=\"Written by\" \/>\n\t<meta name=\"twitter:data1\" content=\"Redazione\" \/>\n\t<meta name=\"twitter:label2\" content=\"Est. reading time\" \/>\n\t<meta name=\"twitter:data2\" content=\"2 minuti\" \/>\n<script type=\"application\/ld+json\" class=\"yoast-schema-graph\">{\"@context\":\"https:\/\/schema.org\",\"@graph\":[{\"@type\":\"WebPage\",\"@id\":\"https:\/\/www.intoscana.it\/it\/paralisi-cerebrale-infantile-lunipi-scrive-le-linee-guida-europee\/\",\"url\":\"https:\/\/www.intoscana.it\/it\/paralisi-cerebrale-infantile-lunipi-scrive-le-linee-guida-europee\/\",\"name\":\"Paralisi cerebrale infantile: l\u2019Unipi scrive le linee guida europee - intoscana\",\"isPartOf\":{\"@id\":\"https:\/\/www.intoscana.it\/it\/#website\"},\"primaryImageOfPage\":{\"@id\":\"https:\/\/www.intoscana.it\/it\/paralisi-cerebrale-infantile-lunipi-scrive-le-linee-guida-europee\/#primaryimage\"},\"image\":{\"@id\":\"https:\/\/www.intoscana.it\/it\/paralisi-cerebrale-infantile-lunipi-scrive-le-linee-guida-europee\/#primaryimage\"},\"thumbnailUrl\":\"https:\/\/www.intoscana.it\/wp-content\/uploads\/neonato-3.jpg\",\"datePublished\":\"2020-02-07T09:59:09+00:00\",\"dateModified\":\"2023-03-15T14:36:42+00:00\",\"author\":{\"@id\":\"https:\/\/www.intoscana.it\/it\/#\/schema\/person\/9223810753230f20bd670fdd322661f8\"},\"breadcrumb\":{\"@id\":\"https:\/\/www.intoscana.it\/it\/paralisi-cerebrale-infantile-lunipi-scrive-le-linee-guida-europee\/#breadcrumb\"},\"inLanguage\":\"it-IT\",\"potentialAction\":[{\"@type\":\"ReadAction\",\"target\":[\"https:\/\/www.intoscana.it\/it\/paralisi-cerebrale-infantile-lunipi-scrive-le-linee-guida-europee\/\"]}]},{\"@type\":\"ImageObject\",\"inLanguage\":\"it-IT\",\"@id\":\"https:\/\/www.intoscana.it\/it\/paralisi-cerebrale-infantile-lunipi-scrive-le-linee-guida-europee\/#primaryimage\",\"url\":\"https:\/\/www.intoscana.it\/wp-content\/uploads\/neonato-3.jpg\",\"contentUrl\":\"https:\/\/www.intoscana.it\/wp-content\/uploads\/neonato-3.jpg\",\"width\":2000,\"height\":1105,\"caption\":\"Paralisi cerebrale infantile: 3,7 milioni per un progetto all\u2019Universit\u00e0 di Pisa\"},{\"@type\":\"BreadcrumbList\",\"@id\":\"https:\/\/www.intoscana.it\/it\/paralisi-cerebrale-infantile-lunipi-scrive-le-linee-guida-europee\/#breadcrumb\",\"itemListElement\":[{\"@type\":\"ListItem\",\"position\":1,\"name\":\"Home\",\"item\":\"https:\/\/www.intoscana.it\/it\/\"},{\"@type\":\"ListItem\",\"position\":2,\"name\":\"Paralisi cerebrale infantile: l\u2019Unipi scrive le linee guida europee\"}]},{\"@type\":\"WebSite\",\"@id\":\"https:\/\/www.intoscana.it\/it\/#website\",\"url\":\"https:\/\/www.intoscana.it\/it\/\",\"name\":\"intoscana\",\"description\":\"\",\"potentialAction\":[{\"@type\":\"SearchAction\",\"target\":{\"@type\":\"EntryPoint\",\"urlTemplate\":\"https:\/\/www.intoscana.it\/it\/?s={search_term_string}\"},\"query-input\":{\"@type\":\"PropertyValueSpecification\",\"valueRequired\":true,\"valueName\":\"search_term_string\"}}],\"inLanguage\":\"it-IT\"},{\"@type\":\"Person\",\"@id\":\"https:\/\/www.intoscana.it\/it\/#\/schema\/person\/9223810753230f20bd670fdd322661f8\",\"name\":\"Redazione\",\"url\":\"https:\/\/www.intoscana.it\/it\/author\/redazione\/\"}]}<\/script>\n<!-- \/ Yoast SEO Premium plugin. -->","yoast_head_json":{"title":"Paralisi cerebrale infantile: l\u2019Unipi scrive le linee guida europee - intoscana","robots":{"index":"index","follow":"follow","max-snippet":"max-snippet:-1","max-image-preview":"max-image-preview:large","max-video-preview":"max-video-preview:-1"},"canonical":"https:\/\/www.intoscana.it\/it\/paralisi-cerebrale-infantile-lunipi-scrive-le-linee-guida-europee\/","og_locale":"it_IT","og_type":"article","og_title":"Paralisi cerebrale infantile: l\u2019Unipi scrive le linee guida europee","og_description":"\u2018BornToGetThere\u2019 ha ottenuto un finaziamento di 3,7 milioni di euro nell\u2019ambito del programma Horizon 2020","og_url":"https:\/\/www.intoscana.it\/it\/paralisi-cerebrale-infantile-lunipi-scrive-le-linee-guida-europee\/","og_site_name":"intoscana","article_publisher":"https:\/\/www.facebook.com\/intoscana.it","article_published_time":"2020-02-07T09:59:09+00:00","article_modified_time":"2023-03-15T14:36:42+00:00","og_image":[{"width":2000,"height":1105,"url":"https:\/\/www.intoscana.it\/wp-content\/uploads\/neonato-3.jpg","type":"image\/jpeg"}],"author":"Redazione","twitter_card":"summary_large_image","twitter_creator":"@intoscana","twitter_site":"@intoscana","twitter_misc":{"Written by":"Redazione","Est. reading time":"2 minuti"},"schema":{"@context":"https:\/\/schema.org","@graph":[{"@type":"WebPage","@id":"https:\/\/www.intoscana.it\/it\/paralisi-cerebrale-infantile-lunipi-scrive-le-linee-guida-europee\/","url":"https:\/\/www.intoscana.it\/it\/paralisi-cerebrale-infantile-lunipi-scrive-le-linee-guida-europee\/","name":"Paralisi cerebrale infantile: l\u2019Unipi scrive le linee guida europee - intoscana","isPartOf":{"@id":"https:\/\/www.intoscana.it\/it\/#website"},"primaryImageOfPage":{"@id":"https:\/\/www.intoscana.it\/it\/paralisi-cerebrale-infantile-lunipi-scrive-le-linee-guida-europee\/#primaryimage"},"image":{"@id":"https:\/\/www.intoscana.it\/it\/paralisi-cerebrale-infantile-lunipi-scrive-le-linee-guida-europee\/#primaryimage"},"thumbnailUrl":"https:\/\/www.intoscana.it\/wp-content\/uploads\/neonato-3.jpg","datePublished":"2020-02-07T09:59:09+00:00","dateModified":"2023-03-15T14:36:42+00:00","author":{"@id":"https:\/\/www.intoscana.it\/it\/#\/schema\/person\/9223810753230f20bd670fdd322661f8"},"breadcrumb":{"@id":"https:\/\/www.intoscana.it\/it\/paralisi-cerebrale-infantile-lunipi-scrive-le-linee-guida-europee\/#breadcrumb"},"inLanguage":"it-IT","potentialAction":[{"@type":"ReadAction","target":["https:\/\/www.intoscana.it\/it\/paralisi-cerebrale-infantile-lunipi-scrive-le-linee-guida-europee\/"]}]},{"@type":"ImageObject","inLanguage":"it-IT","@id":"https:\/\/www.intoscana.it\/it\/paralisi-cerebrale-infantile-lunipi-scrive-le-linee-guida-europee\/#primaryimage","url":"https:\/\/www.intoscana.it\/wp-content\/uploads\/neonato-3.jpg","contentUrl":"https:\/\/www.intoscana.it\/wp-content\/uploads\/neonato-3.jpg","width":2000,"height":1105,"caption":"Paralisi cerebrale infantile: 3,7 milioni per un progetto all\u2019Universit\u00e0 di Pisa"},{"@type":"BreadcrumbList","@id":"https:\/\/www.intoscana.it\/it\/paralisi-cerebrale-infantile-lunipi-scrive-le-linee-guida-europee\/#breadcrumb","itemListElement":[{"@type":"ListItem","position":1,"name":"Home","item":"https:\/\/www.intoscana.it\/it\/"},{"@type":"ListItem","position":2,"name":"Paralisi cerebrale infantile: l\u2019Unipi scrive le linee guida europee"}]},{"@type":"WebSite","@id":"https:\/\/www.intoscana.it\/it\/#website","url":"https:\/\/www.intoscana.it\/it\/","name":"intoscana","description":"","potentialAction":[{"@type":"SearchAction","target":{"@type":"EntryPoint","urlTemplate":"https:\/\/www.intoscana.it\/it\/?s={search_term_string}"},"query-input":{"@type":"PropertyValueSpecification","valueRequired":true,"valueName":"search_term_string"}}],"inLanguage":"it-IT"},{"@type":"Person","@id":"https:\/\/www.intoscana.it\/it\/#\/schema\/person\/9223810753230f20bd670fdd322661f8","name":"Redazione","url":"https:\/\/www.intoscana.it\/it\/author\/redazione\/"}]}},"_links":{"self":[{"href":"https:\/\/www.intoscana.it\/it\/wp-json\/wp\/v2\/posts\/61860","targetHints":{"allow":["GET"]}}],"collection":[{"href":"https:\/\/www.intoscana.it\/it\/wp-json\/wp\/v2\/posts"}],"about":[{"href":"https:\/\/www.intoscana.it\/it\/wp-json\/wp\/v2\/types\/post"}],"author":[{"embeddable":true,"href":"https:\/\/www.intoscana.it\/it\/wp-json\/wp\/v2\/users\/525"}],"replies":[{"embeddable":true,"href":"https:\/\/www.intoscana.it\/it\/wp-json\/wp\/v2\/comments?post=61860"}],"version-history":[{"count":0,"href":"https:\/\/www.intoscana.it\/it\/wp-json\/wp\/v2\/posts\/61860\/revisions"}],"wp:featuredmedia":[{"embeddable":true,"href":"https:\/\/www.intoscana.it\/it\/wp-json\/wp\/v2\/media\/99923"}],"wp:attachment":[{"href":"https:\/\/www.intoscana.it\/it\/wp-json\/wp\/v2\/media?parent=61860"}],"wp:term":[{"taxonomy":"category","embeddable":true,"href":"https:\/\/www.intoscana.it\/it\/wp-json\/wp\/v2\/categories?post=61860"},{"taxonomy":"post_tag","embeddable":true,"href":"https:\/\/www.intoscana.it\/it\/wp-json\/wp\/v2\/tags?post=61860"}],"curies":[{"name":"wp","href":"https:\/\/api.w.org\/{rel}","templated":true}]}}