{"id":61868,"date":"2020-03-03T14:14:03","date_gmt":"2020-03-03T14:14:03","guid":{"rendered":"http:\/\/www.intoscana.it\/coronavirus-5-nuovi-casi-sospetti-positivi-in-toscana\/"},"modified":"2020-05-19T15:50:11","modified_gmt":"2020-05-19T13:50:11","slug":"coronavirus-nuovi-casi","status":"publish","type":"post","link":"https:\/\/www.intoscana.it\/it\/coronavirus-nuovi-casi\/","title":{"rendered":"Coronavirus, 5 nuovi casi sospetti positivi in Toscana"},"content":{"rendered":"<p><strong>Cinque nuovi casi sospetti positivi al Coronavirus, registrati tra ieri sera e questa mattina in Toscana,<\/strong> in attesa di validazione da parte dell\u2019Istituto superiore di sanit\u00e0. Si tratta di <strong>un nuovo caso in Versilia sul territorio della Asl nord<\/strong> ovest: si tratta del <strong>figlio di 10 anni del 44enne di Torre del Lago,<\/strong> rientrato con positivit\u00e0 da Vo\u2019 (Veneto) e in isolamento domiciliare senza pi\u00f9 febbre. I medici dell\u2019Igiene e sanit\u00e0 pubblica della Nord Ovest, considerandolo come caso sospetto in quanto contatto diretto, lo avevano gi\u00e0 inserito in isolamento domiciliare fiduciario sotto sorveglianza attiva; sta bene ed \u00e8 costantemente monitorato.<\/p>\n<p>Un altro nuovo caso, sul territorio della Asl nord ovest, \u00e8 <strong>un uomo, di 60 anni, che vive a Capannori (Lucca),<\/strong> familiare di una persona ricoverata a Piacenza, risultata positiva al test del Coronavirus \u201cCovid-19\u201d. L\u2019uomo di Capannori, che ha subito avvertito l\u2019Asl di aver avuto contatti con una persona positiva, \u00e8 gi\u00e0 in quarantena. In particolare, l\u2019uomo presentava un leggero stato febbrile (ma non problemi respiratori particolari). Gli operatori dell\u2019Igiene e Sanit\u00e0 Pubblica della Asl territorialmente competente hanno effettuato, pertanto, nella giornata di ieri, il tampone, che ha dato esito positivo, in attesa di validazione da parte dell\u2019Istituto superiore di sanit\u00e0.<\/p>\n<p><strong>Un altro caso \u00e8 stato registrato a Poppi, nel Casentino, in provincia di Arezzo,<\/strong> territorio di competenza della Asl sud est: si tratta di un uomo di 64 anni, residente a Poppi, con contatti da Bologna, ricoverato nel reparto di malattie infettive dell\u2019ospedale \u201cSan Donato\u201d di Arezzo e il cui tampone \u00e8 risultato positivo. La moglie di quest\u2019ultimo, ricoverata con problemi respiratori, \u00e8 in attesa dell\u2019esito del tampone.<\/p>\n<p><strong>Un nuovo caso sospetto positivo al Coronavirus<\/strong> \u00e8 stato registrato nel territorio di competenza della Asl centro. Si tratta di <strong>una donna di 44 anni, che vive a Firenze, ricoverata a Prato<\/strong>, in isolamento, positiva al primo test, sfebbrata, oggi sar\u00e0 dimessa in isolamento domiciliare.<\/p>\n<p><strong>Un nuovo caso sospetto positivo al Coronavirus anche a Careggi:<\/strong> un settantenne con sintomi respiratori, arrivato ieri al Pronto Soccorso tramite un\u2019ambulanza del 118, \u00e8 risultato positivo al Covid-19.&nbsp;\u00c8 ricoverato nel reparto di malattie infettive in buone condizioni, non risultano contatti di particolare rilievo.<\/p>\n<p><span style=\"text-decoration: underline;\"><strong>Pazienti stabili e in via di guarigione<\/strong><\/span><br \/>Sono invece complessivamente stabili le condizioni di salute degli altri pazienti, seguiti a oggi dal sistema sanitario toscano:<strong> la donna di 42 anni, residente a Pergine Valdarno<\/strong>, frazione del Comune di Laterina, in provincia di Arezzo, in sorveglianza attiva domiciliare, collega della<strong> 32enne fiorentina, recatasi nei giorni scorsi a Milano,<\/strong> ricoverata nel reparto di malattie infettive dell\u2019ospedale di Ponte a Niccheri, \u201cclinicamente guarita\u201d, da questa sera in isolamento domiciliare;<strong> i due coniugi di Codogno,<\/strong> in sorveglianza attiva al proprio domicilio di Carrara;<strong> il settantunenne di Albiano<\/strong> Magra (Aulla, Lunigiana), messosi in autoisolamento domiciliare;<strong> l\u2019imprenditore fiorentino, di 63 anni,<\/strong> ricoverato a Firenze <strong>e il suo vicino di casa<\/strong>, ricoverato a Careggi in isolamento n el reparto di malattie infettive; <strong>l\u2019informatico di Pescia, di 49 anni,<\/strong> (il primo paziente &#8220;clinicamente guarito&#8221;) trattenuto a scopo precauzionale nel reparto di malattie infettive del San Jacopo di Pistoia;<strong> lo studente 26enne norvegese ricoverato a Ponte a Niccheri,<\/strong> &#8220;guarito&#8221;, verr\u00e0 dimesso oggi e rester\u00e0 a casa in isolamento domiciliare; <strong>il calciatore 23enne della Pianese<\/strong> (la squadra di Piancastagnaio) in isolamento domiciliare; <strong>l\u2019altro calciatore, ricoverato al Policlinico Le Scotte di Siena e il sessantenne, operatore della squadra<\/strong>, ricoverato nello stesso reparto e costantemente monitorato.<\/p>\n<p><span style=\"text-decoration: underline;\"><strong>18 tamponi in Toscana<\/strong><\/span><br \/>A oggi, marted\u00ec 3 marzo, in Toscana sono risultati positivi al test per il Coronavirus 18 tamponi. Di questi, <strong>5 hanno avuto la conferma di positivit\u00e0 da parte dell&#8217;Istituto superiore di sanit\u00e0, i rimanenti 13 sono ancora in attesa di conferma.&nbsp;<\/strong>Dal monitoraggio giornaliero risulta che in Toscana ci sono &#8211; a oggi marted\u00ec 3 marzo &#8211;<strong> 959 persone in isolamento domiciliare di cui 465 prese in carico attraverso i numeri dedicati,<\/strong> attivati da ciascuna Asl. Si tratta di 267 casi nella Asl centro (Firenze &#8211; Empoli &#8211; Prato &#8211; Pistoia), di 91 casi nella Asl nord ovest (Lucca &#8211; Massa Carrara &#8211; Pisa &#8211; Livorno) e di 107 casi in quella sud est (Arezzo &#8211; Siena &#8211; Grosseto).<\/p>\n<p><span style=\"text-decoration: underline;\"><strong>La crisi del turismo<\/strong><\/span><br \/>&#8220;<strong>Firenze oggi \u00e8 tra le citt\u00e0 italiane pi\u00f9 in ginocchio, abbiamo avuto l&#8217;80% di disdette a marzo<\/strong>. In citt\u00e0 sono un centinaio le strutture chiuse tra alberghiere e extra alberghiere&#8221;. Lo ha detto<strong> il sindaco di Firenze Dario Nardella,<\/strong> intervenendo alla trasmissione Agor\u00e0 su Rai 3, a proposito del Coronavirus. &#8220;<strong>La situazione economica &#8211; ha aggiunto &#8211; \u00e8 molto difficil<\/strong>e. Noi abbiamo una doppia sfida: quella della salute, che viene prima di tutto, e una sfida economica. A Firenze i musei sono gi\u00e0 aperti: abbiamo bisogno di dare un messaggio positivo, di speranza, per questo abbiamo deciso di aprire gratuitamente i musei civici. Abbiamo semplicemente lanciato una campagna per la cultura con musei gratuiti tra il 6 e l&#8217;8 marzo&#8221;. <strong>Nardella ha rivelato di aver parlato col virologo Roberto Burioni, che aveva criticato la scelta del primo cittadino di Firenze:<\/strong> &#8220;Ci siamo sentiti &#8211; ha ripreso il primo cittadino -. L&#8217;ho invitato a lavorare insieme, i cittadini non vogliono polemiche. <strong>L&#8217;Europa non solo pu\u00f2 ma deve intervenire in modo deciso perch\u00e9 nessuno \u00e8 immune da quello che sta succedendo&#8221;<\/strong>. Nardella ha precisato che &#8220;<strong>l&#8217;Italia ha fatto molti pi\u00f9 controlli degli altri Paesi europei, addirittura dieci volte di pi\u00f9 della Francia:<\/strong> in proporzione abbiamo pi\u00f9 contagi, ma non possiamo essere trattati come il Paese degli untori. Per questo \u00e8 necessario il coordinamento di tutti i Paesi europei. Ieri in Consiglio comunale a Firenze abbiamo votato un atto, dalla Lega al Pd, dove chiediamo che il Governo si attivi per ottenere la deroga al patto di stabilit\u00e0 europeo per il 2020, per l&#8217;Italia e gli altri Paesi colpiti. Non possiamo scindere questa crisi sanitaria dalla crisi economica, sono collegate&#8221;.<\/p>\n<p><strong>INFO UTILI<\/strong><br \/>Il numero verde istituito dalla Regione Toscana per fornire indicazioni sui percorsi e le iniziative sul tema del coronavirus \u00e8 il seguente:<strong>&nbsp;800 556060<\/strong>&nbsp;(attivo dal luned\u00ec al venerd\u00ec, dalle 9 alle 18).<br \/>Esiste poi il numero di pubblica utilit\u00e0:&nbsp;<strong>1500<\/strong>&nbsp;(attivo 24 ore su 24). Per dichiarare di essere stati in Cina, i numeri da chiamare (attivi dalle 8 alle 20, anche con operatore e interprete cinese) sono questi: Asl Toscana centro (Firenze, Prato, Pistoia, Empoli) 055 5454777; Asl Toscana nord ovest (Pisa, Livorno, Lucca, Massa Carrara, Viareggio) 050 954444; Asl Toscana sud est (Arezzo, Grosseto, Siena) 800 579579.<br \/>Per maggiori informazioni, consultare la pagina dedicata al coronavirus sul sito di Regione Toscana all&#8217;indirizzo:&nbsp;<a href=\"http:\/\/www.regione.toscana.it\/-\/coronavirus\"><strong>www.regione.toscana.it\/-\/coronavirus<\/strong><\/a><\/p>\n","protected":false},"excerpt":{"rendered":"<p>Ad oggi sono 18 i tamponi in Toscana, 5 confermati positivi, gli altri 13 in attesa di validazione, 959 le persone in isolamento preventivo domiciliare<\/p>\n","protected":false},"author":525,"featured_media":99931,"comment_status":"open","ping_status":"open","sticky":false,"template":"","format":"standard","meta":{"_acf_changed":false,"footnotes":""},"categories":[18],"tags":[],"class_list":["post-61868","post","type-post","status-publish","format-standard","has-post-thumbnail","hentry","category-salute"],"acf":[],"yoast_head":"<!-- This site is optimized with the Yoast SEO Premium plugin v24.2 (Yoast SEO v25.6) - https:\/\/yoast.com\/wordpress\/plugins\/seo\/ -->\n<title>Coronavirus, 5 nuovi casi sospetti positivi in Toscana - intoscana<\/title>\n<meta name=\"robots\" content=\"index, follow, max-snippet:-1, max-image-preview:large, max-video-preview:-1\" \/>\n<link rel=\"canonical\" href=\"https:\/\/www.intoscana.it\/it\/coronavirus-nuovi-casi\/\" \/>\n<meta property=\"og:locale\" content=\"it_IT\" \/>\n<meta property=\"og:type\" content=\"article\" \/>\n<meta property=\"og:title\" content=\"Coronavirus, 5 nuovi casi sospetti positivi in Toscana\" \/>\n<meta property=\"og:description\" content=\"Ad oggi sono 18 i tamponi in Toscana, 5 confermati positivi, gli altri 13 in attesa di validazione, 959 le persone in isolamento preventivo domiciliare\" \/>\n<meta property=\"og:url\" content=\"https:\/\/www.intoscana.it\/it\/coronavirus-nuovi-casi\/\" \/>\n<meta property=\"og:site_name\" content=\"intoscana\" \/>\n<meta property=\"article:publisher\" content=\"https:\/\/www.facebook.com\/intoscana.it\" \/>\n<meta property=\"article:published_time\" content=\"2020-03-03T14:14:03+00:00\" \/>\n<meta property=\"article:modified_time\" content=\"2020-05-19T13:50:11+00:00\" \/>\n<meta property=\"og:image\" content=\"https:\/\/www.intoscana.it\/wp-content\/uploads\/raffreddore.jpg\" \/>\n\t<meta property=\"og:image:width\" content=\"2000\" \/>\n\t<meta property=\"og:image:height\" content=\"1333\" \/>\n\t<meta property=\"og:image:type\" content=\"image\/jpeg\" \/>\n<meta name=\"author\" content=\"Redazione\" \/>\n<meta name=\"twitter:card\" content=\"summary_large_image\" \/>\n<meta name=\"twitter:creator\" content=\"@intoscana\" \/>\n<meta name=\"twitter:site\" content=\"@intoscana\" \/>\n<meta name=\"twitter:label1\" content=\"Written by\" \/>\n\t<meta name=\"twitter:data1\" content=\"Redazione\" \/>\n\t<meta name=\"twitter:label2\" content=\"Est. reading time\" \/>\n\t<meta name=\"twitter:data2\" content=\"5 minuti\" \/>\n<script type=\"application\/ld+json\" class=\"yoast-schema-graph\">{\"@context\":\"https:\/\/schema.org\",\"@graph\":[{\"@type\":\"WebPage\",\"@id\":\"https:\/\/www.intoscana.it\/it\/coronavirus-nuovi-casi\/\",\"url\":\"https:\/\/www.intoscana.it\/it\/coronavirus-nuovi-casi\/\",\"name\":\"Coronavirus, 5 nuovi casi sospetti positivi in Toscana - intoscana\",\"isPartOf\":{\"@id\":\"https:\/\/www.intoscana.it\/it\/#website\"},\"primaryImageOfPage\":{\"@id\":\"https:\/\/www.intoscana.it\/it\/coronavirus-nuovi-casi\/#primaryimage\"},\"image\":{\"@id\":\"https:\/\/www.intoscana.it\/it\/coronavirus-nuovi-casi\/#primaryimage\"},\"thumbnailUrl\":\"https:\/\/www.intoscana.it\/wp-content\/uploads\/raffreddore.jpg\",\"datePublished\":\"2020-03-03T14:14:03+00:00\",\"dateModified\":\"2020-05-19T13:50:11+00:00\",\"author\":{\"@id\":\"https:\/\/www.intoscana.it\/it\/#\/schema\/person\/9223810753230f20bd670fdd322661f8\"},\"breadcrumb\":{\"@id\":\"https:\/\/www.intoscana.it\/it\/coronavirus-nuovi-casi\/#breadcrumb\"},\"inLanguage\":\"it-IT\",\"potentialAction\":[{\"@type\":\"ReadAction\",\"target\":[\"https:\/\/www.intoscana.it\/it\/coronavirus-nuovi-casi\/\"]}]},{\"@type\":\"ImageObject\",\"inLanguage\":\"it-IT\",\"@id\":\"https:\/\/www.intoscana.it\/it\/coronavirus-nuovi-casi\/#primaryimage\",\"url\":\"https:\/\/www.intoscana.it\/wp-content\/uploads\/raffreddore.jpg\",\"contentUrl\":\"https:\/\/www.intoscana.it\/wp-content\/uploads\/raffreddore.jpg\",\"width\":2000,\"height\":1333,\"caption\":\"Coronavirus\"},{\"@type\":\"BreadcrumbList\",\"@id\":\"https:\/\/www.intoscana.it\/it\/coronavirus-nuovi-casi\/#breadcrumb\",\"itemListElement\":[{\"@type\":\"ListItem\",\"position\":1,\"name\":\"Home\",\"item\":\"https:\/\/www.intoscana.it\/it\/\"},{\"@type\":\"ListItem\",\"position\":2,\"name\":\"Coronavirus, 5 nuovi casi sospetti positivi in Toscana\"}]},{\"@type\":\"WebSite\",\"@id\":\"https:\/\/www.intoscana.it\/it\/#website\",\"url\":\"https:\/\/www.intoscana.it\/it\/\",\"name\":\"intoscana\",\"description\":\"\",\"potentialAction\":[{\"@type\":\"SearchAction\",\"target\":{\"@type\":\"EntryPoint\",\"urlTemplate\":\"https:\/\/www.intoscana.it\/it\/?s={search_term_string}\"},\"query-input\":{\"@type\":\"PropertyValueSpecification\",\"valueRequired\":true,\"valueName\":\"search_term_string\"}}],\"inLanguage\":\"it-IT\"},{\"@type\":\"Person\",\"@id\":\"https:\/\/www.intoscana.it\/it\/#\/schema\/person\/9223810753230f20bd670fdd322661f8\",\"name\":\"Redazione\",\"url\":\"https:\/\/www.intoscana.it\/it\/author\/redazione\/\"}]}<\/script>\n<!-- \/ Yoast SEO Premium plugin. -->","yoast_head_json":{"title":"Coronavirus, 5 nuovi casi sospetti positivi in Toscana - intoscana","robots":{"index":"index","follow":"follow","max-snippet":"max-snippet:-1","max-image-preview":"max-image-preview:large","max-video-preview":"max-video-preview:-1"},"canonical":"https:\/\/www.intoscana.it\/it\/coronavirus-nuovi-casi\/","og_locale":"it_IT","og_type":"article","og_title":"Coronavirus, 5 nuovi casi sospetti positivi in Toscana","og_description":"Ad oggi sono 18 i tamponi in Toscana, 5 confermati positivi, gli altri 13 in attesa di validazione, 959 le persone in isolamento preventivo domiciliare","og_url":"https:\/\/www.intoscana.it\/it\/coronavirus-nuovi-casi\/","og_site_name":"intoscana","article_publisher":"https:\/\/www.facebook.com\/intoscana.it","article_published_time":"2020-03-03T14:14:03+00:00","article_modified_time":"2020-05-19T13:50:11+00:00","og_image":[{"width":2000,"height":1333,"url":"https:\/\/www.intoscana.it\/wp-content\/uploads\/raffreddore.jpg","type":"image\/jpeg"}],"author":"Redazione","twitter_card":"summary_large_image","twitter_creator":"@intoscana","twitter_site":"@intoscana","twitter_misc":{"Written by":"Redazione","Est. reading time":"5 minuti"},"schema":{"@context":"https:\/\/schema.org","@graph":[{"@type":"WebPage","@id":"https:\/\/www.intoscana.it\/it\/coronavirus-nuovi-casi\/","url":"https:\/\/www.intoscana.it\/it\/coronavirus-nuovi-casi\/","name":"Coronavirus, 5 nuovi casi sospetti positivi in Toscana - intoscana","isPartOf":{"@id":"https:\/\/www.intoscana.it\/it\/#website"},"primaryImageOfPage":{"@id":"https:\/\/www.intoscana.it\/it\/coronavirus-nuovi-casi\/#primaryimage"},"image":{"@id":"https:\/\/www.intoscana.it\/it\/coronavirus-nuovi-casi\/#primaryimage"},"thumbnailUrl":"https:\/\/www.intoscana.it\/wp-content\/uploads\/raffreddore.jpg","datePublished":"2020-03-03T14:14:03+00:00","dateModified":"2020-05-19T13:50:11+00:00","author":{"@id":"https:\/\/www.intoscana.it\/it\/#\/schema\/person\/9223810753230f20bd670fdd322661f8"},"breadcrumb":{"@id":"https:\/\/www.intoscana.it\/it\/coronavirus-nuovi-casi\/#breadcrumb"},"inLanguage":"it-IT","potentialAction":[{"@type":"ReadAction","target":["https:\/\/www.intoscana.it\/it\/coronavirus-nuovi-casi\/"]}]},{"@type":"ImageObject","inLanguage":"it-IT","@id":"https:\/\/www.intoscana.it\/it\/coronavirus-nuovi-casi\/#primaryimage","url":"https:\/\/www.intoscana.it\/wp-content\/uploads\/raffreddore.jpg","contentUrl":"https:\/\/www.intoscana.it\/wp-content\/uploads\/raffreddore.jpg","width":2000,"height":1333,"caption":"Coronavirus"},{"@type":"BreadcrumbList","@id":"https:\/\/www.intoscana.it\/it\/coronavirus-nuovi-casi\/#breadcrumb","itemListElement":[{"@type":"ListItem","position":1,"name":"Home","item":"https:\/\/www.intoscana.it\/it\/"},{"@type":"ListItem","position":2,"name":"Coronavirus, 5 nuovi casi sospetti positivi in Toscana"}]},{"@type":"WebSite","@id":"https:\/\/www.intoscana.it\/it\/#website","url":"https:\/\/www.intoscana.it\/it\/","name":"intoscana","description":"","potentialAction":[{"@type":"SearchAction","target":{"@type":"EntryPoint","urlTemplate":"https:\/\/www.intoscana.it\/it\/?s={search_term_string}"},"query-input":{"@type":"PropertyValueSpecification","valueRequired":true,"valueName":"search_term_string"}}],"inLanguage":"it-IT"},{"@type":"Person","@id":"https:\/\/www.intoscana.it\/it\/#\/schema\/person\/9223810753230f20bd670fdd322661f8","name":"Redazione","url":"https:\/\/www.intoscana.it\/it\/author\/redazione\/"}]}},"_links":{"self":[{"href":"https:\/\/www.intoscana.it\/it\/wp-json\/wp\/v2\/posts\/61868","targetHints":{"allow":["GET"]}}],"collection":[{"href":"https:\/\/www.intoscana.it\/it\/wp-json\/wp\/v2\/posts"}],"about":[{"href":"https:\/\/www.intoscana.it\/it\/wp-json\/wp\/v2\/types\/post"}],"author":[{"embeddable":true,"href":"https:\/\/www.intoscana.it\/it\/wp-json\/wp\/v2\/users\/525"}],"replies":[{"embeddable":true,"href":"https:\/\/www.intoscana.it\/it\/wp-json\/wp\/v2\/comments?post=61868"}],"version-history":[{"count":0,"href":"https:\/\/www.intoscana.it\/it\/wp-json\/wp\/v2\/posts\/61868\/revisions"}],"wp:featuredmedia":[{"embeddable":true,"href":"https:\/\/www.intoscana.it\/it\/wp-json\/wp\/v2\/media\/99931"}],"wp:attachment":[{"href":"https:\/\/www.intoscana.it\/it\/wp-json\/wp\/v2\/media?parent=61868"}],"wp:term":[{"taxonomy":"category","embeddable":true,"href":"https:\/\/www.intoscana.it\/it\/wp-json\/wp\/v2\/categories?post=61868"},{"taxonomy":"post_tag","embeddable":true,"href":"https:\/\/www.intoscana.it\/it\/wp-json\/wp\/v2\/tags?post=61868"}],"curies":[{"name":"wp","href":"https:\/\/api.w.org\/{rel}","templated":true}]}}