{"id":61869,"date":"2020-03-03T09:48:32","date_gmt":"2020-03-03T09:48:32","guid":{"rendered":"http:\/\/www.intoscana.it\/coronavirus-primo-caso-a-prato-e-unitaliana-rientrata-da-milano\/"},"modified":"2020-05-19T15:50:11","modified_gmt":"2020-05-19T13:50:11","slug":"coronavirus-prato","status":"publish","type":"post","link":"https:\/\/www.intoscana.it\/it\/coronavirus-prato\/","title":{"rendered":"Coronavirus: primo caso a Prato, \u00e8 un&#8217;italiana rientrata da Milano"},"content":{"rendered":"<p><strong>Primo caso sospetto positivo di Coronavirus, in attesa della validazione dell&#8217;Iss, a Prato<\/strong>. Secondo quanto spiegato si tratta di <strong>una giovane donna italiana rientrata in Toscana dopo alcuni giorni trascorsi in Lombardia<\/strong>: sarebbe stata a Bergamo. <strong>La donna \u00e8 ricoverata nel reparto di malattie infettive dell&#8217;ospedale di Prato<\/strong>: le sue condizioni generali di salute sono definite buone. Con questo<strong> salgono a 14 i casi in Toscana<\/strong>, di cui cinque validati dall&#8217;Iss, gli altri in attesa.<\/p>\n<p><span style=\"text-decoration: underline;\"><strong>La crisi del turismo<\/strong><\/span><br \/>&#8220;<strong>Firenze oggi \u00e8 tra le citt\u00e0 italiane pi\u00f9 in ginocchio, abbiamo avuto l&#8217;80% di disdette a marzo<\/strong>. In citt\u00e0 <strong>sono un centinaio le strutture chiuse tra alberghiere e extra alberghiere&#8221;<\/strong>. Lo ha detto il sindaco di Firenze Dario Nardella, intervenendo alla trasmissione Agor\u00e0 su Rai 3, a proposito del Coronavirus. &#8220;<strong>La situazione economica &#8211; ha aggiunto &#8211; \u00e8 molto difficile.<\/strong> Noi abbiamo <strong>una doppia sfida: quella della salute, che viene prima di tutto, e una sfida economica.<\/strong> A Firenze i musei sono gi\u00e0 aperti: abbiamo bisogno di dare un messaggio positivo, di speranza, per questo abbiamo deciso di aprire gratuitamente i musei civici. Abbiamo semplicemente lanciato una campagna per la cultura con musei gratuiti tra il 6 e l&#8217;8 marzo&#8221;. <strong>Nardella ha rivelato di aver parlato col virologo Roberto Burioni, che aveva criticato la scelta del primo cittadino di Firenze:<\/strong> &#8220;Ci siamo sentiti &#8211; ha ripreso il primo cittadino -. L&#8217;ho invitato a lavorare insieme, i cittadini non vogliono polemiche.&nbsp;<strong>L&#8217;Europa non solo pu\u00f2 ma deve intervenire in modo deciso perch\u00e9 nessuno \u00e8 immune da quello <span style=\"text-decoration: underline;\">che<\/span> sta succedendo<\/strong>&#8220;. Nardella ha precisato che &#8220;l&#8217;Italia ha fatto molti pi\u00f9 controlli degli altri Paesi europei, addirittura dieci volte di pi\u00f9 della Francia: in proporzione abbiamo pi\u00f9 contagi, ma non possiamo essere trattati come il Paese degli untori. Per questo \u00e8 necessario il coordinamento di tutti i Paesi europei. Ieri in Consiglio comunale a Firenze abbiamo votato un atto, dalla Lega al Pd, dove chiediamo che il Governo si attivi per ottenere la deroga al patto di stabilit\u00e0 europeo per il 2020, per l&#8217;Italia e gli altri Paesi colpiti. Non possiamo scindere questa crisi sanitaria dalla crisi economica, sono collegate&#8221;.<\/p>\n<p><span style=\"text-decoration: underline;\"><strong>Tre pazienti clinicamente guariti e gli altri sono stabili<\/strong><\/span><br \/>Permangono stabili, e in alcuni casi in miglioramento, le situazioni degli altri pazienti, presi in carico dal sistema sanitario toscano in questi giorni: <strong>i due coniugi di Codogno,<\/strong> arrivati in auto a Carrara dove possiedono una seconda casa (in sorveglianza attiva al proprio domicilio); <strong>il settantenne di Albiano Magra<\/strong> (Aulla, Lunigiana),<strong> il musicista che si \u00e8 recato per un concerto a Codogno,<\/strong> messosi in autoisolamento domiciliare dove si trova tuttora. Ma anche <strong>l\u2019imprenditore fiorentino, di 63 ann<\/strong>i, ricoverato a Firenze (il primissimo caso di positivit\u00e0 in Toscana) e<strong> il suo vicino di casa, ricoverato a Careggi in isolamento<\/strong> nel reparto di malattie infettive. Stabili anche le condizioni del<strong> 44enne di Torre del Lago, rientrato con positivit\u00e0 da Vo\u2019<\/strong> (Veneto), in isolamento domiciliare senza pi\u00f9 febbre, del <strong>calciatore 23enne della Pianese<\/strong> (la squadra di Piancastagnaio) in isolamento domiciliare, dell\u2019altro calciatore, ricoverato al Policlinico Le Scotte di Siena e infine del sessantenne, operatore della squadra, ricoverato nello stesso reparto. <strong>L\u2019informatico di Pescia, di 49 anni, il primo paziente clinicamente guarito<\/strong>, \u00e8 ancora trattenuto a scopo precauzionale nel reparto di malattie infettive del San Jacopo di Pistoia, mentre anche lo studente 26enne norvegese ricoverato a Ponte a Niccheri \u00e8 stato dichiarato clinicamente guarito.<\/p>\n<p><span style=\"text-decoration: underline;\"><strong>944 persone in isolamento in Toscana<\/strong><\/span><br \/>Dal monitoraggio giornaliero risulta che in Toscana ci sono &#8211; a oggi, luned\u00ec 2 marzo &#8211; 944 persone in isolamento domiciliare di cui 480 prese in carico attraverso i numeri dedicati, attivati da ciascuna Asl. Si tratta di 251 casi nella Asl centro (Firenze &#8211; Empoli &#8211; Prato &#8211; Pistoia), di 104 casi nella Asl nord ovest (Lucca &#8211; Massa Carrara &#8211; Pisa &#8211; Livorno) e di 125 casi in quella sud est (Arezzo &#8211; Siena &#8211; Grosseto).<\/p>\n<p><span style=\"text-decoration: underline;\"><strong>Test e cure gratis per tutti gli stranieri in Toscana<\/strong><\/span><br \/>Test e cure gratuite in Toscana per tutti gli stranieri soggiornanti nel territorio regionale per motivi di studio, ricerca e insegnamento e turismo. Lo prevede un&#8217;ordinanza che sar\u00e0 firmata oggi dal presidente della Regione Enrico Rossi. Studenti, ricercatori e turisti stranieri avranno accesso ai percorsi di prevenzione e cura del Covid-19 previsti dalle ordinanze nazionali e regionali sinora emanate. Anche per loro, per essere sottoposti al tampone, varr\u00e0 la doppia condizioni di provenire da aree sottoposte a misura di quarantena o essere stati in relazione stretta e prolungata con un caso positivo, e avere evidenti sintomi influenzali e respiratori. &#8220;Per queste persone, 8.000 all&#8217;anno quelle presenti per ragioni di studio e ricerca e per gli oltre 40 milioni di turisti stranieri annuali &#8211; spiega Rossi &#8211; non esiste una definizione chiara di carattere nazionale delle modalit\u00e0 di presa in carico e della copertura sanitaria. \u00c8 una lacuna che con questo provvedimento proviamo a colmare&#8221;.<\/p>\n<p><span style=\"text-decoration: underline;\"><strong>5 letti in terapia intensiva per i malati dalla Lombardia<\/strong><\/span><br \/>La Toscana mette a disposizione della Lombardia cinque letti di terapia intensiva, per accogliere altrettanti pazienti lombardi colpiti dal Coronavirus. &#8220;Nonostante la situazione di difficolt\u00e0 &#8211; dicono il presidente Enrico Rossi e l&#8217;assessore al diritto alla salute Stefania Saccardi &#8211; abbiamo voluto rispondere alla richiesta del Ministero della salute, mettendo a disposizione della Lombardia cinque letti di terapia intensiva nei nostri ospedali. Ci sembrava un gesto di solidariet\u00e0 doveroso&#8221;. Negli ospedali della Toscana ci sono 445 letti di terapia intensiva e sub-intensiva.<\/p>\n<p><strong>INFO UTILI<\/strong><br \/>Il numero verde istituito dalla Regione Toscana per fornire indicazioni sui percorsi e le iniziative sul tema del coronavirus \u00e8 il seguente:<strong> 800 556060<\/strong> (attivo dal luned\u00ec al venerd\u00ec, dalle 9 alle 18).<br \/>Esiste poi il numero di pubblica utilit\u00e0: <strong>1500<\/strong> (attivo 24 ore su 24). Per dichiarare di essere stati in Cina, i numeri da chiamare (attivi dalle 8 alle 20, anche con operatore e interprete cinese) sono questi: Asl Toscana centro (Firenze, Prato, Pistoia, Empoli) 055 5454777; Asl Toscana nord ovest (Pisa, Livorno, Lucca, Massa Carrara, Viareggio) 050 954444; Asl Toscana sud est (Arezzo, Grosseto, Siena) 800 579579.<br \/>Per maggiori informazioni, consultare la pagina dedicata al coronavirus sul sito di Regione Toscana all&#8217;indirizzo: <a href=\"http:\/\/www.regione.toscana.it\/-\/coronavirus\"><span style=\"text-decoration: underline;\"><strong>www.regione.toscana.it\/-\/coronavirus<\/strong><\/span><\/a><\/p>\n<p>&nbsp;<\/p>\n<p>&nbsp;<\/p>\n","protected":false},"excerpt":{"rendered":"<p>Settore turistico fortemente in crisi, Nardella: &#8216;Firenze \u00e8 in ginocchio, un centinaio le strutture chiuse in citt\u00e0&#8217;<\/p>\n","protected":false},"author":525,"featured_media":99932,"comment_status":"open","ping_status":"open","sticky":false,"template":"","format":"standard","meta":{"_acf_changed":false,"footnotes":""},"categories":[18],"tags":[],"class_list":["post-61869","post","type-post","status-publish","format-standard","has-post-thumbnail","hentry","category-salute"],"acf":[],"yoast_head":"<!-- This site is optimized with the Yoast SEO Premium plugin v24.2 (Yoast SEO v25.6) - https:\/\/yoast.com\/wordpress\/plugins\/seo\/ -->\n<title>Coronavirus: primo caso a Prato, \u00e8 un&#039;italiana rientrata da Milano - intoscana<\/title>\n<meta name=\"robots\" content=\"index, follow, max-snippet:-1, max-image-preview:large, max-video-preview:-1\" \/>\n<link rel=\"canonical\" href=\"https:\/\/www.intoscana.it\/it\/coronavirus-prato\/\" \/>\n<meta property=\"og:locale\" content=\"it_IT\" \/>\n<meta property=\"og:type\" content=\"article\" \/>\n<meta property=\"og:title\" content=\"Coronavirus: primo caso a Prato, \u00e8 un&#039;italiana rientrata da Milano\" \/>\n<meta property=\"og:description\" content=\"Settore turistico fortemente in crisi, Nardella: &#039;Firenze \u00e8 in ginocchio, un centinaio le strutture chiuse in citt\u00e0&#039;\" \/>\n<meta property=\"og:url\" content=\"https:\/\/www.intoscana.it\/it\/coronavirus-prato\/\" \/>\n<meta property=\"og:site_name\" content=\"intoscana\" \/>\n<meta property=\"article:publisher\" content=\"https:\/\/www.facebook.com\/intoscana.it\" \/>\n<meta property=\"article:published_time\" content=\"2020-03-03T09:48:32+00:00\" \/>\n<meta property=\"article:modified_time\" content=\"2020-05-19T13:50:11+00:00\" \/>\n<meta property=\"og:image\" content=\"https:\/\/www.intoscana.it\/wp-content\/uploads\/coronavirus_ragazza.jpg\" \/>\n\t<meta property=\"og:image:width\" content=\"2000\" \/>\n\t<meta property=\"og:image:height\" content=\"1333\" \/>\n\t<meta property=\"og:image:type\" content=\"image\/jpeg\" \/>\n<meta name=\"author\" content=\"Redazione\" \/>\n<meta name=\"twitter:card\" content=\"summary_large_image\" \/>\n<meta name=\"twitter:creator\" content=\"@intoscana\" \/>\n<meta name=\"twitter:site\" content=\"@intoscana\" \/>\n<meta name=\"twitter:label1\" content=\"Written by\" \/>\n\t<meta name=\"twitter:data1\" content=\"Redazione\" \/>\n\t<meta name=\"twitter:label2\" content=\"Est. reading time\" \/>\n\t<meta name=\"twitter:data2\" content=\"5 minuti\" \/>\n<script type=\"application\/ld+json\" class=\"yoast-schema-graph\">{\"@context\":\"https:\/\/schema.org\",\"@graph\":[{\"@type\":\"WebPage\",\"@id\":\"https:\/\/www.intoscana.it\/it\/coronavirus-prato\/\",\"url\":\"https:\/\/www.intoscana.it\/it\/coronavirus-prato\/\",\"name\":\"Coronavirus: primo caso a Prato, \u00e8 un'italiana rientrata da Milano - intoscana\",\"isPartOf\":{\"@id\":\"https:\/\/www.intoscana.it\/it\/#website\"},\"primaryImageOfPage\":{\"@id\":\"https:\/\/www.intoscana.it\/it\/coronavirus-prato\/#primaryimage\"},\"image\":{\"@id\":\"https:\/\/www.intoscana.it\/it\/coronavirus-prato\/#primaryimage\"},\"thumbnailUrl\":\"https:\/\/www.intoscana.it\/wp-content\/uploads\/coronavirus_ragazza.jpg\",\"datePublished\":\"2020-03-03T09:48:32+00:00\",\"dateModified\":\"2020-05-19T13:50:11+00:00\",\"author\":{\"@id\":\"https:\/\/www.intoscana.it\/it\/#\/schema\/person\/9223810753230f20bd670fdd322661f8\"},\"breadcrumb\":{\"@id\":\"https:\/\/www.intoscana.it\/it\/coronavirus-prato\/#breadcrumb\"},\"inLanguage\":\"it-IT\",\"potentialAction\":[{\"@type\":\"ReadAction\",\"target\":[\"https:\/\/www.intoscana.it\/it\/coronavirus-prato\/\"]}]},{\"@type\":\"ImageObject\",\"inLanguage\":\"it-IT\",\"@id\":\"https:\/\/www.intoscana.it\/it\/coronavirus-prato\/#primaryimage\",\"url\":\"https:\/\/www.intoscana.it\/wp-content\/uploads\/coronavirus_ragazza.jpg\",\"contentUrl\":\"https:\/\/www.intoscana.it\/wp-content\/uploads\/coronavirus_ragazza.jpg\",\"width\":2000,\"height\":1333,\"caption\":\"Coronavirus: primo caso a Prato, \u00e8 una ragazza rientrata da MIlano\"},{\"@type\":\"BreadcrumbList\",\"@id\":\"https:\/\/www.intoscana.it\/it\/coronavirus-prato\/#breadcrumb\",\"itemListElement\":[{\"@type\":\"ListItem\",\"position\":1,\"name\":\"Home\",\"item\":\"https:\/\/www.intoscana.it\/it\/\"},{\"@type\":\"ListItem\",\"position\":2,\"name\":\"Coronavirus: primo caso a Prato, \u00e8 un&#8217;italiana rientrata da Milano\"}]},{\"@type\":\"WebSite\",\"@id\":\"https:\/\/www.intoscana.it\/it\/#website\",\"url\":\"https:\/\/www.intoscana.it\/it\/\",\"name\":\"intoscana\",\"description\":\"\",\"potentialAction\":[{\"@type\":\"SearchAction\",\"target\":{\"@type\":\"EntryPoint\",\"urlTemplate\":\"https:\/\/www.intoscana.it\/it\/?s={search_term_string}\"},\"query-input\":{\"@type\":\"PropertyValueSpecification\",\"valueRequired\":true,\"valueName\":\"search_term_string\"}}],\"inLanguage\":\"it-IT\"},{\"@type\":\"Person\",\"@id\":\"https:\/\/www.intoscana.it\/it\/#\/schema\/person\/9223810753230f20bd670fdd322661f8\",\"name\":\"Redazione\",\"url\":\"https:\/\/www.intoscana.it\/it\/author\/redazione\/\"}]}<\/script>\n<!-- \/ Yoast SEO Premium plugin. -->","yoast_head_json":{"title":"Coronavirus: primo caso a Prato, \u00e8 un'italiana rientrata da Milano - intoscana","robots":{"index":"index","follow":"follow","max-snippet":"max-snippet:-1","max-image-preview":"max-image-preview:large","max-video-preview":"max-video-preview:-1"},"canonical":"https:\/\/www.intoscana.it\/it\/coronavirus-prato\/","og_locale":"it_IT","og_type":"article","og_title":"Coronavirus: primo caso a Prato, \u00e8 un'italiana rientrata da Milano","og_description":"Settore turistico fortemente in crisi, Nardella: 'Firenze \u00e8 in ginocchio, un centinaio le strutture chiuse in citt\u00e0'","og_url":"https:\/\/www.intoscana.it\/it\/coronavirus-prato\/","og_site_name":"intoscana","article_publisher":"https:\/\/www.facebook.com\/intoscana.it","article_published_time":"2020-03-03T09:48:32+00:00","article_modified_time":"2020-05-19T13:50:11+00:00","og_image":[{"width":2000,"height":1333,"url":"https:\/\/www.intoscana.it\/wp-content\/uploads\/coronavirus_ragazza.jpg","type":"image\/jpeg"}],"author":"Redazione","twitter_card":"summary_large_image","twitter_creator":"@intoscana","twitter_site":"@intoscana","twitter_misc":{"Written by":"Redazione","Est. reading time":"5 minuti"},"schema":{"@context":"https:\/\/schema.org","@graph":[{"@type":"WebPage","@id":"https:\/\/www.intoscana.it\/it\/coronavirus-prato\/","url":"https:\/\/www.intoscana.it\/it\/coronavirus-prato\/","name":"Coronavirus: primo caso a Prato, \u00e8 un'italiana rientrata da Milano - intoscana","isPartOf":{"@id":"https:\/\/www.intoscana.it\/it\/#website"},"primaryImageOfPage":{"@id":"https:\/\/www.intoscana.it\/it\/coronavirus-prato\/#primaryimage"},"image":{"@id":"https:\/\/www.intoscana.it\/it\/coronavirus-prato\/#primaryimage"},"thumbnailUrl":"https:\/\/www.intoscana.it\/wp-content\/uploads\/coronavirus_ragazza.jpg","datePublished":"2020-03-03T09:48:32+00:00","dateModified":"2020-05-19T13:50:11+00:00","author":{"@id":"https:\/\/www.intoscana.it\/it\/#\/schema\/person\/9223810753230f20bd670fdd322661f8"},"breadcrumb":{"@id":"https:\/\/www.intoscana.it\/it\/coronavirus-prato\/#breadcrumb"},"inLanguage":"it-IT","potentialAction":[{"@type":"ReadAction","target":["https:\/\/www.intoscana.it\/it\/coronavirus-prato\/"]}]},{"@type":"ImageObject","inLanguage":"it-IT","@id":"https:\/\/www.intoscana.it\/it\/coronavirus-prato\/#primaryimage","url":"https:\/\/www.intoscana.it\/wp-content\/uploads\/coronavirus_ragazza.jpg","contentUrl":"https:\/\/www.intoscana.it\/wp-content\/uploads\/coronavirus_ragazza.jpg","width":2000,"height":1333,"caption":"Coronavirus: primo caso a Prato, \u00e8 una ragazza rientrata da MIlano"},{"@type":"BreadcrumbList","@id":"https:\/\/www.intoscana.it\/it\/coronavirus-prato\/#breadcrumb","itemListElement":[{"@type":"ListItem","position":1,"name":"Home","item":"https:\/\/www.intoscana.it\/it\/"},{"@type":"ListItem","position":2,"name":"Coronavirus: primo caso a Prato, \u00e8 un&#8217;italiana rientrata da Milano"}]},{"@type":"WebSite","@id":"https:\/\/www.intoscana.it\/it\/#website","url":"https:\/\/www.intoscana.it\/it\/","name":"intoscana","description":"","potentialAction":[{"@type":"SearchAction","target":{"@type":"EntryPoint","urlTemplate":"https:\/\/www.intoscana.it\/it\/?s={search_term_string}"},"query-input":{"@type":"PropertyValueSpecification","valueRequired":true,"valueName":"search_term_string"}}],"inLanguage":"it-IT"},{"@type":"Person","@id":"https:\/\/www.intoscana.it\/it\/#\/schema\/person\/9223810753230f20bd670fdd322661f8","name":"Redazione","url":"https:\/\/www.intoscana.it\/it\/author\/redazione\/"}]}},"_links":{"self":[{"href":"https:\/\/www.intoscana.it\/it\/wp-json\/wp\/v2\/posts\/61869","targetHints":{"allow":["GET"]}}],"collection":[{"href":"https:\/\/www.intoscana.it\/it\/wp-json\/wp\/v2\/posts"}],"about":[{"href":"https:\/\/www.intoscana.it\/it\/wp-json\/wp\/v2\/types\/post"}],"author":[{"embeddable":true,"href":"https:\/\/www.intoscana.it\/it\/wp-json\/wp\/v2\/users\/525"}],"replies":[{"embeddable":true,"href":"https:\/\/www.intoscana.it\/it\/wp-json\/wp\/v2\/comments?post=61869"}],"version-history":[{"count":0,"href":"https:\/\/www.intoscana.it\/it\/wp-json\/wp\/v2\/posts\/61869\/revisions"}],"wp:featuredmedia":[{"embeddable":true,"href":"https:\/\/www.intoscana.it\/it\/wp-json\/wp\/v2\/media\/99932"}],"wp:attachment":[{"href":"https:\/\/www.intoscana.it\/it\/wp-json\/wp\/v2\/media?parent=61869"}],"wp:term":[{"taxonomy":"category","embeddable":true,"href":"https:\/\/www.intoscana.it\/it\/wp-json\/wp\/v2\/categories?post=61869"},{"taxonomy":"post_tag","embeddable":true,"href":"https:\/\/www.intoscana.it\/it\/wp-json\/wp\/v2\/tags?post=61869"}],"curies":[{"name":"wp","href":"https:\/\/api.w.org\/{rel}","templated":true}]}}