{"id":61873,"date":"2020-03-05T10:30:00","date_gmt":"2020-03-05T10:30:00","guid":{"rendered":"http:\/\/www.intoscana.it\/dialisi-in-vacanza-la-regione-finanzia-il-progetto-anche-nel-2020\/"},"modified":"2020-05-19T15:50:12","modified_gmt":"2020-05-19T13:50:12","slug":"dialisi-vacanza-2020","status":"publish","type":"post","link":"https:\/\/www.intoscana.it\/it\/dialisi-vacanza-2020\/","title":{"rendered":"Dialisi in vacanza, la Regione finanzia il progetto anche nel 2020"},"content":{"rendered":"<p>Anche per l&#8217;estate 2020, come ormai fa da oltre 20 anni,<strong> la Regione finanzia il progetto &#8220;Dialisi vacanza&#8221;,<\/strong> che consente ai <strong>pazienti nefropatici cronici che vivono in Toscana, nelle altre regioni e anche all&#8217;estero,<\/strong> di andare tranquillamente in vacanza, con<strong> la sicurezza di trovare il servizio di dialisi nelle localit\u00e0 di villeggiatura toscane<\/strong>. Una delibera approvata dalla giunta nel corso della sua ultima seduta conferma anche per il 2020 il finanziamento complessivo di <strong>160.000 euro alle aziende sanitarie<\/strong>, che dovranno presentare i progetti mirati a garantire l&#8217;assistenza sanitaria &#8220;straordinaria&#8221; ai pazienti in dialisi.<\/p>\n<p><strong>&#8220;Dialisi vacanza un progetto che la Regione Toscana porta avanti dal 1998<\/strong> &#8211; dice l<strong>&#8216;assessore al diritto alla salute Stefania Saccardi<\/strong> &#8211; Visti i risultati positivi delle precedenti esperienze, e dato anche il <strong>costante aumento del numero di cittadini dializzati cronici<\/strong>, vogliamo continuare a garantire il finanziamento che ogni anno la Regione destina a questo progetto. Le cure si evolvono, ma per i pazienti che devono fare dialisi ci sono comunque oggettive difficolt\u00e0 nel trovare centri dialisi vicino ai luoghi di villeggiatura.<strong>&nbsp;\u00c8 giusto che a tutti siano garantiti gli stessi servizi, e che chi \u00e8 in dialisi possa scegliere quando e dove andare in vacanza<\/strong>, con la certezza di poter dare continuit\u00e0 alle sedute&#8221;.<\/p>\n<p><strong>Le persone affette da insufficienza renale cronica sono il 3-4% della popolazione.<\/strong> Di questa percentuale, i pazienti che effettuano la dialisi sono circa il 13%.<strong> I cittadini in dialisi sono circa il 7 per 1.000 della popolazione,<\/strong> e ogni anno i nuovi casi che entrano in dialisi sono circa l&#8217;1,3 per 1.000, e risultano in costante aumento.<\/p>\n<p><strong>Ogni anno usufruiscono del servizio &#8220;Dialisi vacanze&#8221; circa 600\/700 persone,<\/strong> ma il numero \u00e8 in costante crescita; le prestazioni riguardano anche <strong>cittadini americani, russi, tedeschi, olandesi, svizzeri.<\/strong> Il servizio coinvolge soprattutto le aziende sanitarie della costa: <strong>Viareggio, Livorno, Massa Carrara<\/strong> (Azienda sanitaria Toscana nord ovest) e Grosseto (Azienda sanitaria Toscana sud est). <strong>Nel 2019 sono state erogati 5.088 trattamenti a 732 persone, per un totale di assegnazione di fondo indistint o di 131.000 euro.<\/strong><\/p>\n<p><strong>La Toscana ha avuto sempre una sensibilit\u00e0 particolare nei confronti delle esigenze dei soggetti pi\u00f9 fragili<\/strong>, che altrimenti non troverebbero risposte in altre realt\u00e0 italiane. Fin dal 1998 ha incentivato le aziende sanitarie a organizzare progetti mirati a garantire l&#8217;attivit\u00e0 di dialisi ai cittadini toscani, italiani e ai turisti stranieri nei luoghi di villeggiatura della nostra regione, come pure fuori regione e all&#8217;estero.<\/p>\n<p><\/p>\n","protected":false},"excerpt":{"rendered":"<p>Sar\u00e0 possibile andare tranquillamente in vacanza in Toscana con la sicurezza di trovare il servizio di dialisi nelle localit\u00e0 di villeggiatura<\/p>\n","protected":false},"author":525,"featured_media":99936,"comment_status":"open","ping_status":"open","sticky":false,"template":"","format":"standard","meta":{"_acf_changed":false,"footnotes":""},"categories":[18],"tags":[],"class_list":["post-61873","post","type-post","status-publish","format-standard","has-post-thumbnail","hentry","category-salute"],"acf":[],"yoast_head":"<!-- This site is optimized with the Yoast SEO Premium plugin v24.2 (Yoast SEO v25.6) - https:\/\/yoast.com\/wordpress\/plugins\/seo\/ -->\n<title>Dialisi in vacanza, la Regione finanzia il progetto anche nel 2020 - intoscana<\/title>\n<meta name=\"robots\" content=\"index, follow, max-snippet:-1, max-image-preview:large, max-video-preview:-1\" \/>\n<link rel=\"canonical\" href=\"https:\/\/www.intoscana.it\/it\/dialisi-vacanza-2020\/\" \/>\n<meta property=\"og:locale\" content=\"it_IT\" \/>\n<meta property=\"og:type\" content=\"article\" \/>\n<meta property=\"og:title\" content=\"Dialisi in vacanza, la Regione finanzia il progetto anche nel 2020\" \/>\n<meta property=\"og:description\" content=\"Sar\u00e0 possibile andare tranquillamente in vacanza in Toscana con la sicurezza di trovare il servizio di dialisi nelle localit\u00e0 di villeggiatura\" \/>\n<meta property=\"og:url\" content=\"https:\/\/www.intoscana.it\/it\/dialisi-vacanza-2020\/\" \/>\n<meta property=\"og:site_name\" content=\"intoscana\" \/>\n<meta property=\"article:publisher\" content=\"https:\/\/www.facebook.com\/intoscana.it\" \/>\n<meta property=\"article:published_time\" content=\"2020-03-05T10:30:00+00:00\" \/>\n<meta property=\"article:modified_time\" content=\"2020-05-19T13:50:12+00:00\" \/>\n<meta property=\"og:image\" content=\"https:\/\/www.intoscana.it\/wp-content\/uploads\/nuova-dialisi-careggi-2-2.jpg\" \/>\n\t<meta property=\"og:image:width\" content=\"768\" \/>\n\t<meta property=\"og:image:height\" content=\"513\" \/>\n\t<meta property=\"og:image:type\" content=\"image\/jpeg\" \/>\n<meta name=\"author\" content=\"Redazione\" \/>\n<meta name=\"twitter:card\" content=\"summary_large_image\" \/>\n<meta name=\"twitter:creator\" content=\"@intoscana\" \/>\n<meta name=\"twitter:site\" content=\"@intoscana\" \/>\n<meta name=\"twitter:label1\" content=\"Written by\" \/>\n\t<meta name=\"twitter:data1\" content=\"Redazione\" \/>\n\t<meta name=\"twitter:label2\" content=\"Est. reading time\" \/>\n\t<meta name=\"twitter:data2\" content=\"2 minuti\" \/>\n<script type=\"application\/ld+json\" class=\"yoast-schema-graph\">{\"@context\":\"https:\/\/schema.org\",\"@graph\":[{\"@type\":\"WebPage\",\"@id\":\"https:\/\/www.intoscana.it\/it\/dialisi-vacanza-2020\/\",\"url\":\"https:\/\/www.intoscana.it\/it\/dialisi-vacanza-2020\/\",\"name\":\"Dialisi in vacanza, la Regione finanzia il progetto anche nel 2020 - intoscana\",\"isPartOf\":{\"@id\":\"https:\/\/www.intoscana.it\/it\/#website\"},\"primaryImageOfPage\":{\"@id\":\"https:\/\/www.intoscana.it\/it\/dialisi-vacanza-2020\/#primaryimage\"},\"image\":{\"@id\":\"https:\/\/www.intoscana.it\/it\/dialisi-vacanza-2020\/#primaryimage\"},\"thumbnailUrl\":\"https:\/\/www.intoscana.it\/wp-content\/uploads\/nuova-dialisi-careggi-2-2.jpg\",\"datePublished\":\"2020-03-05T10:30:00+00:00\",\"dateModified\":\"2020-05-19T13:50:12+00:00\",\"author\":{\"@id\":\"https:\/\/www.intoscana.it\/it\/#\/schema\/person\/9223810753230f20bd670fdd322661f8\"},\"breadcrumb\":{\"@id\":\"https:\/\/www.intoscana.it\/it\/dialisi-vacanza-2020\/#breadcrumb\"},\"inLanguage\":\"it-IT\",\"potentialAction\":[{\"@type\":\"ReadAction\",\"target\":[\"https:\/\/www.intoscana.it\/it\/dialisi-vacanza-2020\/\"]}]},{\"@type\":\"ImageObject\",\"inLanguage\":\"it-IT\",\"@id\":\"https:\/\/www.intoscana.it\/it\/dialisi-vacanza-2020\/#primaryimage\",\"url\":\"https:\/\/www.intoscana.it\/wp-content\/uploads\/nuova-dialisi-careggi-2-2.jpg\",\"contentUrl\":\"https:\/\/www.intoscana.it\/wp-content\/uploads\/nuova-dialisi-careggi-2-2.jpg\",\"width\":768,\"height\":513,\"caption\":\"Dialisi in vacanza, la Regione finanzia il progetto anche per il 2020\"},{\"@type\":\"BreadcrumbList\",\"@id\":\"https:\/\/www.intoscana.it\/it\/dialisi-vacanza-2020\/#breadcrumb\",\"itemListElement\":[{\"@type\":\"ListItem\",\"position\":1,\"name\":\"Home\",\"item\":\"https:\/\/www.intoscana.it\/it\/\"},{\"@type\":\"ListItem\",\"position\":2,\"name\":\"Dialisi in vacanza, la Regione finanzia il progetto anche nel 2020\"}]},{\"@type\":\"WebSite\",\"@id\":\"https:\/\/www.intoscana.it\/it\/#website\",\"url\":\"https:\/\/www.intoscana.it\/it\/\",\"name\":\"intoscana\",\"description\":\"\",\"potentialAction\":[{\"@type\":\"SearchAction\",\"target\":{\"@type\":\"EntryPoint\",\"urlTemplate\":\"https:\/\/www.intoscana.it\/it\/?s={search_term_string}\"},\"query-input\":{\"@type\":\"PropertyValueSpecification\",\"valueRequired\":true,\"valueName\":\"search_term_string\"}}],\"inLanguage\":\"it-IT\"},{\"@type\":\"Person\",\"@id\":\"https:\/\/www.intoscana.it\/it\/#\/schema\/person\/9223810753230f20bd670fdd322661f8\",\"name\":\"Redazione\",\"url\":\"https:\/\/www.intoscana.it\/it\/author\/redazione\/\"}]}<\/script>\n<!-- \/ Yoast SEO Premium plugin. -->","yoast_head_json":{"title":"Dialisi in vacanza, la Regione finanzia il progetto anche nel 2020 - intoscana","robots":{"index":"index","follow":"follow","max-snippet":"max-snippet:-1","max-image-preview":"max-image-preview:large","max-video-preview":"max-video-preview:-1"},"canonical":"https:\/\/www.intoscana.it\/it\/dialisi-vacanza-2020\/","og_locale":"it_IT","og_type":"article","og_title":"Dialisi in vacanza, la Regione finanzia il progetto anche nel 2020","og_description":"Sar\u00e0 possibile andare tranquillamente in vacanza in Toscana con la sicurezza di trovare il servizio di dialisi nelle localit\u00e0 di villeggiatura","og_url":"https:\/\/www.intoscana.it\/it\/dialisi-vacanza-2020\/","og_site_name":"intoscana","article_publisher":"https:\/\/www.facebook.com\/intoscana.it","article_published_time":"2020-03-05T10:30:00+00:00","article_modified_time":"2020-05-19T13:50:12+00:00","og_image":[{"width":768,"height":513,"url":"https:\/\/www.intoscana.it\/wp-content\/uploads\/nuova-dialisi-careggi-2-2.jpg","type":"image\/jpeg"}],"author":"Redazione","twitter_card":"summary_large_image","twitter_creator":"@intoscana","twitter_site":"@intoscana","twitter_misc":{"Written by":"Redazione","Est. reading time":"2 minuti"},"schema":{"@context":"https:\/\/schema.org","@graph":[{"@type":"WebPage","@id":"https:\/\/www.intoscana.it\/it\/dialisi-vacanza-2020\/","url":"https:\/\/www.intoscana.it\/it\/dialisi-vacanza-2020\/","name":"Dialisi in vacanza, la Regione finanzia il progetto anche nel 2020 - intoscana","isPartOf":{"@id":"https:\/\/www.intoscana.it\/it\/#website"},"primaryImageOfPage":{"@id":"https:\/\/www.intoscana.it\/it\/dialisi-vacanza-2020\/#primaryimage"},"image":{"@id":"https:\/\/www.intoscana.it\/it\/dialisi-vacanza-2020\/#primaryimage"},"thumbnailUrl":"https:\/\/www.intoscana.it\/wp-content\/uploads\/nuova-dialisi-careggi-2-2.jpg","datePublished":"2020-03-05T10:30:00+00:00","dateModified":"2020-05-19T13:50:12+00:00","author":{"@id":"https:\/\/www.intoscana.it\/it\/#\/schema\/person\/9223810753230f20bd670fdd322661f8"},"breadcrumb":{"@id":"https:\/\/www.intoscana.it\/it\/dialisi-vacanza-2020\/#breadcrumb"},"inLanguage":"it-IT","potentialAction":[{"@type":"ReadAction","target":["https:\/\/www.intoscana.it\/it\/dialisi-vacanza-2020\/"]}]},{"@type":"ImageObject","inLanguage":"it-IT","@id":"https:\/\/www.intoscana.it\/it\/dialisi-vacanza-2020\/#primaryimage","url":"https:\/\/www.intoscana.it\/wp-content\/uploads\/nuova-dialisi-careggi-2-2.jpg","contentUrl":"https:\/\/www.intoscana.it\/wp-content\/uploads\/nuova-dialisi-careggi-2-2.jpg","width":768,"height":513,"caption":"Dialisi in vacanza, la Regione finanzia il progetto anche per il 2020"},{"@type":"BreadcrumbList","@id":"https:\/\/www.intoscana.it\/it\/dialisi-vacanza-2020\/#breadcrumb","itemListElement":[{"@type":"ListItem","position":1,"name":"Home","item":"https:\/\/www.intoscana.it\/it\/"},{"@type":"ListItem","position":2,"name":"Dialisi in vacanza, la Regione finanzia il progetto anche nel 2020"}]},{"@type":"WebSite","@id":"https:\/\/www.intoscana.it\/it\/#website","url":"https:\/\/www.intoscana.it\/it\/","name":"intoscana","description":"","potentialAction":[{"@type":"SearchAction","target":{"@type":"EntryPoint","urlTemplate":"https:\/\/www.intoscana.it\/it\/?s={search_term_string}"},"query-input":{"@type":"PropertyValueSpecification","valueRequired":true,"valueName":"search_term_string"}}],"inLanguage":"it-IT"},{"@type":"Person","@id":"https:\/\/www.intoscana.it\/it\/#\/schema\/person\/9223810753230f20bd670fdd322661f8","name":"Redazione","url":"https:\/\/www.intoscana.it\/it\/author\/redazione\/"}]}},"_links":{"self":[{"href":"https:\/\/www.intoscana.it\/it\/wp-json\/wp\/v2\/posts\/61873","targetHints":{"allow":["GET"]}}],"collection":[{"href":"https:\/\/www.intoscana.it\/it\/wp-json\/wp\/v2\/posts"}],"about":[{"href":"https:\/\/www.intoscana.it\/it\/wp-json\/wp\/v2\/types\/post"}],"author":[{"embeddable":true,"href":"https:\/\/www.intoscana.it\/it\/wp-json\/wp\/v2\/users\/525"}],"replies":[{"embeddable":true,"href":"https:\/\/www.intoscana.it\/it\/wp-json\/wp\/v2\/comments?post=61873"}],"version-history":[{"count":0,"href":"https:\/\/www.intoscana.it\/it\/wp-json\/wp\/v2\/posts\/61873\/revisions"}],"wp:featuredmedia":[{"embeddable":true,"href":"https:\/\/www.intoscana.it\/it\/wp-json\/wp\/v2\/media\/99936"}],"wp:attachment":[{"href":"https:\/\/www.intoscana.it\/it\/wp-json\/wp\/v2\/media?parent=61873"}],"wp:term":[{"taxonomy":"category","embeddable":true,"href":"https:\/\/www.intoscana.it\/it\/wp-json\/wp\/v2\/categories?post=61873"},{"taxonomy":"post_tag","embeddable":true,"href":"https:\/\/www.intoscana.it\/it\/wp-json\/wp\/v2\/tags?post=61873"}],"curies":[{"name":"wp","href":"https:\/\/api.w.org\/{rel}","templated":true}]}}