{"id":61879,"date":"2020-03-18T11:11:36","date_gmt":"2020-03-18T11:11:36","guid":{"rendered":"http:\/\/www.intoscana.it\/sos-psicologico-un-aiuto-gratuito-per-tutto-il-personale-sanitario\/"},"modified":"2020-05-19T15:50:16","modified_gmt":"2020-05-19T13:50:16","slug":"assistenza-psicologia-personale-sanitario","status":"publish","type":"post","link":"https:\/\/www.intoscana.it\/it\/assistenza-psicologia-personale-sanitario\/","title":{"rendered":"Sos psicologico: un aiuto gratuito per tutto il personale sanitario"},"content":{"rendered":"<p><strong>In questo momento complicato da vivere per tutti, c\u2019\u00e8 qualcuno che lotta in prima linea contro il Coronavirus: sono i medici, gli infermieri e tutto il personale sanitario<\/strong>, che armati di mascherine e tute lavorano su turni spossanti, resi ancora pi\u00f9 faticosi dai protocolli di vestizione indispensabili per tutelare la loro salute, e vedono in prima persona gli effetti della pandemia. <strong>Pensando a loro la <a href=\"https:\/\/www.facebook.com\/giuliacavallinipsicoterapeuta\/\" target=\"_blank\" rel=\"noopener noreferrer\">psicoterapeuta fiorentina Giulia Cavallini<\/a> ha deciso di lanciare un servizio di assistenza psicologica gratuita:<\/strong> tutto il personale che lavora in ospedale pu\u00f2 contattarla telefonicamente per una seduta psicologica a distanza, anche breve, con cui sfogare le proprie ansie e paure.<\/p>\n<p><strong><em>Dottoressa Cavallini, come \u00e8 nata questa idea?<\/em><\/strong><br \/>Come psicoterapeuta avrei voluto offrire le mie competenze per quella che si chiama la psicologia dell\u2019emergenza, cio\u00e8 offrire sostegno psicologico a chi sta vivendo un <strong>momento di grande difficolt\u00e0, stress e burnout,<\/strong> solo che vista l\u2019elevata contagiosit\u00e0 del coronavirus non \u00e8 previsto un servizio di questo tipo per i medici o il personale sanitario. Allora parlando con i colleghi mi sono chiesta se la modalit\u00e0 che noi adesso stiamo adottando per i nostri pazienti fosse un buon modo per stare vicino anche a chi si sta impegnando in ospedale per tutti noi, sostenendo orari impossibili di lavoro. Quindi a loro propongo una <strong>terapia a distanza, utilizzando la chat video di WhatsApp o Skype, in modo da poter mantenere almeno il contatto oculare.<\/strong><\/p>\n<p><em><strong>Come funziona il servizio che offre?<br \/><\/strong><\/em>Per il personale sanitario \u00e8 gratuito perch\u00e9 trovo giusto dare il mio contributo, a chi mi chiama chiedendo aiuto offro diverse disponibilit\u00e0 e poi trovo con la persona un orario a cui sentirci, pu\u00f2 essere anche mentre sta tornando a casa e <strong>non dev\u2019essere per forza un\u2019ora di terapia ma anche solo dieci minuti di ascolto, di sostegno, si chiama \u201cmaternage\u201d<\/strong> ed \u00e8 un momento di accoglienza dove la persona non si sente giudicata e pu\u00f2 sfogare i pensieri pi\u00f9 negativi che nel lavoro deve per forza mettere da parte.<\/p>\n<p><em><strong>Quali sono le problematiche psicologiche che affronta chi \u00e8 in prima linea adesso negli ospedali?<br \/><\/strong><\/em>Possono essere pensieri di <strong>frustrazione, di affaticamento, pensieri negativi che poi queste persone si portano a casa<\/strong>, anche perch\u00e9 come mi spiegava un\u2019infermiera loro seguono protocolli molto rigidi, sono all\u2019interno di una macchina molto veloce, quindi sul momento non hanno il tempo di stare in ascolto di loro stessi. L\u2019accoglienza si concentra sulle loro debolezze, sui loro momenti di esaurimento e sui nervosismi che poi portano in famiglia, dove magari non hanno modo di sbollire perch\u00e9 ci sono i bambini che comunque richiedono tempo e attenzione.<\/p>\n<p><em><strong>Si pu\u00f2 dire che tutti quanti stiamo vivendo un trauma collettivo?<br \/><\/strong><\/em>Non parlerei di trauma ma di scossone emotivo, \u00e8 come se ci fossimo un po\u2019 tutti fermati e in questo fermarsi c\u2019\u00e8 ovviamente la paura e molto timore per come potr\u00e0 essere il nostro futuro e i prossimi mesi ma al tempo stesso c\u2019\u00e8 anche una certa consapevolezza che dobbiamo farci delle domande su come stiamo vivendo,<strong> questo \u00e8 un tempo di riflessione e attesa, fatto di speranze e anche di preoccupazioni.<\/strong> Una scossa esistenziale con cui tutti facciamo i conti.<\/p>\n","protected":false},"excerpt":{"rendered":"<p>La psicoterapeuta fiorentina Giulia Cavallini lancia un servizio di sostegno psicologico a distanza per medici, infermieri e tutti quelli che lavorano negli ospedali combattendo in prima linea il Coronavirus<\/p>\n","protected":false},"author":502,"featured_media":99942,"comment_status":"open","ping_status":"open","sticky":false,"template":"","format":"standard","meta":{"_acf_changed":false,"footnotes":""},"categories":[18],"tags":[418],"class_list":["post-61879","post","type-post","status-publish","format-standard","has-post-thumbnail","hentry","category-salute","tag-covid-19"],"acf":[],"yoast_head":"<!-- This site is optimized with the Yoast SEO Premium plugin v24.2 (Yoast SEO v25.6) - https:\/\/yoast.com\/wordpress\/plugins\/seo\/ -->\n<title>Sos psicologico: un aiuto gratuito per tutto il personale sanitario - intoscana<\/title>\n<meta name=\"robots\" content=\"index, follow, max-snippet:-1, max-image-preview:large, max-video-preview:-1\" \/>\n<link rel=\"canonical\" href=\"https:\/\/www.intoscana.it\/it\/assistenza-psicologia-personale-sanitario\/\" \/>\n<meta property=\"og:locale\" content=\"it_IT\" \/>\n<meta property=\"og:type\" content=\"article\" \/>\n<meta property=\"og:title\" content=\"Sos psicologico: un aiuto gratuito per tutto il personale sanitario\" \/>\n<meta property=\"og:description\" content=\"La psicoterapeuta fiorentina Giulia Cavallini lancia un servizio di sostegno psicologico a distanza per medici, infermieri e tutti quelli che lavorano negli ospedali combattendo in prima linea il Coronavirus\" \/>\n<meta property=\"og:url\" content=\"https:\/\/www.intoscana.it\/it\/assistenza-psicologia-personale-sanitario\/\" \/>\n<meta property=\"og:site_name\" content=\"intoscana\" \/>\n<meta property=\"article:publisher\" content=\"https:\/\/www.facebook.com\/intoscana.it\" \/>\n<meta property=\"article:published_time\" content=\"2020-03-18T11:11:36+00:00\" \/>\n<meta property=\"article:modified_time\" content=\"2020-05-19T13:50:16+00:00\" \/>\n<meta property=\"og:image\" content=\"https:\/\/www.intoscana.it\/wp-content\/uploads\/shutterstock_689390650.jpg\" \/>\n\t<meta property=\"og:image:width\" content=\"2000\" \/>\n\t<meta property=\"og:image:height\" content=\"1334\" \/>\n\t<meta property=\"og:image:type\" content=\"image\/jpeg\" \/>\n<meta name=\"author\" content=\"Ilaria Giannini\" \/>\n<meta name=\"twitter:card\" content=\"summary_large_image\" \/>\n<meta name=\"twitter:creator\" content=\"@i.giannini@fst.it\" \/>\n<meta name=\"twitter:site\" content=\"@intoscana\" \/>\n<meta name=\"twitter:label1\" content=\"Written by\" \/>\n\t<meta name=\"twitter:data1\" content=\"Ilaria Giannini\" \/>\n\t<meta name=\"twitter:label2\" content=\"Est. reading time\" \/>\n\t<meta name=\"twitter:data2\" content=\"3 minuti\" \/>\n<script type=\"application\/ld+json\" class=\"yoast-schema-graph\">{\"@context\":\"https:\/\/schema.org\",\"@graph\":[{\"@type\":\"WebPage\",\"@id\":\"https:\/\/www.intoscana.it\/it\/assistenza-psicologia-personale-sanitario\/\",\"url\":\"https:\/\/www.intoscana.it\/it\/assistenza-psicologia-personale-sanitario\/\",\"name\":\"Sos psicologico: un aiuto gratuito per tutto il personale sanitario - intoscana\",\"isPartOf\":{\"@id\":\"https:\/\/www.intoscana.it\/it\/#website\"},\"primaryImageOfPage\":{\"@id\":\"https:\/\/www.intoscana.it\/it\/assistenza-psicologia-personale-sanitario\/#primaryimage\"},\"image\":{\"@id\":\"https:\/\/www.intoscana.it\/it\/assistenza-psicologia-personale-sanitario\/#primaryimage\"},\"thumbnailUrl\":\"https:\/\/www.intoscana.it\/wp-content\/uploads\/shutterstock_689390650.jpg\",\"datePublished\":\"2020-03-18T11:11:36+00:00\",\"dateModified\":\"2020-05-19T13:50:16+00:00\",\"author\":{\"@id\":\"https:\/\/www.intoscana.it\/it\/#\/schema\/person\/de95e1ed2c1c8c30a6922bbba3a90185\"},\"breadcrumb\":{\"@id\":\"https:\/\/www.intoscana.it\/it\/assistenza-psicologia-personale-sanitario\/#breadcrumb\"},\"inLanguage\":\"it-IT\",\"potentialAction\":[{\"@type\":\"ReadAction\",\"target\":[\"https:\/\/www.intoscana.it\/it\/assistenza-psicologia-personale-sanitario\/\"]}]},{\"@type\":\"ImageObject\",\"inLanguage\":\"it-IT\",\"@id\":\"https:\/\/www.intoscana.it\/it\/assistenza-psicologia-personale-sanitario\/#primaryimage\",\"url\":\"https:\/\/www.intoscana.it\/wp-content\/uploads\/shutterstock_689390650.jpg\",\"contentUrl\":\"https:\/\/www.intoscana.it\/wp-content\/uploads\/shutterstock_689390650.jpg\",\"width\":2000,\"height\":1334},{\"@type\":\"BreadcrumbList\",\"@id\":\"https:\/\/www.intoscana.it\/it\/assistenza-psicologia-personale-sanitario\/#breadcrumb\",\"itemListElement\":[{\"@type\":\"ListItem\",\"position\":1,\"name\":\"Home\",\"item\":\"https:\/\/www.intoscana.it\/it\/\"},{\"@type\":\"ListItem\",\"position\":2,\"name\":\"Sos psicologico: un aiuto gratuito per tutto il personale sanitario\"}]},{\"@type\":\"WebSite\",\"@id\":\"https:\/\/www.intoscana.it\/it\/#website\",\"url\":\"https:\/\/www.intoscana.it\/it\/\",\"name\":\"intoscana\",\"description\":\"\",\"potentialAction\":[{\"@type\":\"SearchAction\",\"target\":{\"@type\":\"EntryPoint\",\"urlTemplate\":\"https:\/\/www.intoscana.it\/it\/?s={search_term_string}\"},\"query-input\":{\"@type\":\"PropertyValueSpecification\",\"valueRequired\":true,\"valueName\":\"search_term_string\"}}],\"inLanguage\":\"it-IT\"},{\"@type\":\"Person\",\"@id\":\"https:\/\/www.intoscana.it\/it\/#\/schema\/person\/de95e1ed2c1c8c30a6922bbba3a90185\",\"name\":\"Ilaria Giannini\",\"sameAs\":[\"https:\/\/x.com\/i.giannini@fst.it\"],\"url\":\"https:\/\/www.intoscana.it\/it\/author\/ilaria-giannini\/\"}]}<\/script>\n<!-- \/ Yoast SEO Premium plugin. -->","yoast_head_json":{"title":"Sos psicologico: un aiuto gratuito per tutto il personale sanitario - intoscana","robots":{"index":"index","follow":"follow","max-snippet":"max-snippet:-1","max-image-preview":"max-image-preview:large","max-video-preview":"max-video-preview:-1"},"canonical":"https:\/\/www.intoscana.it\/it\/assistenza-psicologia-personale-sanitario\/","og_locale":"it_IT","og_type":"article","og_title":"Sos psicologico: un aiuto gratuito per tutto il personale sanitario","og_description":"La psicoterapeuta fiorentina Giulia Cavallini lancia un servizio di sostegno psicologico a distanza per medici, infermieri e tutti quelli che lavorano negli ospedali combattendo in prima linea il Coronavirus","og_url":"https:\/\/www.intoscana.it\/it\/assistenza-psicologia-personale-sanitario\/","og_site_name":"intoscana","article_publisher":"https:\/\/www.facebook.com\/intoscana.it","article_published_time":"2020-03-18T11:11:36+00:00","article_modified_time":"2020-05-19T13:50:16+00:00","og_image":[{"width":2000,"height":1334,"url":"https:\/\/www.intoscana.it\/wp-content\/uploads\/shutterstock_689390650.jpg","type":"image\/jpeg"}],"author":"Ilaria Giannini","twitter_card":"summary_large_image","twitter_creator":"@i.giannini@fst.it","twitter_site":"@intoscana","twitter_misc":{"Written by":"Ilaria Giannini","Est. reading time":"3 minuti"},"schema":{"@context":"https:\/\/schema.org","@graph":[{"@type":"WebPage","@id":"https:\/\/www.intoscana.it\/it\/assistenza-psicologia-personale-sanitario\/","url":"https:\/\/www.intoscana.it\/it\/assistenza-psicologia-personale-sanitario\/","name":"Sos psicologico: un aiuto gratuito per tutto il personale sanitario - intoscana","isPartOf":{"@id":"https:\/\/www.intoscana.it\/it\/#website"},"primaryImageOfPage":{"@id":"https:\/\/www.intoscana.it\/it\/assistenza-psicologia-personale-sanitario\/#primaryimage"},"image":{"@id":"https:\/\/www.intoscana.it\/it\/assistenza-psicologia-personale-sanitario\/#primaryimage"},"thumbnailUrl":"https:\/\/www.intoscana.it\/wp-content\/uploads\/shutterstock_689390650.jpg","datePublished":"2020-03-18T11:11:36+00:00","dateModified":"2020-05-19T13:50:16+00:00","author":{"@id":"https:\/\/www.intoscana.it\/it\/#\/schema\/person\/de95e1ed2c1c8c30a6922bbba3a90185"},"breadcrumb":{"@id":"https:\/\/www.intoscana.it\/it\/assistenza-psicologia-personale-sanitario\/#breadcrumb"},"inLanguage":"it-IT","potentialAction":[{"@type":"ReadAction","target":["https:\/\/www.intoscana.it\/it\/assistenza-psicologia-personale-sanitario\/"]}]},{"@type":"ImageObject","inLanguage":"it-IT","@id":"https:\/\/www.intoscana.it\/it\/assistenza-psicologia-personale-sanitario\/#primaryimage","url":"https:\/\/www.intoscana.it\/wp-content\/uploads\/shutterstock_689390650.jpg","contentUrl":"https:\/\/www.intoscana.it\/wp-content\/uploads\/shutterstock_689390650.jpg","width":2000,"height":1334},{"@type":"BreadcrumbList","@id":"https:\/\/www.intoscana.it\/it\/assistenza-psicologia-personale-sanitario\/#breadcrumb","itemListElement":[{"@type":"ListItem","position":1,"name":"Home","item":"https:\/\/www.intoscana.it\/it\/"},{"@type":"ListItem","position":2,"name":"Sos psicologico: un aiuto gratuito per tutto il personale sanitario"}]},{"@type":"WebSite","@id":"https:\/\/www.intoscana.it\/it\/#website","url":"https:\/\/www.intoscana.it\/it\/","name":"intoscana","description":"","potentialAction":[{"@type":"SearchAction","target":{"@type":"EntryPoint","urlTemplate":"https:\/\/www.intoscana.it\/it\/?s={search_term_string}"},"query-input":{"@type":"PropertyValueSpecification","valueRequired":true,"valueName":"search_term_string"}}],"inLanguage":"it-IT"},{"@type":"Person","@id":"https:\/\/www.intoscana.it\/it\/#\/schema\/person\/de95e1ed2c1c8c30a6922bbba3a90185","name":"Ilaria Giannini","sameAs":["https:\/\/x.com\/i.giannini@fst.it"],"url":"https:\/\/www.intoscana.it\/it\/author\/ilaria-giannini\/"}]}},"_links":{"self":[{"href":"https:\/\/www.intoscana.it\/it\/wp-json\/wp\/v2\/posts\/61879","targetHints":{"allow":["GET"]}}],"collection":[{"href":"https:\/\/www.intoscana.it\/it\/wp-json\/wp\/v2\/posts"}],"about":[{"href":"https:\/\/www.intoscana.it\/it\/wp-json\/wp\/v2\/types\/post"}],"author":[{"embeddable":true,"href":"https:\/\/www.intoscana.it\/it\/wp-json\/wp\/v2\/users\/502"}],"replies":[{"embeddable":true,"href":"https:\/\/www.intoscana.it\/it\/wp-json\/wp\/v2\/comments?post=61879"}],"version-history":[{"count":0,"href":"https:\/\/www.intoscana.it\/it\/wp-json\/wp\/v2\/posts\/61879\/revisions"}],"wp:featuredmedia":[{"embeddable":true,"href":"https:\/\/www.intoscana.it\/it\/wp-json\/wp\/v2\/media\/99942"}],"wp:attachment":[{"href":"https:\/\/www.intoscana.it\/it\/wp-json\/wp\/v2\/media?parent=61879"}],"wp:term":[{"taxonomy":"category","embeddable":true,"href":"https:\/\/www.intoscana.it\/it\/wp-json\/wp\/v2\/categories?post=61879"},{"taxonomy":"post_tag","embeddable":true,"href":"https:\/\/www.intoscana.it\/it\/wp-json\/wp\/v2\/tags?post=61879"}],"curies":[{"name":"wp","href":"https:\/\/api.w.org\/{rel}","templated":true}]}}